{"id":126598,"date":"2022-11-08T17:13:00","date_gmt":"2022-11-08T17:13:00","guid":{"rendered":"https:\/\/all-car-news.com\/opel-calibra-tout-ce-que-vous-devez-savoir\/"},"modified":"2022-11-08T17:13:00","modified_gmt":"2022-11-08T17:13:00","slug":"opel-calibra-tout-ce-que-vous-devez-savoir","status":"publish","type":"post","link":"https:\/\/all-car-news.com\/fr\/opel-calibra-tout-ce-que-vous-devez-savoir\/","title":{"rendered":"Opel Calibra &#8211; tout ce que vous devez savoir"},"content":{"rendered":"<h2>Qu&rsquo;est-ce que l&rsquo;Opel Calibra ?<\/h2>\n<p>L&rsquo;Opel Calibra est entr\u00e9e sur le march\u00e9 en 1989. Opel n&rsquo;a pas reconstruit la Calibra enti\u00e8rement \u00e0 partir de z\u00e9ro : en fait, le coup\u00e9 partageait sa plate-forme avec l&rsquo;Opel Vectra de premi\u00e8re g\u00e9n\u00e9ration, ce qui signifie qu&rsquo;il s&rsquo;agissait d&rsquo;une voiture \u00e0 traction avant. Les quatre roues motrices \u00e9taient en option. \u00c0 partir de novembre, une version exclusivement \u00e0 quatre roues motrices a \u00e9galement fait son entr\u00e9e sur le march\u00e9 : la 2.0i 16V Turbo. Il est imm\u00e9diatement devenu le Calibra le plus puissant ET le plus rare, mais nous y reviendrons plus tard.<\/p>\n<figure class=\"wp-block-image size-content\"><img decoding=\"async\" loading=\"lazy\" width=\"1140\" height=\"641\" src=\"https:\/\/autorai.nl\/wp-content\/uploads\/2022\/11\/opel_calibra_1-1140x641.jpg\" alt=\"Opel Calibra\" class=\"wp-image-137910\"><\/figure>\n<p>Bien que la Calibra partage son patrimoine g\u00e9n\u00e9tique avec la Vectra, son design diff\u00e8re consid\u00e9rablement. Con\u00e7ue par Wayne Cherry et <a href=\"https:\/\/autorai.nl\/opel-gt-en-calibra-ontwerper-erhard-schnell-is-niet-meer\/\" target=\"_blank\" rel=\"noreferrer noopener\">Erhard Schnell<\/a>, la Calibra pr\u00e9sente une face avant unique caract\u00e9ris\u00e9e par des formes rectangulaires, dont les phares relativement petits se distinguent particuli\u00e8rement. Les grandes vitres lat\u00e9rales et la lunette arri\u00e8re sont \u00e9galement typiques de la Calibra. D&rsquo;ailleurs, la lunette arri\u00e8re s&rsquo;ouvre avec vous lorsque vous ouvrez le coffre, ce qui fait de la Calibra un v\u00e9ritable hatchback. Cela faisait de la Calibra une voiture plut\u00f4t pratique.<\/p>\n<h2 id=\"block-16b996e9-f343-42e1-b1b5-baafd43f3491\">technique<\/h2>\n<p id=\"block-e2210255-4976-4cb4-989e-8606b4978fab\">Comme nous l&rsquo;avons d\u00e9j\u00e0 \u00e9voqu\u00e9, l&rsquo;Opel Calibra \u00e9tait, \u00e0 une exception pr\u00e8s, une voiture \u00e0 traction avant. La gamme de moteurs commen\u00e7ait par un peu spectaculaire 2.0 quatre cylindres de 115 ch. Les choses s&rsquo;am\u00e9lioraient d\u00e9j\u00e0 avec la 2.0i 16V de 150 ch, qui a d&rsquo;ailleurs \u00e9t\u00e9 lanc\u00e9e plus tard comme une variante de 136 ch. En 1992, Opel a fait un bond en avant avec le 2.0i 16V Turbo de 204 ch. Non seulement cette version \u00e9tait beaucoup plus puissante, mais elle disposait \u00e9galement de quatre roues motrices de s\u00e9rie et d&rsquo;une transmission manuelle \u00e0 six vitesses. Cela a finalement donn\u00e9 \u00e0 la Calibra un peu d&rsquo;ailes : le sprint jusqu&rsquo;\u00e0 100 km\/h pouvait \u00eatre boucl\u00e9 en 6,8 secondes et ce n&rsquo;est qu&rsquo;\u00e0 245 km\/h que le g\u00e2teau \u00e9tait termin\u00e9.<\/p>\n<figure class=\"wp-block-image size-content\"><img decoding=\"async\" loading=\"lazy\" width=\"1140\" height=\"641\" src=\"https:\/\/autorai.nl\/wp-content\/uploads\/2022\/11\/opel_calibra_2.0i_5-1140x641.jpg\" alt=\"Opel Calibra\" class=\"wp-image-137902\"><\/figure>\n<p id=\"block-e2210255-4976-4cb4-989e-8606b4978fab\">Enfin, Opel a introduit un autre V6 2.5i pour la Calibra en 1993, mais avec 170 ch, ce n&rsquo;\u00e9tait pas le moteur le plus puissant pour le coup\u00e9. De plus, contrairement aux quatre cylindres, le V6 n&rsquo;\u00e9tait disponible qu&rsquo;en traction avant. Par ailleurs, \u00e0 l&rsquo;exception de la 2.0i 16V Turbo, la Calibra \u00e9tait \u00e9galement disponible avec une transmission automatique \u00e0 quatre vitesses.  <\/p>\n<p id=\"block-e2210255-4976-4cb4-989e-8606b4978fab\">Les versions de la Calibra les plus rares aujourd&rsquo;hui sont le V6 (12 015 unit\u00e9s) et le 4\u00d74 (3 385 unit\u00e9s). Donc, toutes les autres Calibra avaient les quatre cylindres moins bien dot\u00e9s sous le capot.<\/p>\n<h2>Pourquoi Opel a-t-il abandonn\u00e9 la Calibra ?<\/h2>\n<p>La production de la Calibra s&rsquo;est arr\u00eat\u00e9e en 1997, huit ans apr\u00e8s son lancement. Au cours de cette p\u00e9riode, la Calibra s&rsquo;est av\u00e9r\u00e9e \u00eatre un succ\u00e8s avec une production totale de 239 118 unit\u00e9s, mais un successeur de la Calibra ne s&rsquo;inscrivait pas dans la strat\u00e9gie de mod\u00e8le de la soci\u00e9t\u00e9 m\u00e8re General Motors. D&rsquo;ailleurs, Opel y avait lanc\u00e9 une \u00ab\u00a0Calibra B\u00a0\u00bb en 1996, mais ce projet a d\u00fb \u00eatre abandonn\u00e9. Heureusement, <a href=\"https:\/\/www.autozeitung.de\/opel-calibra-classic-cars-201612.html\" target=\"_blank\" rel=\"noreferrer noopener\">un mod\u00e8le de cette voiture<\/a> a \u00e9t\u00e9 conserv\u00e9 dans le garage du mus\u00e9e Opel.<\/p>\n<figure class=\"wp-block-image size-content\"><img decoding=\"async\" loading=\"lazy\" width=\"1140\" height=\"641\" src=\"https:\/\/autorai.nl\/wp-content\/uploads\/2022\/11\/opel_calibra_2.0i_2-1140x641.jpg\" alt=\"Opel Calibra : arri\u00e8re inclin\u00e9\" class=\"wp-image-137903\"><\/figure>\n<p>Les coup\u00e9s Opel ont-ils disparu apr\u00e8s la fin de la Calibra ? Non, car en 1998, l&rsquo;Astra G Coup\u00e9 est entr\u00e9e sur le march\u00e9. Elle \u00e9tait seulement une taille plus petite que la Calibra.<\/p>\n<h2>DTM<\/h2>\n<p>Opel a profit\u00e9 de l&rsquo;introduction de la Calibra pour participer au Deutsche Tourenwagen Masters (DTM) et au Championnat international des voitures de tourisme (ITC). La Calibra DTM \u00e9tait dot\u00e9e d&rsquo;un large kit de carrosserie et d&rsquo;un grand aileron arri\u00e8re, ce qui signifie qu&rsquo;elle avait en fait tr\u00e8s peu de choses \u00e0 voir avec la version routi\u00e8re. Elle disposait \u00e9galement de quatre roues motrices et d&rsquo;un V6 pouvant atteindre 480 ch. Opel a remport\u00e9 le championnat ITC 1996 avec la Calibra, ce qui fut en fait le seul v\u00e9ritable grand succ\u00e8s de la Calibra en sport automobile.<\/p>\n<figure class=\"wp-block-image size-content\"><img decoding=\"async\" loading=\"lazy\" width=\"1140\" height=\"641\" src=\"https:\/\/autorai.nl\/wp-content\/uploads\/2022\/11\/opel_calibra_cliff_motorsport_edition_manuel_reuter-1140x641.jpg\" alt=\"Opel Calibra DTM\" class=\"wp-image-137913\"><\/figure>\n<div class=\"galery galery-0\">\n<figure>\n\t\t\t\t\t<span style=\"cursor: pointer\" data-src=\"https:\/\/autorai.nl\/wp-content\/uploads\/2022\/11\/opel_calibra_1.jpg\" data-fancybox=\"galery-0\" title=\"\"><br \/>\n\t\t\t\t\t\t\t<img decoding=\"async\" width=\"360\" height=\"270\" src=\"https:\/\/autorai.nl\/wp-content\/uploads\/2022\/11\/opel_calibra_1-360x270.jpg\" class=\"attachment-small size-small\" alt=\"\" loading=\"lazy\"><i class=\"fa fa-search-plus\" aria-hidden=\"true\"><\/i><br \/>\n\t\t\t\t\t\t<\/span><br \/>\n\t\t\t\t\t<\/figure>\n<figure>\n\t\t\t\t\t<span style=\"cursor: pointer\" data-src=\"https:\/\/autorai.nl\/wp-content\/uploads\/2022\/11\/opel_calibra_2.0i_5.jpg\" data-fancybox=\"galery-0\" title=\"\"><br \/>\n\t\t\t\t\t\t\t<img decoding=\"async\" width=\"360\" height=\"270\" src=\"https:\/\/autorai.nl\/wp-content\/uploads\/2022\/11\/opel_calibra_2.0i_5-360x270.jpg\" class=\"attachment-small size-small\" alt=\"\" loading=\"lazy\"><i class=\"fa fa-search-plus\" aria-hidden=\"true\"><\/i><br \/>\n\t\t\t\t\t\t<\/span><br \/>\n\t\t\t\t\t<\/figure>\n<figure>\n\t\t\t\t\t<span style=\"cursor: pointer\" data-src=\"https:\/\/autorai.nl\/wp-content\/uploads\/2022\/11\/opel_calibra_v6_1.jpg\" data-fancybox=\"galery-0\" title=\"\"><br \/>\n\t\t\t\t\t\t\t<img decoding=\"async\" width=\"360\" height=\"270\" src=\"https:\/\/autorai.nl\/wp-content\/uploads\/2022\/11\/opel_calibra_v6_1-360x270.jpg\" class=\"attachment-small size-small\" alt=\"\" loading=\"lazy\"><i class=\"fa fa-search-plus\" aria-hidden=\"true\"><\/i><br \/>\n\t\t\t\t\t\t<\/span><br \/>\n\t\t\t\t\t<\/figure>\n<figure>\n\t\t\t\t\t<span style=\"cursor: pointer\" data-src=\"https:\/\/autorai.nl\/wp-content\/uploads\/2022\/11\/opel_calibra_v6_48.jpg\" data-fancybox=\"galery-0\" title=\"\"><br \/>\n\t\t\t\t\t\t\t<img decoding=\"async\" width=\"360\" height=\"270\" src=\"https:\/\/autorai.nl\/wp-content\/uploads\/2022\/11\/opel_calibra_v6_48-360x270.jpg\" class=\"attachment-small size-small\" alt=\"\" loading=\"lazy\"><i class=\"fa fa-search-plus\" aria-hidden=\"true\"><\/i><br \/>\n\t\t\t\t\t\t<\/span><br \/>\n\t\t\t\t\t<\/figure>\n<figure>\n\t\t\t\t\t<span style=\"cursor: pointer\" data-src=\"https:\/\/autorai.nl\/wp-content\/uploads\/2022\/11\/opel_calibra_2.0i_2.jpg\" data-fancybox=\"galery-0\" title=\"\"><br \/>\n\t\t\t\t\t\t\t<img decoding=\"async\" width=\"360\" height=\"270\" src=\"https:\/\/autorai.nl\/wp-content\/uploads\/2022\/11\/opel_calibra_2.0i_2-360x270.jpg\" class=\"attachment-small size-small\" alt=\"\" loading=\"lazy\"><i class=\"fa fa-search-plus\" aria-hidden=\"true\"><\/i><br \/>\n\t\t\t\t\t\t<\/span><br \/>\n\t\t\t\t\t<\/figure>\n<figure>\n\t\t\t\t\t<span style=\"cursor: pointer\" data-src=\"https:\/\/autorai.nl\/wp-content\/uploads\/2022\/11\/opel_calibra_2.0i_11.jpg\" data-fancybox=\"galery-0\" title=\"\"><br \/>\n\t\t\t\t\t\t\t<img decoding=\"async\" width=\"360\" height=\"270\" src=\"https:\/\/autorai.nl\/wp-content\/uploads\/2022\/11\/opel_calibra_2.0i_11-360x270.jpg\" class=\"attachment-small size-small\" alt=\"\" loading=\"lazy\"><i class=\"fa fa-search-plus\" aria-hidden=\"true\"><\/i><br \/>\n\t\t\t\t\t\t<\/span><br \/>\n\t\t\t\t\t<\/figure>\n<figure>\n\t\t\t\t\t<span style=\"cursor: pointer\" data-src=\"https:\/\/autorai.nl\/wp-content\/uploads\/2022\/11\/opel_calibra_2.0i_98-1600x900.jpg\" data-fancybox=\"galery-0\" title=\"\"><br \/>\n\t\t\t\t\t\t\t<img decoding=\"async\" width=\"360\" height=\"270\" src=\"https:\/\/autorai.nl\/wp-content\/uploads\/2022\/11\/opel_calibra_2.0i_98-360x270.jpg\" class=\"attachment-small size-small\" alt=\"\" loading=\"lazy\"><i class=\"fa fa-search-plus\" aria-hidden=\"true\"><\/i><br \/>\n\t\t\t\t\t\t<\/span><br \/>\n\t\t\t\t\t<\/figure>\n<figure>\n\t\t\t\t\t<span style=\"cursor: pointer\" data-src=\"https:\/\/autorai.nl\/wp-content\/uploads\/2022\/11\/opel_calibra_v6_5.jpg\" data-fancybox=\"galery-0\" title=\"\"><br \/>\n\t\t\t\t\t\t\t<img decoding=\"async\" width=\"360\" height=\"270\" src=\"https:\/\/autorai.nl\/wp-content\/uploads\/2022\/11\/opel_calibra_v6_5-360x270.jpg\" class=\"attachment-small size-small\" alt=\"\" loading=\"lazy\"><i class=\"fa fa-search-plus\" aria-hidden=\"true\"><\/i><br \/>\n\t\t\t\t\t\t<\/span><br \/>\n\t\t\t\t\t<\/figure>\n<div class=\"clear\"><\/div>\n<\/div>\n","protected":false},"excerpt":{"rendered":"Qu'est-ce que l'Opel Calibra ? L'Opel Calibra est entr\u00e9e sur le march\u00e9 en 1989. Opel n'a pas reconstruit la Calibra\u2026","protected":false},"author":0,"featured_media":126552,"comment_status":"open","ping_status":"open","sticky":false,"template":"","format":"standard","meta":{"footnotes":""},"categories":[131],"tags":[],"class_list":["post-126598","post","type-post","status-publish","format-standard","has-post-thumbnail","hentry","category-fond"],"acf":[],"yoast_head":"<!-- This site is optimized with the Yoast SEO plugin v21.2 - https:\/\/yoast.com\/wordpress\/plugins\/seo\/ -->\n<title>Opel Calibra - tout ce que vous devez savoir - All cars news<\/title>\n<meta name=\"robots\" content=\"index, follow, max-snippet:-1, max-image-preview:large, max-video-preview:-1\" \/>\n<link rel=\"canonical\" href=\"https:\/\/all-car-news.com\/fr\/opel-calibra-tout-ce-que-vous-devez-savoir\/\" \/>\n<meta property=\"og:locale\" content=\"fr_FR\" \/>\n<meta property=\"og:type\" content=\"article\" \/>\n<meta property=\"og:title\" content=\"Opel Calibra - tout ce que vous devez savoir - All cars news\" \/>\n<meta property=\"og:description\" content=\"Qu&#039;est-ce que l&#039;Opel Calibra ? L&#039;Opel Calibra est entr\u00e9e sur le march\u00e9 en 1989. Opel n&#039;a pas reconstruit la Calibra enti\u00e8rement \u00e0 partir de z\u00e9ro : en fait, le coup\u00e9 partageait sa plate-forme avec l&#039;Opel Vectra de premi\u00e8re g\u00e9n\u00e9ration, ce qui signifie qu&#039;il s&#039;agissait d&#039;une voiture \u00e0 traction avant. Les quatre roues motrices \u00e9taient en option. A partir de novembre [...]\" \/>\n<meta property=\"og:url\" content=\"https:\/\/all-car-news.com\/fr\/opel-calibra-tout-ce-que-vous-devez-savoir\/\" \/>\n<meta property=\"og:site_name\" content=\"All cars news\" \/>\n<meta property=\"article:published_time\" content=\"2022-11-08T17:13:00+00:00\" \/>\n<meta property=\"og:image\" content=\"https:\/\/autorai.nl\/wp-content\/uploads\/2022\/11\/opel_calibra_1-1140x641.jpg\" \/>\n<meta name=\"twitter:card\" content=\"summary_large_image\" \/>\n<meta name=\"twitter:label1\" content=\"Dur\u00e9e de lecture estim\u00e9e\" \/>\n\t<meta name=\"twitter:data1\" content=\"3 minutes\" \/>\n<script type=\"application\/ld+json\" class=\"yoast-schema-graph\">{\"@context\":\"https:\/\/schema.org\",\"@graph\":[{\"@type\":\"Article\",\"@id\":\"https:\/\/all-car-news.com\/fr\/opel-calibra-tout-ce-que-vous-devez-savoir\/#article\",\"isPartOf\":{\"@id\":\"https:\/\/all-car-news.com\/fr\/opel-calibra-tout-ce-que-vous-devez-savoir\/\"},\"author\":{\"name\":\"\",\"@id\":\"\"},\"headline\":\"Opel Calibra &#8211; tout ce que vous devez savoir\",\"datePublished\":\"2022-11-08T17:13:00+00:00\",\"dateModified\":\"2022-11-08T17:13:00+00:00\",\"mainEntityOfPage\":{\"@id\":\"https:\/\/all-car-news.com\/fr\/opel-calibra-tout-ce-que-vous-devez-savoir\/\"},\"wordCount\":667,\"commentCount\":0,\"publisher\":{\"@id\":\"https:\/\/all-car-news.com\/fr\/#organization\"},\"articleSection\":[\"Fond\"],\"inLanguage\":\"fr-FR\",\"potentialAction\":[{\"@type\":\"CommentAction\",\"name\":\"Comment\",\"target\":[\"https:\/\/all-car-news.com\/fr\/opel-calibra-tout-ce-que-vous-devez-savoir\/#respond\"]}]},{\"@type\":\"WebPage\",\"@id\":\"https:\/\/all-car-news.com\/fr\/opel-calibra-tout-ce-que-vous-devez-savoir\/\",\"url\":\"https:\/\/all-car-news.com\/fr\/opel-calibra-tout-ce-que-vous-devez-savoir\/\",\"name\":\"Opel Calibra - tout ce que vous devez savoir - All cars news\",\"isPartOf\":{\"@id\":\"https:\/\/all-car-news.com\/fr\/#website\"},\"datePublished\":\"2022-11-08T17:13:00+00:00\",\"dateModified\":\"2022-11-08T17:13:00+00:00\",\"breadcrumb\":{\"@id\":\"https:\/\/all-car-news.com\/fr\/opel-calibra-tout-ce-que-vous-devez-savoir\/#breadcrumb\"},\"inLanguage\":\"fr-FR\",\"potentialAction\":[{\"@type\":\"ReadAction\",\"target\":[\"https:\/\/all-car-news.com\/fr\/opel-calibra-tout-ce-que-vous-devez-savoir\/\"]}]},{\"@type\":\"BreadcrumbList\",\"@id\":\"https:\/\/all-car-news.com\/fr\/opel-calibra-tout-ce-que-vous-devez-savoir\/#breadcrumb\",\"itemListElement\":[{\"@type\":\"ListItem\",\"position\":1,\"name\":\"Home\",\"item\":\"https:\/\/all-car-news.com\/fr\/\"},{\"@type\":\"ListItem\",\"position\":2,\"name\":\"Opel Calibra &#8211; tout ce que vous devez savoir\"}]},{\"@type\":\"WebSite\",\"@id\":\"https:\/\/all-car-news.com\/fr\/#website\",\"url\":\"https:\/\/all-car-news.com\/fr\/\",\"name\":\"All cars news\",\"description\":\"\",\"publisher\":{\"@id\":\"https:\/\/all-car-news.com\/fr\/#organization\"},\"potentialAction\":[{\"@type\":\"SearchAction\",\"target\":{\"@type\":\"EntryPoint\",\"urlTemplate\":\"https:\/\/all-car-news.com\/fr\/?s={search_term_string}\"},\"query-input\":\"required name=search_term_string\"}],\"inLanguage\":\"fr-FR\"},{\"@type\":\"Organization\",\"@id\":\"https:\/\/all-car-news.com\/fr\/#organization\",\"name\":\"All cars news\",\"url\":\"https:\/\/all-car-news.com\/fr\/\",\"logo\":{\"@type\":\"ImageObject\",\"inLanguage\":\"fr-FR\",\"@id\":\"https:\/\/all-car-news.com\/fr\/#\/schema\/logo\/image\/\",\"url\":\"https:\/\/all-car-news.com\/wp-content\/uploads\/2022\/02\/CMYK-AllCarNews_LANDSCAPE_300px-1.png\",\"contentUrl\":\"https:\/\/all-car-news.com\/wp-content\/uploads\/2022\/02\/CMYK-AllCarNews_LANDSCAPE_300px-1.png\",\"width\":300,\"height\":100,\"caption\":\"All cars news\"},\"image\":{\"@id\":\"https:\/\/all-car-news.com\/fr\/#\/schema\/logo\/image\/\"}}]}<\/script>\n<!-- \/ Yoast SEO plugin. -->","yoast_head_json":{"title":"Opel Calibra - tout ce que vous devez savoir - All cars news","robots":{"index":"index","follow":"follow","max-snippet":"max-snippet:-1","max-image-preview":"max-image-preview:large","max-video-preview":"max-video-preview:-1"},"canonical":"https:\/\/all-car-news.com\/fr\/opel-calibra-tout-ce-que-vous-devez-savoir\/","og_locale":"fr_FR","og_type":"article","og_title":"Opel Calibra - tout ce que vous devez savoir - All cars news","og_description":"Qu'est-ce que l'Opel Calibra ? L'Opel Calibra est entr\u00e9e sur le march\u00e9 en 1989. Opel n'a pas reconstruit la Calibra enti\u00e8rement \u00e0 partir de z\u00e9ro : en fait, le coup\u00e9 partageait sa plate-forme avec l'Opel Vectra de premi\u00e8re g\u00e9n\u00e9ration, ce qui signifie qu'il s'agissait d'une voiture \u00e0 traction avant. Les quatre roues motrices \u00e9taient en option. A partir de novembre [...]","og_url":"https:\/\/all-car-news.com\/fr\/opel-calibra-tout-ce-que-vous-devez-savoir\/","og_site_name":"All cars news","article_published_time":"2022-11-08T17:13:00+00:00","og_image":[{"url":"https:\/\/autorai.nl\/wp-content\/uploads\/2022\/11\/opel_calibra_1-1140x641.jpg"}],"twitter_card":"summary_large_image","twitter_misc":{"Dur\u00e9e de lecture estim\u00e9e":"3 minutes"},"schema":{"@context":"https:\/\/schema.org","@graph":[{"@type":"Article","@id":"https:\/\/all-car-news.com\/fr\/opel-calibra-tout-ce-que-vous-devez-savoir\/#article","isPartOf":{"@id":"https:\/\/all-car-news.com\/fr\/opel-calibra-tout-ce-que-vous-devez-savoir\/"},"author":{"name":"","@id":""},"headline":"Opel Calibra &#8211; tout ce que vous devez savoir","datePublished":"2022-11-08T17:13:00+00:00","dateModified":"2022-11-08T17:13:00+00:00","mainEntityOfPage":{"@id":"https:\/\/all-car-news.com\/fr\/opel-calibra-tout-ce-que-vous-devez-savoir\/"},"wordCount":667,"commentCount":0,"publisher":{"@id":"https:\/\/all-car-news.com\/fr\/#organization"},"articleSection":["Fond"],"inLanguage":"fr-FR","potentialAction":[{"@type":"CommentAction","name":"Comment","target":["https:\/\/all-car-news.com\/fr\/opel-calibra-tout-ce-que-vous-devez-savoir\/#respond"]}]},{"@type":"WebPage","@id":"https:\/\/all-car-news.com\/fr\/opel-calibra-tout-ce-que-vous-devez-savoir\/","url":"https:\/\/all-car-news.com\/fr\/opel-calibra-tout-ce-que-vous-devez-savoir\/","name":"Opel Calibra - tout ce que vous devez savoir - All cars news","isPartOf":{"@id":"https:\/\/all-car-news.com\/fr\/#website"},"datePublished":"2022-11-08T17:13:00+00:00","dateModified":"2022-11-08T17:13:00+00:00","breadcrumb":{"@id":"https:\/\/all-car-news.com\/fr\/opel-calibra-tout-ce-que-vous-devez-savoir\/#breadcrumb"},"inLanguage":"fr-FR","potentialAction":[{"@type":"ReadAction","target":["https:\/\/all-car-news.com\/fr\/opel-calibra-tout-ce-que-vous-devez-savoir\/"]}]},{"@type":"BreadcrumbList","@id":"https:\/\/all-car-news.com\/fr\/opel-calibra-tout-ce-que-vous-devez-savoir\/#breadcrumb","itemListElement":[{"@type":"ListItem","position":1,"name":"Home","item":"https:\/\/all-car-news.com\/fr\/"},{"@type":"ListItem","position":2,"name":"Opel Calibra &#8211; tout ce que vous devez savoir"}]},{"@type":"WebSite","@id":"https:\/\/all-car-news.com\/fr\/#website","url":"https:\/\/all-car-news.com\/fr\/","name":"All cars news","description":"","publisher":{"@id":"https:\/\/all-car-news.com\/fr\/#organization"},"potentialAction":[{"@type":"SearchAction","target":{"@type":"EntryPoint","urlTemplate":"https:\/\/all-car-news.com\/fr\/?s={search_term_string}"},"query-input":"required name=search_term_string"}],"inLanguage":"fr-FR"},{"@type":"Organization","@id":"https:\/\/all-car-news.com\/fr\/#organization","name":"All cars news","url":"https:\/\/all-car-news.com\/fr\/","logo":{"@type":"ImageObject","inLanguage":"fr-FR","@id":"https:\/\/all-car-news.com\/fr\/#\/schema\/logo\/image\/","url":"https:\/\/all-car-news.com\/wp-content\/uploads\/2022\/02\/CMYK-AllCarNews_LANDSCAPE_300px-1.png","contentUrl":"https:\/\/all-car-news.com\/wp-content\/uploads\/2022\/02\/CMYK-AllCarNews_LANDSCAPE_300px-1.png","width":300,"height":100,"caption":"All cars news"},"image":{"@id":"https:\/\/all-car-news.com\/fr\/#\/schema\/logo\/image\/"}}]}},"_links":{"self":[{"href":"https:\/\/all-car-news.com\/fr\/wp-json\/wp\/v2\/posts\/126598","targetHints":{"allow":["GET"]}}],"collection":[{"href":"https:\/\/all-car-news.com\/fr\/wp-json\/wp\/v2\/posts"}],"about":[{"href":"https:\/\/all-car-news.com\/fr\/wp-json\/wp\/v2\/types\/post"}],"replies":[{"embeddable":true,"href":"https:\/\/all-car-news.com\/fr\/wp-json\/wp\/v2\/comments?post=126598"}],"version-history":[{"count":0,"href":"https:\/\/all-car-news.com\/fr\/wp-json\/wp\/v2\/posts\/126598\/revisions"}],"wp:featuredmedia":[{"embeddable":true,"href":"https:\/\/all-car-news.com\/fr\/wp-json\/wp\/v2\/media\/126552"}],"wp:attachment":[{"href":"https:\/\/all-car-news.com\/fr\/wp-json\/wp\/v2\/media?parent=126598"}],"wp:term":[{"taxonomy":"category","embeddable":true,"href":"https:\/\/all-car-news.com\/fr\/wp-json\/wp\/v2\/categories?post=126598"},{"taxonomy":"post_tag","embeddable":true,"href":"https:\/\/all-car-news.com\/fr\/wp-json\/wp\/v2\/tags?post=126598"}],"curies":[{"name":"wp","href":"https:\/\/api.w.org\/{rel}","templated":true}]}}