{"id":126589,"date":"2022-11-09T07:10:00","date_gmt":"2022-11-09T07:10:00","guid":{"rendered":"https:\/\/all-car-news.com\/alpine-sort-un-hatchback-du-segment-b\/"},"modified":"2022-11-09T07:10:00","modified_gmt":"2022-11-09T07:10:00","slug":"alpine-sort-un-hatchback-du-segment-b","status":"publish","type":"post","link":"https:\/\/all-car-news.com\/fr\/alpine-sort-un-hatchback-du-segment-b\/","title":{"rendered":"Alpine sort un hatchback du segment B !"},"content":{"rendered":"<h2>Plusieurs mod\u00e8les d&rsquo;Alpine en route !<\/h2>\n<p>Alpine d\u00e9veloppe une toute nouvelle gamme de mod\u00e8les, conform\u00e9ment au <a href=\"https:\/\/media.renault-group.nl\/renaulution-nu-revolution\/\" target=\"_blank\" rel=\"noreferrer noopener\">plan R\u00e9volution du Groupe Renault<\/a>. \u00c0 partir de 2026, l&rsquo;Alpine sera enti\u00e8rement \u00e9lectrique. D&rsquo;ici l\u00e0, Alpine d\u00e9voilera \u00e9galement la nouvelle g\u00e9n\u00e9ration de l&rsquo;A110 et deux nouveaux mod\u00e8les : un hatchback du segment B et un crossover pour le segment C sup\u00e9rieur. Bien s\u00fbr, tout est accompagn\u00e9 d&rsquo;une sauce sportive. Comptez donc sur des mod\u00e8les \u00e9lectriques ultra-rapides.  <\/p>\n<h2>Renault 5 Alpine Turbo<\/h2>\n<p>La voiture du segment B sugg\u00e8re qu&rsquo;Alpine travaille sur un successeur spirituel de la Renault 5 Alpine Turbo, probablement bas\u00e9 sur la nouvelle Renault 5 enti\u00e8rement \u00e9lectrique qui est en route.<\/p>\n<h2>Encore plus de mod\u00e8les !<\/h2>\n<p>Alpine pr\u00e9voit ensuite de lancer deux voitures de pointe positionn\u00e9es dans les segments D et E pour soutenir sa volont\u00e9 d&rsquo;expansion internationale. Alpine vise principalement \u00e0 se d\u00e9velopper sur les march\u00e9s hors Europe, y compris \u00e9ventuellement en Am\u00e9rique du Nord et en Chine.<\/p>\n<h2>Alpine sur la vapeur !<\/h2>\n<p>Alpine est d\u00e9sormais une marque haut de gamme, un \u00e9quipementier \u00e0 part enti\u00e8re qui met l&rsquo;accent sur la technologie. L&rsquo;\u00e9quipe d&rsquo;Alpine se compose actuellement de 2 000 personnes, dont 50 % d&rsquo;ing\u00e9nieurs. Actuellement, l&rsquo;Alpine A110 est le seul mod\u00e8le du constructeur fran\u00e7ais.  <a href=\"https:\/\/autorai.nl\/fotos-waarom-de-alpine-fabriek-anders-is-dan-andere-autofabrieken\/\">D&rsquo;ailleurs, cette voiture de sport A110 est produite de cette fa\u00e7on.<\/a><\/p>\n","protected":false},"excerpt":{"rendered":"Plusieurs mod\u00e8les d'Alpine en route ! Alpine d\u00e9veloppe une toute nouvelle gamme de mod\u00e8les, conform\u00e9ment au plan R\u00e9volution du Groupe\u2026","protected":false},"author":0,"featured_media":126540,"comment_status":"open","ping_status":"open","sticky":false,"template":"","format":"standard","meta":{"footnotes":""},"categories":[127],"tags":[],"class_list":["post-126589","post","type-post","status-publish","format-standard","has-post-thumbnail","hentry","category-nouvelles-de-voiture"],"acf":[],"yoast_head":"<!-- This site is optimized with the Yoast SEO plugin v21.2 - https:\/\/yoast.com\/wordpress\/plugins\/seo\/ -->\n<title>Alpine sort un hatchback du segment B ! - All cars news<\/title>\n<meta name=\"robots\" content=\"index, follow, max-snippet:-1, max-image-preview:large, max-video-preview:-1\" \/>\n<link rel=\"canonical\" href=\"https:\/\/all-car-news.com\/fr\/alpine-sort-un-hatchback-du-segment-b\/\" \/>\n<meta property=\"og:locale\" content=\"fr_FR\" \/>\n<meta property=\"og:type\" content=\"article\" \/>\n<meta property=\"og:title\" content=\"Alpine sort un hatchback du segment B ! - All cars news\" \/>\n<meta property=\"og:description\" content=\"Plusieurs mod\u00e8les d&#039;Alpine en route ! Alpine d\u00e9veloppe une toute nouvelle gamme de mod\u00e8les, conform\u00e9ment au plan R\u00e9volution du Groupe Renault. \u00c0 partir de 2026, l&#039;Alpine sera enti\u00e8rement \u00e9lectrique. D&#039;ici l\u00e0, Alpine d\u00e9voilera \u00e9galement la nouvelle g\u00e9n\u00e9ration de l&#039;A110 et deux nouveaux mod\u00e8les : un hatchback du segment B et un crossover pour le segment C sup\u00e9rieur. \u00c9videmment [...]\" \/>\n<meta property=\"og:url\" content=\"https:\/\/all-car-news.com\/fr\/alpine-sort-un-hatchback-du-segment-b\/\" \/>\n<meta property=\"og:site_name\" content=\"All cars news\" \/>\n<meta property=\"article:published_time\" content=\"2022-11-09T07:10:00+00:00\" \/>\n<meta name=\"twitter:card\" content=\"summary_large_image\" \/>\n<meta name=\"twitter:label1\" content=\"Dur\u00e9e de lecture estim\u00e9e\" \/>\n\t<meta name=\"twitter:data1\" content=\"1 minute\" \/>\n<script type=\"application\/ld+json\" class=\"yoast-schema-graph\">{\"@context\":\"https:\/\/schema.org\",\"@graph\":[{\"@type\":\"Article\",\"@id\":\"https:\/\/all-car-news.com\/fr\/alpine-sort-un-hatchback-du-segment-b\/#article\",\"isPartOf\":{\"@id\":\"https:\/\/all-car-news.com\/fr\/alpine-sort-un-hatchback-du-segment-b\/\"},\"author\":{\"name\":\"\",\"@id\":\"\"},\"headline\":\"Alpine sort un hatchback du segment B !\",\"datePublished\":\"2022-11-09T07:10:00+00:00\",\"dateModified\":\"2022-11-09T07:10:00+00:00\",\"mainEntityOfPage\":{\"@id\":\"https:\/\/all-car-news.com\/fr\/alpine-sort-un-hatchback-du-segment-b\/\"},\"wordCount\":233,\"commentCount\":0,\"publisher\":{\"@id\":\"https:\/\/all-car-news.com\/fr\/#organization\"},\"articleSection\":[\"nouvelles de voiture\"],\"inLanguage\":\"fr-FR\",\"potentialAction\":[{\"@type\":\"CommentAction\",\"name\":\"Comment\",\"target\":[\"https:\/\/all-car-news.com\/fr\/alpine-sort-un-hatchback-du-segment-b\/#respond\"]}]},{\"@type\":\"WebPage\",\"@id\":\"https:\/\/all-car-news.com\/fr\/alpine-sort-un-hatchback-du-segment-b\/\",\"url\":\"https:\/\/all-car-news.com\/fr\/alpine-sort-un-hatchback-du-segment-b\/\",\"name\":\"Alpine sort un hatchback du segment B ! - All cars news\",\"isPartOf\":{\"@id\":\"https:\/\/all-car-news.com\/fr\/#website\"},\"datePublished\":\"2022-11-09T07:10:00+00:00\",\"dateModified\":\"2022-11-09T07:10:00+00:00\",\"breadcrumb\":{\"@id\":\"https:\/\/all-car-news.com\/fr\/alpine-sort-un-hatchback-du-segment-b\/#breadcrumb\"},\"inLanguage\":\"fr-FR\",\"potentialAction\":[{\"@type\":\"ReadAction\",\"target\":[\"https:\/\/all-car-news.com\/fr\/alpine-sort-un-hatchback-du-segment-b\/\"]}]},{\"@type\":\"BreadcrumbList\",\"@id\":\"https:\/\/all-car-news.com\/fr\/alpine-sort-un-hatchback-du-segment-b\/#breadcrumb\",\"itemListElement\":[{\"@type\":\"ListItem\",\"position\":1,\"name\":\"Home\",\"item\":\"https:\/\/all-car-news.com\/fr\/\"},{\"@type\":\"ListItem\",\"position\":2,\"name\":\"Alpine sort un hatchback du segment B !\"}]},{\"@type\":\"WebSite\",\"@id\":\"https:\/\/all-car-news.com\/fr\/#website\",\"url\":\"https:\/\/all-car-news.com\/fr\/\",\"name\":\"All cars news\",\"description\":\"\",\"publisher\":{\"@id\":\"https:\/\/all-car-news.com\/fr\/#organization\"},\"potentialAction\":[{\"@type\":\"SearchAction\",\"target\":{\"@type\":\"EntryPoint\",\"urlTemplate\":\"https:\/\/all-car-news.com\/fr\/?s={search_term_string}\"},\"query-input\":\"required name=search_term_string\"}],\"inLanguage\":\"fr-FR\"},{\"@type\":\"Organization\",\"@id\":\"https:\/\/all-car-news.com\/fr\/#organization\",\"name\":\"All cars news\",\"url\":\"https:\/\/all-car-news.com\/fr\/\",\"logo\":{\"@type\":\"ImageObject\",\"inLanguage\":\"fr-FR\",\"@id\":\"https:\/\/all-car-news.com\/fr\/#\/schema\/logo\/image\/\",\"url\":\"https:\/\/all-car-news.com\/wp-content\/uploads\/2022\/02\/CMYK-AllCarNews_LANDSCAPE_300px-1.png\",\"contentUrl\":\"https:\/\/all-car-news.com\/wp-content\/uploads\/2022\/02\/CMYK-AllCarNews_LANDSCAPE_300px-1.png\",\"width\":300,\"height\":100,\"caption\":\"All cars news\"},\"image\":{\"@id\":\"https:\/\/all-car-news.com\/fr\/#\/schema\/logo\/image\/\"}}]}<\/script>\n<!-- \/ Yoast SEO plugin. -->","yoast_head_json":{"title":"Alpine sort un hatchback du segment B ! - All cars news","robots":{"index":"index","follow":"follow","max-snippet":"max-snippet:-1","max-image-preview":"max-image-preview:large","max-video-preview":"max-video-preview:-1"},"canonical":"https:\/\/all-car-news.com\/fr\/alpine-sort-un-hatchback-du-segment-b\/","og_locale":"fr_FR","og_type":"article","og_title":"Alpine sort un hatchback du segment B ! - All cars news","og_description":"Plusieurs mod\u00e8les d'Alpine en route ! Alpine d\u00e9veloppe une toute nouvelle gamme de mod\u00e8les, conform\u00e9ment au plan R\u00e9volution du Groupe Renault. \u00c0 partir de 2026, l'Alpine sera enti\u00e8rement \u00e9lectrique. D'ici l\u00e0, Alpine d\u00e9voilera \u00e9galement la nouvelle g\u00e9n\u00e9ration de l'A110 et deux nouveaux mod\u00e8les : un hatchback du segment B et un crossover pour le segment C sup\u00e9rieur. \u00c9videmment [...]","og_url":"https:\/\/all-car-news.com\/fr\/alpine-sort-un-hatchback-du-segment-b\/","og_site_name":"All cars news","article_published_time":"2022-11-09T07:10:00+00:00","twitter_card":"summary_large_image","twitter_misc":{"Dur\u00e9e de lecture estim\u00e9e":"1 minute"},"schema":{"@context":"https:\/\/schema.org","@graph":[{"@type":"Article","@id":"https:\/\/all-car-news.com\/fr\/alpine-sort-un-hatchback-du-segment-b\/#article","isPartOf":{"@id":"https:\/\/all-car-news.com\/fr\/alpine-sort-un-hatchback-du-segment-b\/"},"author":{"name":"","@id":""},"headline":"Alpine sort un hatchback du segment B !","datePublished":"2022-11-09T07:10:00+00:00","dateModified":"2022-11-09T07:10:00+00:00","mainEntityOfPage":{"@id":"https:\/\/all-car-news.com\/fr\/alpine-sort-un-hatchback-du-segment-b\/"},"wordCount":233,"commentCount":0,"publisher":{"@id":"https:\/\/all-car-news.com\/fr\/#organization"},"articleSection":["nouvelles de voiture"],"inLanguage":"fr-FR","potentialAction":[{"@type":"CommentAction","name":"Comment","target":["https:\/\/all-car-news.com\/fr\/alpine-sort-un-hatchback-du-segment-b\/#respond"]}]},{"@type":"WebPage","@id":"https:\/\/all-car-news.com\/fr\/alpine-sort-un-hatchback-du-segment-b\/","url":"https:\/\/all-car-news.com\/fr\/alpine-sort-un-hatchback-du-segment-b\/","name":"Alpine sort un hatchback du segment B ! - All cars news","isPartOf":{"@id":"https:\/\/all-car-news.com\/fr\/#website"},"datePublished":"2022-11-09T07:10:00+00:00","dateModified":"2022-11-09T07:10:00+00:00","breadcrumb":{"@id":"https:\/\/all-car-news.com\/fr\/alpine-sort-un-hatchback-du-segment-b\/#breadcrumb"},"inLanguage":"fr-FR","potentialAction":[{"@type":"ReadAction","target":["https:\/\/all-car-news.com\/fr\/alpine-sort-un-hatchback-du-segment-b\/"]}]},{"@type":"BreadcrumbList","@id":"https:\/\/all-car-news.com\/fr\/alpine-sort-un-hatchback-du-segment-b\/#breadcrumb","itemListElement":[{"@type":"ListItem","position":1,"name":"Home","item":"https:\/\/all-car-news.com\/fr\/"},{"@type":"ListItem","position":2,"name":"Alpine sort un hatchback du segment B !"}]},{"@type":"WebSite","@id":"https:\/\/all-car-news.com\/fr\/#website","url":"https:\/\/all-car-news.com\/fr\/","name":"All cars news","description":"","publisher":{"@id":"https:\/\/all-car-news.com\/fr\/#organization"},"potentialAction":[{"@type":"SearchAction","target":{"@type":"EntryPoint","urlTemplate":"https:\/\/all-car-news.com\/fr\/?s={search_term_string}"},"query-input":"required name=search_term_string"}],"inLanguage":"fr-FR"},{"@type":"Organization","@id":"https:\/\/all-car-news.com\/fr\/#organization","name":"All cars news","url":"https:\/\/all-car-news.com\/fr\/","logo":{"@type":"ImageObject","inLanguage":"fr-FR","@id":"https:\/\/all-car-news.com\/fr\/#\/schema\/logo\/image\/","url":"https:\/\/all-car-news.com\/wp-content\/uploads\/2022\/02\/CMYK-AllCarNews_LANDSCAPE_300px-1.png","contentUrl":"https:\/\/all-car-news.com\/wp-content\/uploads\/2022\/02\/CMYK-AllCarNews_LANDSCAPE_300px-1.png","width":300,"height":100,"caption":"All cars news"},"image":{"@id":"https:\/\/all-car-news.com\/fr\/#\/schema\/logo\/image\/"}}]}},"_links":{"self":[{"href":"https:\/\/all-car-news.com\/fr\/wp-json\/wp\/v2\/posts\/126589","targetHints":{"allow":["GET"]}}],"collection":[{"href":"https:\/\/all-car-news.com\/fr\/wp-json\/wp\/v2\/posts"}],"about":[{"href":"https:\/\/all-car-news.com\/fr\/wp-json\/wp\/v2\/types\/post"}],"replies":[{"embeddable":true,"href":"https:\/\/all-car-news.com\/fr\/wp-json\/wp\/v2\/comments?post=126589"}],"version-history":[{"count":0,"href":"https:\/\/all-car-news.com\/fr\/wp-json\/wp\/v2\/posts\/126589\/revisions"}],"wp:featuredmedia":[{"embeddable":true,"href":"https:\/\/all-car-news.com\/fr\/wp-json\/wp\/v2\/media\/126540"}],"wp:attachment":[{"href":"https:\/\/all-car-news.com\/fr\/wp-json\/wp\/v2\/media?parent=126589"}],"wp:term":[{"taxonomy":"category","embeddable":true,"href":"https:\/\/all-car-news.com\/fr\/wp-json\/wp\/v2\/categories?post=126589"},{"taxonomy":"post_tag","embeddable":true,"href":"https:\/\/all-car-news.com\/fr\/wp-json\/wp\/v2\/tags?post=126589"}],"curies":[{"name":"wp","href":"https:\/\/api.w.org\/{rel}","templated":true}]}}