{"id":126506,"date":"2022-11-08T09:00:00","date_gmt":"2022-11-08T09:00:00","guid":{"rendered":"https:\/\/all-car-news.com\/reportage-photo-pourquoi-lusine-alpine-est-differente-des-autres-usines-automobiles\/"},"modified":"2022-11-08T09:00:00","modified_gmt":"2022-11-08T09:00:00","slug":"reportage-photo-pourquoi-lusine-alpine-est-differente-des-autres-usines-automobiles","status":"publish","type":"post","link":"https:\/\/all-car-news.com\/fr\/reportage-photo-pourquoi-lusine-alpine-est-differente-des-autres-usines-automobiles\/","title":{"rendered":"Reportage photo : Pourquoi l&rsquo;usine Alpine est diff\u00e9rente des autres usines automobiles"},"content":{"rendered":"<h2>Manufacture Alpine Dieppe Jean R\u00e9d\u00e9l\u00e9<\/h2>\n<p>C&rsquo;est la fiert\u00e9 de Dieppe : l&rsquo;usine alpine. Ou comme l&rsquo;usine s&rsquo;appelle officiellement : Manufacture Alpine Dieppe Jean R\u00e9d\u00e9l\u00e9. On remarque imm\u00e9diatement \u00e0 quel point ils sont fiers de la marque de voitures de sport quand on arrive \u00e0 Dieppe. Sur le premier rond-point que vous rencontrez, il y a un grand logo Alpine illumin\u00e9 avec une ancienne et une nouvelle Alpine A110 \u00e0 c\u00f4t\u00e9. Devant elle, un grand panneau en verre indique \u00ab\u00a0Made in Dieppe\u00a0\u00bb. Quand les Fran\u00e7ais affichent quelque chose en anglais sur un panneau, vous savez qu&rsquo;ils le pensent.<\/p>\n<figure class=\"wp-block-image size-content\"><img decoding=\"async\" loading=\"lazy\" width=\"1140\" height=\"760\" src=\"https:\/\/autorai.nl\/wp-content\/uploads\/2022\/11\/I71A0285-1140x760.jpg\" alt=\"\" class=\"wp-image-137860\"><\/figure>\n<h2>Dieppe<\/h2>\n<p>Alpine a une longue histoire \u00e0 Dieppe. Alpine a \u00e9t\u00e9 fond\u00e9e en 1955 par Jean R\u00e9d\u00e9l\u00e9, dont le terrain de jeu pr\u00e9f\u00e9r\u00e9 &#8211; les Alpes &#8211; a inspir\u00e9 le nom de sa marque. Alpine a vraiment pris son envol lorsque l&rsquo;A110 original est apparu en 1962. \u00c0 l&rsquo;\u00e9poque, Alpine et Renault travaillaient d\u00e9j\u00e0 en \u00e9troite collaboration. Ainsi, les mod\u00e8les \u00e9taient vendus et entretenus par les concessionnaires Renault. L&rsquo;usine Alpine de Dieppe date de 1969. Deux ans avant que l&rsquo;A110 ne commence sa glorieuse tourn\u00e9e de victoires dans le monde des rallyes \u00e0 l&rsquo;adresse&nbsp;. En 1971, Alpine monte sur le podium du c\u00e9l\u00e8bre Rallye de Monte Carlo et le remporte \u00e0 nouveau en 1973, ann\u00e9e o\u00f9 Alpine est couronn\u00e9e championne du monde des rallyes. Cette ann\u00e9e-l\u00e0, la marque a \u00e9galement \u00e9t\u00e9 enti\u00e8rement int\u00e9gr\u00e9e au Groupe Renault.<\/p>\n<figure class=\"wp-block-image size-content\"><img decoding=\"async\" loading=\"lazy\" width=\"1140\" height=\"760\" src=\"https:\/\/autorai.nl\/wp-content\/uploads\/2022\/11\/I71A0313-1140x760.jpg\" alt=\"\" class=\"wp-image-137861\"><\/figure>\n<h2>Alpine A610<\/h2>\n<p>L&rsquo;A110 a \u00e9t\u00e9 remplac\u00e9 par l&rsquo;A310 et l&rsquo;A610 dans les ann\u00e9es 1980 et 1990, respectivement. Les mod\u00e8les ne sont jamais devenus aussi populaires que l&rsquo;A110 des ann\u00e9es 1970, et au milieu des ann\u00e9es 1990, Renault a mis fin \u00e0 la marque de voitures de sport. Les lumi\u00e8res de l&rsquo;usine de Dieppe &#8211; alors propri\u00e9t\u00e9 exclusive de Renault &#8211; sont rest\u00e9es allum\u00e9es. L&rsquo;A610 ne sort plus de la cha\u00eene de montage dans cette ville, mais d&rsquo;autres mod\u00e8les Renault sportifs, tels que la Clio Williams et la Renault Sport Spider, le font. D&rsquo;autres mod\u00e8les (parfois l\u00e9gendaires) tels que les Renault 5 Turbo, 9 Turbo, 11 Turbo, Clio II et III RS, Espace, M\u00e9gane Cabriolet et M\u00e9gane RS ont \u00e9galement \u00e9t\u00e9 assembl\u00e9s \u00e0 l&rsquo;usine de Dieppe.<\/p>\n<figure class=\"wp-block-image size-content\"><img decoding=\"async\" loading=\"lazy\" width=\"1140\" height=\"855\" src=\"https:\/\/autorai.nl\/wp-content\/uploads\/2022\/11\/PXL_20221019_073700036-1140x855.jpg\" alt=\"\" class=\"wp-image-137862\"><figcaption>Alpine A610<\/figcaption><\/figure>\n<h2>Reborn<\/h2>\n<p>En f\u00e9vrier 2016, Renault a officiellement annonc\u00e9 le relancement d&rsquo;Alpine lors d&rsquo;une conf\u00e9rence de presse dans le port de Monaco, lieu o\u00f9 la marque a c\u00e9l\u00e9br\u00e9 deux victoires au rallye de Monte-Carlo dans les ann\u00e9es 1970. Cette annonce marque \u00e9galement le retour de la marque dans la ville c\u00f4ti\u00e8re fran\u00e7aise, o\u00f9 la nouvelle A110 entrera en production. Bien que l&rsquo;\u00e2me de la marque n&rsquo;ait jamais vraiment quitt\u00e9 Dieppe, car m\u00eame apr\u00e8s l&rsquo;arr\u00eat de la production dans les ann\u00e9es 1990, le logo Alpine n&rsquo;a jamais disparu du mur de l&rsquo;usine.<\/p>\n<\/p>\n<figure class=\"wp-block-image size-content\"><img decoding=\"async\" loading=\"lazy\" width=\"1140\" height=\"855\" src=\"https:\/\/autorai.nl\/wp-content\/uploads\/2022\/11\/PXL_20221019_093857019.PORTRAIT-1140x855.jpg\" alt=\"\" class=\"wp-image-137863\"><\/figure>\n<h2>Alpine A110<\/h2>\n<p>Depuis le 1er d\u00e9cembre 2017, la r\u00e9incarnation moderne de l&rsquo;illustre A110 des ann\u00e9es 1960 et 1970 sort de la cha\u00eene de montage \u00e0 Dieppe. Plus de 14 000 nouvelles Alpine A110 sont d\u00e9sormais en circulation. Dieppe emploie 400 personnes et produit chaque jour 18 mod\u00e8les d&rsquo;A110 flambant neufs.<\/p>\n<figure class=\"wp-block-image size-content\"><img decoding=\"async\" loading=\"lazy\" width=\"1140\" height=\"760\" src=\"https:\/\/autorai.nl\/wp-content\/uploads\/2022\/11\/I71A0449-1140x760.jpg\" alt=\"\" class=\"wp-image-137864\"><\/figure>\n<h2>Fait \u00e0 la main<\/h2>\n<p>Lors de la visite de l&rsquo;usine, nous avons pu voir l&rsquo;ensemble du processus de production de la nouvelle A110. L&rsquo;usine fonctionne diff\u00e9remment des autres sites de production de Renault. La preuve en est que \u00ab\u00a0seulement\u00a0\u00bb 18 voitures par jour sont construites. La construction d&rsquo;une Alpine A110 demande beaucoup de travail manuel. C&rsquo;est comme \u00e7a que \u00e7a se passe avec les voitures de sport exclusives.<\/p>\n<\/p>\n<figure class=\"wp-block-image size-content\"><img decoding=\"async\" loading=\"lazy\" width=\"1140\" height=\"760\" src=\"https:\/\/autorai.nl\/wp-content\/uploads\/2022\/11\/I71A0835-1140x760.jpg\" alt=\"\" class=\"wp-image-137872\"><\/figure>\n<h2>Robots<\/h2>\n<p>Il y a \u00e9galement moins de robots pr\u00e9sents que dans une usine automobile traditionnelle. Les robots qui y participent travaillent souvent avec le personnel. Par exemple, il existe un robot de collage, qui colle le ch\u00e2ssis \u00e0 des endroits que les travailleurs ont du mal \u00e0 atteindre. De plus, il le fait \u00e0 un rythme rapide. De la colle, vous dites ? En effet, l&rsquo;Alpine A110 utilise un corps en aluminium, qui est enti\u00e8rement coll\u00e9 pour gagner du poids.<\/p>\n<figure class=\"wp-block-image size-content\"><img decoding=\"async\" loading=\"lazy\" width=\"1140\" height=\"760\" src=\"https:\/\/autorai.nl\/wp-content\/uploads\/2022\/11\/I71A0718-1140x760.jpg\" alt=\"\" class=\"wp-image-137866\"><\/figure>\n<h2>Vakwerk<\/h2>\n<p>Une fois que le ch\u00e2ssis autoportant est en grande partie coll\u00e9, des robots assemblent le toit, apr\u00e8s quoi des ouvriers assemblent certains panneaux lat\u00e9raux, le capot et le hayon. \u00c0 l&rsquo;aide d&rsquo;un \u00e9quipement de mesure et d&rsquo;un maillet en caoutchouc, le personnel ex\u00e9cute soigneusement tous les panneaux et v\u00e9rifie qu&rsquo;ils s&#8217;embo\u00eetent parfaitement. La voiture est alors pouss\u00e9e vers le hall suivant.<\/p>\n<figure class=\"wp-block-image size-content\"><img decoding=\"async\" loading=\"lazy\" width=\"1140\" height=\"760\" src=\"https:\/\/autorai.nl\/wp-content\/uploads\/2022\/11\/I71A0624-1140x760.jpg\" alt=\"\" class=\"wp-image-137867\"><\/figure>\n<h2>Atelier de peinture<\/h2>\n<p>Une fois que toutes les pi\u00e8ces de t\u00f4le ont form\u00e9 une carrosserie compl\u00e8te, il est temps de passer un coup de peinture. Cela aussi est en grande partie fait \u00e0 la main. Apr\u00e8s un bain anticorrosion et une couche d&rsquo;appr\u00eat, c&rsquo;est le moment du pon\u00e7age, puis les robots appliquent la couleur de la carrosserie. Sans surprise, la couleur la plus fr\u00e9quemment choisie est le bleu, couleur de la maison Alpine. Mais de temps en temps, nous tombons sur une A110 jaune, rouge et noire \u00e0 l&rsquo;usine.  &nbsp;<\/p>\n<div class=\"galery shuffle galery-0\">\n<figure>\n\t\t\t\t\t<span style=\"cursor: pointer\" data-src=\"https:\/\/autorai.nl\/wp-content\/uploads\/2022\/11\/PXL_20221019_083037043.jpg\" data-fancybox=\"galery-0\" title=\"\"><br \/>\n\t\t\t\t\t\t\t<img decoding=\"async\" width=\"640\" height=\"480\" src=\"https:\/\/autorai.nl\/wp-content\/uploads\/2022\/11\/PXL_20221019_083037043-640x480.jpg\" class=\"attachment-medium size-medium\" alt=\"\" loading=\"lazy\"><i class=\"fa fa-search-plus\" aria-hidden=\"true\"><\/i><br \/>\n\t\t\t\t\t\t<\/span><br \/>\n\t\t\t\t\t<\/figure>\n<figure>\n\t\t\t\t\t<span style=\"cursor: pointer\" data-src=\"https:\/\/autorai.nl\/wp-content\/uploads\/2022\/11\/I71A0940.jpg\" data-fancybox=\"galery-0\" title=\"\"><br \/>\n\t\t\t\t\t\t\t<img decoding=\"async\" width=\"360\" height=\"270\" src=\"https:\/\/autorai.nl\/wp-content\/uploads\/2022\/11\/I71A0940-360x270.jpg\" class=\"attachment-small size-small\" alt=\"\" loading=\"lazy\"><i class=\"fa fa-search-plus\" aria-hidden=\"true\"><\/i><br \/>\n\t\t\t\t\t\t<\/span><br \/>\n\t\t\t\t\t<\/figure>\n<figure>\n\t\t\t\t\t<span style=\"cursor: pointer\" data-src=\"https:\/\/autorai.nl\/wp-content\/uploads\/2022\/11\/I71A0878-1.jpg\" data-fancybox=\"galery-0\" title=\"\"><br \/>\n\t\t\t\t\t\t\t<img decoding=\"async\" width=\"360\" height=\"270\" src=\"https:\/\/autorai.nl\/wp-content\/uploads\/2022\/11\/I71A0878-1-360x270.jpg\" class=\"attachment-small size-small\" alt=\"\" loading=\"lazy\"><i class=\"fa fa-search-plus\" aria-hidden=\"true\"><\/i><br \/>\n\t\t\t\t\t\t<\/span><br \/>\n\t\t\t\t\t<\/figure>\n<div class=\"clear\"><\/div>\n<\/div>\n<h2>Mariage<\/h2>\n<p>Ensuite, c&rsquo;est le moment de l&rsquo;\u00e9dition finale. Dans le plus grand hall de l&rsquo;usine, les mod\u00e8les A110 volent litt\u00e9ralement autour de vos oreilles si vous ne faites pas attention. Le ch\u00e2ssis, l&rsquo;int\u00e9rieur, les fen\u00eatres et tout ce dont une voiture a besoin sont r\u00e9unis ici. Nous assistons \u00e0 ce que l&rsquo;on appelle le mariage : le moment o\u00f9 le corps et la source d&rsquo;\u00e9nergie sont r\u00e9unis. Lentement, un robot abaisse la carrosserie au-dessus du moteur turbo de 1,8 litre et du sous-ch\u00e2ssis arri\u00e8re, apr\u00e8s quoi des ouvriers vissent le tout.<\/p>\n<\/p>\n<figure class=\"wp-block-image size-content\"><img decoding=\"async\" loading=\"lazy\" width=\"1140\" height=\"855\" src=\"https:\/\/autorai.nl\/wp-content\/uploads\/2022\/11\/PXL_20221019_084528814.PORTRAIT-1140x855.jpg\" alt=\"\" class=\"wp-image-137873\"><\/figure>\n<h2>Tunnel de lumi\u00e8re<\/h2>\n<p>Dans un tunnel lumineux, un employ\u00e9 passe devant la voiture \u00e0 des dizaines d&rsquo;endroits pendant le \u00ab\u00a0contr\u00f4le de qualit\u00e9\u00a0\u00bb final. La voiture sort ensuite de l&rsquo;usine par ses propres moyens, apr\u00e8s quoi elle est soumise \u00e0 un contr\u00f4le de qualit\u00e9 dynamique. Au cours de ces tests, Alpine v\u00e9rifie que la voiture se conduit comme une Alpine doit le faire : ferme mais agile. Vous pouvez lire plus sur l&rsquo;exp\u00e9rience de conduite d&rsquo;une <a href=\"https:\/\/www.youtube.com\/watch?v=H7D4wG6DFlQ\" target=\"_blank\" rel=\"noreferrer noopener\">A110<\/a> <a href=\"https:\/\/autorai.nl\/review-alpine-a110-gt-2023-de-leukste-daily-driver-van-dit-moment\/\" target=\"_blank\" rel=\"noreferrer noopener\">ICI<\/a>.<\/p>\n<figure class=\"wp-block-image size-content\"><img decoding=\"async\" loading=\"lazy\" width=\"1140\" height=\"760\" src=\"https:\/\/autorai.nl\/wp-content\/uploads\/2022\/11\/I71A1050-1140x760.jpg\" alt=\"\" class=\"wp-image-137874\"><\/figure>\n<h2>\u00c9lectrification<\/h2>\n<p>D&rsquo;ici 2024, Alpine changera consid\u00e9rablement de cap. La marque lancera ensuite son avenir \u00e9lectrique avec l&rsquo;introduction d&rsquo;un hatchback du segment B, qui sera bas\u00e9 sur la nouvelle <a href=\"https:\/\/autorai.nl\/renault-5-prototype\/\" target=\"_blank\" rel=\"noreferrer noopener\">Renault 5.<\/a> En 2025, la marque pr\u00e9sentera le premier mod\u00e8le \u00e0 sortir de la cha\u00eene de montage \u00e0 Dieppe : l&rsquo;Alpine GT X-Over. Lors de notre visite de l&rsquo;usine de la ville c\u00f4ti\u00e8re fran\u00e7aise, nous obtenons peu d&rsquo;informations sur ce nouveau crossover \u00e9lectrique. Cependant, les Fran\u00e7ais font savoir qu&rsquo;ils n&rsquo;ont aucun scrupule \u00e0 \u00e9lectrifier la marque. Gr\u00e2ce \u00e0 la forte demande de voitures \u00e9lectriques et \u00e0 l&rsquo;\u00e9largissement de la gamme de mod\u00e8les, Alpine pr\u00e9voit de multiplier sa production par sept \u00e0 l&rsquo;avenir, dans le meilleur des cas. Et l&rsquo;A110 ? Il ne dispara\u00eetra pas du march\u00e9 une seconde fois. En effet, son successeur &#8211; \u00e9videmment tout \u00e9lectrique &#8211; est pr\u00e9vu pour 2026.<\/p>\n<p>A lire aussi :<\/p>\n<figure class=\"wp-block-embed is-type-wp-embed is-provider-autorai-nl wp-block-embed-autorai-nl\">\n<div class=\"wp-block-embed__wrapper\">\n<blockquote class=\"wp-embedded-content\" data-secret=\"2wOEoSSkZf\"><p><a href=\"https:\/\/autorai.nl\/de-a110-e-ternite-is-een-lichtgewicht-elektrische-auto-met-uitstekende-actieradius\/\">L&rsquo;Alpine A110 E-ternity est une voiture \u00e9lectrique l\u00e9g\u00e8re avec une excellente autonomie.<\/a><\/p><\/blockquote>\n<\/div>\n<\/figure>\n","protected":false},"excerpt":{"rendered":"Manufacture Alpine Dieppe Jean R\u00e9d\u00e9l\u00e9 C'est la fiert\u00e9 de Dieppe : la manufacture Alpine. Ou comme l'usine s'appelle officiellement :\u2026","protected":false},"author":0,"featured_media":126486,"comment_status":"open","ping_status":"open","sticky":false,"template":"","format":"standard","meta":{"footnotes":""},"categories":[131],"tags":[],"class_list":["post-126506","post","type-post","status-publish","format-standard","has-post-thumbnail","hentry","category-fond"],"acf":[],"yoast_head":"<!-- This site is optimized with the Yoast SEO plugin v21.2 - https:\/\/yoast.com\/wordpress\/plugins\/seo\/ -->\n<title>Reportage photo : Pourquoi l&#039;usine Alpine est diff\u00e9rente des autres usines automobiles - All cars news<\/title>\n<meta name=\"robots\" content=\"index, follow, max-snippet:-1, max-image-preview:large, max-video-preview:-1\" \/>\n<link rel=\"canonical\" href=\"https:\/\/all-car-news.com\/fr\/reportage-photo-pourquoi-lusine-alpine-est-differente-des-autres-usines-automobiles\/\" \/>\n<meta property=\"og:locale\" content=\"fr_FR\" \/>\n<meta property=\"og:type\" content=\"article\" \/>\n<meta property=\"og:title\" content=\"Reportage photo : Pourquoi l&#039;usine Alpine est diff\u00e9rente des autres usines automobiles - All cars news\" \/>\n<meta property=\"og:description\" content=\"Manufacture Alpine Dieppe Jean R\u00e9d\u00e9l\u00e9 C&#039;est la fiert\u00e9 de Dieppe : la manufacture Alpine. Ou comme l&#039;usine s&#039;appelle officiellement : Manufacture Alpine Dieppe Jean R\u00e9d\u00e9l\u00e9. On remarque imm\u00e9diatement \u00e0 quel point ils sont fiers de la marque de voitures de sport quand on arrive \u00e0 Dieppe. Sur le premier rond-point que vous rencontrerez, vous verrez un grand logo Alpine illumin\u00e9 avec, \u00e0 c\u00f4t\u00e9, un vieux et [...].\" \/>\n<meta property=\"og:url\" content=\"https:\/\/all-car-news.com\/fr\/reportage-photo-pourquoi-lusine-alpine-est-differente-des-autres-usines-automobiles\/\" \/>\n<meta property=\"og:site_name\" content=\"All cars news\" \/>\n<meta property=\"article:published_time\" content=\"2022-11-08T09:00:00+00:00\" \/>\n<meta property=\"og:image\" content=\"https:\/\/autorai.nl\/wp-content\/uploads\/2022\/11\/I71A0285-1140x760.jpg\" \/>\n<meta name=\"twitter:card\" content=\"summary_large_image\" \/>\n<meta name=\"twitter:label1\" content=\"Dur\u00e9e de lecture estim\u00e9e\" \/>\n\t<meta name=\"twitter:data1\" content=\"6 minutes\" \/>\n<script type=\"application\/ld+json\" class=\"yoast-schema-graph\">{\"@context\":\"https:\/\/schema.org\",\"@graph\":[{\"@type\":\"Article\",\"@id\":\"https:\/\/all-car-news.com\/fr\/reportage-photo-pourquoi-lusine-alpine-est-differente-des-autres-usines-automobiles\/#article\",\"isPartOf\":{\"@id\":\"https:\/\/all-car-news.com\/fr\/reportage-photo-pourquoi-lusine-alpine-est-differente-des-autres-usines-automobiles\/\"},\"author\":{\"name\":\"\",\"@id\":\"\"},\"headline\":\"Reportage photo : Pourquoi l&rsquo;usine Alpine est diff\u00e9rente des autres usines automobiles\",\"datePublished\":\"2022-11-08T09:00:00+00:00\",\"dateModified\":\"2022-11-08T09:00:00+00:00\",\"mainEntityOfPage\":{\"@id\":\"https:\/\/all-car-news.com\/fr\/reportage-photo-pourquoi-lusine-alpine-est-differente-des-autres-usines-automobiles\/\"},\"wordCount\":1185,\"commentCount\":0,\"publisher\":{\"@id\":\"https:\/\/all-car-news.com\/fr\/#organization\"},\"articleSection\":[\"Fond\"],\"inLanguage\":\"fr-FR\",\"potentialAction\":[{\"@type\":\"CommentAction\",\"name\":\"Comment\",\"target\":[\"https:\/\/all-car-news.com\/fr\/reportage-photo-pourquoi-lusine-alpine-est-differente-des-autres-usines-automobiles\/#respond\"]}]},{\"@type\":\"WebPage\",\"@id\":\"https:\/\/all-car-news.com\/fr\/reportage-photo-pourquoi-lusine-alpine-est-differente-des-autres-usines-automobiles\/\",\"url\":\"https:\/\/all-car-news.com\/fr\/reportage-photo-pourquoi-lusine-alpine-est-differente-des-autres-usines-automobiles\/\",\"name\":\"Reportage photo : Pourquoi l'usine Alpine est diff\u00e9rente des autres usines automobiles - All cars news\",\"isPartOf\":{\"@id\":\"https:\/\/all-car-news.com\/fr\/#website\"},\"datePublished\":\"2022-11-08T09:00:00+00:00\",\"dateModified\":\"2022-11-08T09:00:00+00:00\",\"breadcrumb\":{\"@id\":\"https:\/\/all-car-news.com\/fr\/reportage-photo-pourquoi-lusine-alpine-est-differente-des-autres-usines-automobiles\/#breadcrumb\"},\"inLanguage\":\"fr-FR\",\"potentialAction\":[{\"@type\":\"ReadAction\",\"target\":[\"https:\/\/all-car-news.com\/fr\/reportage-photo-pourquoi-lusine-alpine-est-differente-des-autres-usines-automobiles\/\"]}]},{\"@type\":\"BreadcrumbList\",\"@id\":\"https:\/\/all-car-news.com\/fr\/reportage-photo-pourquoi-lusine-alpine-est-differente-des-autres-usines-automobiles\/#breadcrumb\",\"itemListElement\":[{\"@type\":\"ListItem\",\"position\":1,\"name\":\"Home\",\"item\":\"https:\/\/all-car-news.com\/fr\/\"},{\"@type\":\"ListItem\",\"position\":2,\"name\":\"Reportage photo : Pourquoi l&rsquo;usine Alpine est diff\u00e9rente des autres usines automobiles\"}]},{\"@type\":\"WebSite\",\"@id\":\"https:\/\/all-car-news.com\/fr\/#website\",\"url\":\"https:\/\/all-car-news.com\/fr\/\",\"name\":\"All cars news\",\"description\":\"\",\"publisher\":{\"@id\":\"https:\/\/all-car-news.com\/fr\/#organization\"},\"potentialAction\":[{\"@type\":\"SearchAction\",\"target\":{\"@type\":\"EntryPoint\",\"urlTemplate\":\"https:\/\/all-car-news.com\/fr\/?s={search_term_string}\"},\"query-input\":\"required name=search_term_string\"}],\"inLanguage\":\"fr-FR\"},{\"@type\":\"Organization\",\"@id\":\"https:\/\/all-car-news.com\/fr\/#organization\",\"name\":\"All cars news\",\"url\":\"https:\/\/all-car-news.com\/fr\/\",\"logo\":{\"@type\":\"ImageObject\",\"inLanguage\":\"fr-FR\",\"@id\":\"https:\/\/all-car-news.com\/fr\/#\/schema\/logo\/image\/\",\"url\":\"https:\/\/all-car-news.com\/wp-content\/uploads\/2022\/02\/CMYK-AllCarNews_LANDSCAPE_300px-1.png\",\"contentUrl\":\"https:\/\/all-car-news.com\/wp-content\/uploads\/2022\/02\/CMYK-AllCarNews_LANDSCAPE_300px-1.png\",\"width\":300,\"height\":100,\"caption\":\"All cars news\"},\"image\":{\"@id\":\"https:\/\/all-car-news.com\/fr\/#\/schema\/logo\/image\/\"}}]}<\/script>\n<!-- \/ Yoast SEO plugin. -->","yoast_head_json":{"title":"Reportage photo : Pourquoi l'usine Alpine est diff\u00e9rente des autres usines automobiles - All cars news","robots":{"index":"index","follow":"follow","max-snippet":"max-snippet:-1","max-image-preview":"max-image-preview:large","max-video-preview":"max-video-preview:-1"},"canonical":"https:\/\/all-car-news.com\/fr\/reportage-photo-pourquoi-lusine-alpine-est-differente-des-autres-usines-automobiles\/","og_locale":"fr_FR","og_type":"article","og_title":"Reportage photo : Pourquoi l'usine Alpine est diff\u00e9rente des autres usines automobiles - All cars news","og_description":"Manufacture Alpine Dieppe Jean R\u00e9d\u00e9l\u00e9 C'est la fiert\u00e9 de Dieppe : la manufacture Alpine. Ou comme l'usine s'appelle officiellement : Manufacture Alpine Dieppe Jean R\u00e9d\u00e9l\u00e9. On remarque imm\u00e9diatement \u00e0 quel point ils sont fiers de la marque de voitures de sport quand on arrive \u00e0 Dieppe. Sur le premier rond-point que vous rencontrerez, vous verrez un grand logo Alpine illumin\u00e9 avec, \u00e0 c\u00f4t\u00e9, un vieux et [...].","og_url":"https:\/\/all-car-news.com\/fr\/reportage-photo-pourquoi-lusine-alpine-est-differente-des-autres-usines-automobiles\/","og_site_name":"All cars news","article_published_time":"2022-11-08T09:00:00+00:00","og_image":[{"url":"https:\/\/autorai.nl\/wp-content\/uploads\/2022\/11\/I71A0285-1140x760.jpg"}],"twitter_card":"summary_large_image","twitter_misc":{"Dur\u00e9e de lecture estim\u00e9e":"6 minutes"},"schema":{"@context":"https:\/\/schema.org","@graph":[{"@type":"Article","@id":"https:\/\/all-car-news.com\/fr\/reportage-photo-pourquoi-lusine-alpine-est-differente-des-autres-usines-automobiles\/#article","isPartOf":{"@id":"https:\/\/all-car-news.com\/fr\/reportage-photo-pourquoi-lusine-alpine-est-differente-des-autres-usines-automobiles\/"},"author":{"name":"","@id":""},"headline":"Reportage photo : Pourquoi l&rsquo;usine Alpine est diff\u00e9rente des autres usines automobiles","datePublished":"2022-11-08T09:00:00+00:00","dateModified":"2022-11-08T09:00:00+00:00","mainEntityOfPage":{"@id":"https:\/\/all-car-news.com\/fr\/reportage-photo-pourquoi-lusine-alpine-est-differente-des-autres-usines-automobiles\/"},"wordCount":1185,"commentCount":0,"publisher":{"@id":"https:\/\/all-car-news.com\/fr\/#organization"},"articleSection":["Fond"],"inLanguage":"fr-FR","potentialAction":[{"@type":"CommentAction","name":"Comment","target":["https:\/\/all-car-news.com\/fr\/reportage-photo-pourquoi-lusine-alpine-est-differente-des-autres-usines-automobiles\/#respond"]}]},{"@type":"WebPage","@id":"https:\/\/all-car-news.com\/fr\/reportage-photo-pourquoi-lusine-alpine-est-differente-des-autres-usines-automobiles\/","url":"https:\/\/all-car-news.com\/fr\/reportage-photo-pourquoi-lusine-alpine-est-differente-des-autres-usines-automobiles\/","name":"Reportage photo : Pourquoi l'usine Alpine est diff\u00e9rente des autres usines automobiles - All cars news","isPartOf":{"@id":"https:\/\/all-car-news.com\/fr\/#website"},"datePublished":"2022-11-08T09:00:00+00:00","dateModified":"2022-11-08T09:00:00+00:00","breadcrumb":{"@id":"https:\/\/all-car-news.com\/fr\/reportage-photo-pourquoi-lusine-alpine-est-differente-des-autres-usines-automobiles\/#breadcrumb"},"inLanguage":"fr-FR","potentialAction":[{"@type":"ReadAction","target":["https:\/\/all-car-news.com\/fr\/reportage-photo-pourquoi-lusine-alpine-est-differente-des-autres-usines-automobiles\/"]}]},{"@type":"BreadcrumbList","@id":"https:\/\/all-car-news.com\/fr\/reportage-photo-pourquoi-lusine-alpine-est-differente-des-autres-usines-automobiles\/#breadcrumb","itemListElement":[{"@type":"ListItem","position":1,"name":"Home","item":"https:\/\/all-car-news.com\/fr\/"},{"@type":"ListItem","position":2,"name":"Reportage photo : Pourquoi l&rsquo;usine Alpine est diff\u00e9rente des autres usines automobiles"}]},{"@type":"WebSite","@id":"https:\/\/all-car-news.com\/fr\/#website","url":"https:\/\/all-car-news.com\/fr\/","name":"All cars news","description":"","publisher":{"@id":"https:\/\/all-car-news.com\/fr\/#organization"},"potentialAction":[{"@type":"SearchAction","target":{"@type":"EntryPoint","urlTemplate":"https:\/\/all-car-news.com\/fr\/?s={search_term_string}"},"query-input":"required name=search_term_string"}],"inLanguage":"fr-FR"},{"@type":"Organization","@id":"https:\/\/all-car-news.com\/fr\/#organization","name":"All cars news","url":"https:\/\/all-car-news.com\/fr\/","logo":{"@type":"ImageObject","inLanguage":"fr-FR","@id":"https:\/\/all-car-news.com\/fr\/#\/schema\/logo\/image\/","url":"https:\/\/all-car-news.com\/wp-content\/uploads\/2022\/02\/CMYK-AllCarNews_LANDSCAPE_300px-1.png","contentUrl":"https:\/\/all-car-news.com\/wp-content\/uploads\/2022\/02\/CMYK-AllCarNews_LANDSCAPE_300px-1.png","width":300,"height":100,"caption":"All cars news"},"image":{"@id":"https:\/\/all-car-news.com\/fr\/#\/schema\/logo\/image\/"}}]}},"_links":{"self":[{"href":"https:\/\/all-car-news.com\/fr\/wp-json\/wp\/v2\/posts\/126506","targetHints":{"allow":["GET"]}}],"collection":[{"href":"https:\/\/all-car-news.com\/fr\/wp-json\/wp\/v2\/posts"}],"about":[{"href":"https:\/\/all-car-news.com\/fr\/wp-json\/wp\/v2\/types\/post"}],"replies":[{"embeddable":true,"href":"https:\/\/all-car-news.com\/fr\/wp-json\/wp\/v2\/comments?post=126506"}],"version-history":[{"count":0,"href":"https:\/\/all-car-news.com\/fr\/wp-json\/wp\/v2\/posts\/126506\/revisions"}],"wp:featuredmedia":[{"embeddable":true,"href":"https:\/\/all-car-news.com\/fr\/wp-json\/wp\/v2\/media\/126486"}],"wp:attachment":[{"href":"https:\/\/all-car-news.com\/fr\/wp-json\/wp\/v2\/media?parent=126506"}],"wp:term":[{"taxonomy":"category","embeddable":true,"href":"https:\/\/all-car-news.com\/fr\/wp-json\/wp\/v2\/categories?post=126506"},{"taxonomy":"post_tag","embeddable":true,"href":"https:\/\/all-car-news.com\/fr\/wp-json\/wp\/v2\/tags?post=126506"}],"curies":[{"name":"wp","href":"https:\/\/api.w.org\/{rel}","templated":true}]}}