{"id":126396,"date":"2022-11-03T14:36:00","date_gmt":"2022-11-03T14:36:00","guid":{"rendered":"https:\/\/all-car-news.com\/spider-man-rencontre-superman-dans-la-bmw-art-car-de-jeff-koons\/"},"modified":"2022-11-03T14:36:00","modified_gmt":"2022-11-03T14:36:00","slug":"spider-man-rencontre-superman-dans-la-bmw-art-car-de-jeff-koons","status":"publish","type":"post","link":"https:\/\/all-car-news.com\/fr\/spider-man-rencontre-superman-dans-la-bmw-art-car-de-jeff-koons\/","title":{"rendered":"Spider-Man rencontre Superman dans la BMW Art Car de Jeff Koons !"},"content":{"rendered":"<h2>Voitures d&rsquo;art BMW<\/h2>\n<p>Des artistes internationaux qui transforment un mod\u00e8le BMW en une v\u00e9ritable \u0153uvre d&rsquo;art. Cela se produit depuis 1975, lorsque l&rsquo;Am\u00e9ricain Alexander Calder a lanc\u00e9 la tradition avec une BMW 3.0 CSL : l&rsquo;Art Car. Les artistes sont autoris\u00e9s \u00e0 cr\u00e9er une \u0153uvre d&rsquo;art avec une BMW comme toile. Elle produit un certain nombre de voitures embl\u00e9matiques, dont une seule a \u00e9t\u00e9 fabriqu\u00e9e \u00e0 la fois. Jusqu&rsquo;\u00e0 pr\u00e9sent, car vous pouvez acheter ces THE 8 X JEFF KOONS.<\/p>\n<\/p>\n<div class=\"galery shuffle galery-0\">\n<figure>\n\t\t\t\t\t<span style=\"cursor: pointer\" data-src=\"https:\/\/autorai.nl\/wp-content\/uploads\/2022\/02\/P90339020_highRes_alexander-calder-bmw.jpg\" data-fancybox=\"galery-0\" title=\"\"><br \/>\n\t\t\t\t\t\t\t<img decoding=\"async\" width=\"640\" height=\"480\" src=\"https:\/\/autorai.nl\/wp-content\/uploads\/2022\/02\/P90339020_highRes_alexander-calder-bmw-640x480.jpg\" class=\"attachment-medium size-medium\" alt=\"BMW Art Car 3.0 CSL\" loading=\"lazy\"><i class=\"fa fa-search-plus\" aria-hidden=\"true\"><\/i><br \/>\n\t\t\t\t\t\t<\/span><br \/>\n\t\t\t\t\t<\/figure>\n<figure>\n\t\t\t\t\t<span style=\"cursor: pointer\" data-src=\"https:\/\/autorai.nl\/wp-content\/uploads\/2022\/02\/P90143563_highRes_a-r-penck-s-bmw-z1-1.jpg\" data-fancybox=\"galery-0\" title=\"\"><br \/>\n\t\t\t\t\t\t\t<img decoding=\"async\" width=\"360\" height=\"270\" src=\"https:\/\/autorai.nl\/wp-content\/uploads\/2022\/02\/P90143563_highRes_a-r-penck-s-bmw-z1-1-360x270.jpg\" class=\"attachment-small size-small\" alt=\"\" loading=\"lazy\"><i class=\"fa fa-search-plus\" aria-hidden=\"true\"><\/i><br \/>\n\t\t\t\t\t\t<\/span><br \/>\n\t\t\t\t\t<\/figure>\n<figure>\n\t\t\t\t\t<span style=\"cursor: pointer\" data-src=\"https:\/\/autorai.nl\/wp-content\/uploads\/2022\/02\/P90061231_highRes_jeff-koons-17-bmw-ar.jpg\" data-fancybox=\"galery-0\" title=\"Jeff Koons 17. BMW Art Car, 2010 (BMW M3 GT2) (05\/2010)\"><br \/>\n\t\t\t\t\t\t\t<img decoding=\"async\" width=\"360\" height=\"270\" src=\"https:\/\/autorai.nl\/wp-content\/uploads\/2022\/02\/P90061231_highRes_jeff-koons-17-bmw-ar-360x270.jpg\" class=\"attachment-small size-small\" alt=\"\" loading=\"lazy\"><i class=\"fa fa-search-plus\" aria-hidden=\"true\"><\/i><br \/>\n\t\t\t\t\t\t<\/span><br \/>\n\t\t\t\t\t<\/figure>\n<div class=\"clear\"><\/div>\n<\/div>\n<h2>LES 8 X JEFF KOONS<\/h2>\n<p>Cette fois, c&rsquo;est au tour de Jeff Koons de fabriquer une Art Car \u00e0 partir du M850i xDrive Gran Coup\u00e9. Le projet a \u00e9t\u00e9 nomm\u00e9 THE 8 X JEFF KOONS. Koons a \u00e9galement \u00e9t\u00e9 autoris\u00e9 \u00e0 concevoir une Art Car en 2010, puis avec la M3 GT2 comme base. L&rsquo;artiste est connu pour son art au franc-parler, comme le <a href=\"http:\/\/www.jeffkoons.com\/artwork\/celebration\/balloon-dog-0\" target=\"_blank\" rel=\"noopener\">chien ballon<\/a> ou le lapin. Ce dernier a \u00e9t\u00e9 vendu aux ench\u00e8res pour pr\u00e8s de 92 millions de dollars, ce qui en fait la troisi\u00e8me \u0153uvre d&rsquo;art la plus ch\u00e8re jamais r\u00e9alis\u00e9e par des artistes vivants.<\/p>\n<p><img decoding=\"async\" loading=\"lazy\" class=\"alignnone wp-image-116706 size-content\" title=\"Jeff Koons met 8 serie\" src=\"https:\/\/autorai.nl\/wp-content\/uploads\/2022\/02\/P90450398-highRes-1140x760.jpg\" alt=\"Jeff Koons 8 serie\" width=\"1140\" height=\"760\"><\/p>\n<h2>La conception<\/h2>\n<p>La base est une M850i bleue avec des pare-chocs jaunes. Des visuels de style bande dessin\u00e9e ont \u00e9t\u00e9 utilis\u00e9s dans toute la voiture, avec des tirets par intermittence d&rsquo;avant en arri\u00e8re comme symbole de vitesse. Tout m\u00e8ne \u00e0 l&rsquo;explosion sur le dos. L&rsquo; <a href=\"https:\/\/autorai.nl\/retro-m-logos-op-jouw-nieuwe-bmw\/\" target=\"_blank\" rel=\"noopener\">ancien logo<\/a> se trouve sur le capot dans des couleurs assorties. Au total, il y a 11 couleurs diff\u00e9rentes \u00e0 trouver \u00e0 l&rsquo;ext\u00e9rieur.<\/p>\n<\/p>\n<div class=\"galery shuffle galery-1\">\n<figure>\n\t\t\t\t\t<span style=\"cursor: pointer\" data-src=\"https:\/\/autorai.nl\/wp-content\/uploads\/2022\/02\/P90450193-highRes.jpg\" data-fancybox=\"galery-1\" title=\"\"><br \/>\n\t\t\t\t\t\t\t<img decoding=\"async\" width=\"640\" height=\"480\" src=\"https:\/\/autorai.nl\/wp-content\/uploads\/2022\/02\/P90450193-highRes-640x480.jpg\" class=\"attachment-medium size-medium\" alt=\"\" loading=\"lazy\"><i class=\"fa fa-search-plus\" aria-hidden=\"true\"><\/i><br \/>\n\t\t\t\t\t\t<\/span><br \/>\n\t\t\t\t\t<\/figure>\n<figure>\n\t\t\t\t\t<span style=\"cursor: pointer\" data-src=\"https:\/\/autorai.nl\/wp-content\/uploads\/2022\/02\/P90450194-highRes.jpg\" data-fancybox=\"galery-1\" title=\"\"><br \/>\n\t\t\t\t\t\t\t<img decoding=\"async\" width=\"360\" height=\"270\" src=\"https:\/\/autorai.nl\/wp-content\/uploads\/2022\/02\/P90450194-highRes-360x270.jpg\" class=\"attachment-small size-small\" alt=\"\" loading=\"lazy\"><i class=\"fa fa-search-plus\" aria-hidden=\"true\"><\/i><br \/>\n\t\t\t\t\t\t<\/span><br \/>\n\t\t\t\t\t<\/figure>\n<figure>\n\t\t\t\t\t<span style=\"cursor: pointer\" data-src=\"https:\/\/autorai.nl\/wp-content\/uploads\/2022\/02\/P90450195-highRes.jpg\" data-fancybox=\"galery-1\" title=\"\"><br \/>\n\t\t\t\t\t\t\t<img decoding=\"async\" width=\"360\" height=\"270\" src=\"https:\/\/autorai.nl\/wp-content\/uploads\/2022\/02\/P90450195-highRes-360x270.jpg\" class=\"attachment-small size-small\" alt=\"\" loading=\"lazy\"><i class=\"fa fa-search-plus\" aria-hidden=\"true\"><\/i><br \/>\n\t\t\t\t\t\t<\/span><br \/>\n\t\t\t\t\t<\/figure>\n<div class=\"clear\"><\/div>\n<\/div>\n<h2>Spider-Man vs. Superman \u00e0 l&rsquo;int\u00e9rieur<\/h2>\n<p>Koons a \u00e9galement refl\u00e9t\u00e9 le th\u00e8me de la bande dessin\u00e9e dans l&rsquo;int\u00e9rieur, \u00e0 travers les si\u00e8ges rembourr\u00e9s en bleu et rouge \u00e0 la mani\u00e8re du costume de Spider-Man, entre autres. Ou est-ce que \u00e7a implique un gros clin d&rsquo;\u0153il \u00e0 Superman ? Apr\u00e8s tout, ce super-h\u00e9ros est lui aussi envelopp\u00e9 de bleu\/rouge. Quoi qu&rsquo;il en soit, c&rsquo;est sans aucun doute une frappe ! Surtout lorsqu&rsquo;il est combin\u00e9 avec les panneaux de porte en brun cognac et la garniture de toit en bordeaux. Disons qu&rsquo;il faut aimer. Jeff Koons a \u00e9galement laiss\u00e9 une signature \u00e0 l&rsquo;int\u00e9rieur, ainsi que le badge pour montrer qu&rsquo;il s&rsquo;agit d&rsquo;une v\u00e9ritable Art Car.<\/p>\n<\/p>\n<div class=\"galery shuffle galery-2\">\n<figure>\n\t\t\t\t\t<span style=\"cursor: pointer\" data-src=\"https:\/\/autorai.nl\/wp-content\/uploads\/2022\/02\/P90449942-highRes-1600x1067.jpg\" data-fancybox=\"galery-2\" title=\"\"><br \/>\n\t\t\t\t\t\t\t<img decoding=\"async\" width=\"640\" height=\"480\" src=\"https:\/\/autorai.nl\/wp-content\/uploads\/2022\/02\/P90449942-highRes-640x480.jpg\" class=\"attachment-medium size-medium\" alt=\"\" loading=\"lazy\"><i class=\"fa fa-search-plus\" aria-hidden=\"true\"><\/i><br \/>\n\t\t\t\t\t\t<\/span><br \/>\n\t\t\t\t\t<\/figure>\n<figure>\n\t\t\t\t\t<span style=\"cursor: pointer\" data-src=\"https:\/\/autorai.nl\/wp-content\/uploads\/2022\/02\/P90449936-highRes-1600x1067.jpg\" data-fancybox=\"galery-2\" title=\"\"><br \/>\n\t\t\t\t\t\t\t<img decoding=\"async\" width=\"360\" height=\"270\" src=\"https:\/\/autorai.nl\/wp-content\/uploads\/2022\/02\/P90449936-highRes-360x270.jpg\" class=\"attachment-small size-small\" alt=\"\" loading=\"lazy\"><i class=\"fa fa-search-plus\" aria-hidden=\"true\"><\/i><br \/>\n\t\t\t\t\t\t<\/span><br \/>\n\t\t\t\t\t<\/figure>\n<figure>\n\t\t\t\t\t<span style=\"cursor: pointer\" data-src=\"https:\/\/autorai.nl\/wp-content\/uploads\/2022\/02\/P90449947-highRes-1600x1067.jpg\" data-fancybox=\"galery-2\" title=\"\"><br \/>\n\t\t\t\t\t\t\t<img decoding=\"async\" width=\"360\" height=\"270\" src=\"https:\/\/autorai.nl\/wp-content\/uploads\/2022\/02\/P90449947-highRes-360x270.jpg\" class=\"attachment-small size-small\" alt=\"\" loading=\"lazy\"><i class=\"fa fa-search-plus\" aria-hidden=\"true\"><\/i><br \/>\n\t\t\t\t\t\t<\/span><br \/>\n\t\t\t\t\t<\/figure>\n<div class=\"clear\"><\/div>\n<\/div>\n<h2>Acheter ? Katjing !<\/h2>\n<p>Contrairement aux pr\u00e9c\u00e9dentes Art Cars de BMW, celle-ci est \u00e0 vendre. 99 pi\u00e8ces de l'\u00a0\u00bb\u0153uvre d&rsquo;art mobile\u00a0\u00bb seront fabriqu\u00e9es. Le prix? Un concessionnaire BMW de Tilburg demande la bagatelle de 405 000 euros et quelques pour son exemplaire avec 54 kilom\u00e8tres au compteur. Un peu plus loin, \u00e0 Eindhoven, il y en a aussi un dans la vitrine d&rsquo;un coll\u00e8gue commer\u00e7ant. Il est m\u00eame annonc\u00e9 pour la douce somme de &#8211; tenez-vous bien &#8211; 1 million d&rsquo;euros. Katjing ! Toutefois, il s&rsquo;agit probablement d&rsquo;un prix fictif. Il s&rsquo;agit d&rsquo;\u00e9carter les personnes pr\u00e9tendument int\u00e9ress\u00e9es qui posent la question impassible \u00ab\u00a0Quel est votre meilleur prix ?\u00a0\u00bb sous pr\u00e9texte que<em>\u00ab\u00a0si vous devez demander le prix, c&rsquo;est que vous ne pouvez pas vous le permettre<\/em>\u00ab\u00a0.<\/p>\n<\/p>\n<div class=\"galery shuffle galery-4\">\n<figure>\n\t\t\t\t\t<span style=\"cursor: pointer\" data-src=\"https:\/\/autorai.nl\/wp-content\/uploads\/2022\/02\/P90450479-highRes.jpg\" data-fancybox=\"galery-4\" title=\"\"><br \/>\n\t\t\t\t\t\t\t<img decoding=\"async\" width=\"640\" height=\"480\" src=\"https:\/\/autorai.nl\/wp-content\/uploads\/2022\/02\/P90450479-highRes-640x480.jpg\" class=\"attachment-medium size-medium\" alt=\"Jeff Koons 8 serie1\" loading=\"lazy\"><i class=\"fa fa-search-plus\" aria-hidden=\"true\"><\/i><br \/>\n\t\t\t\t\t\t<\/span><br \/>\n\t\t\t\t\t<\/figure>\n<figure>\n\t\t\t\t\t<span style=\"cursor: pointer\" data-src=\"https:\/\/autorai.nl\/wp-content\/uploads\/2022\/02\/P90450495-highRes.jpg\" data-fancybox=\"galery-4\" title=\"\"><br \/>\n\t\t\t\t\t\t\t<img decoding=\"async\" width=\"360\" height=\"270\" src=\"https:\/\/autorai.nl\/wp-content\/uploads\/2022\/02\/P90450495-highRes-360x270.jpg\" class=\"attachment-small size-small\" alt=\"Jeff Koons 8 serie2\" loading=\"lazy\"><i class=\"fa fa-search-plus\" aria-hidden=\"true\"><\/i><br \/>\n\t\t\t\t\t\t<\/span><br \/>\n\t\t\t\t\t<\/figure>\n<figure>\n\t\t\t\t\t<span style=\"cursor: pointer\" data-src=\"https:\/\/autorai.nl\/wp-content\/uploads\/2022\/02\/P90450494-highRes.jpg\" data-fancybox=\"galery-4\" title=\"\"><br \/>\n\t\t\t\t\t\t\t<img decoding=\"async\" width=\"360\" height=\"270\" src=\"https:\/\/autorai.nl\/wp-content\/uploads\/2022\/02\/P90450494-highRes-360x270.jpg\" class=\"attachment-small size-small\" alt=\"Jeff Koons 8 serie3\" loading=\"lazy\"><i class=\"fa fa-search-plus\" aria-hidden=\"true\"><\/i><br \/>\n\t\t\t\t\t\t<\/span><br \/>\n\t\t\t\t\t<\/figure>\n<figure>\n\t\t\t\t\t<span style=\"cursor: pointer\" data-src=\"https:\/\/autorai.nl\/wp-content\/uploads\/2022\/02\/P90450487-highRes.jpg\" data-fancybox=\"galery-4\" title=\"\"><br \/>\n\t\t\t\t\t\t\t<img decoding=\"async\" width=\"640\" height=\"480\" src=\"https:\/\/autorai.nl\/wp-content\/uploads\/2022\/02\/P90450487-highRes-640x480.jpg\" class=\"attachment-medium size-medium\" alt=\"Jeff Koons 8 serie4\" loading=\"lazy\"><i class=\"fa fa-search-plus\" aria-hidden=\"true\"><\/i><br \/>\n\t\t\t\t\t\t<\/span><br \/>\n\t\t\t\t\t<\/figure>\n<figure>\n\t\t\t\t\t<span style=\"cursor: pointer\" data-src=\"https:\/\/autorai.nl\/wp-content\/uploads\/2022\/02\/P90450482-highRes.jpg\" data-fancybox=\"galery-4\" title=\"\"><br \/>\n\t\t\t\t\t\t\t<img decoding=\"async\" width=\"360\" height=\"270\" src=\"https:\/\/autorai.nl\/wp-content\/uploads\/2022\/02\/P90450482-highRes-360x270.jpg\" class=\"attachment-small size-small\" alt=\"Jeff Koons 8 serie5\" loading=\"lazy\"><i class=\"fa fa-search-plus\" aria-hidden=\"true\"><\/i><br \/>\n\t\t\t\t\t\t<\/span><br \/>\n\t\t\t\t\t<\/figure>\n<figure>\n\t\t\t\t\t<span style=\"cursor: pointer\" data-src=\"https:\/\/autorai.nl\/wp-content\/uploads\/2022\/02\/P90450485-lowRes.jpg\" data-fancybox=\"galery-4\" title=\"\"><br \/>\n\t\t\t\t\t\t\t<img decoding=\"async\" width=\"360\" height=\"270\" src=\"https:\/\/autorai.nl\/wp-content\/uploads\/2022\/02\/P90450485-lowRes-360x270.jpg\" class=\"attachment-small size-small\" alt=\"Jeff Koons 8 serie6\" loading=\"lazy\"><i class=\"fa fa-search-plus\" aria-hidden=\"true\"><\/i><br \/>\n\t\t\t\t\t\t<\/span><br \/>\n\t\t\t\t\t<\/figure>\n<div class=\"clear\"><\/div>\n<\/div>\n<div class=\"galery shuffle galery-3\">\n<figure>\n\t\t\t\t\t<span style=\"cursor: pointer\" data-src=\"https:\/\/autorai.nl\/wp-content\/uploads\/2022\/02\/koons.jpg\" data-fancybox=\"galery-3\" title=\"\"><br \/>\n\t\t\t\t\t\t\t<img decoding=\"async\" width=\"640\" height=\"480\" src=\"https:\/\/autorai.nl\/wp-content\/uploads\/2022\/02\/koons-640x480.jpg\" class=\"attachment-medium size-medium\" alt=\"\" loading=\"lazy\"><i class=\"fa fa-search-plus\" aria-hidden=\"true\"><\/i><br \/>\n\t\t\t\t\t\t<\/span><br \/>\n\t\t\t\t\t<\/figure>\n<figure>\n\t\t\t\t\t<span style=\"cursor: pointer\" data-src=\"https:\/\/autorai.nl\/wp-content\/uploads\/2022\/02\/koons2.jpg\" data-fancybox=\"galery-3\" title=\"\"><br \/>\n\t\t\t\t\t\t\t<img decoding=\"async\" width=\"360\" height=\"270\" src=\"https:\/\/autorai.nl\/wp-content\/uploads\/2022\/02\/koons2-360x270.jpg\" class=\"attachment-small size-small\" alt=\"\" loading=\"lazy\"><i class=\"fa fa-search-plus\" aria-hidden=\"true\"><\/i><br \/>\n\t\t\t\t\t\t<\/span><br \/>\n\t\t\t\t\t<\/figure>\n<figure>\n\t\t\t\t\t<span style=\"cursor: pointer\" data-src=\"https:\/\/autorai.nl\/wp-content\/uploads\/2022\/02\/koons3-1178x1600.jpg\" data-fancybox=\"galery-3\" title=\"\"><br \/>\n\t\t\t\t\t\t\t<img decoding=\"async\" width=\"360\" height=\"270\" src=\"https:\/\/autorai.nl\/wp-content\/uploads\/2022\/02\/koons3-360x270.jpg\" class=\"attachment-small size-small\" alt=\"\" loading=\"lazy\"><i class=\"fa fa-search-plus\" aria-hidden=\"true\"><\/i><br \/>\n\t\t\t\t\t\t<\/span><br \/>\n\t\t\t\t\t<\/figure>\n<div class=\"clear\"><\/div>\n<\/div>\n","protected":false},"excerpt":{"rendered":"BMW Art Cars Des artistes internationaux qui transforment un mod\u00e8le BMW en une v\u00e9ritable \u0153uvre d'art. Cela se produit depuis\u2026","protected":false},"author":0,"featured_media":126181,"comment_status":"open","ping_status":"open","sticky":false,"template":"","format":"standard","meta":{"footnotes":""},"categories":[131,127,139],"tags":[],"class_list":["post-126396","post","type-post","status-publish","format-standard","has-post-thumbnail","hentry","category-fond","category-nouvelles-de-voiture","category-style-de-vie-et-plaisir"],"acf":[],"yoast_head":"<!-- This site is optimized with the Yoast SEO plugin v21.2 - https:\/\/yoast.com\/wordpress\/plugins\/seo\/ -->\n<title>Spider-Man rencontre Superman dans la BMW Art Car de Jeff Koons ! - All cars news<\/title>\n<meta name=\"robots\" content=\"index, follow, max-snippet:-1, max-image-preview:large, max-video-preview:-1\" \/>\n<link rel=\"canonical\" href=\"https:\/\/all-car-news.com\/fr\/spider-man-rencontre-superman-dans-la-bmw-art-car-de-jeff-koons\/\" \/>\n<meta property=\"og:locale\" content=\"fr_FR\" \/>\n<meta property=\"og:type\" content=\"article\" \/>\n<meta property=\"og:title\" content=\"Spider-Man rencontre Superman dans la BMW Art Car de Jeff Koons ! - All cars news\" \/>\n<meta property=\"og:description\" content=\"BMW Art Cars Des artistes internationaux qui transforment un mod\u00e8le BMW en une v\u00e9ritable \u0153uvre d&#039;art. Cela se produit depuis 1975, lorsque l&#039;Am\u00e9ricain Alexander Calder a lanc\u00e9 la tradition avec une BMW 3.0 CSL : l&#039;Art Car. Les artistes sont autoris\u00e9s \u00e0 cr\u00e9er une \u0153uvre d&#039;art avec une BMW comme toile. Il produit un certain nombre de voitures embl\u00e9matiques, dont il y a toujours [\u2026]\" \/>\n<meta property=\"og:url\" content=\"https:\/\/all-car-news.com\/fr\/spider-man-rencontre-superman-dans-la-bmw-art-car-de-jeff-koons\/\" \/>\n<meta property=\"og:site_name\" content=\"All cars news\" \/>\n<meta property=\"article:published_time\" content=\"2022-11-03T14:36:00+00:00\" \/>\n<meta property=\"og:image\" content=\"https:\/\/autorai.nl\/wp-content\/uploads\/2022\/02\/P90339020_highRes_alexander-calder-bmw-640x480.jpg\" \/>\n<meta name=\"twitter:card\" content=\"summary_large_image\" \/>\n<meta name=\"twitter:label1\" content=\"Dur\u00e9e de lecture estim\u00e9e\" \/>\n\t<meta name=\"twitter:data1\" content=\"3 minutes\" \/>\n<script type=\"application\/ld+json\" class=\"yoast-schema-graph\">{\"@context\":\"https:\/\/schema.org\",\"@graph\":[{\"@type\":\"Article\",\"@id\":\"https:\/\/all-car-news.com\/fr\/spider-man-rencontre-superman-dans-la-bmw-art-car-de-jeff-koons\/#article\",\"isPartOf\":{\"@id\":\"https:\/\/all-car-news.com\/fr\/spider-man-rencontre-superman-dans-la-bmw-art-car-de-jeff-koons\/\"},\"author\":{\"name\":\"\",\"@id\":\"\"},\"headline\":\"Spider-Man rencontre Superman dans la BMW Art Car de Jeff Koons !\",\"datePublished\":\"2022-11-03T14:36:00+00:00\",\"dateModified\":\"2022-11-03T14:36:00+00:00\",\"mainEntityOfPage\":{\"@id\":\"https:\/\/all-car-news.com\/fr\/spider-man-rencontre-superman-dans-la-bmw-art-car-de-jeff-koons\/\"},\"wordCount\":513,\"commentCount\":0,\"publisher\":{\"@id\":\"https:\/\/all-car-news.com\/fr\/#organization\"},\"articleSection\":[\"Fond\",\"nouvelles de voiture\",\"Style de vie et plaisir\"],\"inLanguage\":\"fr-FR\",\"potentialAction\":[{\"@type\":\"CommentAction\",\"name\":\"Comment\",\"target\":[\"https:\/\/all-car-news.com\/fr\/spider-man-rencontre-superman-dans-la-bmw-art-car-de-jeff-koons\/#respond\"]}]},{\"@type\":\"WebPage\",\"@id\":\"https:\/\/all-car-news.com\/fr\/spider-man-rencontre-superman-dans-la-bmw-art-car-de-jeff-koons\/\",\"url\":\"https:\/\/all-car-news.com\/fr\/spider-man-rencontre-superman-dans-la-bmw-art-car-de-jeff-koons\/\",\"name\":\"Spider-Man rencontre Superman dans la BMW Art Car de Jeff Koons ! - All cars news\",\"isPartOf\":{\"@id\":\"https:\/\/all-car-news.com\/fr\/#website\"},\"datePublished\":\"2022-11-03T14:36:00+00:00\",\"dateModified\":\"2022-11-03T14:36:00+00:00\",\"breadcrumb\":{\"@id\":\"https:\/\/all-car-news.com\/fr\/spider-man-rencontre-superman-dans-la-bmw-art-car-de-jeff-koons\/#breadcrumb\"},\"inLanguage\":\"fr-FR\",\"potentialAction\":[{\"@type\":\"ReadAction\",\"target\":[\"https:\/\/all-car-news.com\/fr\/spider-man-rencontre-superman-dans-la-bmw-art-car-de-jeff-koons\/\"]}]},{\"@type\":\"BreadcrumbList\",\"@id\":\"https:\/\/all-car-news.com\/fr\/spider-man-rencontre-superman-dans-la-bmw-art-car-de-jeff-koons\/#breadcrumb\",\"itemListElement\":[{\"@type\":\"ListItem\",\"position\":1,\"name\":\"Home\",\"item\":\"https:\/\/all-car-news.com\/fr\/\"},{\"@type\":\"ListItem\",\"position\":2,\"name\":\"Spider-Man rencontre Superman dans la BMW Art Car de Jeff Koons !\"}]},{\"@type\":\"WebSite\",\"@id\":\"https:\/\/all-car-news.com\/fr\/#website\",\"url\":\"https:\/\/all-car-news.com\/fr\/\",\"name\":\"All cars news\",\"description\":\"\",\"publisher\":{\"@id\":\"https:\/\/all-car-news.com\/fr\/#organization\"},\"potentialAction\":[{\"@type\":\"SearchAction\",\"target\":{\"@type\":\"EntryPoint\",\"urlTemplate\":\"https:\/\/all-car-news.com\/fr\/?s={search_term_string}\"},\"query-input\":\"required name=search_term_string\"}],\"inLanguage\":\"fr-FR\"},{\"@type\":\"Organization\",\"@id\":\"https:\/\/all-car-news.com\/fr\/#organization\",\"name\":\"All cars news\",\"url\":\"https:\/\/all-car-news.com\/fr\/\",\"logo\":{\"@type\":\"ImageObject\",\"inLanguage\":\"fr-FR\",\"@id\":\"https:\/\/all-car-news.com\/fr\/#\/schema\/logo\/image\/\",\"url\":\"https:\/\/all-car-news.com\/wp-content\/uploads\/2022\/02\/CMYK-AllCarNews_LANDSCAPE_300px-1.png\",\"contentUrl\":\"https:\/\/all-car-news.com\/wp-content\/uploads\/2022\/02\/CMYK-AllCarNews_LANDSCAPE_300px-1.png\",\"width\":300,\"height\":100,\"caption\":\"All cars news\"},\"image\":{\"@id\":\"https:\/\/all-car-news.com\/fr\/#\/schema\/logo\/image\/\"}}]}<\/script>\n<!-- \/ Yoast SEO plugin. -->","yoast_head_json":{"title":"Spider-Man rencontre Superman dans la BMW Art Car de Jeff Koons ! - All cars news","robots":{"index":"index","follow":"follow","max-snippet":"max-snippet:-1","max-image-preview":"max-image-preview:large","max-video-preview":"max-video-preview:-1"},"canonical":"https:\/\/all-car-news.com\/fr\/spider-man-rencontre-superman-dans-la-bmw-art-car-de-jeff-koons\/","og_locale":"fr_FR","og_type":"article","og_title":"Spider-Man rencontre Superman dans la BMW Art Car de Jeff Koons ! - All cars news","og_description":"BMW Art Cars Des artistes internationaux qui transforment un mod\u00e8le BMW en une v\u00e9ritable \u0153uvre d'art. Cela se produit depuis 1975, lorsque l'Am\u00e9ricain Alexander Calder a lanc\u00e9 la tradition avec une BMW 3.0 CSL : l'Art Car. Les artistes sont autoris\u00e9s \u00e0 cr\u00e9er une \u0153uvre d'art avec une BMW comme toile. Il produit un certain nombre de voitures embl\u00e9matiques, dont il y a toujours [\u2026]","og_url":"https:\/\/all-car-news.com\/fr\/spider-man-rencontre-superman-dans-la-bmw-art-car-de-jeff-koons\/","og_site_name":"All cars news","article_published_time":"2022-11-03T14:36:00+00:00","og_image":[{"url":"https:\/\/autorai.nl\/wp-content\/uploads\/2022\/02\/P90339020_highRes_alexander-calder-bmw-640x480.jpg"}],"twitter_card":"summary_large_image","twitter_misc":{"Dur\u00e9e de lecture estim\u00e9e":"3 minutes"},"schema":{"@context":"https:\/\/schema.org","@graph":[{"@type":"Article","@id":"https:\/\/all-car-news.com\/fr\/spider-man-rencontre-superman-dans-la-bmw-art-car-de-jeff-koons\/#article","isPartOf":{"@id":"https:\/\/all-car-news.com\/fr\/spider-man-rencontre-superman-dans-la-bmw-art-car-de-jeff-koons\/"},"author":{"name":"","@id":""},"headline":"Spider-Man rencontre Superman dans la BMW Art Car de Jeff Koons !","datePublished":"2022-11-03T14:36:00+00:00","dateModified":"2022-11-03T14:36:00+00:00","mainEntityOfPage":{"@id":"https:\/\/all-car-news.com\/fr\/spider-man-rencontre-superman-dans-la-bmw-art-car-de-jeff-koons\/"},"wordCount":513,"commentCount":0,"publisher":{"@id":"https:\/\/all-car-news.com\/fr\/#organization"},"articleSection":["Fond","nouvelles de voiture","Style de vie et plaisir"],"inLanguage":"fr-FR","potentialAction":[{"@type":"CommentAction","name":"Comment","target":["https:\/\/all-car-news.com\/fr\/spider-man-rencontre-superman-dans-la-bmw-art-car-de-jeff-koons\/#respond"]}]},{"@type":"WebPage","@id":"https:\/\/all-car-news.com\/fr\/spider-man-rencontre-superman-dans-la-bmw-art-car-de-jeff-koons\/","url":"https:\/\/all-car-news.com\/fr\/spider-man-rencontre-superman-dans-la-bmw-art-car-de-jeff-koons\/","name":"Spider-Man rencontre Superman dans la BMW Art Car de Jeff Koons ! - All cars news","isPartOf":{"@id":"https:\/\/all-car-news.com\/fr\/#website"},"datePublished":"2022-11-03T14:36:00+00:00","dateModified":"2022-11-03T14:36:00+00:00","breadcrumb":{"@id":"https:\/\/all-car-news.com\/fr\/spider-man-rencontre-superman-dans-la-bmw-art-car-de-jeff-koons\/#breadcrumb"},"inLanguage":"fr-FR","potentialAction":[{"@type":"ReadAction","target":["https:\/\/all-car-news.com\/fr\/spider-man-rencontre-superman-dans-la-bmw-art-car-de-jeff-koons\/"]}]},{"@type":"BreadcrumbList","@id":"https:\/\/all-car-news.com\/fr\/spider-man-rencontre-superman-dans-la-bmw-art-car-de-jeff-koons\/#breadcrumb","itemListElement":[{"@type":"ListItem","position":1,"name":"Home","item":"https:\/\/all-car-news.com\/fr\/"},{"@type":"ListItem","position":2,"name":"Spider-Man rencontre Superman dans la BMW Art Car de Jeff Koons !"}]},{"@type":"WebSite","@id":"https:\/\/all-car-news.com\/fr\/#website","url":"https:\/\/all-car-news.com\/fr\/","name":"All cars news","description":"","publisher":{"@id":"https:\/\/all-car-news.com\/fr\/#organization"},"potentialAction":[{"@type":"SearchAction","target":{"@type":"EntryPoint","urlTemplate":"https:\/\/all-car-news.com\/fr\/?s={search_term_string}"},"query-input":"required name=search_term_string"}],"inLanguage":"fr-FR"},{"@type":"Organization","@id":"https:\/\/all-car-news.com\/fr\/#organization","name":"All cars news","url":"https:\/\/all-car-news.com\/fr\/","logo":{"@type":"ImageObject","inLanguage":"fr-FR","@id":"https:\/\/all-car-news.com\/fr\/#\/schema\/logo\/image\/","url":"https:\/\/all-car-news.com\/wp-content\/uploads\/2022\/02\/CMYK-AllCarNews_LANDSCAPE_300px-1.png","contentUrl":"https:\/\/all-car-news.com\/wp-content\/uploads\/2022\/02\/CMYK-AllCarNews_LANDSCAPE_300px-1.png","width":300,"height":100,"caption":"All cars news"},"image":{"@id":"https:\/\/all-car-news.com\/fr\/#\/schema\/logo\/image\/"}}]}},"_links":{"self":[{"href":"https:\/\/all-car-news.com\/fr\/wp-json\/wp\/v2\/posts\/126396","targetHints":{"allow":["GET"]}}],"collection":[{"href":"https:\/\/all-car-news.com\/fr\/wp-json\/wp\/v2\/posts"}],"about":[{"href":"https:\/\/all-car-news.com\/fr\/wp-json\/wp\/v2\/types\/post"}],"replies":[{"embeddable":true,"href":"https:\/\/all-car-news.com\/fr\/wp-json\/wp\/v2\/comments?post=126396"}],"version-history":[{"count":0,"href":"https:\/\/all-car-news.com\/fr\/wp-json\/wp\/v2\/posts\/126396\/revisions"}],"wp:featuredmedia":[{"embeddable":true,"href":"https:\/\/all-car-news.com\/fr\/wp-json\/wp\/v2\/media\/126181"}],"wp:attachment":[{"href":"https:\/\/all-car-news.com\/fr\/wp-json\/wp\/v2\/media?parent=126396"}],"wp:term":[{"taxonomy":"category","embeddable":true,"href":"https:\/\/all-car-news.com\/fr\/wp-json\/wp\/v2\/categories?post=126396"},{"taxonomy":"post_tag","embeddable":true,"href":"https:\/\/all-car-news.com\/fr\/wp-json\/wp\/v2\/tags?post=126396"}],"curies":[{"name":"wp","href":"https:\/\/api.w.org\/{rel}","templated":true}]}}