{"id":126304,"date":"2022-11-01T14:23:00","date_gmt":"2022-11-01T14:23:00","guid":{"rendered":"https:\/\/all-car-news.com\/citroen-c6-tout-ce-que-vous-devez-savoir\/"},"modified":"2022-11-01T14:23:00","modified_gmt":"2022-11-01T14:23:00","slug":"citroen-c6-tout-ce-que-vous-devez-savoir","status":"publish","type":"post","link":"https:\/\/all-car-news.com\/fr\/citroen-c6-tout-ce-que-vous-devez-savoir\/","title":{"rendered":"Citro\u00ebn C6 &#8211; tout ce que vous devez savoir"},"content":{"rendered":"<h2>Histoire Citro\u00ebn C6<\/h2>\n<p>L&rsquo;histoire de la Citro\u00ebn C6 commence en 1999. En effet, c&rsquo;est \u00e0 cette occasion que la marque a pr\u00e9sent\u00e9 la Citro\u00ebn C6 Lignage, un concept-car. En termes d&rsquo;apparence, la C6 Lignage a d\u00e9j\u00e0 donn\u00e9 un aper\u00e7u assez concret de ce \u00e0 quoi ressemblerait la C6 finale. Seules les id\u00e9es vraiment farfelues, comme le toit en verre et les portes arri\u00e8re qui s&rsquo;ouvrent, n&rsquo;ont pas atteint le stade de la production. D&rsquo;ailleurs, il a fallu un certain temps apr\u00e8s cela avant que la C6 finale n&rsquo;arrive sur le march\u00e9. Ce n&rsquo;est qu&rsquo;en 2005 que la version de s\u00e9rie de la C6 a vu le jour, cinq ans apr\u00e8s que la XM ait \u00e9t\u00e9 condamn\u00e9e \u00e0 perp\u00e9tuit\u00e9.<\/p>\n<div class=\"galery shuffle galery-0\">\n<figure>\n\t\t\t\t\t<span style=\"cursor: pointer\" data-src=\"https:\/\/autorai.nl\/wp-content\/uploads\/2022\/11\/citroen_c6_lignage_concept_4-1.jpg\" data-fancybox=\"galery-0\" title=\"\"><br \/>\n\t\t\t\t\t\t\t<img decoding=\"async\" width=\"640\" height=\"480\" src=\"https:\/\/autorai.nl\/wp-content\/uploads\/2022\/11\/citroen_c6_lignage_concept_4-1-640x480.jpg\" class=\"attachment-medium size-medium\" alt=\"Fa\u00e7ade du concept Citro\u00ebn C6 Lignage\" loading=\"lazy\"><i class=\"fa fa-search-plus\" aria-hidden=\"true\"><\/i><br \/>\n\t\t\t\t\t\t<\/span><br \/>\n\t\t\t\t\t<\/figure>\n<figure>\n\t\t\t\t\t<span style=\"cursor: pointer\" data-src=\"https:\/\/autorai.nl\/wp-content\/uploads\/2022\/11\/citroen_c6_lignage_concept_2-1.jpg\" data-fancybox=\"galery-0\" title=\"\"><br \/>\n\t\t\t\t\t\t\t<img decoding=\"async\" width=\"360\" height=\"270\" src=\"https:\/\/autorai.nl\/wp-content\/uploads\/2022\/11\/citroen_c6_lignage_concept_2-1-360x270.jpg\" class=\"attachment-small size-small\" alt=\"L'arri\u00e8re du concept Citro\u00ebn C6 Lignage\" loading=\"lazy\"><i class=\"fa fa-search-plus\" aria-hidden=\"true\"><\/i><br \/>\n\t\t\t\t\t\t<\/span><br \/>\n\t\t\t\t\t<\/figure>\n<figure>\n\t\t\t\t\t<span style=\"cursor: pointer\" data-src=\"https:\/\/autorai.nl\/wp-content\/uploads\/2022\/11\/citroen_c6_lignage_concept.jpg\" data-fancybox=\"galery-0\" title=\"\"><br \/>\n\t\t\t\t\t\t\t<img decoding=\"async\" width=\"360\" height=\"270\" src=\"https:\/\/autorai.nl\/wp-content\/uploads\/2022\/11\/citroen_c6_lignage_concept-360x270.jpg\" class=\"attachment-small size-small\" alt=\"Int\u00e9rieur Citro\u00ebn C6 Lignage Concept\" loading=\"lazy\"><i class=\"fa fa-search-plus\" aria-hidden=\"true\"><\/i><br \/>\n\t\t\t\t\t\t<\/span><br \/>\n\t\t\t\t\t<\/figure>\n<div class=\"clear\"><\/div>\n<\/div>\n<h2>Un confort non conventionnel<\/h2>\n<p>Le design de la Citro\u00ebn C6 est donc rest\u00e9 assez fid\u00e8le \u00e0 la Lignage. Con\u00e7ue par Marc Pinson, la C6 se distingue notamment par sa ligne de toit incurv\u00e9e qui s&rsquo;\u00e9tend jusqu&rsquo;aux feux arri\u00e8re. Cela la fait ressembler un peu \u00e0 un liftback, mais la C6 est en r\u00e9alit\u00e9 une berline. L&rsquo;un des \u00e9l\u00e9ments de design les plus frappants de la C6 est sa lunette arri\u00e8re incurv\u00e9e. Celui-ci est particulier car il ne se courbe pas vers l&rsquo;ext\u00e9rieur, mais plut\u00f4t vers l&rsquo;int\u00e9rieur.<\/p>\n<div class=\"galery shuffle galery-2\">\n<figure>\n\t\t\t\t\t<span style=\"cursor: pointer\" data-src=\"https:\/\/autorai.nl\/wp-content\/uploads\/2022\/11\/citroen_c6_96-1.jpg\" data-fancybox=\"galery-2\" title=\"\"><br \/>\n\t\t\t\t\t\t\t<img decoding=\"async\" width=\"640\" height=\"480\" src=\"https:\/\/autorai.nl\/wp-content\/uploads\/2022\/11\/citroen_c6_96-1-640x480.jpg\" class=\"attachment-medium size-medium\" alt=\"\" loading=\"lazy\"><i class=\"fa fa-search-plus\" aria-hidden=\"true\"><\/i><br \/>\n\t\t\t\t\t\t<\/span><br \/>\n\t\t\t\t\t<\/figure>\n<figure>\n\t\t\t\t\t<span style=\"cursor: pointer\" data-src=\"https:\/\/autorai.nl\/wp-content\/uploads\/2022\/11\/citroen_c6_44-1.jpg\" data-fancybox=\"galery-2\" title=\"\"><br \/>\n\t\t\t\t\t\t\t<img decoding=\"async\" width=\"360\" height=\"270\" src=\"https:\/\/autorai.nl\/wp-content\/uploads\/2022\/11\/citroen_c6_44-1-360x270.jpg\" class=\"attachment-small size-small\" alt=\"\" loading=\"lazy\"><i class=\"fa fa-search-plus\" aria-hidden=\"true\"><\/i><br \/>\n\t\t\t\t\t\t<\/span><br \/>\n\t\t\t\t\t<\/figure>\n<figure>\n\t\t\t\t\t<span style=\"cursor: pointer\" data-src=\"https:\/\/autorai.nl\/wp-content\/uploads\/2022\/11\/citroen_c6_92.jpg\" data-fancybox=\"galery-2\" title=\"\"><br \/>\n\t\t\t\t\t\t\t<img decoding=\"async\" width=\"360\" height=\"270\" src=\"https:\/\/autorai.nl\/wp-content\/uploads\/2022\/11\/citroen_c6_92-360x270.jpg\" class=\"attachment-small size-small\" alt=\"\" loading=\"lazy\"><i class=\"fa fa-search-plus\" aria-hidden=\"true\"><\/i><br \/>\n\t\t\t\t\t\t<\/span><br \/>\n\t\t\t\t\t<\/figure>\n<div class=\"clear\"><\/div>\n<\/div>\n<p>Citro\u00ebn a commercialis\u00e9 la C6 comme une alternative \u00e9l\u00e9gante \u00e0 des voitures comme la Mercedes-Benz Classe E, la BMW S\u00e9rie 5 et l&rsquo;Audi A6. Dans le m\u00eame temps, Citro\u00ebn avait besoin d&rsquo;une alternative \u00e0 la Renault Vel Satis, le mod\u00e8le phare de Renault qui avait d\u00e9j\u00e0 \u00e9t\u00e9 lanc\u00e9 en 2002. Citro\u00ebn s&rsquo;est principalement concentr\u00e9 sur l&rsquo;innovation technologique avec la C6. Ainsi, \u00e0 son lancement, la C6 disposait d\u00e9j\u00e0 d&rsquo;\u00e9l\u00e9ments tels que l&rsquo;affichage t\u00eate haute, l&rsquo;assistant de maintien dans la voie, les phares rotatifs au x\u00e9non et la suspension hydropneumatique \u00e0 commande \u00e9lectrique. Ce dernier point a fait de la conduite de la C6 une exp\u00e9rience extr\u00eamement confortable.<\/p>\n<div class=\"galery galery-3\">\n<figure>\n\t\t\t\t\t<span style=\"cursor: pointer\" data-src=\"https:\/\/autorai.nl\/wp-content\/uploads\/2022\/11\/citroen_c6_9-1.jpg\" data-fancybox=\"galery-3\" title=\"\"><br \/>\n\t\t\t\t\t\t\t<img decoding=\"async\" width=\"360\" height=\"270\" src=\"https:\/\/autorai.nl\/wp-content\/uploads\/2022\/11\/citroen_c6_9-1-360x270.jpg\" class=\"attachment-small size-small\" alt=\"\" loading=\"lazy\"><i class=\"fa fa-search-plus\" aria-hidden=\"true\"><\/i><br \/>\n\t\t\t\t\t\t<\/span><br \/>\n\t\t\t\t\t<\/figure>\n<figure>\n\t\t\t\t\t<span style=\"cursor: pointer\" data-src=\"https:\/\/autorai.nl\/wp-content\/uploads\/2022\/11\/citroen_c6_715-1.jpg\" data-fancybox=\"galery-3\" title=\"\"><br \/>\n\t\t\t\t\t\t\t<img decoding=\"async\" width=\"360\" height=\"270\" src=\"https:\/\/autorai.nl\/wp-content\/uploads\/2022\/11\/citroen_c6_715-1-360x270.jpg\" class=\"attachment-small size-small\" alt=\"\" loading=\"lazy\"><i class=\"fa fa-search-plus\" aria-hidden=\"true\"><\/i><br \/>\n\t\t\t\t\t\t<\/span><br \/>\n\t\t\t\t\t<\/figure>\n<div class=\"clear\"><\/div>\n<\/div>\n<h2>Moteurs Citro\u00ebn C6<\/h2>\n<p>Citro\u00ebn ne s&rsquo;est pas content\u00e9 de moins de quatre cylindres lors du lancement de la C6. Initialement, la berline haut de gamme n&rsquo;\u00e9tait disponible qu&rsquo;avec deux moteurs : un V6 3.0 \u00e0 essence de 211 ch et un V6 2.7 HDI diesel de 204 ch. Un quatre cylindres 2.2 HDI de 170 ch a \u00e9t\u00e9 ajout\u00e9 en 2006. Cette gamme de moteurs est rest\u00e9e en place pendant plusieurs ann\u00e9es, jusqu&rsquo;\u00e0 ce qu&rsquo;un nouveau 3.0 V6 HDI de 240 ch remplace le 2.7 HDI. Ce nouveau moteur diesel \u00e9tait imm\u00e9diatement la version la plus puissante de la C6.<\/p>\n<p>D&rsquo;ailleurs, il est assez rare de trouver une C6 \u00e0 essence. En effet, la C6 est entr\u00e9e sur le march\u00e9 alors que le diesel \u00e9tait encore de loin le choix le plus populaire pour les personnes qui passent beaucoup de temps sur la route. Le 3.0 V6 essence s&rsquo;est mal vendu, si bien que Citro\u00ebn a retir\u00e9 ce moteur de la gamme de livraison au d\u00e9but de 2009. Donc les C6 avec un moteur \u00e0 essence sont plut\u00f4t rares.<\/p>\n<h2>Une raret\u00e9<\/h2>\n<p>La C6 est de toute fa\u00e7on rare, car Citro\u00ebn n&rsquo;a construit que 23 400 unit\u00e9s de la limousine sur une p\u00e9riode de sept ans. Assez peu, surtout si l&rsquo;on consid\u00e8re que Citro\u00ebn avait envisag\u00e9 de construire 20 000 unit\u00e9s de la C6 chaque ann\u00e9e. Cependant, la limousine \u00e9tait le choix habituel des pr\u00e9sidents fran\u00e7ais \u00e0 l&rsquo;\u00e9poque. Entre autres, Jacques Chirac et Nicolas Sarkozy se sont laiss\u00e9s conduire dans une C6.<\/p>\n<div class=\"galery shuffle galery-1\">\n<figure>\n\t\t\t\t\t<span style=\"cursor: pointer\" data-src=\"https:\/\/autorai.nl\/wp-content\/uploads\/2022\/11\/citroen_c6_83-1-1600x900.jpg\" data-fancybox=\"galery-1\" title=\"\"><br \/>\n\t\t\t\t\t\t\t<img decoding=\"async\" width=\"640\" height=\"480\" src=\"https:\/\/autorai.nl\/wp-content\/uploads\/2022\/11\/citroen_c6_83-1-640x480.jpg\" class=\"attachment-medium size-medium\" alt=\"Arri\u00e8re de la Citro\u00ebn C6\" loading=\"lazy\"><i class=\"fa fa-search-plus\" aria-hidden=\"true\"><\/i><br \/>\n\t\t\t\t\t\t<\/span><br \/>\n\t\t\t\t\t<\/figure>\n<figure>\n\t\t\t\t\t<span style=\"cursor: pointer\" data-src=\"https:\/\/autorai.nl\/wp-content\/uploads\/2022\/11\/citroen_c6_95-1-1600x900.jpg\" data-fancybox=\"galery-1\" title=\"\"><br \/>\n\t\t\t\t\t\t\t<img decoding=\"async\" width=\"360\" height=\"270\" src=\"https:\/\/autorai.nl\/wp-content\/uploads\/2022\/11\/citroen_c6_95-1-360x270.jpg\" class=\"attachment-small size-small\" alt=\"Citro\u00ebn C6 vue de l'avant\" loading=\"lazy\"><i class=\"fa fa-search-plus\" aria-hidden=\"true\"><\/i><br \/>\n\t\t\t\t\t\t<\/span><br \/>\n\t\t\t\t\t<\/figure>\n<figure>\n\t\t\t\t\t<span style=\"cursor: pointer\" data-src=\"https:\/\/autorai.nl\/wp-content\/uploads\/2022\/11\/citroen_c6_93-1-1600x901.jpg\" data-fancybox=\"galery-1\" title=\"\"><br \/>\n\t\t\t\t\t\t\t<img decoding=\"async\" width=\"360\" height=\"270\" src=\"https:\/\/autorai.nl\/wp-content\/uploads\/2022\/11\/citroen_c6_93-1-360x270.jpg\" class=\"attachment-small size-small\" alt=\"Citro\u00ebn C6 pour la maison\" loading=\"lazy\"><i class=\"fa fa-search-plus\" aria-hidden=\"true\"><\/i><br \/>\n\t\t\t\t\t\t<\/span><br \/>\n\t\t\t\t\t<\/figure>\n<div class=\"clear\"><\/div>\n<\/div>\n<h2>Successeur<\/h2>\n<p>Apr\u00e8s 2012, les choses sont rest\u00e9es calmes pendant un certain temps autour d&rsquo;un \u00e9ventuel successeur de la C6. En fait, Citro\u00ebn n&rsquo;en a jamais eu, bien que l&rsquo;<a href=\"https:\/\/autorai.nl\/review-citroen-c5-x-plug-in-hybrid-2022\/\">actuelle C5 X<\/a>, avec son style excentrique, puisse \u00eatre consid\u00e9r\u00e9e comme une voiture dans l&rsquo;esprit de la C6. Cependant, le v\u00e9ritable successeur de la C6 doit \u00eatre cherch\u00e9 du c\u00f4t\u00e9 de DS, la marque haut de gamme s\u00e9par\u00e9e ult\u00e9rieurement de Citro\u00ebn. En effet, depuis 2020, DS porte la DS 9, une longue berline avec des r\u00e9f\u00e9rences \u00e0 la DS de Citro\u00ebn, qui a fait ses preuves.<\/p>\n<figure class=\"wp-block-image size-content\"><img decoding=\"async\" loading=\"lazy\" width=\"1140\" height=\"855\" src=\"https:\/\/autorai.nl\/wp-content\/uploads\/2022\/10\/Citroen-C5-X-8-1140x855.jpg\" alt=\"\" class=\"wp-image-136547\"><figcaption>Citro\u00ebn C5 X<\/figcaption><\/figure>\n<p>Alors, la d\u00e9signation C6 a-t-elle compl\u00e8tement disparu ? Eh bien d&rsquo;Europe, mais pas de Chine ! En fait, l\u00e0, Citro\u00ebn, dans le cadre du partenariat Dongfeng Peugeot-Citro\u00ebn, est <a href=\"http:\/\/www.citroenet.org.uk\/foreign\/china\/c6-china\/c6-china-2.html\" target=\"_blank\" rel=\"noreferrer noopener\">encore<\/a> en train de construire <a href=\"http:\/\/www.citroenet.org.uk\/foreign\/china\/c6-china\/c6-china-2.html\" target=\"_blank\" rel=\"noreferrer noopener\">une C6<\/a>. Ce mod\u00e8le repose sur la m\u00eame plateforme que la Peugeot 508 de premi\u00e8re g\u00e9n\u00e9ration et est \u00e9quip\u00e9 de quatre cylindres. Elle n&rsquo;est donc pas aussi luxueuse que la premi\u00e8re C6, mais il est toujours agr\u00e9able de savoir que Citro\u00ebn a donn\u00e9 \u00e0 ce mod\u00e8le un \u00ab\u00a0vrai\u00a0\u00bb successeur ailleurs dans le monde.<\/p>\n","protected":false},"excerpt":{"rendered":"Histoire Citro\u00ebn C6 L'histoire de la Citro\u00ebn C6 commence en 1999. En effet, c'est \u00e0 cette occasion que la marque\u2026","protected":false},"author":0,"featured_media":126065,"comment_status":"open","ping_status":"open","sticky":false,"template":"","format":"standard","meta":{"footnotes":""},"categories":[131],"tags":[],"class_list":["post-126304","post","type-post","status-publish","format-standard","has-post-thumbnail","hentry","category-fond"],"acf":[],"yoast_head":"<!-- This site is optimized with the Yoast SEO plugin v21.2 - https:\/\/yoast.com\/wordpress\/plugins\/seo\/ -->\n<title>Citro\u00ebn C6 - tout ce que vous devez savoir - All cars news<\/title>\n<meta name=\"robots\" content=\"index, follow, max-snippet:-1, max-image-preview:large, max-video-preview:-1\" \/>\n<link rel=\"canonical\" href=\"https:\/\/all-car-news.com\/fr\/citroen-c6-tout-ce-que-vous-devez-savoir\/\" \/>\n<meta property=\"og:locale\" content=\"fr_FR\" \/>\n<meta property=\"og:type\" content=\"article\" \/>\n<meta property=\"og:title\" content=\"Citro\u00ebn C6 - tout ce que vous devez savoir - All cars news\" \/>\n<meta property=\"og:description\" content=\"Histoire Citro\u00ebn C6 L&#039;histoire de la Citro\u00ebn C6 commence en 1999. En effet, c&#039;est \u00e0 cette occasion que la marque a pr\u00e9sent\u00e9 la Citro\u00ebn C6 Lignage, un concept-car. En termes d&#039;apparence, la C6 Lignage a d\u00e9j\u00e0 donn\u00e9 un aper\u00e7u assez concret de ce \u00e0 quoi ressemblerait la C6 finale. Seules les id\u00e9es vraiment folles, comme le toit en verre et [...]\" \/>\n<meta property=\"og:url\" content=\"https:\/\/all-car-news.com\/fr\/citroen-c6-tout-ce-que-vous-devez-savoir\/\" \/>\n<meta property=\"og:site_name\" content=\"All cars news\" \/>\n<meta property=\"article:published_time\" content=\"2022-11-01T14:23:00+00:00\" \/>\n<meta property=\"og:image\" content=\"https:\/\/autorai.nl\/wp-content\/uploads\/2022\/11\/citroen_c6_lignage_concept_4-1-640x480.jpg\" \/>\n<meta name=\"twitter:card\" content=\"summary_large_image\" \/>\n<meta name=\"twitter:label1\" content=\"Dur\u00e9e de lecture estim\u00e9e\" \/>\n\t<meta name=\"twitter:data1\" content=\"4 minutes\" \/>\n<script type=\"application\/ld+json\" class=\"yoast-schema-graph\">{\"@context\":\"https:\/\/schema.org\",\"@graph\":[{\"@type\":\"Article\",\"@id\":\"https:\/\/all-car-news.com\/fr\/citroen-c6-tout-ce-que-vous-devez-savoir\/#article\",\"isPartOf\":{\"@id\":\"https:\/\/all-car-news.com\/fr\/citroen-c6-tout-ce-que-vous-devez-savoir\/\"},\"author\":{\"name\":\"\",\"@id\":\"\"},\"headline\":\"Citro\u00ebn C6 &#8211; tout ce que vous devez savoir\",\"datePublished\":\"2022-11-01T14:23:00+00:00\",\"dateModified\":\"2022-11-01T14:23:00+00:00\",\"mainEntityOfPage\":{\"@id\":\"https:\/\/all-car-news.com\/fr\/citroen-c6-tout-ce-que-vous-devez-savoir\/\"},\"wordCount\":804,\"commentCount\":0,\"publisher\":{\"@id\":\"https:\/\/all-car-news.com\/fr\/#organization\"},\"articleSection\":[\"Fond\"],\"inLanguage\":\"fr-FR\",\"potentialAction\":[{\"@type\":\"CommentAction\",\"name\":\"Comment\",\"target\":[\"https:\/\/all-car-news.com\/fr\/citroen-c6-tout-ce-que-vous-devez-savoir\/#respond\"]}]},{\"@type\":\"WebPage\",\"@id\":\"https:\/\/all-car-news.com\/fr\/citroen-c6-tout-ce-que-vous-devez-savoir\/\",\"url\":\"https:\/\/all-car-news.com\/fr\/citroen-c6-tout-ce-que-vous-devez-savoir\/\",\"name\":\"Citro\u00ebn C6 - tout ce que vous devez savoir - All cars news\",\"isPartOf\":{\"@id\":\"https:\/\/all-car-news.com\/fr\/#website\"},\"datePublished\":\"2022-11-01T14:23:00+00:00\",\"dateModified\":\"2022-11-01T14:23:00+00:00\",\"breadcrumb\":{\"@id\":\"https:\/\/all-car-news.com\/fr\/citroen-c6-tout-ce-que-vous-devez-savoir\/#breadcrumb\"},\"inLanguage\":\"fr-FR\",\"potentialAction\":[{\"@type\":\"ReadAction\",\"target\":[\"https:\/\/all-car-news.com\/fr\/citroen-c6-tout-ce-que-vous-devez-savoir\/\"]}]},{\"@type\":\"BreadcrumbList\",\"@id\":\"https:\/\/all-car-news.com\/fr\/citroen-c6-tout-ce-que-vous-devez-savoir\/#breadcrumb\",\"itemListElement\":[{\"@type\":\"ListItem\",\"position\":1,\"name\":\"Home\",\"item\":\"https:\/\/all-car-news.com\/fr\/\"},{\"@type\":\"ListItem\",\"position\":2,\"name\":\"Citro\u00ebn C6 &#8211; tout ce que vous devez savoir\"}]},{\"@type\":\"WebSite\",\"@id\":\"https:\/\/all-car-news.com\/fr\/#website\",\"url\":\"https:\/\/all-car-news.com\/fr\/\",\"name\":\"All cars news\",\"description\":\"\",\"publisher\":{\"@id\":\"https:\/\/all-car-news.com\/fr\/#organization\"},\"potentialAction\":[{\"@type\":\"SearchAction\",\"target\":{\"@type\":\"EntryPoint\",\"urlTemplate\":\"https:\/\/all-car-news.com\/fr\/?s={search_term_string}\"},\"query-input\":\"required name=search_term_string\"}],\"inLanguage\":\"fr-FR\"},{\"@type\":\"Organization\",\"@id\":\"https:\/\/all-car-news.com\/fr\/#organization\",\"name\":\"All cars news\",\"url\":\"https:\/\/all-car-news.com\/fr\/\",\"logo\":{\"@type\":\"ImageObject\",\"inLanguage\":\"fr-FR\",\"@id\":\"https:\/\/all-car-news.com\/fr\/#\/schema\/logo\/image\/\",\"url\":\"https:\/\/all-car-news.com\/wp-content\/uploads\/2022\/02\/CMYK-AllCarNews_LANDSCAPE_300px-1.png\",\"contentUrl\":\"https:\/\/all-car-news.com\/wp-content\/uploads\/2022\/02\/CMYK-AllCarNews_LANDSCAPE_300px-1.png\",\"width\":300,\"height\":100,\"caption\":\"All cars news\"},\"image\":{\"@id\":\"https:\/\/all-car-news.com\/fr\/#\/schema\/logo\/image\/\"}}]}<\/script>\n<!-- \/ Yoast SEO plugin. -->","yoast_head_json":{"title":"Citro\u00ebn C6 - tout ce que vous devez savoir - All cars news","robots":{"index":"index","follow":"follow","max-snippet":"max-snippet:-1","max-image-preview":"max-image-preview:large","max-video-preview":"max-video-preview:-1"},"canonical":"https:\/\/all-car-news.com\/fr\/citroen-c6-tout-ce-que-vous-devez-savoir\/","og_locale":"fr_FR","og_type":"article","og_title":"Citro\u00ebn C6 - tout ce que vous devez savoir - All cars news","og_description":"Histoire Citro\u00ebn C6 L'histoire de la Citro\u00ebn C6 commence en 1999. En effet, c'est \u00e0 cette occasion que la marque a pr\u00e9sent\u00e9 la Citro\u00ebn C6 Lignage, un concept-car. En termes d'apparence, la C6 Lignage a d\u00e9j\u00e0 donn\u00e9 un aper\u00e7u assez concret de ce \u00e0 quoi ressemblerait la C6 finale. Seules les id\u00e9es vraiment folles, comme le toit en verre et [...]","og_url":"https:\/\/all-car-news.com\/fr\/citroen-c6-tout-ce-que-vous-devez-savoir\/","og_site_name":"All cars news","article_published_time":"2022-11-01T14:23:00+00:00","og_image":[{"url":"https:\/\/autorai.nl\/wp-content\/uploads\/2022\/11\/citroen_c6_lignage_concept_4-1-640x480.jpg"}],"twitter_card":"summary_large_image","twitter_misc":{"Dur\u00e9e de lecture estim\u00e9e":"4 minutes"},"schema":{"@context":"https:\/\/schema.org","@graph":[{"@type":"Article","@id":"https:\/\/all-car-news.com\/fr\/citroen-c6-tout-ce-que-vous-devez-savoir\/#article","isPartOf":{"@id":"https:\/\/all-car-news.com\/fr\/citroen-c6-tout-ce-que-vous-devez-savoir\/"},"author":{"name":"","@id":""},"headline":"Citro\u00ebn C6 &#8211; tout ce que vous devez savoir","datePublished":"2022-11-01T14:23:00+00:00","dateModified":"2022-11-01T14:23:00+00:00","mainEntityOfPage":{"@id":"https:\/\/all-car-news.com\/fr\/citroen-c6-tout-ce-que-vous-devez-savoir\/"},"wordCount":804,"commentCount":0,"publisher":{"@id":"https:\/\/all-car-news.com\/fr\/#organization"},"articleSection":["Fond"],"inLanguage":"fr-FR","potentialAction":[{"@type":"CommentAction","name":"Comment","target":["https:\/\/all-car-news.com\/fr\/citroen-c6-tout-ce-que-vous-devez-savoir\/#respond"]}]},{"@type":"WebPage","@id":"https:\/\/all-car-news.com\/fr\/citroen-c6-tout-ce-que-vous-devez-savoir\/","url":"https:\/\/all-car-news.com\/fr\/citroen-c6-tout-ce-que-vous-devez-savoir\/","name":"Citro\u00ebn C6 - tout ce que vous devez savoir - All cars news","isPartOf":{"@id":"https:\/\/all-car-news.com\/fr\/#website"},"datePublished":"2022-11-01T14:23:00+00:00","dateModified":"2022-11-01T14:23:00+00:00","breadcrumb":{"@id":"https:\/\/all-car-news.com\/fr\/citroen-c6-tout-ce-que-vous-devez-savoir\/#breadcrumb"},"inLanguage":"fr-FR","potentialAction":[{"@type":"ReadAction","target":["https:\/\/all-car-news.com\/fr\/citroen-c6-tout-ce-que-vous-devez-savoir\/"]}]},{"@type":"BreadcrumbList","@id":"https:\/\/all-car-news.com\/fr\/citroen-c6-tout-ce-que-vous-devez-savoir\/#breadcrumb","itemListElement":[{"@type":"ListItem","position":1,"name":"Home","item":"https:\/\/all-car-news.com\/fr\/"},{"@type":"ListItem","position":2,"name":"Citro\u00ebn C6 &#8211; tout ce que vous devez savoir"}]},{"@type":"WebSite","@id":"https:\/\/all-car-news.com\/fr\/#website","url":"https:\/\/all-car-news.com\/fr\/","name":"All cars news","description":"","publisher":{"@id":"https:\/\/all-car-news.com\/fr\/#organization"},"potentialAction":[{"@type":"SearchAction","target":{"@type":"EntryPoint","urlTemplate":"https:\/\/all-car-news.com\/fr\/?s={search_term_string}"},"query-input":"required name=search_term_string"}],"inLanguage":"fr-FR"},{"@type":"Organization","@id":"https:\/\/all-car-news.com\/fr\/#organization","name":"All cars news","url":"https:\/\/all-car-news.com\/fr\/","logo":{"@type":"ImageObject","inLanguage":"fr-FR","@id":"https:\/\/all-car-news.com\/fr\/#\/schema\/logo\/image\/","url":"https:\/\/all-car-news.com\/wp-content\/uploads\/2022\/02\/CMYK-AllCarNews_LANDSCAPE_300px-1.png","contentUrl":"https:\/\/all-car-news.com\/wp-content\/uploads\/2022\/02\/CMYK-AllCarNews_LANDSCAPE_300px-1.png","width":300,"height":100,"caption":"All cars news"},"image":{"@id":"https:\/\/all-car-news.com\/fr\/#\/schema\/logo\/image\/"}}]}},"_links":{"self":[{"href":"https:\/\/all-car-news.com\/fr\/wp-json\/wp\/v2\/posts\/126304","targetHints":{"allow":["GET"]}}],"collection":[{"href":"https:\/\/all-car-news.com\/fr\/wp-json\/wp\/v2\/posts"}],"about":[{"href":"https:\/\/all-car-news.com\/fr\/wp-json\/wp\/v2\/types\/post"}],"replies":[{"embeddable":true,"href":"https:\/\/all-car-news.com\/fr\/wp-json\/wp\/v2\/comments?post=126304"}],"version-history":[{"count":0,"href":"https:\/\/all-car-news.com\/fr\/wp-json\/wp\/v2\/posts\/126304\/revisions"}],"wp:featuredmedia":[{"embeddable":true,"href":"https:\/\/all-car-news.com\/fr\/wp-json\/wp\/v2\/media\/126065"}],"wp:attachment":[{"href":"https:\/\/all-car-news.com\/fr\/wp-json\/wp\/v2\/media?parent=126304"}],"wp:term":[{"taxonomy":"category","embeddable":true,"href":"https:\/\/all-car-news.com\/fr\/wp-json\/wp\/v2\/categories?post=126304"},{"taxonomy":"post_tag","embeddable":true,"href":"https:\/\/all-car-news.com\/fr\/wp-json\/wp\/v2\/tags?post=126304"}],"curies":[{"name":"wp","href":"https:\/\/api.w.org\/{rel}","templated":true}]}}