{"id":125884,"date":"2022-10-29T15:02:00","date_gmt":"2022-10-29T15:02:00","guid":{"rendered":"https:\/\/all-car-news.com\/review-premieres-impressions-ford-e-transit-2022\/"},"modified":"2022-10-29T15:02:00","modified_gmt":"2022-10-29T15:02:00","slug":"review-premieres-impressions-ford-e-transit-2022","status":"publish","type":"post","link":"https:\/\/all-car-news.com\/fr\/review-premieres-impressions-ford-e-transit-2022\/","title":{"rendered":"Review &#8211; Premi\u00e8res impressions Ford E-Transit (2022)"},"content":{"rendered":"<p>Ford travaille \u00e9galement d&rsquo;arrache-pied pour \u00e9lectrifier sa gamme de mod\u00e8les. Cela s&rsquo;applique \u00e9galement, ou <em>pr\u00e9cis\u00e9ment<\/em>, \u00e0 la famille des v\u00e9hicules commerciaux Transit. Plus t\u00f4t cette ann\u00e9e, Ford a d\u00e9voil\u00e9 l&rsquo;<a href=\"https:\/\/autorai.nl\/elektrische-ford-e-transit-alle-details\/\">E-Transit Custom<\/a>, mais <a href=\"https:\/\/zerauto.nl\/ford-presenteert-de-volledig-elektrische-e-transit\/\">d\u00e8s 2020<\/a>, la marque a pr\u00e9sent\u00e9 le plus grand fourgon tout \u00e9lectrique : le Ford E-Transit. Entre-temps, le d\u00e9veloppement du Ford E-Transit a \u00e9t\u00e9 achev\u00e9 et le v\u00e9hicule de livraison \u00e9lectrique est pr\u00eat \u00e0 \u00eatre lanc\u00e9.<\/p>\n<h2><strong>Ford E-Transit : jusqu&rsquo;\u00e0 317 km d&rsquo;autonomie<\/strong><\/h2>\n<p>Nous \u00e9num\u00e9rons les sp\u00e9cifications les plus importantes. Le plus important est peut-\u00eatre que la port\u00e9e n&rsquo;est pas un probl\u00e8me. En effet, la batterie de 67 kWh permet une autonomie de 317 km (WLTP). Plus que suffisant pour la livraison de colis et aussi plus que suffisant pour la grande majorit\u00e9 des entrepreneurs. En outre, la Ford E-Transit peut \u00e9galement servir d&rsquo;alimentation \u00e9lectrique pour les outils et autres appareils sur le site.<\/p>\n<figure class=\"wp-block-image size-content\"><img decoding=\"async\" loading=\"lazy\" width=\"1140\" height=\"713\" src=\"https:\/\/autorai.nl\/wp-content\/uploads\/2022\/10\/Ford-E-Transit-6-1140x713.jpg\" alt=\"\" class=\"wp-image-135956\"><\/figure>\n<h2><strong>Ford E-Transit avec une charge utile allant jusqu&rsquo;\u00e0 1 967 kg<\/strong><\/h2>\n<p>En option, le Ford E-Transit dispose d&rsquo;une puissance syst\u00e8me de 135 kW (184 ch) ou 198 kW (269 ch) et le couple est toujours de 430 Nm. En termes de charge utile et d&rsquo;options de configuration, l&rsquo;E-Transit n&rsquo;est pas inf\u00e9rieur \u00e0 <a href=\"https:\/\/autorai.nl\/autotest-ford-transit-trail-2021\/\">ses fr\u00e8res de carburant<\/a>. Il existe de nombreux styles de carrosserie et, selon la version choisie, le poids maximal autoris\u00e9 varie de 3,5 \u00e0 4,25 tonnes et la charge utile peut atteindre 1 616 kilogrammes (fourgon) ou 1 967 kilogrammes (ch\u00e2ssis-cabine).<\/p>\n<h2><strong>Co\u00fbt suppl\u00e9mentaire rapidement r\u00e9cup\u00e9r\u00e9<\/strong><\/h2>\n<p>Les prix n\u00e9erlandais commencent \u00e0 <a href=\"https:\/\/zerauto.nl\/elektrische-ford-e-transit-prijzen\/\">environ 50 000 euros<\/a>. C&rsquo;est plus que la version diesel, mais selon Ford, vous aurez r\u00e9cup\u00e9r\u00e9 cette diff\u00e9rence de prix en trois ans gr\u00e2ce aux co\u00fbts d&rsquo;\u00e9nergie et d&rsquo;entretien beaucoup plus faibles.<\/p>\n<figure class=\"wp-block-image size-content\"><img decoding=\"async\" loading=\"lazy\" width=\"1140\" height=\"713\" src=\"https:\/\/autorai.nl\/wp-content\/uploads\/2022\/10\/Ford-E-Transit-14-1140x713.jpg\" alt=\"\" class=\"wp-image-135957\"><\/figure>\n<h2><strong>Conduire la Ford E-Transit<\/strong><\/h2>\n<p>Donc avec le cahier des charges que nous avions d\u00e9j\u00e0 rencontr\u00e9. Il est maintenant temps de faire une premi\u00e8re rencontre sur la route. Nous conduisons la Ford E-Transit sur la piste d&rsquo;essai de Ford \u00e0 Lommel, o\u00f9 Ford pr\u00e9pare tous ses mod\u00e8les pour la production. L\u00e0, le Transit impressionne par sa maniabilit\u00e9.<\/p>\n<h2><strong>Ford E-Transit se conduit comme une voiture de tourisme<\/strong><\/h2>\n<p>S&rsquo;agissant d&rsquo;une piste d&rsquo;essai, le parcours est difficile. Pour ceux qui connaissent un peu le site d&rsquo;essai de Lommel : nous roulons sur la piste 7. Cela signifie une combinaison de virages rapides et\/ou serr\u00e9s, de collines avec des d\u00e9nivel\u00e9s importants sur de courtes distances, une route pav\u00e9e, etc. Ce test sera compl\u00e9t\u00e9 par un test de repli sur la piste 16. Le Ford E-Transit endure tout avec facilit\u00e9.<\/p>\n<div class=\"galery shuffle galery-0\">\n<figure>\n\t\t\t\t\t<span style=\"cursor: pointer\" data-src=\"https:\/\/autorai.nl\/wp-content\/uploads\/2022\/10\/Ford-E-Transit-11-1600x1000.jpg\" data-fancybox=\"galery-0\" title=\"\"><br \/>\n\t\t\t\t\t\t\t<img decoding=\"async\" width=\"640\" height=\"480\" src=\"https:\/\/autorai.nl\/wp-content\/uploads\/2022\/10\/Ford-E-Transit-11-640x480.jpg\" class=\"attachment-medium size-medium\" alt=\"\" loading=\"lazy\"><i class=\"fa fa-search-plus\" aria-hidden=\"true\"><\/i><br \/>\n\t\t\t\t\t\t<\/span><br \/>\n\t\t\t\t\t<\/figure>\n<figure>\n\t\t\t\t\t<span style=\"cursor: pointer\" data-src=\"https:\/\/autorai.nl\/wp-content\/uploads\/2022\/10\/Ford-E-Transit-19-1600x1000.jpg\" data-fancybox=\"galery-0\" title=\"\"><br \/>\n\t\t\t\t\t\t\t<img decoding=\"async\" width=\"360\" height=\"270\" src=\"https:\/\/autorai.nl\/wp-content\/uploads\/2022\/10\/Ford-E-Transit-19-360x270.jpg\" class=\"attachment-small size-small\" alt=\"\" loading=\"lazy\"><i class=\"fa fa-search-plus\" aria-hidden=\"true\"><\/i><br \/>\n\t\t\t\t\t\t<\/span><br \/>\n\t\t\t\t\t<\/figure>\n<figure>\n\t\t\t\t\t<span style=\"cursor: pointer\" data-src=\"https:\/\/autorai.nl\/wp-content\/uploads\/2022\/10\/Ford-E-Transit-20-1600x1000.jpg\" data-fancybox=\"galery-0\" title=\"\"><br \/>\n\t\t\t\t\t\t\t<img decoding=\"async\" width=\"360\" height=\"270\" src=\"https:\/\/autorai.nl\/wp-content\/uploads\/2022\/10\/Ford-E-Transit-20-360x270.jpg\" class=\"attachment-small size-small\" alt=\"\" loading=\"lazy\"><i class=\"fa fa-search-plus\" aria-hidden=\"true\"><\/i><br \/>\n\t\t\t\t\t\t<\/span><br \/>\n\t\t\t\t\t<\/figure>\n<div class=\"clear\"><\/div>\n<\/div>\n<p>M\u00eame la variante avec toit sur\u00e9lev\u00e9 au maximum s&rsquo;incline \u00e0 peine. M\u00eame lors des man\u0153uvres d&rsquo;\u00e9vitement, les mouvements du corps sont minimes. Vous oubliez, en quelque sorte, que vous \u00eates dehors avec un gros cube. La position d&rsquo;assise \u00e9lev\u00e9e trahit le fait que vous \u00eates dans un grand fourgon, mais sinon, il se conduit comme une voiture de tourisme.<\/p>\n<p>Pour une fourgonnette, l&rsquo;acc\u00e9l\u00e9ration n&rsquo;est pas mauvaise non plus. Bien que nous ayons roul\u00e9 \u00e0 vide, gr\u00e2ce \u00e0 la puissance facilement disponible des moteurs \u00e9lectriques, l&rsquo;acc\u00e9l\u00e9ration ne devrait pas poser de probl\u00e8me, m\u00eame avec une charge. Avec un chargement, elle se conduit encore mieux, nous assure l&rsquo;un des pilotes d&rsquo;essai de Ford. En effet, la charge met alors un peu plus de poids sur l&rsquo;essieu arri\u00e8re, ce qui am\u00e9liore encore la tenue de route.<\/p>\n<div class=\"galery shuffle galery-1\">\n<figure>\n\t\t\t\t\t<span style=\"cursor: pointer\" data-src=\"https:\/\/autorai.nl\/wp-content\/uploads\/2022\/10\/Ford-E-Transit-4-1600x1001.jpg\" data-fancybox=\"galery-1\" title=\"\"><br \/>\n\t\t\t\t\t\t\t<img decoding=\"async\" width=\"640\" height=\"480\" src=\"https:\/\/autorai.nl\/wp-content\/uploads\/2022\/10\/Ford-E-Transit-4-640x480.jpg\" class=\"attachment-medium size-medium\" alt=\"\" loading=\"lazy\"><i class=\"fa fa-search-plus\" aria-hidden=\"true\"><\/i><br \/>\n\t\t\t\t\t\t<\/span><br \/>\n\t\t\t\t\t<\/figure>\n<figure>\n\t\t\t\t\t<span style=\"cursor: pointer\" data-src=\"https:\/\/autorai.nl\/wp-content\/uploads\/2022\/10\/Ford-E-Transit-2-1600x1000.jpg\" data-fancybox=\"galery-1\" title=\"\"><br \/>\n\t\t\t\t\t\t\t<img decoding=\"async\" width=\"360\" height=\"270\" src=\"https:\/\/autorai.nl\/wp-content\/uploads\/2022\/10\/Ford-E-Transit-2-360x270.jpg\" class=\"attachment-small size-small\" alt=\"\" loading=\"lazy\"><i class=\"fa fa-search-plus\" aria-hidden=\"true\"><\/i><br \/>\n\t\t\t\t\t\t<\/span><br \/>\n\t\t\t\t\t<\/figure>\n<figure>\n\t\t\t\t\t<span style=\"cursor: pointer\" data-src=\"https:\/\/autorai.nl\/wp-content\/uploads\/2022\/10\/Ford-E-Transit-5-1600x1001.jpg\" data-fancybox=\"galery-1\" title=\"\"><br \/>\n\t\t\t\t\t\t\t<img decoding=\"async\" width=\"360\" height=\"270\" src=\"https:\/\/autorai.nl\/wp-content\/uploads\/2022\/10\/Ford-E-Transit-5-360x270.jpg\" class=\"attachment-small size-small\" alt=\"\" loading=\"lazy\"><i class=\"fa fa-search-plus\" aria-hidden=\"true\"><\/i><br \/>\n\t\t\t\t\t\t<\/span><br \/>\n\t\t\t\t\t<\/figure>\n<div class=\"clear\"><\/div>\n<\/div>\n<h2><strong>Sup\u00e9rieur : le Ford Pro Electric SuperVan<\/strong><\/h2>\n<p>En compl\u00e9ment de la pr\u00e9sentation de l&rsquo;E-Transit, nous faisons \u00e9galement connaissance avec le Ford Pro Electric SuperVan. Depuis 1971, Ford a <a href=\"https:\/\/autorai.nl\/ford-supervan-4-een-bestelbus-met-2-000-pk\/\">d\u00e9j\u00e0<\/a> sorti un SuperVan \u00e0 <a href=\"https:\/\/autorai.nl\/ford-supervan-4-een-bestelbus-met-2-000-pk\/\">trois reprises<\/a>. La derni\u00e8re version est &#8211; bien s\u00fbr &#8211; enti\u00e8rement \u00e9lectrique et montre essentiellement ce que Ford a \u00e0 offrir en termes de propulsion enti\u00e8rement \u00e9lectrique.<\/p>\n<figure class=\"wp-block-image size-content\"><img decoding=\"async\" loading=\"lazy\" width=\"1140\" height=\"760\" src=\"https:\/\/autorai.nl\/wp-content\/uploads\/2022\/10\/Ford-Pro-Electric-SuperVan-37-1140x760.jpg\" alt=\"\" class=\"wp-image-136018\"><\/figure>\n<h2><strong>Ch\u00e2ssis de course et homologation FIA<\/strong><\/h2>\n<p>En apparence, la Ford Pro Electric Supervan est bas\u00e9e sur la future Ford E-Transit Custom, mais sous la peau, bien s\u00fbr, elle est compl\u00e8tement diff\u00e9rente. Ainsi, le van est construit autour d&rsquo;un ch\u00e2ssis d\u00e9velopp\u00e9 pour le sport automobile. Un arceau de s\u00e9curit\u00e9 et des si\u00e8ges de course sont \u00e9galement install\u00e9s, bien s\u00fbr, tous deux approuv\u00e9s selon les r\u00e8glements de la FIA. Pourtant, le nouveau SuperVan a aussi une \u00ab\u00a0touche urbaine\u00a0\u00bb : il dispose de diff\u00e9rents modes de conduite et de niveaux r\u00e9glables de freinage par r\u00e9cup\u00e9ration.<\/p>\n<div class=\"galery shuffle galery-2\">\n<figure>\n\t\t\t\t\t<span style=\"cursor: pointer\" data-src=\"https:\/\/autorai.nl\/wp-content\/uploads\/2022\/10\/Ford-Pro-Electric-SuperVan-1-1600x1200.jpg\" data-fancybox=\"galery-2\" title=\"\"><br \/>\n\t\t\t\t\t\t\t<img decoding=\"async\" width=\"640\" height=\"480\" src=\"https:\/\/autorai.nl\/wp-content\/uploads\/2022\/10\/Ford-Pro-Electric-SuperVan-1-640x480.jpg\" class=\"attachment-medium size-medium\" alt=\"\" loading=\"lazy\"><i class=\"fa fa-search-plus\" aria-hidden=\"true\"><\/i><br \/>\n\t\t\t\t\t\t<\/span><br \/>\n\t\t\t\t\t<\/figure>\n<figure>\n\t\t\t\t\t<span style=\"cursor: pointer\" data-src=\"https:\/\/autorai.nl\/wp-content\/uploads\/2022\/10\/Ford-Pro-Electric-SuperVan-3-1600x1200.jpg\" data-fancybox=\"galery-2\" title=\"\"><br \/>\n\t\t\t\t\t\t\t<img decoding=\"async\" width=\"360\" height=\"270\" src=\"https:\/\/autorai.nl\/wp-content\/uploads\/2022\/10\/Ford-Pro-Electric-SuperVan-3-360x270.jpg\" class=\"attachment-small size-small\" alt=\"\" loading=\"lazy\"><i class=\"fa fa-search-plus\" aria-hidden=\"true\"><\/i><br \/>\n\t\t\t\t\t\t<\/span><br \/>\n\t\t\t\t\t<\/figure>\n<figure>\n\t\t\t\t\t<span style=\"cursor: pointer\" data-src=\"https:\/\/autorai.nl\/wp-content\/uploads\/2022\/10\/Ford-Pro-Electric-SuperVan-26-1600x1067.jpg\" data-fancybox=\"galery-2\" title=\"\"><br \/>\n\t\t\t\t\t\t\t<img decoding=\"async\" width=\"360\" height=\"270\" src=\"https:\/\/autorai.nl\/wp-content\/uploads\/2022\/10\/Ford-Pro-Electric-SuperVan-26-360x270.jpg\" class=\"attachment-small size-small\" alt=\"\" loading=\"lazy\"><i class=\"fa fa-search-plus\" aria-hidden=\"true\"><\/i><br \/>\n\t\t\t\t\t\t<\/span><br \/>\n\t\t\t\t\t<\/figure>\n<div class=\"clear\"><\/div>\n<\/div>\n<h2><strong>Le nouveau SuperVan en chiffres&#8230;<\/strong><\/h2>\n<p>La Ford Pro Electric Supervan en chiffres : la batterie lithium-ion refroidie par eau a une capacit\u00e9 de 50 kWh. Quatre moteurs \u00e9lectriques se combinent pour produire une puissance totale de pas moins de 2 000 ch et un couple impressionnant de 1 800 Nm. Il en r\u00e9sulte un sprint de 0 \u00e0 100 en moins de deux secondes.<\/p>\n<div class=\"galery shuffle galery-3\">\n<figure>\n\t\t\t\t\t<span style=\"cursor: pointer\" data-src=\"https:\/\/autorai.nl\/wp-content\/uploads\/2022\/10\/Ford-Pro-Electric-SuperVan-55-1600x1067.jpg\" data-fancybox=\"galery-3\" title=\"\"><br \/>\n\t\t\t\t\t\t\t<img decoding=\"async\" width=\"640\" height=\"480\" src=\"https:\/\/autorai.nl\/wp-content\/uploads\/2022\/10\/Ford-Pro-Electric-SuperVan-55-640x480.jpg\" class=\"attachment-medium size-medium\" alt=\"\" loading=\"lazy\"><i class=\"fa fa-search-plus\" aria-hidden=\"true\"><\/i><br \/>\n\t\t\t\t\t\t<\/span><br \/>\n\t\t\t\t\t<\/figure>\n<figure>\n\t\t\t\t\t<span style=\"cursor: pointer\" data-src=\"https:\/\/autorai.nl\/wp-content\/uploads\/2022\/10\/Ford-Pro-Electric-SuperVan-50-1600x1067.jpg\" data-fancybox=\"galery-3\" title=\"\"><br \/>\n\t\t\t\t\t\t\t<img decoding=\"async\" width=\"360\" height=\"270\" src=\"https:\/\/autorai.nl\/wp-content\/uploads\/2022\/10\/Ford-Pro-Electric-SuperVan-50-360x270.jpg\" class=\"attachment-small size-small\" alt=\"\" loading=\"lazy\"><i class=\"fa fa-search-plus\" aria-hidden=\"true\"><\/i><br \/>\n\t\t\t\t\t\t<\/span><br \/>\n\t\t\t\t\t<\/figure>\n<figure>\n\t\t\t\t\t<span style=\"cursor: pointer\" data-src=\"https:\/\/autorai.nl\/wp-content\/uploads\/2022\/10\/Ford-Pro-Electric-SuperVan-65-1600x1067.jpg\" data-fancybox=\"galery-3\" title=\"\"><br \/>\n\t\t\t\t\t\t\t<img decoding=\"async\" width=\"360\" height=\"270\" src=\"https:\/\/autorai.nl\/wp-content\/uploads\/2022\/10\/Ford-Pro-Electric-SuperVan-65-360x270.jpg\" class=\"attachment-small size-small\" alt=\"\" loading=\"lazy\"><i class=\"fa fa-search-plus\" aria-hidden=\"true\"><\/i><br \/>\n\t\t\t\t\t\t<\/span><br \/>\n\t\t\t\t\t<\/figure>\n<div class=\"clear\"><\/div>\n<\/div>\n<h2><strong>&#8230;et voil\u00e0 comment on se sent<\/strong><\/h2>\n<p>Nous avons l&rsquo;occasion de d\u00e9couvrir ces chiffres depuis le si\u00e8ge passager, toujours sur la piste 7. Cela commence par un sprint dans la ligne droite. Ouf. En fait, je n&rsquo;ai m\u00eame pas eu l&rsquo;occasion de regarder l&rsquo;\u00e9cran du pilote pour voir si le temps de sprint donn\u00e9 \u00e9tait correct et quelle vitesse nous avons atteinte. En particulier, je vois que la fin de la ligne droite arrive \u00e0 une vitesse irr\u00e9aliste.<\/p>\n<div class=\"galery shuffle galery-4\">\n<figure>\n\t\t\t\t\t<span style=\"cursor: pointer\" data-src=\"https:\/\/autorai.nl\/wp-content\/uploads\/2022\/10\/Ford-Pro-Electric-SuperVan-21-1600x1200.jpg\" data-fancybox=\"galery-4\" title=\"\"><br \/>\n\t\t\t\t\t\t\t<img decoding=\"async\" width=\"640\" height=\"480\" src=\"https:\/\/autorai.nl\/wp-content\/uploads\/2022\/10\/Ford-Pro-Electric-SuperVan-21-640x480.jpg\" class=\"attachment-medium size-medium\" alt=\"\" loading=\"lazy\"><i class=\"fa fa-search-plus\" aria-hidden=\"true\"><\/i><br \/>\n\t\t\t\t\t\t<\/span><br \/>\n\t\t\t\t\t<\/figure>\n<figure>\n\t\t\t\t\t<span style=\"cursor: pointer\" data-src=\"https:\/\/autorai.nl\/wp-content\/uploads\/2022\/10\/Ford-Pro-Electric-SuperVan-49-1600x1067.jpg\" data-fancybox=\"galery-4\" title=\"\"><br \/>\n\t\t\t\t\t\t\t<img decoding=\"async\" width=\"360\" height=\"270\" src=\"https:\/\/autorai.nl\/wp-content\/uploads\/2022\/10\/Ford-Pro-Electric-SuperVan-49-360x270.jpg\" class=\"attachment-small size-small\" alt=\"\" loading=\"lazy\"><i class=\"fa fa-search-plus\" aria-hidden=\"true\"><\/i><br \/>\n\t\t\t\t\t\t<\/span><br \/>\n\t\t\t\t\t<\/figure>\n<figure>\n\t\t\t\t\t<span style=\"cursor: pointer\" data-src=\"https:\/\/autorai.nl\/wp-content\/uploads\/2022\/10\/Ford-Pro-Electric-SuperVan-61-1600x1067.jpg\" data-fancybox=\"galery-4\" title=\"\"><br \/>\n\t\t\t\t\t\t\t<img decoding=\"async\" width=\"360\" height=\"270\" src=\"https:\/\/autorai.nl\/wp-content\/uploads\/2022\/10\/Ford-Pro-Electric-SuperVan-61-360x270.jpg\" class=\"attachment-small size-small\" alt=\"\" loading=\"lazy\"><i class=\"fa fa-search-plus\" aria-hidden=\"true\"><\/i><br \/>\n\t\t\t\t\t\t<\/span><br \/>\n\t\t\t\t\t<\/figure>\n<div class=\"clear\"><\/div>\n<\/div>\n<p>Le pilote d&rsquo;essai freine alors \u00e0 fond, mais m\u00eame alors, le premier virage est pris \u00e0 une vitesse presque irr\u00e9elle. M\u00eame dans les virages suivants, le SuperVan colle \u00e0 la route. M\u00eame dans les collines qui simulent une route de campagne avec des changements d&rsquo;altitude rapides, ou dans les virages avec des pav\u00e9s. Qu&rsquo;une chose aussi grande et carr\u00e9e puisse avoir autant de prise, c&rsquo;est presque irr\u00e9el.<\/p>\n<p>Dans la vid\u00e9o ci-dessous, vous pouvez voir le Ford Pro Electric SuperVan en action. Les images n&rsquo;ont pas \u00e9t\u00e9 diffus\u00e9es en acc\u00e9l\u00e9r\u00e9&#8230;<\/p>\n<h2>Ce Ford Transit a 2 000 ch ! &#8211; AutoRAI TV<\/h2>\n<\/p>\n<figure class=\"wp-block-embed\">\n<div class=\"wp-block-embed__wrapper\">\n<iframe loading=\"lazy\" title=\"Deze Ford Transit heeft 2.000 pk! - AutoRAI TV\" width=\"500\" height=\"281\" src=\"https:\/\/www.youtube.com\/embed\/zvZPRRLDMnA?feature=oembed\" frameborder=\"0\" allow=\"accelerometer; autoplay; clipboard-write; encrypted-media; gyroscope; picture-in-picture; web-share\" referrerpolicy=\"strict-origin-when-cross-origin\" allowfullscreen><\/iframe>\n<\/div>\n<\/figure>\n","protected":false},"excerpt":{"rendered":"Ford travaille \u00e9galement d'arrache-pied pour \u00e9lectrifier sa gamme de mod\u00e8les. Cela s'applique \u00e9galement, ou pr\u00e9cis\u00e9ment, \u00e0 la famille des v\u00e9hicules\u2026","protected":false},"author":0,"featured_media":125872,"comment_status":"open","ping_status":"open","sticky":false,"template":"","format":"standard","meta":{"footnotes":""},"categories":[147,127],"tags":[],"class_list":["post-125884","post","type-post","status-publish","format-standard","has-post-thumbnail","hentry","category-essais-de-voiture","category-nouvelles-de-voiture"],"acf":[],"yoast_head":"<!-- This site is optimized with the Yoast SEO plugin v21.2 - https:\/\/yoast.com\/wordpress\/plugins\/seo\/ -->\n<title>Review - Premi\u00e8res impressions Ford E-Transit (2022) - All cars news<\/title>\n<meta name=\"robots\" content=\"index, follow, max-snippet:-1, max-image-preview:large, max-video-preview:-1\" \/>\n<link rel=\"canonical\" href=\"https:\/\/all-car-news.com\/fr\/review-premieres-impressions-ford-e-transit-2022\/\" \/>\n<meta property=\"og:locale\" content=\"fr_FR\" \/>\n<meta property=\"og:type\" content=\"article\" \/>\n<meta property=\"og:title\" content=\"Review - Premi\u00e8res impressions Ford E-Transit (2022) - All cars news\" \/>\n<meta property=\"og:description\" content=\"Ford travaille \u00e9galement d&#039;arrache-pied pour \u00e9lectrifier sa gamme de mod\u00e8les. Cela s&#039;applique \u00e9galement, ou pr\u00e9cis\u00e9ment, \u00e0 la famille des v\u00e9hicules commerciaux Transit. Plus t\u00f4t cette ann\u00e9e, Ford a d\u00e9voil\u00e9 l&#039;E-Transit Custom, mais d\u00e8s 2020, la marque a pr\u00e9sent\u00e9 le plus grand fourgon tout \u00e9lectrique : le Ford E-Transit. Entre-temps, le d\u00e9veloppement de la Ford E-Transit a \u00e9t\u00e9 achev\u00e9 et la voiture \u00e9lectrique [...].\" \/>\n<meta property=\"og:url\" content=\"https:\/\/all-car-news.com\/fr\/review-premieres-impressions-ford-e-transit-2022\/\" \/>\n<meta property=\"og:site_name\" content=\"All cars news\" \/>\n<meta property=\"article:published_time\" content=\"2022-10-29T15:02:00+00:00\" \/>\n<meta property=\"og:image\" content=\"https:\/\/autorai.nl\/wp-content\/uploads\/2022\/10\/Ford-E-Transit-6-1140x713.jpg\" \/>\n<meta name=\"twitter:card\" content=\"summary_large_image\" \/>\n<meta name=\"twitter:label1\" content=\"Dur\u00e9e de lecture estim\u00e9e\" \/>\n\t<meta name=\"twitter:data1\" content=\"5 minutes\" \/>\n<script type=\"application\/ld+json\" class=\"yoast-schema-graph\">{\"@context\":\"https:\/\/schema.org\",\"@graph\":[{\"@type\":\"Article\",\"@id\":\"https:\/\/all-car-news.com\/fr\/review-premieres-impressions-ford-e-transit-2022\/#article\",\"isPartOf\":{\"@id\":\"https:\/\/all-car-news.com\/fr\/review-premieres-impressions-ford-e-transit-2022\/\"},\"author\":{\"name\":\"\",\"@id\":\"\"},\"headline\":\"Review &#8211; Premi\u00e8res impressions Ford E-Transit (2022)\",\"datePublished\":\"2022-10-29T15:02:00+00:00\",\"dateModified\":\"2022-10-29T15:02:00+00:00\",\"mainEntityOfPage\":{\"@id\":\"https:\/\/all-car-news.com\/fr\/review-premieres-impressions-ford-e-transit-2022\/\"},\"wordCount\":995,\"commentCount\":0,\"publisher\":{\"@id\":\"https:\/\/all-car-news.com\/fr\/#organization\"},\"articleSection\":[\"essais de voiture\",\"nouvelles de voiture\"],\"inLanguage\":\"fr-FR\",\"potentialAction\":[{\"@type\":\"CommentAction\",\"name\":\"Comment\",\"target\":[\"https:\/\/all-car-news.com\/fr\/review-premieres-impressions-ford-e-transit-2022\/#respond\"]}]},{\"@type\":\"WebPage\",\"@id\":\"https:\/\/all-car-news.com\/fr\/review-premieres-impressions-ford-e-transit-2022\/\",\"url\":\"https:\/\/all-car-news.com\/fr\/review-premieres-impressions-ford-e-transit-2022\/\",\"name\":\"Review - Premi\u00e8res impressions Ford E-Transit (2022) - All cars news\",\"isPartOf\":{\"@id\":\"https:\/\/all-car-news.com\/fr\/#website\"},\"datePublished\":\"2022-10-29T15:02:00+00:00\",\"dateModified\":\"2022-10-29T15:02:00+00:00\",\"breadcrumb\":{\"@id\":\"https:\/\/all-car-news.com\/fr\/review-premieres-impressions-ford-e-transit-2022\/#breadcrumb\"},\"inLanguage\":\"fr-FR\",\"potentialAction\":[{\"@type\":\"ReadAction\",\"target\":[\"https:\/\/all-car-news.com\/fr\/review-premieres-impressions-ford-e-transit-2022\/\"]}]},{\"@type\":\"BreadcrumbList\",\"@id\":\"https:\/\/all-car-news.com\/fr\/review-premieres-impressions-ford-e-transit-2022\/#breadcrumb\",\"itemListElement\":[{\"@type\":\"ListItem\",\"position\":1,\"name\":\"Home\",\"item\":\"https:\/\/all-car-news.com\/fr\/\"},{\"@type\":\"ListItem\",\"position\":2,\"name\":\"Review &#8211; Premi\u00e8res impressions Ford E-Transit (2022)\"}]},{\"@type\":\"WebSite\",\"@id\":\"https:\/\/all-car-news.com\/fr\/#website\",\"url\":\"https:\/\/all-car-news.com\/fr\/\",\"name\":\"All cars news\",\"description\":\"\",\"publisher\":{\"@id\":\"https:\/\/all-car-news.com\/fr\/#organization\"},\"potentialAction\":[{\"@type\":\"SearchAction\",\"target\":{\"@type\":\"EntryPoint\",\"urlTemplate\":\"https:\/\/all-car-news.com\/fr\/?s={search_term_string}\"},\"query-input\":\"required name=search_term_string\"}],\"inLanguage\":\"fr-FR\"},{\"@type\":\"Organization\",\"@id\":\"https:\/\/all-car-news.com\/fr\/#organization\",\"name\":\"All cars news\",\"url\":\"https:\/\/all-car-news.com\/fr\/\",\"logo\":{\"@type\":\"ImageObject\",\"inLanguage\":\"fr-FR\",\"@id\":\"https:\/\/all-car-news.com\/fr\/#\/schema\/logo\/image\/\",\"url\":\"https:\/\/all-car-news.com\/wp-content\/uploads\/2022\/02\/CMYK-AllCarNews_LANDSCAPE_300px-1.png\",\"contentUrl\":\"https:\/\/all-car-news.com\/wp-content\/uploads\/2022\/02\/CMYK-AllCarNews_LANDSCAPE_300px-1.png\",\"width\":300,\"height\":100,\"caption\":\"All cars news\"},\"image\":{\"@id\":\"https:\/\/all-car-news.com\/fr\/#\/schema\/logo\/image\/\"}}]}<\/script>\n<!-- \/ Yoast SEO plugin. -->","yoast_head_json":{"title":"Review - Premi\u00e8res impressions Ford E-Transit (2022) - All cars news","robots":{"index":"index","follow":"follow","max-snippet":"max-snippet:-1","max-image-preview":"max-image-preview:large","max-video-preview":"max-video-preview:-1"},"canonical":"https:\/\/all-car-news.com\/fr\/review-premieres-impressions-ford-e-transit-2022\/","og_locale":"fr_FR","og_type":"article","og_title":"Review - Premi\u00e8res impressions Ford E-Transit (2022) - All cars news","og_description":"Ford travaille \u00e9galement d'arrache-pied pour \u00e9lectrifier sa gamme de mod\u00e8les. Cela s'applique \u00e9galement, ou pr\u00e9cis\u00e9ment, \u00e0 la famille des v\u00e9hicules commerciaux Transit. Plus t\u00f4t cette ann\u00e9e, Ford a d\u00e9voil\u00e9 l'E-Transit Custom, mais d\u00e8s 2020, la marque a pr\u00e9sent\u00e9 le plus grand fourgon tout \u00e9lectrique : le Ford E-Transit. Entre-temps, le d\u00e9veloppement de la Ford E-Transit a \u00e9t\u00e9 achev\u00e9 et la voiture \u00e9lectrique [...].","og_url":"https:\/\/all-car-news.com\/fr\/review-premieres-impressions-ford-e-transit-2022\/","og_site_name":"All cars news","article_published_time":"2022-10-29T15:02:00+00:00","og_image":[{"url":"https:\/\/autorai.nl\/wp-content\/uploads\/2022\/10\/Ford-E-Transit-6-1140x713.jpg"}],"twitter_card":"summary_large_image","twitter_misc":{"Dur\u00e9e de lecture estim\u00e9e":"5 minutes"},"schema":{"@context":"https:\/\/schema.org","@graph":[{"@type":"Article","@id":"https:\/\/all-car-news.com\/fr\/review-premieres-impressions-ford-e-transit-2022\/#article","isPartOf":{"@id":"https:\/\/all-car-news.com\/fr\/review-premieres-impressions-ford-e-transit-2022\/"},"author":{"name":"","@id":""},"headline":"Review &#8211; Premi\u00e8res impressions Ford E-Transit (2022)","datePublished":"2022-10-29T15:02:00+00:00","dateModified":"2022-10-29T15:02:00+00:00","mainEntityOfPage":{"@id":"https:\/\/all-car-news.com\/fr\/review-premieres-impressions-ford-e-transit-2022\/"},"wordCount":995,"commentCount":0,"publisher":{"@id":"https:\/\/all-car-news.com\/fr\/#organization"},"articleSection":["essais de voiture","nouvelles de voiture"],"inLanguage":"fr-FR","potentialAction":[{"@type":"CommentAction","name":"Comment","target":["https:\/\/all-car-news.com\/fr\/review-premieres-impressions-ford-e-transit-2022\/#respond"]}]},{"@type":"WebPage","@id":"https:\/\/all-car-news.com\/fr\/review-premieres-impressions-ford-e-transit-2022\/","url":"https:\/\/all-car-news.com\/fr\/review-premieres-impressions-ford-e-transit-2022\/","name":"Review - Premi\u00e8res impressions Ford E-Transit (2022) - All cars news","isPartOf":{"@id":"https:\/\/all-car-news.com\/fr\/#website"},"datePublished":"2022-10-29T15:02:00+00:00","dateModified":"2022-10-29T15:02:00+00:00","breadcrumb":{"@id":"https:\/\/all-car-news.com\/fr\/review-premieres-impressions-ford-e-transit-2022\/#breadcrumb"},"inLanguage":"fr-FR","potentialAction":[{"@type":"ReadAction","target":["https:\/\/all-car-news.com\/fr\/review-premieres-impressions-ford-e-transit-2022\/"]}]},{"@type":"BreadcrumbList","@id":"https:\/\/all-car-news.com\/fr\/review-premieres-impressions-ford-e-transit-2022\/#breadcrumb","itemListElement":[{"@type":"ListItem","position":1,"name":"Home","item":"https:\/\/all-car-news.com\/fr\/"},{"@type":"ListItem","position":2,"name":"Review &#8211; Premi\u00e8res impressions Ford E-Transit (2022)"}]},{"@type":"WebSite","@id":"https:\/\/all-car-news.com\/fr\/#website","url":"https:\/\/all-car-news.com\/fr\/","name":"All cars news","description":"","publisher":{"@id":"https:\/\/all-car-news.com\/fr\/#organization"},"potentialAction":[{"@type":"SearchAction","target":{"@type":"EntryPoint","urlTemplate":"https:\/\/all-car-news.com\/fr\/?s={search_term_string}"},"query-input":"required name=search_term_string"}],"inLanguage":"fr-FR"},{"@type":"Organization","@id":"https:\/\/all-car-news.com\/fr\/#organization","name":"All cars news","url":"https:\/\/all-car-news.com\/fr\/","logo":{"@type":"ImageObject","inLanguage":"fr-FR","@id":"https:\/\/all-car-news.com\/fr\/#\/schema\/logo\/image\/","url":"https:\/\/all-car-news.com\/wp-content\/uploads\/2022\/02\/CMYK-AllCarNews_LANDSCAPE_300px-1.png","contentUrl":"https:\/\/all-car-news.com\/wp-content\/uploads\/2022\/02\/CMYK-AllCarNews_LANDSCAPE_300px-1.png","width":300,"height":100,"caption":"All cars news"},"image":{"@id":"https:\/\/all-car-news.com\/fr\/#\/schema\/logo\/image\/"}}]}},"_links":{"self":[{"href":"https:\/\/all-car-news.com\/fr\/wp-json\/wp\/v2\/posts\/125884","targetHints":{"allow":["GET"]}}],"collection":[{"href":"https:\/\/all-car-news.com\/fr\/wp-json\/wp\/v2\/posts"}],"about":[{"href":"https:\/\/all-car-news.com\/fr\/wp-json\/wp\/v2\/types\/post"}],"replies":[{"embeddable":true,"href":"https:\/\/all-car-news.com\/fr\/wp-json\/wp\/v2\/comments?post=125884"}],"version-history":[{"count":0,"href":"https:\/\/all-car-news.com\/fr\/wp-json\/wp\/v2\/posts\/125884\/revisions"}],"wp:featuredmedia":[{"embeddable":true,"href":"https:\/\/all-car-news.com\/fr\/wp-json\/wp\/v2\/media\/125872"}],"wp:attachment":[{"href":"https:\/\/all-car-news.com\/fr\/wp-json\/wp\/v2\/media?parent=125884"}],"wp:term":[{"taxonomy":"category","embeddable":true,"href":"https:\/\/all-car-news.com\/fr\/wp-json\/wp\/v2\/categories?post=125884"},{"taxonomy":"post_tag","embeddable":true,"href":"https:\/\/all-car-news.com\/fr\/wp-json\/wp\/v2\/tags?post=125884"}],"curies":[{"name":"wp","href":"https:\/\/api.w.org\/{rel}","templated":true}]}}