{"id":125754,"date":"2022-10-27T14:01:00","date_gmt":"2022-10-27T14:01:00","guid":{"rendered":"https:\/\/all-car-news.com\/les-versions-dentree-de-gamme-des-alfa-romeo-giulia-et-stelvio-renovees-immediatement-avec-280-ch\/"},"modified":"2022-10-27T14:01:00","modified_gmt":"2022-10-27T14:01:00","slug":"les-versions-dentree-de-gamme-des-alfa-romeo-giulia-et-stelvio-renovees-immediatement-avec-280-ch","status":"publish","type":"post","link":"https:\/\/all-car-news.com\/fr\/les-versions-dentree-de-gamme-des-alfa-romeo-giulia-et-stelvio-renovees-immediatement-avec-280-ch\/","title":{"rendered":"Les versions d&rsquo;entr\u00e9e de gamme des Alfa Romeo Giulia et Stelvio r\u00e9nov\u00e9es imm\u00e9diatement avec 280 ch"},"content":{"rendered":"<h2>Nouvelle fa\u00e7ade pour Alfa Romeo Giulia et Stelvio<\/h2>\n<p>Qu&rsquo;est-ce qui ressort des nouvelles Alfa Romeo Giulia et Alfa Romeo Stelvio ? Le profane devra peut-\u00eatre y regarder \u00e0 deux fois, mais les Alfistes remarqueront probablement imm\u00e9diatement que la calandre a \u00e9t\u00e9 l\u00e9g\u00e8rement modifi\u00e9e et que les phares ont un nouveau design.  <\/p>\n<h2>Nouveaux phares<\/h2>\n<p>Alfa Romeo \u00e9quipe aussi d\u00e9sormais ces deux mod\u00e8les &#8211; comme le Tonale &#8211; de phares matriciels adaptatifs Full-LED \u00e0 trois voies. Les trois modules fournissent non seulement un \u00e9clairage aussi brillant que la lumi\u00e8re du jour, mais forment \u00e9galement un indicateur de direction dynamique. Les phares sont \u00e9quip\u00e9s du syst\u00e8me d&rsquo;\u00e9clairage avant adaptatif &#8211; qui ajuste en permanence les feux de croisement en fonction de la vitesse et des conditions de conduite &#8211; ainsi que de la technologie des feux de route segment\u00e9s sans \u00e9blouissement. Ce dernier syst\u00e8me d\u00e9tecte automatiquement le trafic avant et le trafic en sens inverse dans de mauvaises conditions d&rsquo;\u00e9clairage et \u00e9vite d&rsquo;\u00e9blouir les conducteurs des autres voitures.  <\/p>\n<h2>Les feux arri\u00e8re sont \u00e9galement nouveaux<\/h2>\n<p>La disposition des feux arri\u00e8re \u00e0 LED est \u00e9galement nouvelle. Les feux arri\u00e8re de la Stelvio sont d\u00e9sormais en verre transparent, ceux de la Giulia en verre fum\u00e9 avec finition noire brillante.<\/p>\n<h2>Nouveau tableau de bord enti\u00e8rement num\u00e9rique<\/h2>\n<p>La principale innovation dans l&rsquo;habitacle des Alfa Romeo Giulia et Stelvio est le tableau de bord. Il comprend un nouvel \u00e9cran TFT de 12,3 pouces enti\u00e8rement num\u00e9rique. Le conducteur a le choix entre trois vues : Evolu\u00e9, Relax et H\u00e9ritage.  <\/p>\n<ul>\n<li><strong>Evolved<\/strong> repr\u00e9sente le futur du design Alfa Romeo et utilise la partie centrale de l&rsquo;\u00e9cran, tandis que les parties gauche et droite restent inchang\u00e9es.<\/li>\n<li><strong>Relax<\/strong> se concentre sur le confort et n&rsquo;affiche pas d&rsquo;informations d\u00e9taill\u00e9es sur le v\u00e9hicule.  <\/li>\n<li><strong>Heritage<\/strong> s&rsquo;inspire des mod\u00e8les Alfa Romeo embl\u00e9matiques des ann\u00e9es 1960 et 1970, avec des d\u00e9tails frappants tels que les chiffres invers\u00e9s \u00e0 la fin de la plage du compteur de vitesse.<\/li>\n<\/ul>\n<div class=\"galery shuffle galery-1\">\n<figure>\n\t\t\t\t\t<span style=\"cursor: pointer\" data-src=\"https:\/\/autorai.nl\/wp-content\/uploads\/2022\/10\/alfa-romeo-giulia-facelift-2023-foto22-1600x1280.jpg\" data-fancybox=\"galery-1\" title=\"\"><br \/>\n\t\t\t\t\t\t\t<img decoding=\"async\" width=\"640\" height=\"480\" src=\"https:\/\/autorai.nl\/wp-content\/uploads\/2022\/10\/alfa-romeo-giulia-facelift-2023-foto22-640x480.jpg\" class=\"attachment-medium size-medium\" alt=\"\" loading=\"lazy\"><i class=\"fa fa-search-plus\" aria-hidden=\"true\"><\/i><br \/>\n\t\t\t\t\t\t<\/span><br \/>\n\t\t\t\t\t<\/figure>\n<figure>\n\t\t\t\t\t<span style=\"cursor: pointer\" data-src=\"https:\/\/autorai.nl\/wp-content\/uploads\/2022\/10\/alfa-romeo-giulia-facelift-2023-foto21-1600x1067.jpg\" data-fancybox=\"galery-1\" title=\"\"><br \/>\n\t\t\t\t\t\t\t<img decoding=\"async\" width=\"360\" height=\"270\" src=\"https:\/\/autorai.nl\/wp-content\/uploads\/2022\/10\/alfa-romeo-giulia-facelift-2023-foto21-360x270.jpg\" class=\"attachment-small size-small\" alt=\"\" loading=\"lazy\"><i class=\"fa fa-search-plus\" aria-hidden=\"true\"><\/i><br \/>\n\t\t\t\t\t\t<\/span><br \/>\n\t\t\t\t\t<\/figure>\n<figure>\n\t\t\t\t\t<span style=\"cursor: pointer\" data-src=\"https:\/\/autorai.nl\/wp-content\/uploads\/2022\/10\/alfa-romeo-giulia-facelift-2023-foto20-1600x1280.jpg\" data-fancybox=\"galery-1\" title=\"\"><br \/>\n\t\t\t\t\t\t\t<img decoding=\"async\" width=\"360\" height=\"270\" src=\"https:\/\/autorai.nl\/wp-content\/uploads\/2022\/10\/alfa-romeo-giulia-facelift-2023-foto20-360x270.jpg\" class=\"attachment-small size-small\" alt=\"\" loading=\"lazy\"><i class=\"fa fa-search-plus\" aria-hidden=\"true\"><\/i><br \/>\n\t\t\t\t\t\t<\/span><br \/>\n\t\t\t\t\t<\/figure>\n<figure>\n\t\t\t\t\t<span style=\"cursor: pointer\" data-src=\"https:\/\/autorai.nl\/wp-content\/uploads\/2022\/10\/alfa-romeo-giulia-facelift-2023-foto19-1600x1280.jpg\" data-fancybox=\"galery-1\" title=\"\"><br \/>\n\t\t\t\t\t\t\t<img decoding=\"async\" width=\"640\" height=\"480\" src=\"https:\/\/autorai.nl\/wp-content\/uploads\/2022\/10\/alfa-romeo-giulia-facelift-2023-foto19-640x480.jpg\" class=\"attachment-medium size-medium\" alt=\"\" loading=\"lazy\"><i class=\"fa fa-search-plus\" aria-hidden=\"true\"><\/i><br \/>\n\t\t\t\t\t\t<\/span><br \/>\n\t\t\t\t\t<\/figure>\n<figure>\n\t\t\t\t\t<span style=\"cursor: pointer\" data-src=\"https:\/\/autorai.nl\/wp-content\/uploads\/2022\/10\/alfa-romeo-giulia-facelift-2023-foto18-1600x1280.jpg\" data-fancybox=\"galery-1\" title=\"\"><br \/>\n\t\t\t\t\t\t\t<img decoding=\"async\" width=\"360\" height=\"270\" src=\"https:\/\/autorai.nl\/wp-content\/uploads\/2022\/10\/alfa-romeo-giulia-facelift-2023-foto18-360x270.jpg\" class=\"attachment-small size-small\" alt=\"\" loading=\"lazy\"><i class=\"fa fa-search-plus\" aria-hidden=\"true\"><\/i><br \/>\n\t\t\t\t\t\t<\/span><br \/>\n\t\t\t\t\t<\/figure>\n<figure>\n\t\t\t\t\t<span style=\"cursor: pointer\" data-src=\"https:\/\/autorai.nl\/wp-content\/uploads\/2022\/10\/alfa-romeo-giulia-facelift-2023-foto17-1600x1010.jpg\" data-fancybox=\"galery-1\" title=\"\"><br \/>\n\t\t\t\t\t\t\t<img decoding=\"async\" width=\"360\" height=\"270\" src=\"https:\/\/autorai.nl\/wp-content\/uploads\/2022\/10\/alfa-romeo-giulia-facelift-2023-foto17-360x270.jpg\" class=\"attachment-small size-small\" alt=\"\" loading=\"lazy\"><i class=\"fa fa-search-plus\" aria-hidden=\"true\"><\/i><br \/>\n\t\t\t\t\t\t<\/span><br \/>\n\t\t\t\t\t<\/figure>\n<figure>\n\t\t\t\t\t<span style=\"cursor: pointer\" data-src=\"https:\/\/autorai.nl\/wp-content\/uploads\/2022\/10\/alfa-romeo-giulia-facelift-2023-foto16-1600x1067.jpg\" data-fancybox=\"galery-1\" title=\"\"><br \/>\n\t\t\t\t\t\t\t<img decoding=\"async\" width=\"640\" height=\"480\" src=\"https:\/\/autorai.nl\/wp-content\/uploads\/2022\/10\/alfa-romeo-giulia-facelift-2023-foto16-640x480.jpg\" class=\"attachment-medium size-medium\" alt=\"\" loading=\"lazy\"><i class=\"fa fa-search-plus\" aria-hidden=\"true\"><\/i><br \/>\n\t\t\t\t\t\t<\/span><br \/>\n\t\t\t\t\t<\/figure>\n<figure>\n\t\t\t\t\t<span style=\"cursor: pointer\" data-src=\"https:\/\/autorai.nl\/wp-content\/uploads\/2022\/10\/alfa-romeo-giulia-facelift-2023-foto15-1600x949.jpg\" data-fancybox=\"galery-1\" title=\"\"><br \/>\n\t\t\t\t\t\t\t<img decoding=\"async\" width=\"360\" height=\"270\" src=\"https:\/\/autorai.nl\/wp-content\/uploads\/2022\/10\/alfa-romeo-giulia-facelift-2023-foto15-360x270.jpg\" class=\"attachment-small size-small\" alt=\"\" loading=\"lazy\"><i class=\"fa fa-search-plus\" aria-hidden=\"true\"><\/i><br \/>\n\t\t\t\t\t\t<\/span><br \/>\n\t\t\t\t\t<\/figure>\n<figure>\n\t\t\t\t\t<span style=\"cursor: pointer\" data-src=\"https:\/\/autorai.nl\/wp-content\/uploads\/2022\/10\/alfa-romeo-giulia-facelift-2023-foto14-1600x1067.jpg\" data-fancybox=\"galery-1\" title=\"\"><br \/>\n\t\t\t\t\t\t\t<img decoding=\"async\" width=\"360\" height=\"270\" src=\"https:\/\/autorai.nl\/wp-content\/uploads\/2022\/10\/alfa-romeo-giulia-facelift-2023-foto14-360x270.jpg\" class=\"attachment-small size-small\" alt=\"\" loading=\"lazy\"><i class=\"fa fa-search-plus\" aria-hidden=\"true\"><\/i><br \/>\n\t\t\t\t\t\t<\/span><br \/>\n\t\t\t\t\t<\/figure>\n<figure>\n\t\t\t\t\t<span style=\"cursor: pointer\" data-src=\"https:\/\/autorai.nl\/wp-content\/uploads\/2022\/10\/alfa-romeo-giulia-facelift-2023-foto13-1600x1067.jpg\" data-fancybox=\"galery-1\" title=\"\"><br \/>\n\t\t\t\t\t\t\t<img decoding=\"async\" width=\"640\" height=\"480\" src=\"https:\/\/autorai.nl\/wp-content\/uploads\/2022\/10\/alfa-romeo-giulia-facelift-2023-foto13-640x480.jpg\" class=\"attachment-medium size-medium\" alt=\"\" loading=\"lazy\"><i class=\"fa fa-search-plus\" aria-hidden=\"true\"><\/i><br \/>\n\t\t\t\t\t\t<\/span><br \/>\n\t\t\t\t\t<\/figure>\n<figure>\n\t\t\t\t\t<span style=\"cursor: pointer\" data-src=\"https:\/\/autorai.nl\/wp-content\/uploads\/2022\/10\/alfa-romeo-giulia-facelift-2023-foto12-1600x1067.jpg\" data-fancybox=\"galery-1\" title=\"\"><br \/>\n\t\t\t\t\t\t\t<img decoding=\"async\" width=\"360\" height=\"270\" src=\"https:\/\/autorai.nl\/wp-content\/uploads\/2022\/10\/alfa-romeo-giulia-facelift-2023-foto12-360x270.jpg\" class=\"attachment-small size-small\" alt=\"\" loading=\"lazy\"><i class=\"fa fa-search-plus\" aria-hidden=\"true\"><\/i><br \/>\n\t\t\t\t\t\t<\/span><br \/>\n\t\t\t\t\t<\/figure>\n<figure>\n\t\t\t\t\t<span style=\"cursor: pointer\" data-src=\"https:\/\/autorai.nl\/wp-content\/uploads\/2022\/10\/alfa-romeo-giulia-facelift-2023-foto11-1600x1067.jpg\" data-fancybox=\"galery-1\" title=\"\"><br \/>\n\t\t\t\t\t\t\t<img decoding=\"async\" width=\"360\" height=\"270\" src=\"https:\/\/autorai.nl\/wp-content\/uploads\/2022\/10\/alfa-romeo-giulia-facelift-2023-foto11-360x270.jpg\" class=\"attachment-small size-small\" alt=\"\" loading=\"lazy\"><i class=\"fa fa-search-plus\" aria-hidden=\"true\"><\/i><br \/>\n\t\t\t\t\t\t<\/span><br \/>\n\t\t\t\t\t<\/figure>\n<figure>\n\t\t\t\t\t<span style=\"cursor: pointer\" data-src=\"https:\/\/autorai.nl\/wp-content\/uploads\/2022\/10\/alfa-romeo-giulia-facelift-2023-foto10-1600x1067.jpg\" data-fancybox=\"galery-1\" title=\"\"><br \/>\n\t\t\t\t\t\t\t<img decoding=\"async\" width=\"640\" height=\"480\" src=\"https:\/\/autorai.nl\/wp-content\/uploads\/2022\/10\/alfa-romeo-giulia-facelift-2023-foto10-640x480.jpg\" class=\"attachment-medium size-medium\" alt=\"\" loading=\"lazy\"><i class=\"fa fa-search-plus\" aria-hidden=\"true\"><\/i><br \/>\n\t\t\t\t\t\t<\/span><br \/>\n\t\t\t\t\t<\/figure>\n<figure>\n\t\t\t\t\t<span style=\"cursor: pointer\" data-src=\"https:\/\/autorai.nl\/wp-content\/uploads\/2022\/10\/alfa-romeo-giulia-facelift-2023-foto9-1600x1067.jpg\" data-fancybox=\"galery-1\" title=\"\"><br \/>\n\t\t\t\t\t\t\t<img decoding=\"async\" width=\"360\" height=\"270\" src=\"https:\/\/autorai.nl\/wp-content\/uploads\/2022\/10\/alfa-romeo-giulia-facelift-2023-foto9-360x270.jpg\" class=\"attachment-small size-small\" alt=\"\" loading=\"lazy\"><i class=\"fa fa-search-plus\" aria-hidden=\"true\"><\/i><br \/>\n\t\t\t\t\t\t<\/span><br \/>\n\t\t\t\t\t<\/figure>\n<figure>\n\t\t\t\t\t<span style=\"cursor: pointer\" data-src=\"https:\/\/autorai.nl\/wp-content\/uploads\/2022\/10\/alfa-romeo-giulia-facelift-2023-foto8-1600x1067.jpg\" data-fancybox=\"galery-1\" title=\"\"><br \/>\n\t\t\t\t\t\t\t<img decoding=\"async\" width=\"360\" height=\"270\" src=\"https:\/\/autorai.nl\/wp-content\/uploads\/2022\/10\/alfa-romeo-giulia-facelift-2023-foto8-360x270.jpg\" class=\"attachment-small size-small\" alt=\"\" loading=\"lazy\"><i class=\"fa fa-search-plus\" aria-hidden=\"true\"><\/i><br \/>\n\t\t\t\t\t\t<\/span><br \/>\n\t\t\t\t\t<\/figure>\n<figure>\n\t\t\t\t\t<span style=\"cursor: pointer\" data-src=\"https:\/\/autorai.nl\/wp-content\/uploads\/2022\/10\/alfa-romeo-giulia-facelift-2023-foto7-1600x1067.jpg\" data-fancybox=\"galery-1\" title=\"\"><br \/>\n\t\t\t\t\t\t\t<img decoding=\"async\" width=\"640\" height=\"480\" src=\"https:\/\/autorai.nl\/wp-content\/uploads\/2022\/10\/alfa-romeo-giulia-facelift-2023-foto7-640x480.jpg\" class=\"attachment-medium size-medium\" alt=\"\" loading=\"lazy\"><i class=\"fa fa-search-plus\" aria-hidden=\"true\"><\/i><br \/>\n\t\t\t\t\t\t<\/span><br \/>\n\t\t\t\t\t<\/figure>\n<figure>\n\t\t\t\t\t<span style=\"cursor: pointer\" data-src=\"https:\/\/autorai.nl\/wp-content\/uploads\/2022\/10\/alfa-romeo-giulia-facelift-2023-foto6-1600x1098.jpg\" data-fancybox=\"galery-1\" title=\"\"><br \/>\n\t\t\t\t\t\t\t<img decoding=\"async\" width=\"360\" height=\"270\" src=\"https:\/\/autorai.nl\/wp-content\/uploads\/2022\/10\/alfa-romeo-giulia-facelift-2023-foto6-360x270.jpg\" class=\"attachment-small size-small\" alt=\"\" loading=\"lazy\"><i class=\"fa fa-search-plus\" aria-hidden=\"true\"><\/i><br \/>\n\t\t\t\t\t\t<\/span><br \/>\n\t\t\t\t\t<\/figure>\n<figure>\n\t\t\t\t\t<span style=\"cursor: pointer\" data-src=\"https:\/\/autorai.nl\/wp-content\/uploads\/2022\/10\/alfa-romeo-giulia-facelift-2023-foto5-1600x1067.jpg\" data-fancybox=\"galery-1\" title=\"\"><br \/>\n\t\t\t\t\t\t\t<img decoding=\"async\" width=\"360\" height=\"270\" src=\"https:\/\/autorai.nl\/wp-content\/uploads\/2022\/10\/alfa-romeo-giulia-facelift-2023-foto5-360x270.jpg\" class=\"attachment-small size-small\" alt=\"\" loading=\"lazy\"><i class=\"fa fa-search-plus\" aria-hidden=\"true\"><\/i><br \/>\n\t\t\t\t\t\t<\/span><br \/>\n\t\t\t\t\t<\/figure>\n<figure>\n\t\t\t\t\t<span style=\"cursor: pointer\" data-src=\"https:\/\/autorai.nl\/wp-content\/uploads\/2022\/10\/alfa-romeo-giulia-facelift-2023-foto4-1600x1067.jpg\" data-fancybox=\"galery-1\" title=\"\"><br \/>\n\t\t\t\t\t\t\t<img decoding=\"async\" width=\"640\" height=\"480\" src=\"https:\/\/autorai.nl\/wp-content\/uploads\/2022\/10\/alfa-romeo-giulia-facelift-2023-foto4-640x480.jpg\" class=\"attachment-medium size-medium\" alt=\"\" loading=\"lazy\"><i class=\"fa fa-search-plus\" aria-hidden=\"true\"><\/i><br \/>\n\t\t\t\t\t\t<\/span><br \/>\n\t\t\t\t\t<\/figure>\n<figure>\n\t\t\t\t\t<span style=\"cursor: pointer\" data-src=\"https:\/\/autorai.nl\/wp-content\/uploads\/2022\/10\/alfa-romeo-giulia-facelift-2023-foto3-1600x1067.jpg\" data-fancybox=\"galery-1\" title=\"\"><br \/>\n\t\t\t\t\t\t\t<img decoding=\"async\" width=\"360\" height=\"270\" src=\"https:\/\/autorai.nl\/wp-content\/uploads\/2022\/10\/alfa-romeo-giulia-facelift-2023-foto3-360x270.jpg\" class=\"attachment-small size-small\" alt=\"\" loading=\"lazy\"><i class=\"fa fa-search-plus\" aria-hidden=\"true\"><\/i><br \/>\n\t\t\t\t\t\t<\/span><br \/>\n\t\t\t\t\t<\/figure>\n<figure>\n\t\t\t\t\t<span style=\"cursor: pointer\" data-src=\"https:\/\/autorai.nl\/wp-content\/uploads\/2022\/10\/alfa-romeo-giulia-facelift-2023-foto2-1600x1067.jpg\" data-fancybox=\"galery-1\" title=\"\"><br \/>\n\t\t\t\t\t\t\t<img decoding=\"async\" width=\"360\" height=\"270\" src=\"https:\/\/autorai.nl\/wp-content\/uploads\/2022\/10\/alfa-romeo-giulia-facelift-2023-foto2-360x270.jpg\" class=\"attachment-small size-small\" alt=\"\" loading=\"lazy\"><i class=\"fa fa-search-plus\" aria-hidden=\"true\"><\/i><br \/>\n\t\t\t\t\t\t<\/span><br \/>\n\t\t\t\t\t<\/figure>\n<div class=\"clear\"><\/div>\n<\/div>\n<h2>Services Alfa Connect<\/h2>\n<p>Gr\u00e2ce au syst\u00e8me d&rsquo;infodivertissement, le conducteur peut acc\u00e9der aux informations, aux fonctions de contr\u00f4le et aux services Alfa Connect. Des mises \u00e0 jour par voie a\u00e9rienne ont \u00e9galement \u00e9t\u00e9 envisag\u00e9es. Pratique car vous n&rsquo;avez pas \u00e0 vous rendre chez le concessionnaire pour les mises \u00e0 jour logicielles.<\/p>\n<p>La fonction My Remote comprend plusieurs services, comme la possibilit\u00e9 de verrouiller et d\u00e9verrouiller les portes \u00e0 distance et de contr\u00f4ler les lumi\u00e8res via un smartphone et une smartwatch, entre autres.<\/p>\n<h2>La technologie NFT \u00e9galement<\/h2>\n<p>La technologie NFT (Non-Fungible-Token) est disponible pour les nouvelles Giulia et Stelvio. Alfa Romeo a introduit le NFT avec le Tonale et il est maintenant disponible pour toute la gamme de mod\u00e8les. Cette technologie repose sur le concept de la carte dite \u00ab\u00a0blockchain\u00a0\u00bb, un registre num\u00e9rique crypt\u00e9 et non modifiable qui enregistre les informations cl\u00e9s de la voiture.<\/p>\n<p>Sur la base de la s\u00e9lection effectu\u00e9e par le client, le NFT g\u00e9n\u00e8re un certificat reprenant les d\u00e9tails de l&rsquo;utilisation et de l&rsquo;entretien de la voiture. Ce certificat peut \u00eatre utilis\u00e9 pour justifier de l&rsquo;\u00e9tat de la voiture, et donc de sa valeur r\u00e9siduelle. Le certificat NFT donne de la cr\u00e9dibilit\u00e9 au propri\u00e9taire\/vendeur et offre \u00e0 l&rsquo;acheteur une s\u00e9curit\u00e9 lors de l&rsquo;achat de la voiture d&rsquo;occasion.<\/p>\n<h2>Moteur \u00e0 essence de 280 ch<\/h2>\n<p>Alfa Romeo ne fournit ces deux mod\u00e8les qu&rsquo;en combinaison avec un moteur \u00e0 essence de 280 ch et la transmission int\u00e9grale Q4. Les changements de vitesse sont effectu\u00e9s par une bo\u00eete automatique ZF \u00e0 8 rapports avec des palettes en aluminium.<\/p>\n<p>La variante Super dispose d&rsquo;un pack Sprint. La version Ti est dot\u00e9e d&rsquo;un pack Veloce. Dans la version Ti avec Pack Veloce, la transmission int\u00e9grale Q4 peut \u00eatre int\u00e9gr\u00e9e au diff\u00e9rentiel autobloquant m\u00e9canique Q2. Il augmente l&rsquo;agilit\u00e9 et renforce le caract\u00e8re sportif de la voiture.  <\/p>\n<h2>Version Competizione<\/h2>\n<p>Alfa Romeo fournit \u00e9galement une version Competizione. Il s&rsquo;agit de la finition sup\u00e9rieure des deux mod\u00e8les, qui dispose du Pack Veloce et se distingue par la couleur de carrosserie mate gris clair et les \u00e9triers de frein rouges. En outre, cette version de la Giulia et du Stelvio dispose d&rsquo;un syst\u00e8me audio Harman\/Kardon et d&rsquo;un tableau de bord et de si\u00e8ges recouverts de cuir avec surpiq\u00fbres rouges. Enfin, cette version comprend des vitres teint\u00e9es et des badges Competizione sur les flancs et les appuis-t\u00eate avant.  <\/p>\n<p>En exclusivit\u00e9 sur la variante Competizione, l&rsquo;Alfa Active Suspension, la suspension avec amortisseurs \u00e0 commande \u00e9lectronique qui s&rsquo;adapte en permanence aux conditions de conduite.<\/p>\n<h2>Lancement sur le march\u00e9<\/h2>\n<p>Les nouvelles Giulia et Stelvio seront dans les salles d&rsquo;exposition des concessionnaires Alfa Romeo n\u00e9erlandais \u00e0 partir du premier trimestre 2023. Les versions actualis\u00e9es du Quadrifoglio suivront plus tard. Le moteur \u00e0 essence de 200 ch a \u00e9t\u00e9 supprim\u00e9 du programme.<\/p>\n<div class=\"galery shuffle galery-0\">\n<figure>\n\t\t\t\t\t<span style=\"cursor: pointer\" data-src=\"https:\/\/autorai.nl\/wp-content\/uploads\/2022\/10\/alfa-romeo-stelvio-facelift-2023-foto26-1600x819.jpg\" data-fancybox=\"galery-0\" title=\"\"><br \/>\n\t\t\t\t\t\t\t<img decoding=\"async\" width=\"640\" height=\"480\" src=\"https:\/\/autorai.nl\/wp-content\/uploads\/2022\/10\/alfa-romeo-stelvio-facelift-2023-foto26-640x480.jpg\" class=\"attachment-medium size-medium\" alt=\"\" loading=\"lazy\"><i class=\"fa fa-search-plus\" aria-hidden=\"true\"><\/i><br \/>\n\t\t\t\t\t\t<\/span><br \/>\n\t\t\t\t\t<\/figure>\n<figure>\n\t\t\t\t\t<span style=\"cursor: pointer\" data-src=\"https:\/\/autorai.nl\/wp-content\/uploads\/2022\/10\/alfa-romeo-stelvio-facelift-2023-foto25-1600x827.jpg\" data-fancybox=\"galery-0\" title=\"\"><br \/>\n\t\t\t\t\t\t\t<img decoding=\"async\" width=\"360\" height=\"270\" src=\"https:\/\/autorai.nl\/wp-content\/uploads\/2022\/10\/alfa-romeo-stelvio-facelift-2023-foto25-360x270.jpg\" class=\"attachment-small size-small\" alt=\"\" loading=\"lazy\"><i class=\"fa fa-search-plus\" aria-hidden=\"true\"><\/i><br \/>\n\t\t\t\t\t\t<\/span><br \/>\n\t\t\t\t\t<\/figure>\n<figure>\n\t\t\t\t\t<span style=\"cursor: pointer\" data-src=\"https:\/\/autorai.nl\/wp-content\/uploads\/2022\/10\/alfa-romeo-stelvio-facelift-2023-foto24-1600x1067.jpg\" data-fancybox=\"galery-0\" title=\"\"><br \/>\n\t\t\t\t\t\t\t<img decoding=\"async\" width=\"360\" height=\"270\" src=\"https:\/\/autorai.nl\/wp-content\/uploads\/2022\/10\/alfa-romeo-stelvio-facelift-2023-foto24-360x270.jpg\" class=\"attachment-small size-small\" alt=\"\" loading=\"lazy\"><i class=\"fa fa-search-plus\" aria-hidden=\"true\"><\/i><br \/>\n\t\t\t\t\t\t<\/span><br \/>\n\t\t\t\t\t<\/figure>\n<figure>\n\t\t\t\t\t<span style=\"cursor: pointer\" data-src=\"https:\/\/autorai.nl\/wp-content\/uploads\/2022\/10\/alfa-romeo-stelvio-facelift-2023-foto23-1600x1067.jpg\" data-fancybox=\"galery-0\" title=\"\"><br \/>\n\t\t\t\t\t\t\t<img decoding=\"async\" width=\"640\" height=\"480\" src=\"https:\/\/autorai.nl\/wp-content\/uploads\/2022\/10\/alfa-romeo-stelvio-facelift-2023-foto23-640x480.jpg\" class=\"attachment-medium size-medium\" alt=\"\" loading=\"lazy\"><i class=\"fa fa-search-plus\" aria-hidden=\"true\"><\/i><br \/>\n\t\t\t\t\t\t<\/span><br \/>\n\t\t\t\t\t<\/figure>\n<figure>\n\t\t\t\t\t<span style=\"cursor: pointer\" data-src=\"https:\/\/autorai.nl\/wp-content\/uploads\/2022\/10\/alfa-romeo-stelvio-facelift-2023-foto22-1600x1250.jpg\" data-fancybox=\"galery-0\" title=\"\"><br \/>\n\t\t\t\t\t\t\t<img decoding=\"async\" width=\"360\" height=\"270\" src=\"https:\/\/autorai.nl\/wp-content\/uploads\/2022\/10\/alfa-romeo-stelvio-facelift-2023-foto22-360x270.jpg\" class=\"attachment-small size-small\" alt=\"\" loading=\"lazy\"><i class=\"fa fa-search-plus\" aria-hidden=\"true\"><\/i><br \/>\n\t\t\t\t\t\t<\/span><br \/>\n\t\t\t\t\t<\/figure>\n<figure>\n\t\t\t\t\t<span style=\"cursor: pointer\" data-src=\"https:\/\/autorai.nl\/wp-content\/uploads\/2022\/10\/alfa-romeo-stelvio-facelift-2023-foto21-1600x1067.jpg\" data-fancybox=\"galery-0\" title=\"\"><br \/>\n\t\t\t\t\t\t\t<img decoding=\"async\" width=\"360\" height=\"270\" src=\"https:\/\/autorai.nl\/wp-content\/uploads\/2022\/10\/alfa-romeo-stelvio-facelift-2023-foto21-360x270.jpg\" class=\"attachment-small size-small\" alt=\"\" loading=\"lazy\"><i class=\"fa fa-search-plus\" aria-hidden=\"true\"><\/i><br \/>\n\t\t\t\t\t\t<\/span><br \/>\n\t\t\t\t\t<\/figure>\n<figure>\n\t\t\t\t\t<span style=\"cursor: pointer\" data-src=\"https:\/\/autorai.nl\/wp-content\/uploads\/2022\/10\/alfa-romeo-stelvio-facelift-2023-foto20-1600x1067.jpg\" data-fancybox=\"galery-0\" title=\"\"><br \/>\n\t\t\t\t\t\t\t<img decoding=\"async\" width=\"640\" height=\"480\" src=\"https:\/\/autorai.nl\/wp-content\/uploads\/2022\/10\/alfa-romeo-stelvio-facelift-2023-foto20-640x480.jpg\" class=\"attachment-medium size-medium\" alt=\"\" loading=\"lazy\"><i class=\"fa fa-search-plus\" aria-hidden=\"true\"><\/i><br \/>\n\t\t\t\t\t\t<\/span><br \/>\n\t\t\t\t\t<\/figure>\n<figure>\n\t\t\t\t\t<span style=\"cursor: pointer\" data-src=\"https:\/\/autorai.nl\/wp-content\/uploads\/2022\/10\/alfa-romeo-stelvio-facelift-2023-foto19-1600x1140.jpg\" data-fancybox=\"galery-0\" title=\"\"><br \/>\n\t\t\t\t\t\t\t<img decoding=\"async\" width=\"360\" height=\"270\" src=\"https:\/\/autorai.nl\/wp-content\/uploads\/2022\/10\/alfa-romeo-stelvio-facelift-2023-foto19-360x270.jpg\" class=\"attachment-small size-small\" alt=\"\" loading=\"lazy\"><i class=\"fa fa-search-plus\" aria-hidden=\"true\"><\/i><br \/>\n\t\t\t\t\t\t<\/span><br \/>\n\t\t\t\t\t<\/figure>\n<figure>\n\t\t\t\t\t<span style=\"cursor: pointer\" data-src=\"https:\/\/autorai.nl\/wp-content\/uploads\/2022\/10\/alfa-romeo-stelvio-facelift-2023-foto18-1600x1067.jpg\" data-fancybox=\"galery-0\" title=\"\"><br \/>\n\t\t\t\t\t\t\t<img decoding=\"async\" width=\"360\" height=\"270\" src=\"https:\/\/autorai.nl\/wp-content\/uploads\/2022\/10\/alfa-romeo-stelvio-facelift-2023-foto18-360x270.jpg\" class=\"attachment-small size-small\" alt=\"\" loading=\"lazy\"><i class=\"fa fa-search-plus\" aria-hidden=\"true\"><\/i><br \/>\n\t\t\t\t\t\t<\/span><br \/>\n\t\t\t\t\t<\/figure>\n<figure>\n\t\t\t\t\t<span style=\"cursor: pointer\" data-src=\"https:\/\/autorai.nl\/wp-content\/uploads\/2022\/10\/alfa-romeo-stelvio-facelift-2023-foto17-1600x1118.jpg\" data-fancybox=\"galery-0\" title=\"\"><br \/>\n\t\t\t\t\t\t\t<img decoding=\"async\" width=\"640\" height=\"480\" src=\"https:\/\/autorai.nl\/wp-content\/uploads\/2022\/10\/alfa-romeo-stelvio-facelift-2023-foto17-640x480.jpg\" class=\"attachment-medium size-medium\" alt=\"\" loading=\"lazy\"><i class=\"fa fa-search-plus\" aria-hidden=\"true\"><\/i><br \/>\n\t\t\t\t\t\t<\/span><br \/>\n\t\t\t\t\t<\/figure>\n<figure>\n\t\t\t\t\t<span style=\"cursor: pointer\" data-src=\"https:\/\/autorai.nl\/wp-content\/uploads\/2022\/10\/alfa-romeo-stelvio-facelift-2023-foto16-1600x1067.jpg\" data-fancybox=\"galery-0\" title=\"\"><br \/>\n\t\t\t\t\t\t\t<img decoding=\"async\" width=\"360\" height=\"270\" src=\"https:\/\/autorai.nl\/wp-content\/uploads\/2022\/10\/alfa-romeo-stelvio-facelift-2023-foto16-360x270.jpg\" class=\"attachment-small size-small\" alt=\"\" loading=\"lazy\"><i class=\"fa fa-search-plus\" aria-hidden=\"true\"><\/i><br \/>\n\t\t\t\t\t\t<\/span><br \/>\n\t\t\t\t\t<\/figure>\n<figure>\n\t\t\t\t\t<span style=\"cursor: pointer\" data-src=\"https:\/\/autorai.nl\/wp-content\/uploads\/2022\/10\/alfa-romeo-stelvio-facelift-2023-foto15-1600x1067.jpg\" data-fancybox=\"galery-0\" title=\"\"><br \/>\n\t\t\t\t\t\t\t<img decoding=\"async\" width=\"360\" height=\"270\" src=\"https:\/\/autorai.nl\/wp-content\/uploads\/2022\/10\/alfa-romeo-stelvio-facelift-2023-foto15-360x270.jpg\" class=\"attachment-small size-small\" alt=\"\" loading=\"lazy\"><i class=\"fa fa-search-plus\" aria-hidden=\"true\"><\/i><br \/>\n\t\t\t\t\t\t<\/span><br \/>\n\t\t\t\t\t<\/figure>\n<figure>\n\t\t\t\t\t<span style=\"cursor: pointer\" data-src=\"https:\/\/autorai.nl\/wp-content\/uploads\/2022\/10\/alfa-romeo-stelvio-facelift-2023-foto14-1600x1067.jpg\" data-fancybox=\"galery-0\" title=\"\"><br \/>\n\t\t\t\t\t\t\t<img decoding=\"async\" width=\"640\" height=\"480\" src=\"https:\/\/autorai.nl\/wp-content\/uploads\/2022\/10\/alfa-romeo-stelvio-facelift-2023-foto14-640x480.jpg\" class=\"attachment-medium size-medium\" alt=\"\" loading=\"lazy\"><i class=\"fa fa-search-plus\" aria-hidden=\"true\"><\/i><br \/>\n\t\t\t\t\t\t<\/span><br \/>\n\t\t\t\t\t<\/figure>\n<figure>\n\t\t\t\t\t<span style=\"cursor: pointer\" data-src=\"https:\/\/autorai.nl\/wp-content\/uploads\/2022\/10\/alfa-romeo-stelvio-facelift-2023-foto13-1600x1067.jpg\" data-fancybox=\"galery-0\" title=\"\"><br \/>\n\t\t\t\t\t\t\t<img decoding=\"async\" width=\"360\" height=\"270\" src=\"https:\/\/autorai.nl\/wp-content\/uploads\/2022\/10\/alfa-romeo-stelvio-facelift-2023-foto13-360x270.jpg\" class=\"attachment-small size-small\" alt=\"\" loading=\"lazy\"><i class=\"fa fa-search-plus\" aria-hidden=\"true\"><\/i><br \/>\n\t\t\t\t\t\t<\/span><br \/>\n\t\t\t\t\t<\/figure>\n<figure>\n\t\t\t\t\t<span style=\"cursor: pointer\" data-src=\"https:\/\/autorai.nl\/wp-content\/uploads\/2022\/10\/alfa-romeo-stelvio-facelift-2023-foto12-1600x1067.jpg\" data-fancybox=\"galery-0\" title=\"\"><br \/>\n\t\t\t\t\t\t\t<img decoding=\"async\" width=\"360\" height=\"270\" src=\"https:\/\/autorai.nl\/wp-content\/uploads\/2022\/10\/alfa-romeo-stelvio-facelift-2023-foto12-360x270.jpg\" class=\"attachment-small size-small\" alt=\"\" loading=\"lazy\"><i class=\"fa fa-search-plus\" aria-hidden=\"true\"><\/i><br \/>\n\t\t\t\t\t\t<\/span><br \/>\n\t\t\t\t\t<\/figure>\n<figure>\n\t\t\t\t\t<span style=\"cursor: pointer\" data-src=\"https:\/\/autorai.nl\/wp-content\/uploads\/2022\/10\/alfa-romeo-stelvio-facelift-2023-foto11-1600x1067.jpg\" data-fancybox=\"galery-0\" title=\"\"><br \/>\n\t\t\t\t\t\t\t<img decoding=\"async\" width=\"640\" height=\"480\" src=\"https:\/\/autorai.nl\/wp-content\/uploads\/2022\/10\/alfa-romeo-stelvio-facelift-2023-foto11-640x480.jpg\" class=\"attachment-medium size-medium\" alt=\"\" loading=\"lazy\"><i class=\"fa fa-search-plus\" aria-hidden=\"true\"><\/i><br \/>\n\t\t\t\t\t\t<\/span><br \/>\n\t\t\t\t\t<\/figure>\n<figure>\n\t\t\t\t\t<span style=\"cursor: pointer\" data-src=\"https:\/\/autorai.nl\/wp-content\/uploads\/2022\/10\/alfa-romeo-stelvio-facelift-2023-foto8-1600x1067.jpg\" data-fancybox=\"galery-0\" title=\"\"><br \/>\n\t\t\t\t\t\t\t<img decoding=\"async\" width=\"360\" height=\"270\" src=\"https:\/\/autorai.nl\/wp-content\/uploads\/2022\/10\/alfa-romeo-stelvio-facelift-2023-foto8-360x270.jpg\" class=\"attachment-small size-small\" alt=\"\" loading=\"lazy\"><i class=\"fa fa-search-plus\" aria-hidden=\"true\"><\/i><br \/>\n\t\t\t\t\t\t<\/span><br \/>\n\t\t\t\t\t<\/figure>\n<figure>\n\t\t\t\t\t<span style=\"cursor: pointer\" data-src=\"https:\/\/autorai.nl\/wp-content\/uploads\/2022\/10\/alfa-romeo-stelvio-facelift-2023-foto7-1600x1067.jpg\" data-fancybox=\"galery-0\" title=\"\"><br \/>\n\t\t\t\t\t\t\t<img decoding=\"async\" width=\"360\" height=\"270\" src=\"https:\/\/autorai.nl\/wp-content\/uploads\/2022\/10\/alfa-romeo-stelvio-facelift-2023-foto7-360x270.jpg\" class=\"attachment-small size-small\" alt=\"\" loading=\"lazy\"><i class=\"fa fa-search-plus\" aria-hidden=\"true\"><\/i><br \/>\n\t\t\t\t\t\t<\/span><br \/>\n\t\t\t\t\t<\/figure>\n<figure>\n\t\t\t\t\t<span style=\"cursor: pointer\" data-src=\"https:\/\/autorai.nl\/wp-content\/uploads\/2022\/10\/alfa-romeo-stelvio-facelift-2023-foto6-1600x1067.jpg\" data-fancybox=\"galery-0\" title=\"\"><br \/>\n\t\t\t\t\t\t\t<img decoding=\"async\" width=\"640\" height=\"480\" src=\"https:\/\/autorai.nl\/wp-content\/uploads\/2022\/10\/alfa-romeo-stelvio-facelift-2023-foto6-640x480.jpg\" class=\"attachment-medium size-medium\" alt=\"\" loading=\"lazy\"><i class=\"fa fa-search-plus\" aria-hidden=\"true\"><\/i><br \/>\n\t\t\t\t\t\t<\/span><br \/>\n\t\t\t\t\t<\/figure>\n<figure>\n\t\t\t\t\t<span style=\"cursor: pointer\" data-src=\"https:\/\/autorai.nl\/wp-content\/uploads\/2022\/10\/alfa-romeo-stelvio-facelift-2023-foto5-1600x1067.jpg\" data-fancybox=\"galery-0\" title=\"\"><br \/>\n\t\t\t\t\t\t\t<img decoding=\"async\" width=\"360\" height=\"270\" src=\"https:\/\/autorai.nl\/wp-content\/uploads\/2022\/10\/alfa-romeo-stelvio-facelift-2023-foto5-360x270.jpg\" class=\"attachment-small size-small\" alt=\"\" loading=\"lazy\"><i class=\"fa fa-search-plus\" aria-hidden=\"true\"><\/i><br \/>\n\t\t\t\t\t\t<\/span><br \/>\n\t\t\t\t\t<\/figure>\n<figure>\n\t\t\t\t\t<span style=\"cursor: pointer\" data-src=\"https:\/\/autorai.nl\/wp-content\/uploads\/2022\/10\/alfa-romeo-stelvio-facelift-2023-foto4-1600x1067.jpg\" data-fancybox=\"galery-0\" title=\"\"><br \/>\n\t\t\t\t\t\t\t<img decoding=\"async\" width=\"360\" height=\"270\" src=\"https:\/\/autorai.nl\/wp-content\/uploads\/2022\/10\/alfa-romeo-stelvio-facelift-2023-foto4-360x270.jpg\" class=\"attachment-small size-small\" alt=\"\" loading=\"lazy\"><i class=\"fa fa-search-plus\" aria-hidden=\"true\"><\/i><br \/>\n\t\t\t\t\t\t<\/span><br \/>\n\t\t\t\t\t<\/figure>\n<figure>\n\t\t\t\t\t<span style=\"cursor: pointer\" data-src=\"https:\/\/autorai.nl\/wp-content\/uploads\/2022\/10\/alfa-romeo-stelvio-facelift-2023-foto3-1600x1067.jpg\" data-fancybox=\"galery-0\" title=\"\"><br \/>\n\t\t\t\t\t\t\t<img decoding=\"async\" width=\"640\" height=\"480\" src=\"https:\/\/autorai.nl\/wp-content\/uploads\/2022\/10\/alfa-romeo-stelvio-facelift-2023-foto3-640x480.jpg\" class=\"attachment-medium size-medium\" alt=\"\" loading=\"lazy\"><i class=\"fa fa-search-plus\" aria-hidden=\"true\"><\/i><br \/>\n\t\t\t\t\t\t<\/span><br \/>\n\t\t\t\t\t<\/figure>\n<figure>\n\t\t\t\t\t<span style=\"cursor: pointer\" data-src=\"https:\/\/autorai.nl\/wp-content\/uploads\/2022\/10\/alfa-romeo-stelvio-facelift-2023-foto2-1600x1067.jpg\" data-fancybox=\"galery-0\" title=\"\"><br \/>\n\t\t\t\t\t\t\t<img decoding=\"async\" width=\"360\" height=\"270\" src=\"https:\/\/autorai.nl\/wp-content\/uploads\/2022\/10\/alfa-romeo-stelvio-facelift-2023-foto2-360x270.jpg\" class=\"attachment-small size-small\" alt=\"\" loading=\"lazy\"><i class=\"fa fa-search-plus\" aria-hidden=\"true\"><\/i><br \/>\n\t\t\t\t\t\t<\/span><br \/>\n\t\t\t\t\t<\/figure>\n<figure>\n\t\t\t\t\t<span style=\"cursor: pointer\" data-src=\"https:\/\/autorai.nl\/wp-content\/uploads\/2022\/10\/alfa-romeo-stelvio-facelift-2023-foto1-1600x911.jpg\" data-fancybox=\"galery-0\" title=\"\"><br \/>\n\t\t\t\t\t\t\t<img decoding=\"async\" width=\"360\" height=\"270\" src=\"https:\/\/autorai.nl\/wp-content\/uploads\/2022\/10\/alfa-romeo-stelvio-facelift-2023-foto1-360x270.jpg\" class=\"attachment-small size-small\" alt=\"\" loading=\"lazy\"><i class=\"fa fa-search-plus\" aria-hidden=\"true\"><\/i><br \/>\n\t\t\t\t\t\t<\/span><br \/>\n\t\t\t\t\t<\/figure>\n<div class=\"clear\"><\/div>\n<\/div>\n","protected":false},"excerpt":{"rendered":"Un nouveau visage pour les Alfa Romeo Giulia et Stelvio Qu'est-ce qui ressort des nouvelles Alfa Romeo Giulia et Alfa\u2026","protected":false},"author":0,"featured_media":125690,"comment_status":"open","ping_status":"open","sticky":false,"template":"","format":"standard","meta":{"footnotes":""},"categories":[127],"tags":[],"class_list":["post-125754","post","type-post","status-publish","format-standard","has-post-thumbnail","hentry","category-nouvelles-de-voiture"],"acf":[],"yoast_head":"<!-- This site is optimized with the Yoast SEO plugin v21.2 - https:\/\/yoast.com\/wordpress\/plugins\/seo\/ -->\n<title>Les versions d&#039;entr\u00e9e de gamme des Alfa Romeo Giulia et Stelvio r\u00e9nov\u00e9es imm\u00e9diatement avec 280 ch - All cars news<\/title>\n<meta name=\"robots\" content=\"index, follow, max-snippet:-1, max-image-preview:large, max-video-preview:-1\" \/>\n<link rel=\"canonical\" href=\"https:\/\/all-car-news.com\/fr\/les-versions-dentree-de-gamme-des-alfa-romeo-giulia-et-stelvio-renovees-immediatement-avec-280-ch\/\" \/>\n<meta property=\"og:locale\" content=\"fr_FR\" \/>\n<meta property=\"og:type\" content=\"article\" \/>\n<meta property=\"og:title\" content=\"Les versions d&#039;entr\u00e9e de gamme des Alfa Romeo Giulia et Stelvio r\u00e9nov\u00e9es imm\u00e9diatement avec 280 ch - All cars news\" \/>\n<meta property=\"og:description\" content=\"Un nouveau visage pour les Alfa Romeo Giulia et Stelvio Qu&#039;est-ce qui ressort des nouvelles Alfa Romeo Giulia et Alfa Romeo Stelvio ? Le profane devra peut-\u00eatre y regarder \u00e0 deux fois, mais les Alfistes remarqueront probablement tout de suite que la calandre a \u00e9t\u00e9 l\u00e9g\u00e8rement modifi\u00e9e et que les phares ont un nouveau design. Nouveaux phares Alfa Romeo fournit [...]\" \/>\n<meta property=\"og:url\" content=\"https:\/\/all-car-news.com\/fr\/les-versions-dentree-de-gamme-des-alfa-romeo-giulia-et-stelvio-renovees-immediatement-avec-280-ch\/\" \/>\n<meta property=\"og:site_name\" content=\"All cars news\" \/>\n<meta property=\"article:published_time\" content=\"2022-10-27T14:01:00+00:00\" \/>\n<meta property=\"og:image\" content=\"https:\/\/autorai.nl\/wp-content\/uploads\/2022\/10\/alfa-romeo-giulia-facelift-2023-foto22-640x480.jpg\" \/>\n<meta name=\"twitter:card\" content=\"summary_large_image\" \/>\n<meta name=\"twitter:label1\" content=\"Dur\u00e9e de lecture estim\u00e9e\" \/>\n\t<meta name=\"twitter:data1\" content=\"4 minutes\" \/>\n<script type=\"application\/ld+json\" class=\"yoast-schema-graph\">{\"@context\":\"https:\/\/schema.org\",\"@graph\":[{\"@type\":\"Article\",\"@id\":\"https:\/\/all-car-news.com\/fr\/les-versions-dentree-de-gamme-des-alfa-romeo-giulia-et-stelvio-renovees-immediatement-avec-280-ch\/#article\",\"isPartOf\":{\"@id\":\"https:\/\/all-car-news.com\/fr\/les-versions-dentree-de-gamme-des-alfa-romeo-giulia-et-stelvio-renovees-immediatement-avec-280-ch\/\"},\"author\":{\"name\":\"\",\"@id\":\"\"},\"headline\":\"Les versions d&rsquo;entr\u00e9e de gamme des Alfa Romeo Giulia et Stelvio r\u00e9nov\u00e9es imm\u00e9diatement avec 280 ch\",\"datePublished\":\"2022-10-27T14:01:00+00:00\",\"dateModified\":\"2022-10-27T14:01:00+00:00\",\"mainEntityOfPage\":{\"@id\":\"https:\/\/all-car-news.com\/fr\/les-versions-dentree-de-gamme-des-alfa-romeo-giulia-et-stelvio-renovees-immediatement-avec-280-ch\/\"},\"wordCount\":850,\"commentCount\":0,\"publisher\":{\"@id\":\"https:\/\/all-car-news.com\/fr\/#organization\"},\"articleSection\":[\"nouvelles de voiture\"],\"inLanguage\":\"fr-FR\",\"potentialAction\":[{\"@type\":\"CommentAction\",\"name\":\"Comment\",\"target\":[\"https:\/\/all-car-news.com\/fr\/les-versions-dentree-de-gamme-des-alfa-romeo-giulia-et-stelvio-renovees-immediatement-avec-280-ch\/#respond\"]}]},{\"@type\":\"WebPage\",\"@id\":\"https:\/\/all-car-news.com\/fr\/les-versions-dentree-de-gamme-des-alfa-romeo-giulia-et-stelvio-renovees-immediatement-avec-280-ch\/\",\"url\":\"https:\/\/all-car-news.com\/fr\/les-versions-dentree-de-gamme-des-alfa-romeo-giulia-et-stelvio-renovees-immediatement-avec-280-ch\/\",\"name\":\"Les versions d'entr\u00e9e de gamme des Alfa Romeo Giulia et Stelvio r\u00e9nov\u00e9es imm\u00e9diatement avec 280 ch - All cars news\",\"isPartOf\":{\"@id\":\"https:\/\/all-car-news.com\/fr\/#website\"},\"datePublished\":\"2022-10-27T14:01:00+00:00\",\"dateModified\":\"2022-10-27T14:01:00+00:00\",\"breadcrumb\":{\"@id\":\"https:\/\/all-car-news.com\/fr\/les-versions-dentree-de-gamme-des-alfa-romeo-giulia-et-stelvio-renovees-immediatement-avec-280-ch\/#breadcrumb\"},\"inLanguage\":\"fr-FR\",\"potentialAction\":[{\"@type\":\"ReadAction\",\"target\":[\"https:\/\/all-car-news.com\/fr\/les-versions-dentree-de-gamme-des-alfa-romeo-giulia-et-stelvio-renovees-immediatement-avec-280-ch\/\"]}]},{\"@type\":\"BreadcrumbList\",\"@id\":\"https:\/\/all-car-news.com\/fr\/les-versions-dentree-de-gamme-des-alfa-romeo-giulia-et-stelvio-renovees-immediatement-avec-280-ch\/#breadcrumb\",\"itemListElement\":[{\"@type\":\"ListItem\",\"position\":1,\"name\":\"Home\",\"item\":\"https:\/\/all-car-news.com\/fr\/\"},{\"@type\":\"ListItem\",\"position\":2,\"name\":\"Les versions d&rsquo;entr\u00e9e de gamme des Alfa Romeo Giulia et Stelvio r\u00e9nov\u00e9es imm\u00e9diatement avec 280 ch\"}]},{\"@type\":\"WebSite\",\"@id\":\"https:\/\/all-car-news.com\/fr\/#website\",\"url\":\"https:\/\/all-car-news.com\/fr\/\",\"name\":\"All cars news\",\"description\":\"\",\"publisher\":{\"@id\":\"https:\/\/all-car-news.com\/fr\/#organization\"},\"potentialAction\":[{\"@type\":\"SearchAction\",\"target\":{\"@type\":\"EntryPoint\",\"urlTemplate\":\"https:\/\/all-car-news.com\/fr\/?s={search_term_string}\"},\"query-input\":\"required name=search_term_string\"}],\"inLanguage\":\"fr-FR\"},{\"@type\":\"Organization\",\"@id\":\"https:\/\/all-car-news.com\/fr\/#organization\",\"name\":\"All cars news\",\"url\":\"https:\/\/all-car-news.com\/fr\/\",\"logo\":{\"@type\":\"ImageObject\",\"inLanguage\":\"fr-FR\",\"@id\":\"https:\/\/all-car-news.com\/fr\/#\/schema\/logo\/image\/\",\"url\":\"https:\/\/all-car-news.com\/wp-content\/uploads\/2022\/02\/CMYK-AllCarNews_LANDSCAPE_300px-1.png\",\"contentUrl\":\"https:\/\/all-car-news.com\/wp-content\/uploads\/2022\/02\/CMYK-AllCarNews_LANDSCAPE_300px-1.png\",\"width\":300,\"height\":100,\"caption\":\"All cars news\"},\"image\":{\"@id\":\"https:\/\/all-car-news.com\/fr\/#\/schema\/logo\/image\/\"}}]}<\/script>\n<!-- \/ Yoast SEO plugin. -->","yoast_head_json":{"title":"Les versions d'entr\u00e9e de gamme des Alfa Romeo Giulia et Stelvio r\u00e9nov\u00e9es imm\u00e9diatement avec 280 ch - All cars news","robots":{"index":"index","follow":"follow","max-snippet":"max-snippet:-1","max-image-preview":"max-image-preview:large","max-video-preview":"max-video-preview:-1"},"canonical":"https:\/\/all-car-news.com\/fr\/les-versions-dentree-de-gamme-des-alfa-romeo-giulia-et-stelvio-renovees-immediatement-avec-280-ch\/","og_locale":"fr_FR","og_type":"article","og_title":"Les versions d'entr\u00e9e de gamme des Alfa Romeo Giulia et Stelvio r\u00e9nov\u00e9es imm\u00e9diatement avec 280 ch - All cars news","og_description":"Un nouveau visage pour les Alfa Romeo Giulia et Stelvio Qu'est-ce qui ressort des nouvelles Alfa Romeo Giulia et Alfa Romeo Stelvio ? Le profane devra peut-\u00eatre y regarder \u00e0 deux fois, mais les Alfistes remarqueront probablement tout de suite que la calandre a \u00e9t\u00e9 l\u00e9g\u00e8rement modifi\u00e9e et que les phares ont un nouveau design. Nouveaux phares Alfa Romeo fournit [...]","og_url":"https:\/\/all-car-news.com\/fr\/les-versions-dentree-de-gamme-des-alfa-romeo-giulia-et-stelvio-renovees-immediatement-avec-280-ch\/","og_site_name":"All cars news","article_published_time":"2022-10-27T14:01:00+00:00","og_image":[{"url":"https:\/\/autorai.nl\/wp-content\/uploads\/2022\/10\/alfa-romeo-giulia-facelift-2023-foto22-640x480.jpg"}],"twitter_card":"summary_large_image","twitter_misc":{"Dur\u00e9e de lecture estim\u00e9e":"4 minutes"},"schema":{"@context":"https:\/\/schema.org","@graph":[{"@type":"Article","@id":"https:\/\/all-car-news.com\/fr\/les-versions-dentree-de-gamme-des-alfa-romeo-giulia-et-stelvio-renovees-immediatement-avec-280-ch\/#article","isPartOf":{"@id":"https:\/\/all-car-news.com\/fr\/les-versions-dentree-de-gamme-des-alfa-romeo-giulia-et-stelvio-renovees-immediatement-avec-280-ch\/"},"author":{"name":"","@id":""},"headline":"Les versions d&rsquo;entr\u00e9e de gamme des Alfa Romeo Giulia et Stelvio r\u00e9nov\u00e9es imm\u00e9diatement avec 280 ch","datePublished":"2022-10-27T14:01:00+00:00","dateModified":"2022-10-27T14:01:00+00:00","mainEntityOfPage":{"@id":"https:\/\/all-car-news.com\/fr\/les-versions-dentree-de-gamme-des-alfa-romeo-giulia-et-stelvio-renovees-immediatement-avec-280-ch\/"},"wordCount":850,"commentCount":0,"publisher":{"@id":"https:\/\/all-car-news.com\/fr\/#organization"},"articleSection":["nouvelles de voiture"],"inLanguage":"fr-FR","potentialAction":[{"@type":"CommentAction","name":"Comment","target":["https:\/\/all-car-news.com\/fr\/les-versions-dentree-de-gamme-des-alfa-romeo-giulia-et-stelvio-renovees-immediatement-avec-280-ch\/#respond"]}]},{"@type":"WebPage","@id":"https:\/\/all-car-news.com\/fr\/les-versions-dentree-de-gamme-des-alfa-romeo-giulia-et-stelvio-renovees-immediatement-avec-280-ch\/","url":"https:\/\/all-car-news.com\/fr\/les-versions-dentree-de-gamme-des-alfa-romeo-giulia-et-stelvio-renovees-immediatement-avec-280-ch\/","name":"Les versions d'entr\u00e9e de gamme des Alfa Romeo Giulia et Stelvio r\u00e9nov\u00e9es imm\u00e9diatement avec 280 ch - All cars news","isPartOf":{"@id":"https:\/\/all-car-news.com\/fr\/#website"},"datePublished":"2022-10-27T14:01:00+00:00","dateModified":"2022-10-27T14:01:00+00:00","breadcrumb":{"@id":"https:\/\/all-car-news.com\/fr\/les-versions-dentree-de-gamme-des-alfa-romeo-giulia-et-stelvio-renovees-immediatement-avec-280-ch\/#breadcrumb"},"inLanguage":"fr-FR","potentialAction":[{"@type":"ReadAction","target":["https:\/\/all-car-news.com\/fr\/les-versions-dentree-de-gamme-des-alfa-romeo-giulia-et-stelvio-renovees-immediatement-avec-280-ch\/"]}]},{"@type":"BreadcrumbList","@id":"https:\/\/all-car-news.com\/fr\/les-versions-dentree-de-gamme-des-alfa-romeo-giulia-et-stelvio-renovees-immediatement-avec-280-ch\/#breadcrumb","itemListElement":[{"@type":"ListItem","position":1,"name":"Home","item":"https:\/\/all-car-news.com\/fr\/"},{"@type":"ListItem","position":2,"name":"Les versions d&rsquo;entr\u00e9e de gamme des Alfa Romeo Giulia et Stelvio r\u00e9nov\u00e9es imm\u00e9diatement avec 280 ch"}]},{"@type":"WebSite","@id":"https:\/\/all-car-news.com\/fr\/#website","url":"https:\/\/all-car-news.com\/fr\/","name":"All cars news","description":"","publisher":{"@id":"https:\/\/all-car-news.com\/fr\/#organization"},"potentialAction":[{"@type":"SearchAction","target":{"@type":"EntryPoint","urlTemplate":"https:\/\/all-car-news.com\/fr\/?s={search_term_string}"},"query-input":"required name=search_term_string"}],"inLanguage":"fr-FR"},{"@type":"Organization","@id":"https:\/\/all-car-news.com\/fr\/#organization","name":"All cars news","url":"https:\/\/all-car-news.com\/fr\/","logo":{"@type":"ImageObject","inLanguage":"fr-FR","@id":"https:\/\/all-car-news.com\/fr\/#\/schema\/logo\/image\/","url":"https:\/\/all-car-news.com\/wp-content\/uploads\/2022\/02\/CMYK-AllCarNews_LANDSCAPE_300px-1.png","contentUrl":"https:\/\/all-car-news.com\/wp-content\/uploads\/2022\/02\/CMYK-AllCarNews_LANDSCAPE_300px-1.png","width":300,"height":100,"caption":"All cars news"},"image":{"@id":"https:\/\/all-car-news.com\/fr\/#\/schema\/logo\/image\/"}}]}},"_links":{"self":[{"href":"https:\/\/all-car-news.com\/fr\/wp-json\/wp\/v2\/posts\/125754","targetHints":{"allow":["GET"]}}],"collection":[{"href":"https:\/\/all-car-news.com\/fr\/wp-json\/wp\/v2\/posts"}],"about":[{"href":"https:\/\/all-car-news.com\/fr\/wp-json\/wp\/v2\/types\/post"}],"replies":[{"embeddable":true,"href":"https:\/\/all-car-news.com\/fr\/wp-json\/wp\/v2\/comments?post=125754"}],"version-history":[{"count":0,"href":"https:\/\/all-car-news.com\/fr\/wp-json\/wp\/v2\/posts\/125754\/revisions"}],"wp:featuredmedia":[{"embeddable":true,"href":"https:\/\/all-car-news.com\/fr\/wp-json\/wp\/v2\/media\/125690"}],"wp:attachment":[{"href":"https:\/\/all-car-news.com\/fr\/wp-json\/wp\/v2\/media?parent=125754"}],"wp:term":[{"taxonomy":"category","embeddable":true,"href":"https:\/\/all-car-news.com\/fr\/wp-json\/wp\/v2\/categories?post=125754"},{"taxonomy":"post_tag","embeddable":true,"href":"https:\/\/all-car-news.com\/fr\/wp-json\/wp\/v2\/tags?post=125754"}],"curies":[{"name":"wp","href":"https:\/\/api.w.org\/{rel}","templated":true}]}}