{"id":125059,"date":"2022-10-14T15:12:00","date_gmt":"2022-10-14T15:12:00","guid":{"rendered":"https:\/\/all-car-news.com\/ce-morceau-dhistoire-de-la-f1-pourrait-etre-le-votre\/"},"modified":"2022-10-14T15:12:00","modified_gmt":"2022-10-14T15:12:00","slug":"ce-morceau-dhistoire-de-la-f1-pourrait-etre-le-votre","status":"publish","type":"post","link":"https:\/\/all-car-news.com\/fr\/ce-morceau-dhistoire-de-la-f1-pourrait-etre-le-votre\/","title":{"rendered":"Ce morceau d&rsquo;histoire de la F1 pourrait \u00eatre le v\u00f4tre"},"content":{"rendered":"<h2>Aucune r\u00e9plique !<\/h2>\n<p>Lorsqu&rsquo;une voiture de F1 est propos\u00e9e aux ench\u00e8res, on constate souvent qu&rsquo;il ne s&rsquo;agit pas d&rsquo;une vraie voiture, mais d&rsquo;une r\u00e9plique ou d&rsquo;une voiture de rechange. Ou bien ils sont \u00e9galement propos\u00e9s sans moteur. <em>Quoi qu&rsquo;il en soit<\/em>, rien de tout cela n&rsquo;est le cas avec ce lot, car tout y est et il s&rsquo;agit d&rsquo;une v\u00e9ritable voiture de F1. Exactement comme Michael Schumacher l&rsquo;a \u00e9cart\u00e9 apr\u00e8s avoir remport\u00e9 le championnat en 2003. Du moins, \u00e0 peu pr\u00e8s, puisque la voiture a \u00e9t\u00e9 r\u00e9vis\u00e9e par Ferrari elle-m\u00eame juste cette ann\u00e9e.  <\/p>\n<div class=\"galery shuffle galery-0\">\n<figure>\n\t\t\t\t\t<span style=\"cursor: pointer\" data-src=\"https:\/\/autorai.nl\/wp-content\/uploads\/2022\/10\/9f01022c3568b05b919213a24058564820cc0aa8-1600x1200.webp\" data-fancybox=\"galery-0\" title=\"\"><br \/>\n\t\t\t\t\t\t\t<img decoding=\"async\" width=\"640\" height=\"480\" src=\"https:\/\/autorai.nl\/wp-content\/uploads\/2022\/10\/9f01022c3568b05b919213a24058564820cc0aa8-640x480.webp\" class=\"attachment-medium size-medium\" alt=\"Michael_Schumacher_Ferrari_F1_car\" loading=\"lazy\"><i class=\"fa fa-search-plus\" aria-hidden=\"true\"><\/i><br \/>\n\t\t\t\t\t\t<\/span><br \/>\n\t\t\t\t\t<\/figure>\n<figure>\n\t\t\t\t\t<span style=\"cursor: pointer\" data-src=\"https:\/\/autorai.nl\/wp-content\/uploads\/2022\/10\/920ee17ae2e8edaf3fafb43877140d302bc9cd58-1600x1200.webp\" data-fancybox=\"galery-0\" title=\"\"><br \/>\n\t\t\t\t\t\t\t<img decoding=\"async\" width=\"360\" height=\"270\" src=\"https:\/\/autorai.nl\/wp-content\/uploads\/2022\/10\/920ee17ae2e8edaf3fafb43877140d302bc9cd58-360x270.webp\" class=\"attachment-small size-small\" alt=\"Michael_Schumacher_Ferrari_F1_car\" loading=\"lazy\"><i class=\"fa fa-search-plus\" aria-hidden=\"true\"><\/i><br \/>\n\t\t\t\t\t\t<\/span><br \/>\n\t\t\t\t\t<\/figure>\n<figure>\n\t\t\t\t\t<span style=\"cursor: pointer\" data-src=\"https:\/\/autorai.nl\/wp-content\/uploads\/2022\/10\/Michael_Schumacher_Ferrari_F1_auto-17-1600x1200.webp\" data-fancybox=\"galery-0\" title=\"\"><br \/>\n\t\t\t\t\t\t\t<img decoding=\"async\" width=\"360\" height=\"270\" src=\"https:\/\/autorai.nl\/wp-content\/uploads\/2022\/10\/Michael_Schumacher_Ferrari_F1_auto-17-360x270.webp\" class=\"attachment-small size-small\" alt=\"Michael_Schumacher_Ferrari_F1_car (17)\" loading=\"lazy\"><i class=\"fa fa-search-plus\" aria-hidden=\"true\"><\/i><br \/>\n\t\t\t\t\t\t<\/span><br \/>\n\t\t\t\t\t<\/figure>\n<div class=\"clear\"><\/div>\n<\/div>\n<h2>Ferrari F2003 GA<\/h2>\n<p>J&rsquo;adore ces lignes de la vieille \u00e9cole, n&rsquo;est-ce pas ? Pas d&rsquo;ailes ouvertes ou de <a href=\"https:\/\/autorai.nl\/formule-1-in-2022-dit-moet-je-weten-over-de-autos\/\" target=\"_blank\" rel=\"noreferrer noopener\">roues ferm\u00e9es.<\/a> Non, juste un V10 hurlant pour fournir la puissance n\u00e9cessaire \u00e0 la victoire. Un V10 de 3,0 litres d\u00e9veloppant pr\u00e8s de 850 ch et pouvant atteindre un r\u00e9gime stup\u00e9fiant de 19 000 tr\/min. La folie !<\/p>\n<figure class=\"wp-block-image size-content\"><img decoding=\"async\" loading=\"lazy\" width=\"1140\" height=\"855\" src=\"https:\/\/autorai.nl\/wp-content\/uploads\/2022\/10\/4d3f6e38f9b2ea0ec1b815f56fff8c60f997cb49-1140x855.webp\" alt=\"Michael_Schumacher_Ferrari_F1_car\" class=\"wp-image-134241\"><\/figure>\n<h2>Historique F2003 GA<\/h2>\n<p>Avec cette voiture, Schumi a r\u00e9ussi \u00e0 remporter cinq victoires en 2003. Il a \u00e9galement d\u00e9croch\u00e9 trois poles avec elle et un podium \u00e0 Monaco. Avec ces r\u00e9sultats, Schumacher s&rsquo;est couronn\u00e9 champion du monde pour la sixi\u00e8me fois de sa carri\u00e8re et a assur\u00e9 le cinqui\u00e8me titre des constructeurs d&rsquo;affil\u00e9e pour Ferrari.  <\/p>\n<figure class=\"wp-block-image size-content\"><img decoding=\"async\" loading=\"lazy\" width=\"1140\" height=\"855\" src=\"https:\/\/autorai.nl\/wp-content\/uploads\/2022\/10\/Michael_Schumacher_Ferrari_F1_auto-9-1140x855.webp\" alt=\"Michael_Schumacher_Ferrari_F1_car\" class=\"wp-image-134215\"><\/figure>\n<h2>Le prix&#8230;<\/h2>\n<p>Pour d\u00e9couvrir toutes les beaut\u00e9s de la riche histoire de Ferrari, il faut creuser profond\u00e9ment. En effet, le fait que Schumi <em>lui-m\u00eame <\/em>se soit assis dans le si\u00e8ge et que le l\u00e9gendaire V10 y soit toujours pr\u00e9sent a \u00e9videmment un impact sur le niveau du prix. Les ench\u00e8res peuvent commencer &#8211; tenez-vous bien &#8211; \u00e0 partir de 8 000 000 \u20ac.<\/p>\n<p>Vous avez encore le temps d&rsquo;\u00e9conomiser, puisque la vente aux ench\u00e8res aura lieu le 9 novembre chez <a href=\"https:\/\/rmsothebys.com\/en\/auctions\/sg22\/ex-schumacher-2003-ferrari-f2003-ga\/lots\/r0001-2003-ferrari-f2003-ga\/1300004\" target=\"_blank\" rel=\"noreferrer noopener\">RM Sotheby<\/a>&lsquo;s. Pour montrer qu&rsquo;il s&rsquo;agit bien de la Ferrari F2003, le fils de Michael, Mick, a \u00e9t\u00e9 invit\u00e9 \u00e0 faire une d\u00e9monstration avec la voiture de son p\u00e8re. Vous pouvez en trouver les images ci-dessous. Ainsi que quelques belles photos du bolide lui-m\u00eame.<\/p>\n<figure class=\"wp-block-embed is-type-video is-provider-youtube wp-block-embed-youtube wp-embed-aspect-16-9 wp-has-aspect-ratio\">\n<div class=\"wp-block-embed__wrapper\">\n<\/div>\n<\/figure>\n<div class=\"galery shuffle galery-1\">\n<figure>\n\t\t\t\t\t<span style=\"cursor: pointer\" data-src=\"https:\/\/autorai.nl\/wp-content\/uploads\/2022\/10\/Michael_Schumacher_Ferrari_F1_auto-4-1600x1200.webp\" data-fancybox=\"galery-1\" title=\"\"><br \/>\n\t\t\t\t\t\t\t<img decoding=\"async\" width=\"640\" height=\"480\" src=\"https:\/\/autorai.nl\/wp-content\/uploads\/2022\/10\/Michael_Schumacher_Ferrari_F1_auto-4-640x480.webp\" class=\"attachment-medium size-medium\" alt=\"Michael_Schumacher_Ferrari_F1_car\" loading=\"lazy\"><i class=\"fa fa-search-plus\" aria-hidden=\"true\"><\/i><br \/>\n\t\t\t\t\t\t<\/span><br \/>\n\t\t\t\t\t<\/figure>\n<figure>\n\t\t\t\t\t<span style=\"cursor: pointer\" data-src=\"https:\/\/autorai.nl\/wp-content\/uploads\/2022\/10\/Michael_Schumacher_Ferrari_F1_auto-3-1600x1200.webp\" data-fancybox=\"galery-1\" title=\"\"><br \/>\n\t\t\t\t\t\t\t<img decoding=\"async\" width=\"360\" height=\"270\" src=\"https:\/\/autorai.nl\/wp-content\/uploads\/2022\/10\/Michael_Schumacher_Ferrari_F1_auto-3-360x270.webp\" class=\"attachment-small size-small\" alt=\"Michael_Schumacher_Ferrari_F1_car\" loading=\"lazy\"><i class=\"fa fa-search-plus\" aria-hidden=\"true\"><\/i><br \/>\n\t\t\t\t\t\t<\/span><br \/>\n\t\t\t\t\t<\/figure>\n<figure>\n\t\t\t\t\t<span style=\"cursor: pointer\" data-src=\"https:\/\/autorai.nl\/wp-content\/uploads\/2022\/10\/Michael_Schumacher_Ferrari_F1_auto-2-1600x1200.webp\" data-fancybox=\"galery-1\" title=\"\"><br \/>\n\t\t\t\t\t\t\t<img decoding=\"async\" width=\"360\" height=\"270\" src=\"https:\/\/autorai.nl\/wp-content\/uploads\/2022\/10\/Michael_Schumacher_Ferrari_F1_auto-2-360x270.webp\" class=\"attachment-small size-small\" alt=\"Michael_Schumacher_Ferrari_F1_car (2)\" loading=\"lazy\"><i class=\"fa fa-search-plus\" aria-hidden=\"true\"><\/i><br \/>\n\t\t\t\t\t\t<\/span><br \/>\n\t\t\t\t\t<\/figure>\n<figure>\n\t\t\t\t\t<span style=\"cursor: pointer\" data-src=\"https:\/\/autorai.nl\/wp-content\/uploads\/2022\/10\/Michael_Schumacher_Ferrari_F1_auto-26-1600x1200.webp\" data-fancybox=\"galery-1\" title=\"\"><br \/>\n\t\t\t\t\t\t\t<img decoding=\"async\" width=\"640\" height=\"480\" src=\"https:\/\/autorai.nl\/wp-content\/uploads\/2022\/10\/Michael_Schumacher_Ferrari_F1_auto-26-640x480.webp\" class=\"attachment-medium size-medium\" alt=\"Michael_Schumacher_Ferrari_F1_car\" loading=\"lazy\"><i class=\"fa fa-search-plus\" aria-hidden=\"true\"><\/i><br \/>\n\t\t\t\t\t\t<\/span><br \/>\n\t\t\t\t\t<\/figure>\n<figure>\n\t\t\t\t\t<span style=\"cursor: pointer\" data-src=\"https:\/\/autorai.nl\/wp-content\/uploads\/2022\/10\/Michael_Schumacher_Ferrari_F1_auto-24-1600x1200.webp\" data-fancybox=\"galery-1\" title=\"\"><br \/>\n\t\t\t\t\t\t\t<img decoding=\"async\" width=\"360\" height=\"270\" src=\"https:\/\/autorai.nl\/wp-content\/uploads\/2022\/10\/Michael_Schumacher_Ferrari_F1_auto-24-360x270.webp\" class=\"attachment-small size-small\" alt=\"Michael_Schumacher_Ferrari_F1_car\" loading=\"lazy\"><i class=\"fa fa-search-plus\" aria-hidden=\"true\"><\/i><br \/>\n\t\t\t\t\t\t<\/span><br \/>\n\t\t\t\t\t<\/figure>\n<figure>\n\t\t\t\t\t<span style=\"cursor: pointer\" data-src=\"https:\/\/autorai.nl\/wp-content\/uploads\/2022\/10\/Michael_Schumacher_Ferrari_F1_auto-23-1600x1200.webp\" data-fancybox=\"galery-1\" title=\"\"><br \/>\n\t\t\t\t\t\t\t<img decoding=\"async\" width=\"360\" height=\"270\" src=\"https:\/\/autorai.nl\/wp-content\/uploads\/2022\/10\/Michael_Schumacher_Ferrari_F1_auto-23-360x270.webp\" class=\"attachment-small size-small\" alt=\"Michael_Schumacher_Ferrari_F1_car\" loading=\"lazy\"><i class=\"fa fa-search-plus\" aria-hidden=\"true\"><\/i><br \/>\n\t\t\t\t\t\t<\/span><br \/>\n\t\t\t\t\t<\/figure>\n<figure>\n\t\t\t\t\t<span style=\"cursor: pointer\" data-src=\"https:\/\/autorai.nl\/wp-content\/uploads\/2022\/10\/Michael_Schumacher_Ferrari_F1_auto-22-1600x1200.webp\" data-fancybox=\"galery-1\" title=\"\"><br \/>\n\t\t\t\t\t\t\t<img decoding=\"async\" width=\"640\" height=\"480\" src=\"https:\/\/autorai.nl\/wp-content\/uploads\/2022\/10\/Michael_Schumacher_Ferrari_F1_auto-22-640x480.webp\" class=\"attachment-medium size-medium\" alt=\"Michael_Schumacher_Ferrari_F1_car (22)\" loading=\"lazy\"><i class=\"fa fa-search-plus\" aria-hidden=\"true\"><\/i><br \/>\n\t\t\t\t\t\t<\/span><br \/>\n\t\t\t\t\t<\/figure>\n<figure>\n\t\t\t\t\t<span style=\"cursor: pointer\" data-src=\"https:\/\/autorai.nl\/wp-content\/uploads\/2022\/10\/Michael_Schumacher_Ferrari_F1_auto-20-1600x1200.webp\" data-fancybox=\"galery-1\" title=\"\"><br \/>\n\t\t\t\t\t\t\t<img decoding=\"async\" width=\"360\" height=\"270\" src=\"https:\/\/autorai.nl\/wp-content\/uploads\/2022\/10\/Michael_Schumacher_Ferrari_F1_auto-20-360x270.webp\" class=\"attachment-small size-small\" alt=\"Michael_Schumacher_Ferrari_F1_car (20)\" loading=\"lazy\"><i class=\"fa fa-search-plus\" aria-hidden=\"true\"><\/i><br \/>\n\t\t\t\t\t\t<\/span><br \/>\n\t\t\t\t\t<\/figure>\n<figure>\n\t\t\t\t\t<span style=\"cursor: pointer\" data-src=\"https:\/\/autorai.nl\/wp-content\/uploads\/2022\/10\/Michael_Schumacher_Ferrari_F1_auto-21-1600x1200.webp\" data-fancybox=\"galery-1\" title=\"\"><br \/>\n\t\t\t\t\t\t\t<img decoding=\"async\" width=\"360\" height=\"270\" src=\"https:\/\/autorai.nl\/wp-content\/uploads\/2022\/10\/Michael_Schumacher_Ferrari_F1_auto-21-360x270.webp\" class=\"attachment-small size-small\" alt=\"Michael_Schumacher_Ferrari_F1_car\" loading=\"lazy\"><i class=\"fa fa-search-plus\" aria-hidden=\"true\"><\/i><br \/>\n\t\t\t\t\t\t<\/span><br \/>\n\t\t\t\t\t<\/figure>\n<figure>\n\t\t\t\t\t<span style=\"cursor: pointer\" data-src=\"https:\/\/autorai.nl\/wp-content\/uploads\/2022\/10\/Michael_Schumacher_Ferrari_F1_auto-19-1600x1200.webp\" data-fancybox=\"galery-1\" title=\"\"><br \/>\n\t\t\t\t\t\t\t<img decoding=\"async\" width=\"640\" height=\"480\" src=\"https:\/\/autorai.nl\/wp-content\/uploads\/2022\/10\/Michael_Schumacher_Ferrari_F1_auto-19-640x480.webp\" class=\"attachment-medium size-medium\" alt=\"Michael_Schumacher_Ferrari_F1_car\" loading=\"lazy\"><i class=\"fa fa-search-plus\" aria-hidden=\"true\"><\/i><br \/>\n\t\t\t\t\t\t<\/span><br \/>\n\t\t\t\t\t<\/figure>\n<figure>\n\t\t\t\t\t<span style=\"cursor: pointer\" data-src=\"https:\/\/autorai.nl\/wp-content\/uploads\/2022\/10\/Michael_Schumacher_Ferrari_F1_auto-18-1600x1200.webp\" data-fancybox=\"galery-1\" title=\"\"><br \/>\n\t\t\t\t\t\t\t<img decoding=\"async\" width=\"360\" height=\"270\" src=\"https:\/\/autorai.nl\/wp-content\/uploads\/2022\/10\/Michael_Schumacher_Ferrari_F1_auto-18-360x270.webp\" class=\"attachment-small size-small\" alt=\"Michael_Schumacher_Ferrari_F1_car\" loading=\"lazy\"><i class=\"fa fa-search-plus\" aria-hidden=\"true\"><\/i><br \/>\n\t\t\t\t\t\t<\/span><br \/>\n\t\t\t\t\t<\/figure>\n<figure>\n\t\t\t\t\t<span style=\"cursor: pointer\" data-src=\"https:\/\/autorai.nl\/wp-content\/uploads\/2022\/10\/Michael_Schumacher_Ferrari_F1_auto-16-1600x1200.webp\" data-fancybox=\"galery-1\" title=\"\"><br \/>\n\t\t\t\t\t\t\t<img decoding=\"async\" width=\"360\" height=\"270\" src=\"https:\/\/autorai.nl\/wp-content\/uploads\/2022\/10\/Michael_Schumacher_Ferrari_F1_auto-16-360x270.webp\" class=\"attachment-small size-small\" alt=\"Michael_Schumacher_Ferrari_F1_car (16)\" loading=\"lazy\"><i class=\"fa fa-search-plus\" aria-hidden=\"true\"><\/i><br \/>\n\t\t\t\t\t\t<\/span><br \/>\n\t\t\t\t\t<\/figure>\n<figure>\n\t\t\t\t\t<span style=\"cursor: pointer\" data-src=\"https:\/\/autorai.nl\/wp-content\/uploads\/2022\/10\/Michael_Schumacher_Ferrari_F1_auto-14-1600x1200.webp\" data-fancybox=\"galery-1\" title=\"\"><br \/>\n\t\t\t\t\t\t\t<img decoding=\"async\" width=\"640\" height=\"480\" src=\"https:\/\/autorai.nl\/wp-content\/uploads\/2022\/10\/Michael_Schumacher_Ferrari_F1_auto-14-640x480.webp\" class=\"attachment-medium size-medium\" alt=\"Michael_Schumacher_Ferrari_F1_car (14)\" loading=\"lazy\"><i class=\"fa fa-search-plus\" aria-hidden=\"true\"><\/i><br \/>\n\t\t\t\t\t\t<\/span><br \/>\n\t\t\t\t\t<\/figure>\n<figure>\n\t\t\t\t\t<span style=\"cursor: pointer\" data-src=\"https:\/\/autorai.nl\/wp-content\/uploads\/2022\/10\/Michael_Schumacher_Ferrari_F1_auto-11-1600x1200.webp\" data-fancybox=\"galery-1\" title=\"\"><br \/>\n\t\t\t\t\t\t\t<img decoding=\"async\" width=\"360\" height=\"270\" src=\"https:\/\/autorai.nl\/wp-content\/uploads\/2022\/10\/Michael_Schumacher_Ferrari_F1_auto-11-360x270.webp\" class=\"attachment-small size-small\" alt=\"Michael_Schumacher_Ferrari_F1_car (11)\" loading=\"lazy\"><i class=\"fa fa-search-plus\" aria-hidden=\"true\"><\/i><br \/>\n\t\t\t\t\t\t<\/span><br \/>\n\t\t\t\t\t<\/figure>\n<figure>\n\t\t\t\t\t<span style=\"cursor: pointer\" data-src=\"https:\/\/autorai.nl\/wp-content\/uploads\/2022\/10\/Michael_Schumacher_Ferrari_F1_auto-10-1600x1200.webp\" data-fancybox=\"galery-1\" title=\"\"><br \/>\n\t\t\t\t\t\t\t<img decoding=\"async\" width=\"360\" height=\"270\" src=\"https:\/\/autorai.nl\/wp-content\/uploads\/2022\/10\/Michael_Schumacher_Ferrari_F1_auto-10-360x270.webp\" class=\"attachment-small size-small\" alt=\"Michael_Schumacher_Ferrari_F1_car (10)\" loading=\"lazy\"><i class=\"fa fa-search-plus\" aria-hidden=\"true\"><\/i><br \/>\n\t\t\t\t\t\t<\/span><br \/>\n\t\t\t\t\t<\/figure>\n<figure>\n\t\t\t\t\t<span style=\"cursor: pointer\" data-src=\"https:\/\/autorai.nl\/wp-content\/uploads\/2022\/10\/Michael_Schumacher_Ferrari_F1_auto-7-1600x1200.webp\" data-fancybox=\"galery-1\" title=\"\"><br \/>\n\t\t\t\t\t\t\t<img decoding=\"async\" width=\"640\" height=\"480\" src=\"https:\/\/autorai.nl\/wp-content\/uploads\/2022\/10\/Michael_Schumacher_Ferrari_F1_auto-7-640x480.webp\" class=\"attachment-medium size-medium\" alt=\"Michael_Schumacher_Ferrari_F1_car (7)\" loading=\"lazy\"><i class=\"fa fa-search-plus\" aria-hidden=\"true\"><\/i><br \/>\n\t\t\t\t\t\t<\/span><br \/>\n\t\t\t\t\t<\/figure>\n<figure>\n\t\t\t\t\t<span style=\"cursor: pointer\" data-src=\"https:\/\/autorai.nl\/wp-content\/uploads\/2022\/10\/Michael_Schumacher_Ferrari_F1_auto-5-1600x1200.webp\" data-fancybox=\"galery-1\" title=\"\"><br \/>\n\t\t\t\t\t\t\t<img decoding=\"async\" width=\"360\" height=\"270\" src=\"https:\/\/autorai.nl\/wp-content\/uploads\/2022\/10\/Michael_Schumacher_Ferrari_F1_auto-5-360x270.webp\" class=\"attachment-small size-small\" alt=\"Michael_Schumacher_Ferrari_F1_car\" loading=\"lazy\"><i class=\"fa fa-search-plus\" aria-hidden=\"true\"><\/i><br \/>\n\t\t\t\t\t\t<\/span><br \/>\n\t\t\t\t\t<\/figure>\n<figure>\n\t\t\t\t\t<span style=\"cursor: pointer\" data-src=\"https:\/\/autorai.nl\/wp-content\/uploads\/2022\/10\/Michael_Schumacher_Ferrari_F1_auto-8-1600x1200.webp\" data-fancybox=\"galery-1\" title=\"\"><br \/>\n\t\t\t\t\t\t\t<img decoding=\"async\" width=\"360\" height=\"270\" src=\"https:\/\/autorai.nl\/wp-content\/uploads\/2022\/10\/Michael_Schumacher_Ferrari_F1_auto-8-360x270.webp\" class=\"attachment-small size-small\" alt=\"Michael_Schumacher_Ferrari_F1_car (8)\" loading=\"lazy\"><i class=\"fa fa-search-plus\" aria-hidden=\"true\"><\/i><br \/>\n\t\t\t\t\t\t<\/span><br \/>\n\t\t\t\t\t<\/figure>\n<div class=\"clear\"><\/div>\n<\/div>\n","protected":false},"excerpt":{"rendered":"Aucune r\u00e9plique ! Lorsqu'une voiture de F1 est propos\u00e9e aux ench\u00e8res, on constate souvent qu'il ne s'agit pas d'une vraie\u2026","protected":false},"author":0,"featured_media":125051,"comment_status":"open","ping_status":"open","sticky":false,"template":"","format":"standard","meta":{"footnotes":""},"categories":[135,177,175,127,133],"tags":[],"class_list":["post-125059","post","type-post","status-publish","format-standard","has-post-thumbnail","hentry","category-formule-1-fr","category-fun-fr","category-mode-de-vie","category-nouvelles-de-voiture","category-sport-automobile"],"acf":[],"yoast_head":"<!-- This site is optimized with the Yoast SEO plugin v21.2 - https:\/\/yoast.com\/wordpress\/plugins\/seo\/ -->\n<title>Ce morceau d&#039;histoire de la F1 pourrait \u00eatre le v\u00f4tre - All cars news<\/title>\n<meta name=\"robots\" content=\"index, follow, max-snippet:-1, max-image-preview:large, max-video-preview:-1\" \/>\n<link rel=\"canonical\" href=\"https:\/\/all-car-news.com\/fr\/ce-morceau-dhistoire-de-la-f1-pourrait-etre-le-votre\/\" \/>\n<meta property=\"og:locale\" content=\"fr_FR\" \/>\n<meta property=\"og:type\" content=\"article\" \/>\n<meta property=\"og:title\" content=\"Ce morceau d&#039;histoire de la F1 pourrait \u00eatre le v\u00f4tre - All cars news\" \/>\n<meta property=\"og:description\" content=\"Aucune r\u00e9plique ! Lorsqu&#039;une voiture de F1 est propos\u00e9e aux ench\u00e8res, on constate souvent qu&#039;il ne s&#039;agit pas d&#039;une vraie voiture, mais d&#039;une r\u00e9plique ou d&#039;une voiture de rechange. Ou bien ils sont \u00e9galement propos\u00e9s sans moteur. Quoi qu&#039;il en soit, rien de tout cela n&#039;est le cas avec ce lot, car tout y est et c&#039;est un v\u00e9ritable [...].\" \/>\n<meta property=\"og:url\" content=\"https:\/\/all-car-news.com\/fr\/ce-morceau-dhistoire-de-la-f1-pourrait-etre-le-votre\/\" \/>\n<meta property=\"og:site_name\" content=\"All cars news\" \/>\n<meta property=\"article:published_time\" content=\"2022-10-14T15:12:00+00:00\" \/>\n<meta property=\"og:image\" content=\"https:\/\/autorai.nl\/wp-content\/uploads\/2022\/10\/9f01022c3568b05b919213a24058564820cc0aa8-640x480.webp\" \/>\n<meta name=\"twitter:card\" content=\"summary_large_image\" \/>\n<meta name=\"twitter:label1\" content=\"Dur\u00e9e de lecture estim\u00e9e\" \/>\n\t<meta name=\"twitter:data1\" content=\"2 minutes\" \/>\n<script type=\"application\/ld+json\" class=\"yoast-schema-graph\">{\"@context\":\"https:\/\/schema.org\",\"@graph\":[{\"@type\":\"Article\",\"@id\":\"https:\/\/all-car-news.com\/fr\/ce-morceau-dhistoire-de-la-f1-pourrait-etre-le-votre\/#article\",\"isPartOf\":{\"@id\":\"https:\/\/all-car-news.com\/fr\/ce-morceau-dhistoire-de-la-f1-pourrait-etre-le-votre\/\"},\"author\":{\"name\":\"\",\"@id\":\"\"},\"headline\":\"Ce morceau d&rsquo;histoire de la F1 pourrait \u00eatre le v\u00f4tre\",\"datePublished\":\"2022-10-14T15:12:00+00:00\",\"dateModified\":\"2022-10-14T15:12:00+00:00\",\"mainEntityOfPage\":{\"@id\":\"https:\/\/all-car-news.com\/fr\/ce-morceau-dhistoire-de-la-f1-pourrait-etre-le-votre\/\"},\"wordCount\":358,\"commentCount\":0,\"publisher\":{\"@id\":\"https:\/\/all-car-news.com\/fr\/#organization\"},\"articleSection\":[\"formule 1\",\"Fun\",\"Mode de vie\",\"nouvelles de voiture\",\"Sport automobile\"],\"inLanguage\":\"fr-FR\",\"potentialAction\":[{\"@type\":\"CommentAction\",\"name\":\"Comment\",\"target\":[\"https:\/\/all-car-news.com\/fr\/ce-morceau-dhistoire-de-la-f1-pourrait-etre-le-votre\/#respond\"]}]},{\"@type\":\"WebPage\",\"@id\":\"https:\/\/all-car-news.com\/fr\/ce-morceau-dhistoire-de-la-f1-pourrait-etre-le-votre\/\",\"url\":\"https:\/\/all-car-news.com\/fr\/ce-morceau-dhistoire-de-la-f1-pourrait-etre-le-votre\/\",\"name\":\"Ce morceau d'histoire de la F1 pourrait \u00eatre le v\u00f4tre - All cars news\",\"isPartOf\":{\"@id\":\"https:\/\/all-car-news.com\/fr\/#website\"},\"datePublished\":\"2022-10-14T15:12:00+00:00\",\"dateModified\":\"2022-10-14T15:12:00+00:00\",\"breadcrumb\":{\"@id\":\"https:\/\/all-car-news.com\/fr\/ce-morceau-dhistoire-de-la-f1-pourrait-etre-le-votre\/#breadcrumb\"},\"inLanguage\":\"fr-FR\",\"potentialAction\":[{\"@type\":\"ReadAction\",\"target\":[\"https:\/\/all-car-news.com\/fr\/ce-morceau-dhistoire-de-la-f1-pourrait-etre-le-votre\/\"]}]},{\"@type\":\"BreadcrumbList\",\"@id\":\"https:\/\/all-car-news.com\/fr\/ce-morceau-dhistoire-de-la-f1-pourrait-etre-le-votre\/#breadcrumb\",\"itemListElement\":[{\"@type\":\"ListItem\",\"position\":1,\"name\":\"Home\",\"item\":\"https:\/\/all-car-news.com\/fr\/\"},{\"@type\":\"ListItem\",\"position\":2,\"name\":\"Ce morceau d&rsquo;histoire de la F1 pourrait \u00eatre le v\u00f4tre\"}]},{\"@type\":\"WebSite\",\"@id\":\"https:\/\/all-car-news.com\/fr\/#website\",\"url\":\"https:\/\/all-car-news.com\/fr\/\",\"name\":\"All cars news\",\"description\":\"\",\"publisher\":{\"@id\":\"https:\/\/all-car-news.com\/fr\/#organization\"},\"potentialAction\":[{\"@type\":\"SearchAction\",\"target\":{\"@type\":\"EntryPoint\",\"urlTemplate\":\"https:\/\/all-car-news.com\/fr\/?s={search_term_string}\"},\"query-input\":\"required name=search_term_string\"}],\"inLanguage\":\"fr-FR\"},{\"@type\":\"Organization\",\"@id\":\"https:\/\/all-car-news.com\/fr\/#organization\",\"name\":\"All cars news\",\"url\":\"https:\/\/all-car-news.com\/fr\/\",\"logo\":{\"@type\":\"ImageObject\",\"inLanguage\":\"fr-FR\",\"@id\":\"https:\/\/all-car-news.com\/fr\/#\/schema\/logo\/image\/\",\"url\":\"https:\/\/all-car-news.com\/wp-content\/uploads\/2022\/02\/CMYK-AllCarNews_LANDSCAPE_300px-1.png\",\"contentUrl\":\"https:\/\/all-car-news.com\/wp-content\/uploads\/2022\/02\/CMYK-AllCarNews_LANDSCAPE_300px-1.png\",\"width\":300,\"height\":100,\"caption\":\"All cars news\"},\"image\":{\"@id\":\"https:\/\/all-car-news.com\/fr\/#\/schema\/logo\/image\/\"}}]}<\/script>\n<!-- \/ Yoast SEO plugin. -->","yoast_head_json":{"title":"Ce morceau d'histoire de la F1 pourrait \u00eatre le v\u00f4tre - All cars news","robots":{"index":"index","follow":"follow","max-snippet":"max-snippet:-1","max-image-preview":"max-image-preview:large","max-video-preview":"max-video-preview:-1"},"canonical":"https:\/\/all-car-news.com\/fr\/ce-morceau-dhistoire-de-la-f1-pourrait-etre-le-votre\/","og_locale":"fr_FR","og_type":"article","og_title":"Ce morceau d'histoire de la F1 pourrait \u00eatre le v\u00f4tre - All cars news","og_description":"Aucune r\u00e9plique ! Lorsqu'une voiture de F1 est propos\u00e9e aux ench\u00e8res, on constate souvent qu'il ne s'agit pas d'une vraie voiture, mais d'une r\u00e9plique ou d'une voiture de rechange. Ou bien ils sont \u00e9galement propos\u00e9s sans moteur. Quoi qu'il en soit, rien de tout cela n'est le cas avec ce lot, car tout y est et c'est un v\u00e9ritable [...].","og_url":"https:\/\/all-car-news.com\/fr\/ce-morceau-dhistoire-de-la-f1-pourrait-etre-le-votre\/","og_site_name":"All cars news","article_published_time":"2022-10-14T15:12:00+00:00","og_image":[{"url":"https:\/\/autorai.nl\/wp-content\/uploads\/2022\/10\/9f01022c3568b05b919213a24058564820cc0aa8-640x480.webp"}],"twitter_card":"summary_large_image","twitter_misc":{"Dur\u00e9e de lecture estim\u00e9e":"2 minutes"},"schema":{"@context":"https:\/\/schema.org","@graph":[{"@type":"Article","@id":"https:\/\/all-car-news.com\/fr\/ce-morceau-dhistoire-de-la-f1-pourrait-etre-le-votre\/#article","isPartOf":{"@id":"https:\/\/all-car-news.com\/fr\/ce-morceau-dhistoire-de-la-f1-pourrait-etre-le-votre\/"},"author":{"name":"","@id":""},"headline":"Ce morceau d&rsquo;histoire de la F1 pourrait \u00eatre le v\u00f4tre","datePublished":"2022-10-14T15:12:00+00:00","dateModified":"2022-10-14T15:12:00+00:00","mainEntityOfPage":{"@id":"https:\/\/all-car-news.com\/fr\/ce-morceau-dhistoire-de-la-f1-pourrait-etre-le-votre\/"},"wordCount":358,"commentCount":0,"publisher":{"@id":"https:\/\/all-car-news.com\/fr\/#organization"},"articleSection":["formule 1","Fun","Mode de vie","nouvelles de voiture","Sport automobile"],"inLanguage":"fr-FR","potentialAction":[{"@type":"CommentAction","name":"Comment","target":["https:\/\/all-car-news.com\/fr\/ce-morceau-dhistoire-de-la-f1-pourrait-etre-le-votre\/#respond"]}]},{"@type":"WebPage","@id":"https:\/\/all-car-news.com\/fr\/ce-morceau-dhistoire-de-la-f1-pourrait-etre-le-votre\/","url":"https:\/\/all-car-news.com\/fr\/ce-morceau-dhistoire-de-la-f1-pourrait-etre-le-votre\/","name":"Ce morceau d'histoire de la F1 pourrait \u00eatre le v\u00f4tre - All cars news","isPartOf":{"@id":"https:\/\/all-car-news.com\/fr\/#website"},"datePublished":"2022-10-14T15:12:00+00:00","dateModified":"2022-10-14T15:12:00+00:00","breadcrumb":{"@id":"https:\/\/all-car-news.com\/fr\/ce-morceau-dhistoire-de-la-f1-pourrait-etre-le-votre\/#breadcrumb"},"inLanguage":"fr-FR","potentialAction":[{"@type":"ReadAction","target":["https:\/\/all-car-news.com\/fr\/ce-morceau-dhistoire-de-la-f1-pourrait-etre-le-votre\/"]}]},{"@type":"BreadcrumbList","@id":"https:\/\/all-car-news.com\/fr\/ce-morceau-dhistoire-de-la-f1-pourrait-etre-le-votre\/#breadcrumb","itemListElement":[{"@type":"ListItem","position":1,"name":"Home","item":"https:\/\/all-car-news.com\/fr\/"},{"@type":"ListItem","position":2,"name":"Ce morceau d&rsquo;histoire de la F1 pourrait \u00eatre le v\u00f4tre"}]},{"@type":"WebSite","@id":"https:\/\/all-car-news.com\/fr\/#website","url":"https:\/\/all-car-news.com\/fr\/","name":"All cars news","description":"","publisher":{"@id":"https:\/\/all-car-news.com\/fr\/#organization"},"potentialAction":[{"@type":"SearchAction","target":{"@type":"EntryPoint","urlTemplate":"https:\/\/all-car-news.com\/fr\/?s={search_term_string}"},"query-input":"required name=search_term_string"}],"inLanguage":"fr-FR"},{"@type":"Organization","@id":"https:\/\/all-car-news.com\/fr\/#organization","name":"All cars news","url":"https:\/\/all-car-news.com\/fr\/","logo":{"@type":"ImageObject","inLanguage":"fr-FR","@id":"https:\/\/all-car-news.com\/fr\/#\/schema\/logo\/image\/","url":"https:\/\/all-car-news.com\/wp-content\/uploads\/2022\/02\/CMYK-AllCarNews_LANDSCAPE_300px-1.png","contentUrl":"https:\/\/all-car-news.com\/wp-content\/uploads\/2022\/02\/CMYK-AllCarNews_LANDSCAPE_300px-1.png","width":300,"height":100,"caption":"All cars news"},"image":{"@id":"https:\/\/all-car-news.com\/fr\/#\/schema\/logo\/image\/"}}]}},"_links":{"self":[{"href":"https:\/\/all-car-news.com\/fr\/wp-json\/wp\/v2\/posts\/125059","targetHints":{"allow":["GET"]}}],"collection":[{"href":"https:\/\/all-car-news.com\/fr\/wp-json\/wp\/v2\/posts"}],"about":[{"href":"https:\/\/all-car-news.com\/fr\/wp-json\/wp\/v2\/types\/post"}],"replies":[{"embeddable":true,"href":"https:\/\/all-car-news.com\/fr\/wp-json\/wp\/v2\/comments?post=125059"}],"version-history":[{"count":0,"href":"https:\/\/all-car-news.com\/fr\/wp-json\/wp\/v2\/posts\/125059\/revisions"}],"wp:featuredmedia":[{"embeddable":true,"href":"https:\/\/all-car-news.com\/fr\/wp-json\/wp\/v2\/media\/125051"}],"wp:attachment":[{"href":"https:\/\/all-car-news.com\/fr\/wp-json\/wp\/v2\/media?parent=125059"}],"wp:term":[{"taxonomy":"category","embeddable":true,"href":"https:\/\/all-car-news.com\/fr\/wp-json\/wp\/v2\/categories?post=125059"},{"taxonomy":"post_tag","embeddable":true,"href":"https:\/\/all-car-news.com\/fr\/wp-json\/wp\/v2\/tags?post=125059"}],"curies":[{"name":"wp","href":"https:\/\/api.w.org\/{rel}","templated":true}]}}