{"id":124698,"date":"2022-10-05T15:53:29","date_gmt":"2022-10-05T15:53:29","guid":{"rendered":"https:\/\/all-car-news.com\/louer-une-voiture-avis-car-rental-pense-avec-vous\/"},"modified":"2022-10-05T15:53:29","modified_gmt":"2022-10-05T15:53:29","slug":"louer-une-voiture-avis-car-rental-pense-avec-vous","status":"publish","type":"post","link":"https:\/\/all-car-news.com\/fr\/louer-une-voiture-avis-car-rental-pense-avec-vous\/","title":{"rendered":"Louer une voiture ? Avis Car Rental pense avec vous"},"content":{"rendered":"<h2>Partie connue<\/h2>\n<p>Louer une voiture est parfois une t\u00e2che assez difficile. Il existe de nombreuses soci\u00e9t\u00e9s de location de voitures et il n&rsquo;est pas toujours \u00e9vident de savoir quelles parties sont fiables et lesquelles ne le sont pas. Faire le tour du monde pendant une semaine \u00e0 des prix d\u00e9fiant toute concurrence peut sembler s\u00e9duisant, mais avec certains propri\u00e9taires, cela peut entra\u00eener de nombreux probl\u00e8mes. C&rsquo;est pourquoi il est souvent judicieux de louer une voiture aupr\u00e8s d&rsquo;une soci\u00e9t\u00e9 connue.<\/p>\n<h2><strong>Location de voitures<\/strong><\/h2>\n<p>Vous avez probablement entendu parler d&rsquo;Avis Car Rental. La grande soci\u00e9t\u00e9 de location de voitures dispose d&rsquo;une voiture de tourisme, d&rsquo;un bus de tourisme, d&rsquo;une camionnette ou d&rsquo;un camion adapt\u00e9s \u00e0 chaque occasion. Que vous recherchiez une Toyota Aygo, une BMW S\u00e9rie 5 ou un Volkswagen Transporter. Aux Pays-Bas, il n&rsquo;est pas n\u00e9cessaire d&rsquo;aller bien loin pour louer une voiture, une camionnette ou un camion \u00e0 bas prix, car notre pays compte pas moins de 36 agences Avis.<\/p>\n<figure class=\"wp-block-image size-content\"><img decoding=\"async\" loading=\"lazy\" width=\"1140\" height=\"760\" src=\"https:\/\/autorai.nl\/wp-content\/uploads\/2022\/09\/DSC3744_MK4-1140x760.jpg\" alt=\"\" class=\"wp-image-133222\"><\/figure>\n<h2>D\u00e9charge de responsabilit\u00e9<\/h2>\n<p>Avec Avis, vous n&rsquo;avez pas \u00e0 vous soucier d&rsquo;un bon service. Ils se lib\u00e8rent lorsqu&rsquo;ils le peuvent, pensent \u00e0 l&rsquo;avance et r\u00e9solvent les probl\u00e8mes lorsque cela est n\u00e9cessaire. Vous pouvez donc facilement r\u00e9cup\u00e9rer votre voiture ou votre bus de location dans n&rsquo;importe quelle agence n\u00e9erlandaise. Le service d&rsquo;aller simple permet \u00e9galement de rendre une voiture ou une camionnette \u00e0 une autre agence aux Pays-Bas par la suite.<\/p>\n<h2><strong>Louer une voiture chez Avis ?<\/strong><\/h2>\n<p>Louez dans les meilleures conditions et \u00e0 un prix comp\u00e9titif. Que vous ayez besoin d&rsquo;une voiture de tourisme pour une journ\u00e9e, un week-end ou quelques semaines, chez Avis vous trouverez toujours une voiture de location qui vous conviendra. Vous pouvez m\u00eame louer un v\u00e9hicule pour quelques heures. Id\u00e9al pour r\u00e9cup\u00e9rer votre commande en ligne ou pour aller chercher quelqu&rsquo;un \u00e0 l&rsquo;a\u00e9roport. Avis dispose d&rsquo;une large flotte de voitures de plusieurs grandes marques. Ils ont une voiture de location adapt\u00e9e \u00e0 chaque situation.<\/p>\n<figure class=\"wp-block-image size-content\"><img decoding=\"async\" loading=\"lazy\" width=\"1140\" height=\"760\" src=\"https:\/\/autorai.nl\/wp-content\/uploads\/2022\/10\/DSC4621-1140x760.jpg\" alt=\"\" class=\"wp-image-133224\"><\/figure>\n<h2><strong>Vous louez un van chez Avis ?<\/strong><\/h2>\n<p>Vous recherchez la qualit\u00e9, la commodit\u00e9 et vous voulez louer sans carte de cr\u00e9dit ? Alors vous \u00eates au bon endroit chez Avis. En outre, avec un permis de conduire B, vous pouvez d\u00e9j\u00e0 vous mettre au volant d&rsquo;une camionnette, vous n&rsquo;avez pas besoin d&rsquo;un permis de conduire sp\u00e9cial pour cela. La <a href=\"https:\/\/www.avis.nl\/wagenpark-bestelautos\">location d&rsquo;<\/a> une <a href=\"https:\/\/www.avis.nl\/wagenpark-bestelautos\">camionnette<\/a> pour une journ\u00e9e ou quelques jours peut s&rsquo;av\u00e9rer utile en cas de d\u00e9m\u00e9nagement ou d&rsquo;enl\u00e8vement d&rsquo;articles volumineux (par exemple, un achat sur le march\u00e9). Pour une utilisation plus longue, sup\u00e9rieure \u00e0 27 jours, vous pouvez \u00e9galement louer un van chez Avis \u00e0 des tarifs avantageux.<\/p>\n<p>C&rsquo;est pourquoi vous louez chez <a href=\"https:\/\/www.avis.nl\/\" target=\"_blank\" rel=\"noreferrer noopener\">Avis location de voitures<\/a>:<\/p>\n<ul>\n<li>La bonne voiture et le bon prix pour chaque moment<\/li>\n<li>Toujours une agence pr\u00e8s de chez vous<\/li>\n<li>Des prix et des conditions transparents<\/li>\n<\/ul>\n","protected":false},"excerpt":{"rendered":"Partie connue Louer une voiture est parfois une t\u00e2che assez difficile. Il existe de nombreuses soci\u00e9t\u00e9s de location de voitures\u2026","protected":false},"author":0,"featured_media":124668,"comment_status":"open","ping_status":"open","sticky":false,"template":"","format":"standard","meta":{"footnotes":""},"categories":[131],"tags":[],"class_list":["post-124698","post","type-post","status-publish","format-standard","has-post-thumbnail","hentry","category-fond"],"acf":[],"yoast_head":"<!-- This site is optimized with the Yoast SEO plugin v21.2 - https:\/\/yoast.com\/wordpress\/plugins\/seo\/ -->\n<title>Louer une voiture ? Avis Car Rental pense avec vous - All cars news<\/title>\n<meta name=\"robots\" content=\"index, follow, max-snippet:-1, max-image-preview:large, max-video-preview:-1\" \/>\n<link rel=\"canonical\" href=\"https:\/\/all-car-news.com\/fr\/louer-une-voiture-avis-car-rental-pense-avec-vous\/\" \/>\n<meta property=\"og:locale\" content=\"fr_FR\" \/>\n<meta property=\"og:type\" content=\"article\" \/>\n<meta property=\"og:title\" content=\"Louer une voiture ? Avis Car Rental pense avec vous - All cars news\" \/>\n<meta property=\"og:description\" content=\"Partie connue Louer une voiture est parfois une t\u00e2che assez difficile. Il existe de nombreuses soci\u00e9t\u00e9s de location de voitures et il n&#039;est pas toujours \u00e9vident de savoir quelles parties sont fiables et lesquelles ne le sont pas. Faire le tour du monde pendant une semaine \u00e0 des prix d\u00e9fiant toute concurrence peut sembler s\u00e9duisant, mais avec certains propri\u00e9taires, cela peut entra\u00eener de nombreux probl\u00e8mes. C&#039;est pourquoi il est souvent judicieux de prendre un [...].\" \/>\n<meta property=\"og:url\" content=\"https:\/\/all-car-news.com\/fr\/louer-une-voiture-avis-car-rental-pense-avec-vous\/\" \/>\n<meta property=\"og:site_name\" content=\"All cars news\" \/>\n<meta property=\"article:published_time\" content=\"2022-10-05T15:53:29+00:00\" \/>\n<meta property=\"og:image\" content=\"https:\/\/autorai.nl\/wp-content\/uploads\/2022\/09\/DSC3744_MK4-1140x760.jpg\" \/>\n<meta name=\"twitter:card\" content=\"summary_large_image\" \/>\n<meta name=\"twitter:label1\" content=\"Dur\u00e9e de lecture estim\u00e9e\" \/>\n\t<meta name=\"twitter:data1\" content=\"2 minutes\" \/>\n<script type=\"application\/ld+json\" class=\"yoast-schema-graph\">{\"@context\":\"https:\/\/schema.org\",\"@graph\":[{\"@type\":\"Article\",\"@id\":\"https:\/\/all-car-news.com\/fr\/louer-une-voiture-avis-car-rental-pense-avec-vous\/#article\",\"isPartOf\":{\"@id\":\"https:\/\/all-car-news.com\/fr\/louer-une-voiture-avis-car-rental-pense-avec-vous\/\"},\"author\":{\"name\":\"\",\"@id\":\"\"},\"headline\":\"Louer une voiture ? Avis Car Rental pense avec vous\",\"datePublished\":\"2022-10-05T15:53:29+00:00\",\"dateModified\":\"2022-10-05T15:53:29+00:00\",\"mainEntityOfPage\":{\"@id\":\"https:\/\/all-car-news.com\/fr\/louer-une-voiture-avis-car-rental-pense-avec-vous\/\"},\"wordCount\":491,\"commentCount\":0,\"publisher\":{\"@id\":\"https:\/\/all-car-news.com\/fr\/#organization\"},\"articleSection\":[\"Fond\"],\"inLanguage\":\"fr-FR\",\"potentialAction\":[{\"@type\":\"CommentAction\",\"name\":\"Comment\",\"target\":[\"https:\/\/all-car-news.com\/fr\/louer-une-voiture-avis-car-rental-pense-avec-vous\/#respond\"]}]},{\"@type\":\"WebPage\",\"@id\":\"https:\/\/all-car-news.com\/fr\/louer-une-voiture-avis-car-rental-pense-avec-vous\/\",\"url\":\"https:\/\/all-car-news.com\/fr\/louer-une-voiture-avis-car-rental-pense-avec-vous\/\",\"name\":\"Louer une voiture ? Avis Car Rental pense avec vous - All cars news\",\"isPartOf\":{\"@id\":\"https:\/\/all-car-news.com\/fr\/#website\"},\"datePublished\":\"2022-10-05T15:53:29+00:00\",\"dateModified\":\"2022-10-05T15:53:29+00:00\",\"breadcrumb\":{\"@id\":\"https:\/\/all-car-news.com\/fr\/louer-une-voiture-avis-car-rental-pense-avec-vous\/#breadcrumb\"},\"inLanguage\":\"fr-FR\",\"potentialAction\":[{\"@type\":\"ReadAction\",\"target\":[\"https:\/\/all-car-news.com\/fr\/louer-une-voiture-avis-car-rental-pense-avec-vous\/\"]}]},{\"@type\":\"BreadcrumbList\",\"@id\":\"https:\/\/all-car-news.com\/fr\/louer-une-voiture-avis-car-rental-pense-avec-vous\/#breadcrumb\",\"itemListElement\":[{\"@type\":\"ListItem\",\"position\":1,\"name\":\"Home\",\"item\":\"https:\/\/all-car-news.com\/fr\/\"},{\"@type\":\"ListItem\",\"position\":2,\"name\":\"Louer une voiture ? Avis Car Rental pense avec vous\"}]},{\"@type\":\"WebSite\",\"@id\":\"https:\/\/all-car-news.com\/fr\/#website\",\"url\":\"https:\/\/all-car-news.com\/fr\/\",\"name\":\"All cars news\",\"description\":\"\",\"publisher\":{\"@id\":\"https:\/\/all-car-news.com\/fr\/#organization\"},\"potentialAction\":[{\"@type\":\"SearchAction\",\"target\":{\"@type\":\"EntryPoint\",\"urlTemplate\":\"https:\/\/all-car-news.com\/fr\/?s={search_term_string}\"},\"query-input\":\"required name=search_term_string\"}],\"inLanguage\":\"fr-FR\"},{\"@type\":\"Organization\",\"@id\":\"https:\/\/all-car-news.com\/fr\/#organization\",\"name\":\"All cars news\",\"url\":\"https:\/\/all-car-news.com\/fr\/\",\"logo\":{\"@type\":\"ImageObject\",\"inLanguage\":\"fr-FR\",\"@id\":\"https:\/\/all-car-news.com\/fr\/#\/schema\/logo\/image\/\",\"url\":\"https:\/\/all-car-news.com\/wp-content\/uploads\/2022\/02\/CMYK-AllCarNews_LANDSCAPE_300px-1.png\",\"contentUrl\":\"https:\/\/all-car-news.com\/wp-content\/uploads\/2022\/02\/CMYK-AllCarNews_LANDSCAPE_300px-1.png\",\"width\":300,\"height\":100,\"caption\":\"All cars news\"},\"image\":{\"@id\":\"https:\/\/all-car-news.com\/fr\/#\/schema\/logo\/image\/\"}}]}<\/script>\n<!-- \/ Yoast SEO plugin. -->","yoast_head_json":{"title":"Louer une voiture ? Avis Car Rental pense avec vous - All cars news","robots":{"index":"index","follow":"follow","max-snippet":"max-snippet:-1","max-image-preview":"max-image-preview:large","max-video-preview":"max-video-preview:-1"},"canonical":"https:\/\/all-car-news.com\/fr\/louer-une-voiture-avis-car-rental-pense-avec-vous\/","og_locale":"fr_FR","og_type":"article","og_title":"Louer une voiture ? Avis Car Rental pense avec vous - All cars news","og_description":"Partie connue Louer une voiture est parfois une t\u00e2che assez difficile. Il existe de nombreuses soci\u00e9t\u00e9s de location de voitures et il n'est pas toujours \u00e9vident de savoir quelles parties sont fiables et lesquelles ne le sont pas. Faire le tour du monde pendant une semaine \u00e0 des prix d\u00e9fiant toute concurrence peut sembler s\u00e9duisant, mais avec certains propri\u00e9taires, cela peut entra\u00eener de nombreux probl\u00e8mes. C'est pourquoi il est souvent judicieux de prendre un [...].","og_url":"https:\/\/all-car-news.com\/fr\/louer-une-voiture-avis-car-rental-pense-avec-vous\/","og_site_name":"All cars news","article_published_time":"2022-10-05T15:53:29+00:00","og_image":[{"url":"https:\/\/autorai.nl\/wp-content\/uploads\/2022\/09\/DSC3744_MK4-1140x760.jpg"}],"twitter_card":"summary_large_image","twitter_misc":{"Dur\u00e9e de lecture estim\u00e9e":"2 minutes"},"schema":{"@context":"https:\/\/schema.org","@graph":[{"@type":"Article","@id":"https:\/\/all-car-news.com\/fr\/louer-une-voiture-avis-car-rental-pense-avec-vous\/#article","isPartOf":{"@id":"https:\/\/all-car-news.com\/fr\/louer-une-voiture-avis-car-rental-pense-avec-vous\/"},"author":{"name":"","@id":""},"headline":"Louer une voiture ? Avis Car Rental pense avec vous","datePublished":"2022-10-05T15:53:29+00:00","dateModified":"2022-10-05T15:53:29+00:00","mainEntityOfPage":{"@id":"https:\/\/all-car-news.com\/fr\/louer-une-voiture-avis-car-rental-pense-avec-vous\/"},"wordCount":491,"commentCount":0,"publisher":{"@id":"https:\/\/all-car-news.com\/fr\/#organization"},"articleSection":["Fond"],"inLanguage":"fr-FR","potentialAction":[{"@type":"CommentAction","name":"Comment","target":["https:\/\/all-car-news.com\/fr\/louer-une-voiture-avis-car-rental-pense-avec-vous\/#respond"]}]},{"@type":"WebPage","@id":"https:\/\/all-car-news.com\/fr\/louer-une-voiture-avis-car-rental-pense-avec-vous\/","url":"https:\/\/all-car-news.com\/fr\/louer-une-voiture-avis-car-rental-pense-avec-vous\/","name":"Louer une voiture ? Avis Car Rental pense avec vous - All cars news","isPartOf":{"@id":"https:\/\/all-car-news.com\/fr\/#website"},"datePublished":"2022-10-05T15:53:29+00:00","dateModified":"2022-10-05T15:53:29+00:00","breadcrumb":{"@id":"https:\/\/all-car-news.com\/fr\/louer-une-voiture-avis-car-rental-pense-avec-vous\/#breadcrumb"},"inLanguage":"fr-FR","potentialAction":[{"@type":"ReadAction","target":["https:\/\/all-car-news.com\/fr\/louer-une-voiture-avis-car-rental-pense-avec-vous\/"]}]},{"@type":"BreadcrumbList","@id":"https:\/\/all-car-news.com\/fr\/louer-une-voiture-avis-car-rental-pense-avec-vous\/#breadcrumb","itemListElement":[{"@type":"ListItem","position":1,"name":"Home","item":"https:\/\/all-car-news.com\/fr\/"},{"@type":"ListItem","position":2,"name":"Louer une voiture ? Avis Car Rental pense avec vous"}]},{"@type":"WebSite","@id":"https:\/\/all-car-news.com\/fr\/#website","url":"https:\/\/all-car-news.com\/fr\/","name":"All cars news","description":"","publisher":{"@id":"https:\/\/all-car-news.com\/fr\/#organization"},"potentialAction":[{"@type":"SearchAction","target":{"@type":"EntryPoint","urlTemplate":"https:\/\/all-car-news.com\/fr\/?s={search_term_string}"},"query-input":"required name=search_term_string"}],"inLanguage":"fr-FR"},{"@type":"Organization","@id":"https:\/\/all-car-news.com\/fr\/#organization","name":"All cars news","url":"https:\/\/all-car-news.com\/fr\/","logo":{"@type":"ImageObject","inLanguage":"fr-FR","@id":"https:\/\/all-car-news.com\/fr\/#\/schema\/logo\/image\/","url":"https:\/\/all-car-news.com\/wp-content\/uploads\/2022\/02\/CMYK-AllCarNews_LANDSCAPE_300px-1.png","contentUrl":"https:\/\/all-car-news.com\/wp-content\/uploads\/2022\/02\/CMYK-AllCarNews_LANDSCAPE_300px-1.png","width":300,"height":100,"caption":"All cars news"},"image":{"@id":"https:\/\/all-car-news.com\/fr\/#\/schema\/logo\/image\/"}}]}},"_links":{"self":[{"href":"https:\/\/all-car-news.com\/fr\/wp-json\/wp\/v2\/posts\/124698","targetHints":{"allow":["GET"]}}],"collection":[{"href":"https:\/\/all-car-news.com\/fr\/wp-json\/wp\/v2\/posts"}],"about":[{"href":"https:\/\/all-car-news.com\/fr\/wp-json\/wp\/v2\/types\/post"}],"replies":[{"embeddable":true,"href":"https:\/\/all-car-news.com\/fr\/wp-json\/wp\/v2\/comments?post=124698"}],"version-history":[{"count":0,"href":"https:\/\/all-car-news.com\/fr\/wp-json\/wp\/v2\/posts\/124698\/revisions"}],"wp:featuredmedia":[{"embeddable":true,"href":"https:\/\/all-car-news.com\/fr\/wp-json\/wp\/v2\/media\/124668"}],"wp:attachment":[{"href":"https:\/\/all-car-news.com\/fr\/wp-json\/wp\/v2\/media?parent=124698"}],"wp:term":[{"taxonomy":"category","embeddable":true,"href":"https:\/\/all-car-news.com\/fr\/wp-json\/wp\/v2\/categories?post=124698"},{"taxonomy":"post_tag","embeddable":true,"href":"https:\/\/all-car-news.com\/fr\/wp-json\/wp\/v2\/tags?post=124698"}],"curies":[{"name":"wp","href":"https:\/\/api.w.org\/{rel}","templated":true}]}}