{"id":122729,"date":"2022-09-02T15:15:06","date_gmt":"2022-09-02T15:15:06","guid":{"rendered":"https:\/\/all-car-news.com\/test-citroen-e-berlingo-2022\/"},"modified":"2022-09-02T15:15:06","modified_gmt":"2022-09-02T15:15:06","slug":"test-citroen-e-berlingo-2022","status":"publish","type":"post","link":"https:\/\/all-car-news.com\/fr\/test-citroen-e-berlingo-2022\/","title":{"rendered":"Test &#8211; Citro\u00ebn e-Berlingo (2022)"},"content":{"rendered":"<p>Depuis la fin de l&rsquo;ann\u00e9e derni\u00e8re, la version passagers du Citro\u00ebn Berlingo n&rsquo;est disponible aux Pays-Bas que sous la forme d&rsquo;un Citro\u00ebn e-Berlingo enti\u00e8rement \u00e9lectrique. Cela permet de r\u00e9duire encore les \u00e9missions moyennes de CO2 de la gamme Citro\u00ebn, mais le Berlingo en version tout \u00e9lectrique est-il toujours aussi performant ? Nous allons le d\u00e9couvrir.<\/p>\n<div class=\"galery shuffle galery-0\">\n<figure>\n\t\t\t\t\t<span style=\"cursor: pointer\" data-src=\"https:\/\/autorai.nl\/wp-content\/uploads\/2022\/09\/Citroen-e-Berlingo-1-1600x1200.jpg\" data-fancybox=\"galery-0\" title=\"\"><br \/>\n\t\t\t\t\t\t\t<img decoding=\"async\" width=\"640\" height=\"480\" src=\"https:\/\/autorai.nl\/wp-content\/uploads\/2022\/09\/Citroen-e-Berlingo-1-640x480.jpg\" class=\"attachment-medium size-medium\" alt=\"\" loading=\"lazy\"><i class=\"fa fa-search-plus\" aria-hidden=\"true\"><\/i><br \/>\n\t\t\t\t\t\t<\/span><br \/>\n\t\t\t\t\t<\/figure>\n<figure>\n\t\t\t\t\t<span style=\"cursor: pointer\" data-src=\"https:\/\/autorai.nl\/wp-content\/uploads\/2022\/09\/Citroen-e-Berlingo-22-1600x1200.jpg\" data-fancybox=\"galery-0\" title=\"\"><br \/>\n\t\t\t\t\t\t\t<img decoding=\"async\" width=\"360\" height=\"270\" src=\"https:\/\/autorai.nl\/wp-content\/uploads\/2022\/09\/Citroen-e-Berlingo-22-360x270.jpg\" class=\"attachment-small size-small\" alt=\"\" loading=\"lazy\"><i class=\"fa fa-search-plus\" aria-hidden=\"true\"><\/i><br \/>\n\t\t\t\t\t\t<\/span><br \/>\n\t\t\t\t\t<\/figure>\n<figure>\n\t\t\t\t\t<span style=\"cursor: pointer\" data-src=\"https:\/\/autorai.nl\/wp-content\/uploads\/2022\/09\/Citroen-e-Berlingo-29-1600x1200.jpg\" data-fancybox=\"galery-0\" title=\"\"><br \/>\n\t\t\t\t\t\t\t<img decoding=\"async\" width=\"360\" height=\"270\" src=\"https:\/\/autorai.nl\/wp-content\/uploads\/2022\/09\/Citroen-e-Berlingo-29-360x270.jpg\" class=\"attachment-small size-small\" alt=\"\" loading=\"lazy\"><i class=\"fa fa-search-plus\" aria-hidden=\"true\"><\/i><br \/>\n\t\t\t\t\t\t<\/span><br \/>\n\t\t\t\t\t<\/figure>\n<div class=\"clear\"><\/div>\n<\/div>\n<h2><strong>Tout aussi pratique<\/strong><\/h2>\n<p>Avec sa propulsion enti\u00e8rement \u00e9lectrique, le Citro\u00ebn e-Berlingo est heureusement toujours aussi pratique. Comme pour la version pr\u00e9c\u00e9dente, cela est d\u00fb \u00e0 ses origines de v\u00e9hicule commercial. La <a href=\"https:\/\/zerauto.nl\/autotest-citroen-e-berlingo-van-vs-peugeot-e-partner-van-2021\/\" target=\"_blank\" rel=\"noreferrer noopener\">version fourgon<\/a> de l&rsquo;e-Berlingo a \u00e9galement \u00e9t\u00e9 d\u00e9velopp\u00e9e de mani\u00e8re \u00e0 ce que la ligne de transmission \u00e9lectrique n&rsquo;ait pas d&rsquo;impact n\u00e9gatif sur l&rsquo;espace et la capacit\u00e9 de chargement. Seul le poids de remorquage est inf\u00e9rieur, qui n&rsquo;est que de 750 kg.<\/p>\n<p>Cependant, il y a toujours de la place pour cinq \u00e0 sept personnes (en option) et, selon la version (cinq ou sept si\u00e8ges, \u00ab\u00a0courte\u00a0\u00bb ou XL), entre 597 et 912 litres de bagages \u00e0 l&rsquo;arri\u00e8re. Avec les si\u00e8ges rabattus, le maximum est m\u00eame de 1 672 litres. En outre, il existe encore de nombreux compartiments et options de rangement. Vous pouvez en savoir plus sur les nombreuses caract\u00e9ristiques pratiques du Citro\u00ebn e-Berlingo dans notre pr\u00e9c\u00e9dent <a href=\"https:\/\/autorai.nl\/autotest-citroen-berlingo-2019\/\" target=\"_blank\" rel=\"noreferrer noopener\">essai de la version essence<\/a>. Nous nous concentrons maintenant sur la propulsion \u00e9lectrique.<\/p>\n<div class=\"galery galery-1\">\n<figure>\n\t\t\t\t\t<span style=\"cursor: pointer\" data-src=\"https:\/\/autorai.nl\/wp-content\/uploads\/2022\/09\/Citroen-e-Berlingo-39-1600x1200.jpg\" data-fancybox=\"galery-1\" title=\"\"><br \/>\n\t\t\t\t\t\t\t<img decoding=\"async\" width=\"360\" height=\"270\" src=\"https:\/\/autorai.nl\/wp-content\/uploads\/2022\/09\/Citroen-e-Berlingo-39-360x270.jpg\" class=\"attachment-small size-small\" alt=\"\" loading=\"lazy\"><i class=\"fa fa-search-plus\" aria-hidden=\"true\"><\/i><br \/>\n\t\t\t\t\t\t<\/span><br \/>\n\t\t\t\t\t<\/figure>\n<figure>\n\t\t\t\t\t<span style=\"cursor: pointer\" data-src=\"https:\/\/autorai.nl\/wp-content\/uploads\/2022\/09\/Citroen-e-Berlingo-44-1600x1200.jpg\" data-fancybox=\"galery-1\" title=\"\"><br \/>\n\t\t\t\t\t\t\t<img decoding=\"async\" width=\"360\" height=\"270\" src=\"https:\/\/autorai.nl\/wp-content\/uploads\/2022\/09\/Citroen-e-Berlingo-44-360x270.jpg\" class=\"attachment-small size-small\" alt=\"\" loading=\"lazy\"><i class=\"fa fa-search-plus\" aria-hidden=\"true\"><\/i><br \/>\n\t\t\t\t\t\t<\/span><br \/>\n\t\t\t\t\t<\/figure>\n<figure>\n\t\t\t\t\t<span style=\"cursor: pointer\" data-src=\"https:\/\/autorai.nl\/wp-content\/uploads\/2022\/09\/Citroen-e-Berlingo-40-1600x1200.jpg\" data-fancybox=\"galery-1\" title=\"\"><br \/>\n\t\t\t\t\t\t\t<img decoding=\"async\" width=\"360\" height=\"270\" src=\"https:\/\/autorai.nl\/wp-content\/uploads\/2022\/09\/Citroen-e-Berlingo-40-360x270.jpg\" class=\"attachment-small size-small\" alt=\"\" loading=\"lazy\"><i class=\"fa fa-search-plus\" aria-hidden=\"true\"><\/i><br \/>\n\t\t\t\t\t\t<\/span><br \/>\n\t\t\t\t\t<\/figure>\n<figure>\n\t\t\t\t\t<span style=\"cursor: pointer\" data-src=\"https:\/\/autorai.nl\/wp-content\/uploads\/2022\/09\/Citroen-e-Berlingo-41-1600x1200.jpg\" data-fancybox=\"galery-1\" title=\"\"><br \/>\n\t\t\t\t\t\t\t<img decoding=\"async\" width=\"360\" height=\"270\" src=\"https:\/\/autorai.nl\/wp-content\/uploads\/2022\/09\/Citroen-e-Berlingo-41-360x270.jpg\" class=\"attachment-small size-small\" alt=\"\" loading=\"lazy\"><i class=\"fa fa-search-plus\" aria-hidden=\"true\"><\/i><br \/>\n\t\t\t\t\t\t<\/span><br \/>\n\t\t\t\t\t<\/figure>\n<div class=\"clear\"><\/div>\n<\/div>\n<h2><strong>Sur la route avec le Citro\u00ebn e-Berlingo<\/strong><\/h2>\n<p>La conduite du Citro\u00ebn e-Berlingo n&rsquo;est pas tr\u00e8s diff\u00e9rente de celle de la version essence. En fait, elle est m\u00eame plus agr\u00e9able, gr\u00e2ce \u00e0 sa conduite souple et \u00e0 une r\u00e9partition diff\u00e9rente du poids. Si elle est plus lourde que la version \u00e9quivalente \u00e0 essence (plus de 1 700 kg contre plus de 1 400 kg), son centre de gravit\u00e9 est plus bas gr\u00e2ce \u00e0 la batterie. L&rsquo;e-Berlingo est ainsi un peu plus ferme sur la route, la carrosserie se penche moins dans les virages. Le poids suppl\u00e9mentaire se fait sentir dans le confort de la suspension, dans le sens o\u00f9 la voiture oscille parfois l\u00e9g\u00e8rement sur les mauvaises routes. Ce n&rsquo;est pas vraiment d\u00e9rangeant.<\/p>\n<div class=\"galery shuffle galery-2\">\n<figure>\n\t\t\t\t\t<span style=\"cursor: pointer\" data-src=\"https:\/\/autorai.nl\/wp-content\/uploads\/2022\/09\/Citroen-e-Berlingo-30-1600x1200.jpg\" data-fancybox=\"galery-2\" title=\"\"><br \/>\n\t\t\t\t\t\t\t<img decoding=\"async\" width=\"640\" height=\"480\" src=\"https:\/\/autorai.nl\/wp-content\/uploads\/2022\/09\/Citroen-e-Berlingo-30-640x480.jpg\" class=\"attachment-medium size-medium\" alt=\"\" loading=\"lazy\"><i class=\"fa fa-search-plus\" aria-hidden=\"true\"><\/i><br \/>\n\t\t\t\t\t\t<\/span><br \/>\n\t\t\t\t\t<\/figure>\n<figure>\n\t\t\t\t\t<span style=\"cursor: pointer\" data-src=\"https:\/\/autorai.nl\/wp-content\/uploads\/2022\/09\/Citroen-e-Berlingo-12-1600x1200.jpg\" data-fancybox=\"galery-2\" title=\"\"><br \/>\n\t\t\t\t\t\t\t<img decoding=\"async\" width=\"360\" height=\"270\" src=\"https:\/\/autorai.nl\/wp-content\/uploads\/2022\/09\/Citroen-e-Berlingo-12-360x270.jpg\" class=\"attachment-small size-small\" alt=\"\" loading=\"lazy\"><i class=\"fa fa-search-plus\" aria-hidden=\"true\"><\/i><br \/>\n\t\t\t\t\t\t<\/span><br \/>\n\t\t\t\t\t<\/figure>\n<figure>\n\t\t\t\t\t<span style=\"cursor: pointer\" data-src=\"https:\/\/autorai.nl\/wp-content\/uploads\/2022\/09\/Citroen-e-Berlingo-21-1600x1200.jpg\" data-fancybox=\"galery-2\" title=\"\"><br \/>\n\t\t\t\t\t\t\t<img decoding=\"async\" width=\"360\" height=\"270\" src=\"https:\/\/autorai.nl\/wp-content\/uploads\/2022\/09\/Citroen-e-Berlingo-21-360x270.jpg\" class=\"attachment-small size-small\" alt=\"\" loading=\"lazy\"><i class=\"fa fa-search-plus\" aria-hidden=\"true\"><\/i><br \/>\n\t\t\t\t\t\t<\/span><br \/>\n\t\t\t\t\t<\/figure>\n<div class=\"clear\"><\/div>\n<\/div>\n<h2><strong>Autonomie th\u00e9orique Citro\u00ebn e-Berlingo<\/strong><\/h2>\n<p>Sur le papier, le Citro\u00ebn e-Berlingo dans la version XL que nous avons test\u00e9e a une autonomie de 278 km (WLTP). Lorsque l&rsquo;on part avec une batterie pleine, l&rsquo;ordinateur de bord indique \u00e0 plusieurs reprises une autonomie de plus de 260 km, ce qui est assez proche. Une fois sur la route, les kilom\u00e8tres se perdent rapidement, surtout sur l&rsquo;autoroute.<\/p>\n<h2><strong>La gamme Citro\u00ebn e-Berlingo en pratique<\/strong><\/h2>\n<p>Nous n&rsquo;avons pas vid\u00e9 compl\u00e8tement la batterie du Citro\u00ebn e-Berlingo, mais si nous calculons l&rsquo;\u00e9cart entre les kilom\u00e8tres parcourus et l&rsquo;autonomie consomm\u00e9e, il faut compter avec une autonomie totale d&rsquo;environ 220 \u00e0 240 kilom\u00e8tres. Cela d\u00e9pend un peu du fait que vous conduisez sur l&rsquo;autoroute ou sur les routes nationales et de la fr\u00e9quence \u00e0 laquelle vous devez ralentir (et donc r\u00e9cup\u00e9rer de l&rsquo;\u00e9nergie). Si vous conduisez presque exclusivement dans le trafic urbain (embouteillages), vous devriez probablement \u00eatre en mesure d&rsquo;atteindre les 260 kilom\u00e8tres. A propos, nous n&rsquo;avons pas test\u00e9 l&rsquo;e-Berlingo avec une charge compl\u00e8te.<\/p>\n<div class=\"galery shuffle galery-3\">\n<figure>\n\t\t\t\t\t<span style=\"cursor: pointer\" data-src=\"https:\/\/autorai.nl\/wp-content\/uploads\/2022\/09\/Citroen-e-Berlingo-15-1600x1200.jpg\" data-fancybox=\"galery-3\" title=\"\"><br \/>\n\t\t\t\t\t\t\t<img decoding=\"async\" width=\"640\" height=\"480\" src=\"https:\/\/autorai.nl\/wp-content\/uploads\/2022\/09\/Citroen-e-Berlingo-15-640x480.jpg\" class=\"attachment-medium size-medium\" alt=\"\" loading=\"lazy\"><i class=\"fa fa-search-plus\" aria-hidden=\"true\"><\/i><br \/>\n\t\t\t\t\t\t<\/span><br \/>\n\t\t\t\t\t<\/figure>\n<figure>\n\t\t\t\t\t<span style=\"cursor: pointer\" data-src=\"https:\/\/autorai.nl\/wp-content\/uploads\/2022\/09\/Citroen-e-Berlingo-33-1600x1200.jpg\" data-fancybox=\"galery-3\" title=\"\"><br \/>\n\t\t\t\t\t\t\t<img decoding=\"async\" width=\"360\" height=\"270\" src=\"https:\/\/autorai.nl\/wp-content\/uploads\/2022\/09\/Citroen-e-Berlingo-33-360x270.jpg\" class=\"attachment-small size-small\" alt=\"\" loading=\"lazy\"><i class=\"fa fa-search-plus\" aria-hidden=\"true\"><\/i><br \/>\n\t\t\t\t\t\t<\/span><br \/>\n\t\t\t\t\t<\/figure>\n<figure>\n\t\t\t\t\t<span style=\"cursor: pointer\" data-src=\"https:\/\/autorai.nl\/wp-content\/uploads\/2022\/09\/Citroen-e-Berlingo-23-1600x1200.jpg\" data-fancybox=\"galery-3\" title=\"\"><br \/>\n\t\t\t\t\t\t\t<img decoding=\"async\" width=\"360\" height=\"270\" src=\"https:\/\/autorai.nl\/wp-content\/uploads\/2022\/09\/Citroen-e-Berlingo-23-360x270.jpg\" class=\"attachment-small size-small\" alt=\"\" loading=\"lazy\"><i class=\"fa fa-search-plus\" aria-hidden=\"true\"><\/i><br \/>\n\t\t\t\t\t\t<\/span><br \/>\n\t\t\t\t\t<\/figure>\n<div class=\"clear\"><\/div>\n<\/div>\n<h2><strong>La gestion du c\u00e2ble de chargement<\/strong><\/h2>\n<p>Bien que le Citro\u00ebn e-Berlingo soit une merveille d&rsquo;espace pratique, nous avons trouv\u00e9 un point \u00e0 am\u00e9liorer dans ce domaine pr\u00e9cis : la gestion des c\u00e2bles de charge. En clair : o\u00f9 laissez-vous les c\u00e2bles de recharge ? De nombreuses voitures \u00e9lectriques disposent d&rsquo;un compartiment de rangement dans le coffre (plancher) \u00e0 cet effet, mais il n&rsquo;y en a pas ici. Citro\u00ebn fournit une pochette pour le c\u00e2ble de recharge. En th\u00e9orie, cela signifie que le c\u00e2ble de chargement est rang\u00e9 de mani\u00e8re compacte, mais soyons francs : vous n&rsquo;allez pas essayer de le faire rentrer dans ce sac avec pr\u00e9cision apr\u00e8s chaque session de chargement. Dans la pratique, le c\u00e2ble est donc libre dans le coffre. Dans ce cas, nous avons \u00e9galement re\u00e7u un c\u00e2ble de charge suppl\u00e9mentaire pour la recharge sur une prise domestique. C&rsquo;est un sacr\u00e9 bazar de c\u00e2bles \u00e0 l&rsquo;arri\u00e8re.<\/p>\n<div class=\"galery shuffle galery-4\">\n<figure>\n\t\t\t\t\t<span style=\"cursor: pointer\" data-src=\"https:\/\/autorai.nl\/wp-content\/uploads\/2022\/09\/Citroen-e-Berlingo-42-1600x1200.jpg\" data-fancybox=\"galery-4\" title=\"\"><br \/>\n\t\t\t\t\t\t\t<img decoding=\"async\" width=\"640\" height=\"480\" src=\"https:\/\/autorai.nl\/wp-content\/uploads\/2022\/09\/Citroen-e-Berlingo-42-640x480.jpg\" class=\"attachment-medium size-medium\" alt=\"\" loading=\"lazy\"><i class=\"fa fa-search-plus\" aria-hidden=\"true\"><\/i><br \/>\n\t\t\t\t\t\t<\/span><br \/>\n\t\t\t\t\t<\/figure>\n<figure>\n\t\t\t\t\t<span style=\"cursor: pointer\" data-src=\"https:\/\/autorai.nl\/wp-content\/uploads\/2022\/09\/Citroen-e-Berlingo-43-1600x1200.jpg\" data-fancybox=\"galery-4\" title=\"\"><br \/>\n\t\t\t\t\t\t\t<img decoding=\"async\" width=\"360\" height=\"270\" src=\"https:\/\/autorai.nl\/wp-content\/uploads\/2022\/09\/Citroen-e-Berlingo-43-360x270.jpg\" class=\"attachment-small size-small\" alt=\"\" loading=\"lazy\"><i class=\"fa fa-search-plus\" aria-hidden=\"true\"><\/i><br \/>\n\t\t\t\t\t\t<\/span><br \/>\n\t\t\t\t\t<\/figure>\n<figure>\n\t\t\t\t\t<span style=\"cursor: pointer\" data-src=\"https:\/\/autorai.nl\/wp-content\/uploads\/2022\/09\/Citroen-e-Berlingo-45-1600x1200.jpg\" data-fancybox=\"galery-4\" title=\"\"><br \/>\n\t\t\t\t\t\t\t<img decoding=\"async\" width=\"360\" height=\"270\" src=\"https:\/\/autorai.nl\/wp-content\/uploads\/2022\/09\/Citroen-e-Berlingo-45-360x270.jpg\" class=\"attachment-small size-small\" alt=\"\" loading=\"lazy\"><i class=\"fa fa-search-plus\" aria-hidden=\"true\"><\/i><br \/>\n\t\t\t\t\t\t<\/span><br \/>\n\t\t\t\t\t<\/figure>\n<div class=\"clear\"><\/div>\n<\/div>\n<h2><strong>Prix Citro\u00ebn e-Berlingo<\/strong><\/h2>\n<p>Le Citro\u00ebn e-Berlingo est actuellement disponible \u00e0 partir de 38 715 \u20ac. Pour cela, vous obtenez la version \u00ab\u00a0courte\u00a0\u00bb avec le niveau d&rsquo;\u00e9quipement Live. Pour plus de luxe, vous avez \u00e9galement le choix entre les niveaux Live Edition, Feel et Shine. Ce dernier est disponible \u00e0 partir de 42 940 euros et les deux autres se situent entre les deux. Vous pr\u00e9f\u00e9rez plus d&rsquo;espace ? Ensuite, il y a l&rsquo;e-Berlingo XL \u00e9tendu \u00e0 partir de 44 920 euros. Une grande diff\u00e9rence de prix, mais vous avez aussi le niveau d&rsquo;\u00e9quipement de Feel. Il n&rsquo;existe pas d&rsquo;autres versions pour le XL. La gamme compl\u00e8te des versions et des \u00e9quipements correspondants peut \u00eatre consult\u00e9e sur le site <a href=\"https:\/\/www.citroen.nl\/\" target=\"_blank\" rel=\"noreferrer noopener\">www.citroen.nl.<\/a><\/p>\n<div class=\"galery shuffle galery-5\">\n<figure>\n\t\t\t\t\t<span style=\"cursor: pointer\" data-src=\"https:\/\/autorai.nl\/wp-content\/uploads\/2022\/09\/Citroen-e-Berlingo-13-1600x1200.jpg\" data-fancybox=\"galery-5\" title=\"\"><br \/>\n\t\t\t\t\t\t\t<img decoding=\"async\" width=\"640\" height=\"480\" src=\"https:\/\/autorai.nl\/wp-content\/uploads\/2022\/09\/Citroen-e-Berlingo-13-640x480.jpg\" class=\"attachment-medium size-medium\" alt=\"\" loading=\"lazy\"><i class=\"fa fa-search-plus\" aria-hidden=\"true\"><\/i><br \/>\n\t\t\t\t\t\t<\/span><br \/>\n\t\t\t\t\t<\/figure>\n<figure>\n\t\t\t\t\t<span style=\"cursor: pointer\" data-src=\"https:\/\/autorai.nl\/wp-content\/uploads\/2022\/09\/Citroen-e-Berlingo-32-1600x1200.jpg\" data-fancybox=\"galery-5\" title=\"\"><br \/>\n\t\t\t\t\t\t\t<img decoding=\"async\" width=\"360\" height=\"270\" src=\"https:\/\/autorai.nl\/wp-content\/uploads\/2022\/09\/Citroen-e-Berlingo-32-360x270.jpg\" class=\"attachment-small size-small\" alt=\"\" loading=\"lazy\"><i class=\"fa fa-search-plus\" aria-hidden=\"true\"><\/i><br \/>\n\t\t\t\t\t\t<\/span><br \/>\n\t\t\t\t\t<\/figure>\n<figure>\n\t\t\t\t\t<span style=\"cursor: pointer\" data-src=\"https:\/\/autorai.nl\/wp-content\/uploads\/2022\/09\/Citroen-e-Berlingo-37-1600x1200.jpg\" data-fancybox=\"galery-5\" title=\"\"><br \/>\n\t\t\t\t\t\t\t<img decoding=\"async\" width=\"360\" height=\"270\" src=\"https:\/\/autorai.nl\/wp-content\/uploads\/2022\/09\/Citroen-e-Berlingo-37-360x270.jpg\" class=\"attachment-small size-small\" alt=\"\" loading=\"lazy\"><i class=\"fa fa-search-plus\" aria-hidden=\"true\"><\/i><br \/>\n\t\t\t\t\t\t<\/span><br \/>\n\t\t\t\t\t<\/figure>\n<div class=\"clear\"><\/div>\n<\/div>\n<h2><strong>Conclusion<\/strong><\/h2>\n<p>En soi, le Citro\u00ebn e-Berlingo enti\u00e8rement \u00e9lectrique est une offre tr\u00e8s solide. Il est r\u00e9solument pratique, ce qui vous permet d&#8217;emmener sans effort plusieurs personnes et\/ou bagages sur la route sans avoir besoin d&rsquo;un grand SUV. En outre, le e-Berlingo se conduit de mani\u00e8re plus agr\u00e9able que la version \u00e0 essence, gr\u00e2ce \u00e0 sa conduite souple et \u00e0 son centre de gravit\u00e9 plus bas.<\/p>\n<p>Le seul v\u00e9ritable inconv\u00e9nient du Citro\u00ebn e-Berlingo est son autonomie quelque peu limit\u00e9e. Il faut juste que cela corresponde \u00e0 l&rsquo;utilisation que vous voulez faire de la voiture. Tant que vous pouvez commencer chaque trajet en \u00e9tant compl\u00e8tement charg\u00e9, l&rsquo;autonomie est suffisante pour la grande majorit\u00e9 de vos d\u00e9placements. Nous n&rsquo;avons eu aucun probl\u00e8me avec elle pendant la semaine d&rsquo;essai. Mais une voiture comme le Citro\u00ebn Berlingo est aussi achet\u00e9e pour profiter des voyages. Avec le r\u00e9seau croissant de stations de recharge (rapide), cela ne devrait pas \u00eatre un probl\u00e8me non plus, mais, surtout dans les pays \u00e9trangers, vous devrez planifier vos longs trajets avec une attention particuli\u00e8re.<\/p>\n<p>Bien que Citro\u00ebn consid\u00e8re toujours les \u00ab\u00a0familles aventureuses\u00a0\u00bb comme le groupe cible le plus important pour le Berlingo, celui-ci est un peu moins int\u00e9ressant pour elles qu&rsquo;auparavant en raison de sa gamme relativement limit\u00e9e. Le Citro\u00ebn e-Berlingo est cependant, \u00e0 notre avis, une offre tr\u00e8s int\u00e9ressante pour les compagnies de taxis et pour les fournisseurs de services de navettes (autres). Au final, le Citro\u00ebn e-Berlingo n&rsquo;est qu&rsquo;une voiture confortable et agr\u00e9able \u00e0 conduire, dans laquelle tous les passagers et leurs bagages s&rsquo;ins\u00e8rent sans effort.<\/p>\n<div class=\"galery shuffle galery-6\">\n<figure>\n\t\t\t\t\t<span style=\"cursor: pointer\" data-src=\"https:\/\/autorai.nl\/wp-content\/uploads\/2022\/09\/Citroen-e-Berlingo-5-1600x1200.jpg\" data-fancybox=\"galery-6\" title=\"\"><br \/>\n\t\t\t\t\t\t\t<img decoding=\"async\" width=\"640\" height=\"480\" src=\"https:\/\/autorai.nl\/wp-content\/uploads\/2022\/09\/Citroen-e-Berlingo-5-640x480.jpg\" class=\"attachment-medium size-medium\" alt=\"\" loading=\"lazy\"><i class=\"fa fa-search-plus\" aria-hidden=\"true\"><\/i><br \/>\n\t\t\t\t\t\t<\/span><br \/>\n\t\t\t\t\t<\/figure>\n<figure>\n\t\t\t\t\t<span style=\"cursor: pointer\" data-src=\"https:\/\/autorai.nl\/wp-content\/uploads\/2022\/09\/Citroen-e-Berlingo-25-1600x1200.jpg\" data-fancybox=\"galery-6\" title=\"\"><br \/>\n\t\t\t\t\t\t\t<img decoding=\"async\" width=\"360\" height=\"270\" src=\"https:\/\/autorai.nl\/wp-content\/uploads\/2022\/09\/Citroen-e-Berlingo-25-360x270.jpg\" class=\"attachment-small size-small\" alt=\"\" loading=\"lazy\"><i class=\"fa fa-search-plus\" aria-hidden=\"true\"><\/i><br \/>\n\t\t\t\t\t\t<\/span><br \/>\n\t\t\t\t\t<\/figure>\n<figure>\n\t\t\t\t\t<span style=\"cursor: pointer\" data-src=\"https:\/\/autorai.nl\/wp-content\/uploads\/2022\/09\/Citroen-e-Berlingo-28-1600x1200.jpg\" data-fancybox=\"galery-6\" title=\"\"><br \/>\n\t\t\t\t\t\t\t<img decoding=\"async\" width=\"360\" height=\"270\" src=\"https:\/\/autorai.nl\/wp-content\/uploads\/2022\/09\/Citroen-e-Berlingo-28-360x270.jpg\" class=\"attachment-small size-small\" alt=\"\" loading=\"lazy\"><i class=\"fa fa-search-plus\" aria-hidden=\"true\"><\/i><br \/>\n\t\t\t\t\t\t<\/span><br \/>\n\t\t\t\t\t<\/figure>\n<div class=\"clear\"><\/div>\n<\/div>\n<h2><strong>L&rsquo;e-Berlingo des autres marques<\/strong><\/h2>\n<p>Pour \u00eatre complet, le Citro\u00ebn e-Berlingo est \u00e9galement disponible en version presque identique <a href=\"https:\/\/autorai.nl\/autotest-peugeot-rifter-2018\/\" target=\"_blank\" rel=\"noreferrer noopener\">Peugeot e-Rifter<\/a>, <a href=\"https:\/\/autorai.nl\/autotest-opel-combo-tour-1-2t-2019\/\" target=\"_blank\" rel=\"noreferrer noopener\">Opel Combo-e Life<\/a> et <a href=\"https:\/\/autorai.nl\/autotest-toyota-proace-city-verso-1-2t-130-pk-2020\/\" target=\"_blank\" rel=\"noreferrer noopener\">Toyota ProAce City Verso<\/a>. La version Toyota est la seule encore disponible avec des moteurs \u00e0 essence et ne dispose pas (encore) d&rsquo;une version \u00e9lectrique. Ces mod\u00e8les seront bient\u00f4t rejoints par le Fiat e-Doblo.<\/p>\n<h2><strong>(Peu) de concurrents directs<\/strong><\/h2>\n<p>La voiture \u00e0 quatre\/cinq pattes a plus ou moins pris le dessus sur son segment, car ses concurrents directs, tels que la Ford Tourneo, la Renault Kangoo et la Volkswagen Caddy, ne sont plus disponibles comme mod\u00e8les de passagers aux Pays-Bas. Mercedes-Benz propose toutefois le <a href=\"https:\/\/autorai.nl\/autotest-mercedes-benz-citan-bestel-en-tourer-2021\/\" target=\"_blank\" rel=\"noreferrer noopener\">Citan Tourer<\/a>, qui est apparent\u00e9 au Kangoo, et bient\u00f4t la Classe T, plus luxueuse.<\/p>\n<figure class=\"wp-block-image size-content\"><img decoding=\"async\" loading=\"lazy\" width=\"1140\" height=\"635\" src=\"https:\/\/autorai.nl\/wp-content\/uploads\/2022\/09\/Citroen-e-Berlingo-10-1-1140x635.jpg\" alt=\"\" class=\"wp-image-129468\"><\/figure>\n<div class=\"galery shuffle galery-7\">\n<figure>\n\t\t\t\t\t<span style=\"cursor: pointer\" data-src=\"https:\/\/autorai.nl\/wp-content\/uploads\/2022\/09\/Citroen-e-Berlingo-2-1600x1200.jpg\" data-fancybox=\"galery-7\" title=\"\"><br \/>\n\t\t\t\t\t\t\t<img decoding=\"async\" width=\"640\" height=\"480\" src=\"https:\/\/autorai.nl\/wp-content\/uploads\/2022\/09\/Citroen-e-Berlingo-2-640x480.jpg\" class=\"attachment-medium size-medium\" alt=\"\" loading=\"lazy\"><i class=\"fa fa-search-plus\" aria-hidden=\"true\"><\/i><br \/>\n\t\t\t\t\t\t<\/span><br \/>\n\t\t\t\t\t<\/figure>\n<figure>\n\t\t\t\t\t<span style=\"cursor: pointer\" data-src=\"https:\/\/autorai.nl\/wp-content\/uploads\/2022\/09\/Citroen-e-Berlingo-26-1600x1200.jpg\" data-fancybox=\"galery-7\" title=\"\"><br \/>\n\t\t\t\t\t\t\t<img decoding=\"async\" width=\"360\" height=\"270\" src=\"https:\/\/autorai.nl\/wp-content\/uploads\/2022\/09\/Citroen-e-Berlingo-26-360x270.jpg\" class=\"attachment-small size-small\" alt=\"\" loading=\"lazy\"><i class=\"fa fa-search-plus\" aria-hidden=\"true\"><\/i><br \/>\n\t\t\t\t\t\t<\/span><br \/>\n\t\t\t\t\t<\/figure>\n<figure>\n\t\t\t\t\t<span style=\"cursor: pointer\" data-src=\"https:\/\/autorai.nl\/wp-content\/uploads\/2022\/09\/Citroen-e-Berlingo-27-1600x1200.jpg\" data-fancybox=\"galery-7\" title=\"\"><br \/>\n\t\t\t\t\t\t\t<img decoding=\"async\" width=\"360\" height=\"270\" src=\"https:\/\/autorai.nl\/wp-content\/uploads\/2022\/09\/Citroen-e-Berlingo-27-360x270.jpg\" class=\"attachment-small size-small\" alt=\"\" loading=\"lazy\"><i class=\"fa fa-search-plus\" aria-hidden=\"true\"><\/i><br \/>\n\t\t\t\t\t\t<\/span><br \/>\n\t\t\t\t\t<\/figure>\n<figure>\n\t\t\t\t\t<span style=\"cursor: pointer\" data-src=\"https:\/\/autorai.nl\/wp-content\/uploads\/2022\/09\/Citroen-e-Berlingo-7-1600x1200.jpg\" data-fancybox=\"galery-7\" title=\"\"><br \/>\n\t\t\t\t\t\t\t<img decoding=\"async\" width=\"640\" height=\"480\" src=\"https:\/\/autorai.nl\/wp-content\/uploads\/2022\/09\/Citroen-e-Berlingo-7-640x480.jpg\" class=\"attachment-medium size-medium\" alt=\"\" loading=\"lazy\"><i class=\"fa fa-search-plus\" aria-hidden=\"true\"><\/i><br \/>\n\t\t\t\t\t\t<\/span><br \/>\n\t\t\t\t\t<\/figure>\n<figure>\n\t\t\t\t\t<span style=\"cursor: pointer\" data-src=\"https:\/\/autorai.nl\/wp-content\/uploads\/2022\/09\/Citroen-e-Berlingo-17-1600x1200.jpg\" data-fancybox=\"galery-7\" title=\"\"><br \/>\n\t\t\t\t\t\t\t<img decoding=\"async\" width=\"360\" height=\"270\" src=\"https:\/\/autorai.nl\/wp-content\/uploads\/2022\/09\/Citroen-e-Berlingo-17-360x270.jpg\" class=\"attachment-small size-small\" alt=\"\" loading=\"lazy\"><i class=\"fa fa-search-plus\" aria-hidden=\"true\"><\/i><br \/>\n\t\t\t\t\t\t<\/span><br \/>\n\t\t\t\t\t<\/figure>\n<figure>\n\t\t\t\t\t<span style=\"cursor: pointer\" data-src=\"https:\/\/autorai.nl\/wp-content\/uploads\/2022\/09\/Citroen-e-Berlingo-24-1600x1200.jpg\" data-fancybox=\"galery-7\" title=\"\"><br \/>\n\t\t\t\t\t\t\t<img decoding=\"async\" width=\"360\" height=\"270\" src=\"https:\/\/autorai.nl\/wp-content\/uploads\/2022\/09\/Citroen-e-Berlingo-24-360x270.jpg\" class=\"attachment-small size-small\" alt=\"\" loading=\"lazy\"><i class=\"fa fa-search-plus\" aria-hidden=\"true\"><\/i><br \/>\n\t\t\t\t\t\t<\/span><br \/>\n\t\t\t\t\t<\/figure>\n<figure>\n\t\t\t\t\t<span style=\"cursor: pointer\" data-src=\"https:\/\/autorai.nl\/wp-content\/uploads\/2022\/09\/Citroen-e-Berlingo-6-1600x1200.jpg\" data-fancybox=\"galery-7\" title=\"\"><br \/>\n\t\t\t\t\t\t\t<img decoding=\"async\" width=\"640\" height=\"480\" src=\"https:\/\/autorai.nl\/wp-content\/uploads\/2022\/09\/Citroen-e-Berlingo-6-640x480.jpg\" class=\"attachment-medium size-medium\" alt=\"\" loading=\"lazy\"><i class=\"fa fa-search-plus\" aria-hidden=\"true\"><\/i><br \/>\n\t\t\t\t\t\t<\/span><br \/>\n\t\t\t\t\t<\/figure>\n<figure>\n\t\t\t\t\t<span style=\"cursor: pointer\" data-src=\"https:\/\/autorai.nl\/wp-content\/uploads\/2022\/09\/Citroen-e-Berlingo-20-1600x1200.jpg\" data-fancybox=\"galery-7\" title=\"\"><br \/>\n\t\t\t\t\t\t\t<img decoding=\"async\" width=\"360\" height=\"270\" src=\"https:\/\/autorai.nl\/wp-content\/uploads\/2022\/09\/Citroen-e-Berlingo-20-360x270.jpg\" class=\"attachment-small size-small\" alt=\"\" loading=\"lazy\"><i class=\"fa fa-search-plus\" aria-hidden=\"true\"><\/i><br \/>\n\t\t\t\t\t\t<\/span><br \/>\n\t\t\t\t\t<\/figure>\n<figure>\n\t\t\t\t\t<span style=\"cursor: pointer\" data-src=\"https:\/\/autorai.nl\/wp-content\/uploads\/2022\/09\/Citroen-e-Berlingo-18-1600x1200.jpg\" data-fancybox=\"galery-7\" title=\"\"><br \/>\n\t\t\t\t\t\t\t<img decoding=\"async\" width=\"360\" height=\"270\" src=\"https:\/\/autorai.nl\/wp-content\/uploads\/2022\/09\/Citroen-e-Berlingo-18-360x270.jpg\" class=\"attachment-small size-small\" alt=\"\" loading=\"lazy\"><i class=\"fa fa-search-plus\" aria-hidden=\"true\"><\/i><br \/>\n\t\t\t\t\t\t<\/span><br \/>\n\t\t\t\t\t<\/figure>\n<figure>\n\t\t\t\t\t<span style=\"cursor: pointer\" data-src=\"https:\/\/autorai.nl\/wp-content\/uploads\/2022\/09\/Citroen-e-Berlingo-9-1600x1200.jpg\" data-fancybox=\"galery-7\" title=\"\"><br \/>\n\t\t\t\t\t\t\t<img decoding=\"async\" width=\"640\" height=\"480\" src=\"https:\/\/autorai.nl\/wp-content\/uploads\/2022\/09\/Citroen-e-Berlingo-9-640x480.jpg\" class=\"attachment-medium size-medium\" alt=\"\" loading=\"lazy\"><i class=\"fa fa-search-plus\" aria-hidden=\"true\"><\/i><br \/>\n\t\t\t\t\t\t<\/span><br \/>\n\t\t\t\t\t<\/figure>\n<figure>\n\t\t\t\t\t<span style=\"cursor: pointer\" data-src=\"https:\/\/autorai.nl\/wp-content\/uploads\/2022\/09\/Citroen-e-Berlingo-19-1600x1200.jpg\" data-fancybox=\"galery-7\" title=\"\"><br \/>\n\t\t\t\t\t\t\t<img decoding=\"async\" width=\"360\" height=\"270\" src=\"https:\/\/autorai.nl\/wp-content\/uploads\/2022\/09\/Citroen-e-Berlingo-19-360x270.jpg\" class=\"attachment-small size-small\" alt=\"\" loading=\"lazy\"><i class=\"fa fa-search-plus\" aria-hidden=\"true\"><\/i><br \/>\n\t\t\t\t\t\t<\/span><br \/>\n\t\t\t\t\t<\/figure>\n<figure>\n\t\t\t\t\t<span style=\"cursor: pointer\" data-src=\"https:\/\/autorai.nl\/wp-content\/uploads\/2022\/09\/Citroen-e-Berlingo-16-1600x1200.jpg\" data-fancybox=\"galery-7\" title=\"\"><br \/>\n\t\t\t\t\t\t\t<img decoding=\"async\" width=\"360\" height=\"270\" src=\"https:\/\/autorai.nl\/wp-content\/uploads\/2022\/09\/Citroen-e-Berlingo-16-360x270.jpg\" class=\"attachment-small size-small\" alt=\"\" loading=\"lazy\"><i class=\"fa fa-search-plus\" aria-hidden=\"true\"><\/i><br \/>\n\t\t\t\t\t\t<\/span><br \/>\n\t\t\t\t\t<\/figure>\n<figure>\n\t\t\t\t\t<span style=\"cursor: pointer\" data-src=\"https:\/\/autorai.nl\/wp-content\/uploads\/2022\/09\/Citroen-e-Berlingo-4-1600x1200.jpg\" data-fancybox=\"galery-7\" title=\"\"><br \/>\n\t\t\t\t\t\t\t<img decoding=\"async\" width=\"640\" height=\"480\" src=\"https:\/\/autorai.nl\/wp-content\/uploads\/2022\/09\/Citroen-e-Berlingo-4-640x480.jpg\" class=\"attachment-medium size-medium\" alt=\"\" loading=\"lazy\"><i class=\"fa fa-search-plus\" aria-hidden=\"true\"><\/i><br \/>\n\t\t\t\t\t\t<\/span><br \/>\n\t\t\t\t\t<\/figure>\n<figure>\n\t\t\t\t\t<span style=\"cursor: pointer\" data-src=\"https:\/\/autorai.nl\/wp-content\/uploads\/2022\/09\/Citroen-e-Berlingo-47-1600x1200.jpg\" data-fancybox=\"galery-7\" title=\"\"><br \/>\n\t\t\t\t\t\t\t<img decoding=\"async\" width=\"360\" height=\"270\" src=\"https:\/\/autorai.nl\/wp-content\/uploads\/2022\/09\/Citroen-e-Berlingo-47-360x270.jpg\" class=\"attachment-small size-small\" alt=\"\" loading=\"lazy\"><i class=\"fa fa-search-plus\" aria-hidden=\"true\"><\/i><br \/>\n\t\t\t\t\t\t<\/span><br \/>\n\t\t\t\t\t<\/figure>\n<figure>\n\t\t\t\t\t<span style=\"cursor: pointer\" data-src=\"https:\/\/autorai.nl\/wp-content\/uploads\/2022\/09\/Citroen-e-Berlingo-46-1600x1200.jpg\" data-fancybox=\"galery-7\" title=\"\"><br \/>\n\t\t\t\t\t\t\t<img decoding=\"async\" width=\"360\" height=\"270\" src=\"https:\/\/autorai.nl\/wp-content\/uploads\/2022\/09\/Citroen-e-Berlingo-46-360x270.jpg\" class=\"attachment-small size-small\" alt=\"\" loading=\"lazy\"><i class=\"fa fa-search-plus\" aria-hidden=\"true\"><\/i><br \/>\n\t\t\t\t\t\t<\/span><br \/>\n\t\t\t\t\t<\/figure>\n<figure>\n\t\t\t\t\t<span style=\"cursor: pointer\" data-src=\"https:\/\/autorai.nl\/wp-content\/uploads\/2022\/09\/Citroen-e-Berlingo-14-1600x1200.jpg\" data-fancybox=\"galery-7\" title=\"\"><br \/>\n\t\t\t\t\t\t\t<img decoding=\"async\" width=\"640\" height=\"480\" src=\"https:\/\/autorai.nl\/wp-content\/uploads\/2022\/09\/Citroen-e-Berlingo-14-640x480.jpg\" class=\"attachment-medium size-medium\" alt=\"\" loading=\"lazy\"><i class=\"fa fa-search-plus\" aria-hidden=\"true\"><\/i><br \/>\n\t\t\t\t\t\t<\/span><br \/>\n\t\t\t\t\t<\/figure>\n<figure>\n\t\t\t\t\t<span style=\"cursor: pointer\" data-src=\"https:\/\/autorai.nl\/wp-content\/uploads\/2022\/09\/Citroen-e-Berlingo-38-1600x1200.jpg\" data-fancybox=\"galery-7\" title=\"\"><br \/>\n\t\t\t\t\t\t\t<img decoding=\"async\" width=\"360\" height=\"270\" src=\"https:\/\/autorai.nl\/wp-content\/uploads\/2022\/09\/Citroen-e-Berlingo-38-360x270.jpg\" class=\"attachment-small size-small\" alt=\"\" loading=\"lazy\"><i class=\"fa fa-search-plus\" aria-hidden=\"true\"><\/i><br \/>\n\t\t\t\t\t\t<\/span><br \/>\n\t\t\t\t\t<\/figure>\n<figure>\n\t\t\t\t\t<span style=\"cursor: pointer\" data-src=\"https:\/\/autorai.nl\/wp-content\/uploads\/2022\/09\/Citroen-e-Berlingo-36-1600x1200.jpg\" data-fancybox=\"galery-7\" title=\"\"><br \/>\n\t\t\t\t\t\t\t<img decoding=\"async\" width=\"360\" height=\"270\" src=\"https:\/\/autorai.nl\/wp-content\/uploads\/2022\/09\/Citroen-e-Berlingo-36-360x270.jpg\" class=\"attachment-small size-small\" alt=\"\" loading=\"lazy\"><i class=\"fa fa-search-plus\" aria-hidden=\"true\"><\/i><br \/>\n\t\t\t\t\t\t<\/span><br \/>\n\t\t\t\t\t<\/figure>\n<figure>\n\t\t\t\t\t<span style=\"cursor: pointer\" data-src=\"https:\/\/autorai.nl\/wp-content\/uploads\/2022\/09\/Citroen-e-Berlingo-31-1600x1200.jpg\" data-fancybox=\"galery-7\" title=\"\"><br \/>\n\t\t\t\t\t\t\t<img decoding=\"async\" width=\"640\" height=\"480\" src=\"https:\/\/autorai.nl\/wp-content\/uploads\/2022\/09\/Citroen-e-Berlingo-31-640x480.jpg\" class=\"attachment-medium size-medium\" alt=\"\" loading=\"lazy\"><i class=\"fa fa-search-plus\" aria-hidden=\"true\"><\/i><br \/>\n\t\t\t\t\t\t<\/span><br \/>\n\t\t\t\t\t<\/figure>\n<figure>\n\t\t\t\t\t<span style=\"cursor: pointer\" data-src=\"https:\/\/autorai.nl\/wp-content\/uploads\/2022\/09\/Citroen-e-Berlingo-34-1600x1200.jpg\" data-fancybox=\"galery-7\" title=\"\"><br \/>\n\t\t\t\t\t\t\t<img decoding=\"async\" width=\"360\" height=\"270\" src=\"https:\/\/autorai.nl\/wp-content\/uploads\/2022\/09\/Citroen-e-Berlingo-34-360x270.jpg\" class=\"attachment-small size-small\" alt=\"\" loading=\"lazy\"><i class=\"fa fa-search-plus\" aria-hidden=\"true\"><\/i><br \/>\n\t\t\t\t\t\t<\/span><br \/>\n\t\t\t\t\t<\/figure>\n<figure>\n\t\t\t\t\t<span style=\"cursor: pointer\" data-src=\"https:\/\/autorai.nl\/wp-content\/uploads\/2022\/09\/Citroen-e-Berlingo-35-1600x1200.jpg\" data-fancybox=\"galery-7\" title=\"\"><br \/>\n\t\t\t\t\t\t\t<img decoding=\"async\" width=\"360\" height=\"270\" src=\"https:\/\/autorai.nl\/wp-content\/uploads\/2022\/09\/Citroen-e-Berlingo-35-360x270.jpg\" class=\"attachment-small size-small\" alt=\"\" loading=\"lazy\"><i class=\"fa fa-search-plus\" aria-hidden=\"true\"><\/i><br \/>\n\t\t\t\t\t\t<\/span><br \/>\n\t\t\t\t\t<\/figure>\n<div class=\"clear\"><\/div>\n<\/div>\n","protected":false},"excerpt":{"rendered":"Depuis la fin de l'ann\u00e9e derni\u00e8re, la version passagers du Citro\u00ebn Berlingo n'est disponible aux Pays-Bas que sous la forme\u2026","protected":false},"author":0,"featured_media":122725,"comment_status":"open","ping_status":"open","sticky":false,"template":"","format":"standard","meta":{"footnotes":""},"categories":[147],"tags":[],"class_list":["post-122729","post","type-post","status-publish","format-standard","has-post-thumbnail","hentry","category-essais-de-voiture"],"acf":[],"yoast_head":"<!-- This site is optimized with the Yoast SEO plugin v21.2 - https:\/\/yoast.com\/wordpress\/plugins\/seo\/ -->\n<title>Test - Citro\u00ebn e-Berlingo (2022) - All cars news<\/title>\n<meta name=\"robots\" content=\"index, follow, max-snippet:-1, max-image-preview:large, max-video-preview:-1\" \/>\n<link rel=\"canonical\" href=\"https:\/\/all-car-news.com\/fr\/test-citroen-e-berlingo-2022\/\" \/>\n<meta property=\"og:locale\" content=\"fr_FR\" \/>\n<meta property=\"og:type\" content=\"article\" \/>\n<meta property=\"og:title\" content=\"Test - Citro\u00ebn e-Berlingo (2022) - All cars news\" \/>\n<meta property=\"og:description\" content=\"Depuis la fin de l&#039;ann\u00e9e derni\u00e8re, la version passagers du Citro\u00ebn Berlingo n&#039;est disponible aux Pays-Bas que sous la forme d&#039;un Citro\u00ebn e-Berlingo enti\u00e8rement \u00e9lectrique. Cela permet de r\u00e9duire encore les \u00e9missions moyennes de CO2 de la gamme Citro\u00ebn, mais le Berlingo en version tout \u00e9lectrique est-il toujours aussi performant ? Nous allons le d\u00e9couvrir. Tout aussi pratique Avec [...]\" \/>\n<meta property=\"og:url\" content=\"https:\/\/all-car-news.com\/fr\/test-citroen-e-berlingo-2022\/\" \/>\n<meta property=\"og:site_name\" content=\"All cars news\" \/>\n<meta property=\"article:published_time\" content=\"2022-09-02T15:15:06+00:00\" \/>\n<meta property=\"og:image\" content=\"https:\/\/autorai.nl\/wp-content\/uploads\/2022\/09\/Citroen-e-Berlingo-1-640x480.jpg\" \/>\n<meta name=\"twitter:card\" content=\"summary_large_image\" \/>\n<meta name=\"twitter:label1\" content=\"Dur\u00e9e de lecture estim\u00e9e\" \/>\n\t<meta name=\"twitter:data1\" content=\"6 minutes\" \/>\n<script type=\"application\/ld+json\" class=\"yoast-schema-graph\">{\"@context\":\"https:\/\/schema.org\",\"@graph\":[{\"@type\":\"Article\",\"@id\":\"https:\/\/all-car-news.com\/fr\/test-citroen-e-berlingo-2022\/#article\",\"isPartOf\":{\"@id\":\"https:\/\/all-car-news.com\/fr\/test-citroen-e-berlingo-2022\/\"},\"author\":{\"name\":\"\",\"@id\":\"\"},\"headline\":\"Test &#8211; Citro\u00ebn e-Berlingo (2022)\",\"datePublished\":\"2022-09-02T15:15:06+00:00\",\"dateModified\":\"2022-09-02T15:15:06+00:00\",\"mainEntityOfPage\":{\"@id\":\"https:\/\/all-car-news.com\/fr\/test-citroen-e-berlingo-2022\/\"},\"wordCount\":1227,\"commentCount\":0,\"publisher\":{\"@id\":\"https:\/\/all-car-news.com\/fr\/#organization\"},\"articleSection\":[\"essais de voiture\"],\"inLanguage\":\"fr-FR\",\"potentialAction\":[{\"@type\":\"CommentAction\",\"name\":\"Comment\",\"target\":[\"https:\/\/all-car-news.com\/fr\/test-citroen-e-berlingo-2022\/#respond\"]}]},{\"@type\":\"WebPage\",\"@id\":\"https:\/\/all-car-news.com\/fr\/test-citroen-e-berlingo-2022\/\",\"url\":\"https:\/\/all-car-news.com\/fr\/test-citroen-e-berlingo-2022\/\",\"name\":\"Test - Citro\u00ebn e-Berlingo (2022) - All cars news\",\"isPartOf\":{\"@id\":\"https:\/\/all-car-news.com\/fr\/#website\"},\"datePublished\":\"2022-09-02T15:15:06+00:00\",\"dateModified\":\"2022-09-02T15:15:06+00:00\",\"breadcrumb\":{\"@id\":\"https:\/\/all-car-news.com\/fr\/test-citroen-e-berlingo-2022\/#breadcrumb\"},\"inLanguage\":\"fr-FR\",\"potentialAction\":[{\"@type\":\"ReadAction\",\"target\":[\"https:\/\/all-car-news.com\/fr\/test-citroen-e-berlingo-2022\/\"]}]},{\"@type\":\"BreadcrumbList\",\"@id\":\"https:\/\/all-car-news.com\/fr\/test-citroen-e-berlingo-2022\/#breadcrumb\",\"itemListElement\":[{\"@type\":\"ListItem\",\"position\":1,\"name\":\"Home\",\"item\":\"https:\/\/all-car-news.com\/fr\/\"},{\"@type\":\"ListItem\",\"position\":2,\"name\":\"Test &#8211; Citro\u00ebn e-Berlingo (2022)\"}]},{\"@type\":\"WebSite\",\"@id\":\"https:\/\/all-car-news.com\/fr\/#website\",\"url\":\"https:\/\/all-car-news.com\/fr\/\",\"name\":\"All cars news\",\"description\":\"\",\"publisher\":{\"@id\":\"https:\/\/all-car-news.com\/fr\/#organization\"},\"potentialAction\":[{\"@type\":\"SearchAction\",\"target\":{\"@type\":\"EntryPoint\",\"urlTemplate\":\"https:\/\/all-car-news.com\/fr\/?s={search_term_string}\"},\"query-input\":\"required name=search_term_string\"}],\"inLanguage\":\"fr-FR\"},{\"@type\":\"Organization\",\"@id\":\"https:\/\/all-car-news.com\/fr\/#organization\",\"name\":\"All cars news\",\"url\":\"https:\/\/all-car-news.com\/fr\/\",\"logo\":{\"@type\":\"ImageObject\",\"inLanguage\":\"fr-FR\",\"@id\":\"https:\/\/all-car-news.com\/fr\/#\/schema\/logo\/image\/\",\"url\":\"https:\/\/all-car-news.com\/wp-content\/uploads\/2022\/02\/CMYK-AllCarNews_LANDSCAPE_300px-1.png\",\"contentUrl\":\"https:\/\/all-car-news.com\/wp-content\/uploads\/2022\/02\/CMYK-AllCarNews_LANDSCAPE_300px-1.png\",\"width\":300,\"height\":100,\"caption\":\"All cars news\"},\"image\":{\"@id\":\"https:\/\/all-car-news.com\/fr\/#\/schema\/logo\/image\/\"}}]}<\/script>\n<!-- \/ Yoast SEO plugin. -->","yoast_head_json":{"title":"Test - Citro\u00ebn e-Berlingo (2022) - All cars news","robots":{"index":"index","follow":"follow","max-snippet":"max-snippet:-1","max-image-preview":"max-image-preview:large","max-video-preview":"max-video-preview:-1"},"canonical":"https:\/\/all-car-news.com\/fr\/test-citroen-e-berlingo-2022\/","og_locale":"fr_FR","og_type":"article","og_title":"Test - Citro\u00ebn e-Berlingo (2022) - All cars news","og_description":"Depuis la fin de l'ann\u00e9e derni\u00e8re, la version passagers du Citro\u00ebn Berlingo n'est disponible aux Pays-Bas que sous la forme d'un Citro\u00ebn e-Berlingo enti\u00e8rement \u00e9lectrique. Cela permet de r\u00e9duire encore les \u00e9missions moyennes de CO2 de la gamme Citro\u00ebn, mais le Berlingo en version tout \u00e9lectrique est-il toujours aussi performant ? Nous allons le d\u00e9couvrir. Tout aussi pratique Avec [...]","og_url":"https:\/\/all-car-news.com\/fr\/test-citroen-e-berlingo-2022\/","og_site_name":"All cars news","article_published_time":"2022-09-02T15:15:06+00:00","og_image":[{"url":"https:\/\/autorai.nl\/wp-content\/uploads\/2022\/09\/Citroen-e-Berlingo-1-640x480.jpg"}],"twitter_card":"summary_large_image","twitter_misc":{"Dur\u00e9e de lecture estim\u00e9e":"6 minutes"},"schema":{"@context":"https:\/\/schema.org","@graph":[{"@type":"Article","@id":"https:\/\/all-car-news.com\/fr\/test-citroen-e-berlingo-2022\/#article","isPartOf":{"@id":"https:\/\/all-car-news.com\/fr\/test-citroen-e-berlingo-2022\/"},"author":{"name":"","@id":""},"headline":"Test &#8211; Citro\u00ebn e-Berlingo (2022)","datePublished":"2022-09-02T15:15:06+00:00","dateModified":"2022-09-02T15:15:06+00:00","mainEntityOfPage":{"@id":"https:\/\/all-car-news.com\/fr\/test-citroen-e-berlingo-2022\/"},"wordCount":1227,"commentCount":0,"publisher":{"@id":"https:\/\/all-car-news.com\/fr\/#organization"},"articleSection":["essais de voiture"],"inLanguage":"fr-FR","potentialAction":[{"@type":"CommentAction","name":"Comment","target":["https:\/\/all-car-news.com\/fr\/test-citroen-e-berlingo-2022\/#respond"]}]},{"@type":"WebPage","@id":"https:\/\/all-car-news.com\/fr\/test-citroen-e-berlingo-2022\/","url":"https:\/\/all-car-news.com\/fr\/test-citroen-e-berlingo-2022\/","name":"Test - Citro\u00ebn e-Berlingo (2022) - All cars news","isPartOf":{"@id":"https:\/\/all-car-news.com\/fr\/#website"},"datePublished":"2022-09-02T15:15:06+00:00","dateModified":"2022-09-02T15:15:06+00:00","breadcrumb":{"@id":"https:\/\/all-car-news.com\/fr\/test-citroen-e-berlingo-2022\/#breadcrumb"},"inLanguage":"fr-FR","potentialAction":[{"@type":"ReadAction","target":["https:\/\/all-car-news.com\/fr\/test-citroen-e-berlingo-2022\/"]}]},{"@type":"BreadcrumbList","@id":"https:\/\/all-car-news.com\/fr\/test-citroen-e-berlingo-2022\/#breadcrumb","itemListElement":[{"@type":"ListItem","position":1,"name":"Home","item":"https:\/\/all-car-news.com\/fr\/"},{"@type":"ListItem","position":2,"name":"Test &#8211; Citro\u00ebn e-Berlingo (2022)"}]},{"@type":"WebSite","@id":"https:\/\/all-car-news.com\/fr\/#website","url":"https:\/\/all-car-news.com\/fr\/","name":"All cars news","description":"","publisher":{"@id":"https:\/\/all-car-news.com\/fr\/#organization"},"potentialAction":[{"@type":"SearchAction","target":{"@type":"EntryPoint","urlTemplate":"https:\/\/all-car-news.com\/fr\/?s={search_term_string}"},"query-input":"required name=search_term_string"}],"inLanguage":"fr-FR"},{"@type":"Organization","@id":"https:\/\/all-car-news.com\/fr\/#organization","name":"All cars news","url":"https:\/\/all-car-news.com\/fr\/","logo":{"@type":"ImageObject","inLanguage":"fr-FR","@id":"https:\/\/all-car-news.com\/fr\/#\/schema\/logo\/image\/","url":"https:\/\/all-car-news.com\/wp-content\/uploads\/2022\/02\/CMYK-AllCarNews_LANDSCAPE_300px-1.png","contentUrl":"https:\/\/all-car-news.com\/wp-content\/uploads\/2022\/02\/CMYK-AllCarNews_LANDSCAPE_300px-1.png","width":300,"height":100,"caption":"All cars news"},"image":{"@id":"https:\/\/all-car-news.com\/fr\/#\/schema\/logo\/image\/"}}]}},"_links":{"self":[{"href":"https:\/\/all-car-news.com\/fr\/wp-json\/wp\/v2\/posts\/122729","targetHints":{"allow":["GET"]}}],"collection":[{"href":"https:\/\/all-car-news.com\/fr\/wp-json\/wp\/v2\/posts"}],"about":[{"href":"https:\/\/all-car-news.com\/fr\/wp-json\/wp\/v2\/types\/post"}],"replies":[{"embeddable":true,"href":"https:\/\/all-car-news.com\/fr\/wp-json\/wp\/v2\/comments?post=122729"}],"version-history":[{"count":0,"href":"https:\/\/all-car-news.com\/fr\/wp-json\/wp\/v2\/posts\/122729\/revisions"}],"wp:featuredmedia":[{"embeddable":true,"href":"https:\/\/all-car-news.com\/fr\/wp-json\/wp\/v2\/media\/122725"}],"wp:attachment":[{"href":"https:\/\/all-car-news.com\/fr\/wp-json\/wp\/v2\/media?parent=122729"}],"wp:term":[{"taxonomy":"category","embeddable":true,"href":"https:\/\/all-car-news.com\/fr\/wp-json\/wp\/v2\/categories?post=122729"},{"taxonomy":"post_tag","embeddable":true,"href":"https:\/\/all-car-news.com\/fr\/wp-json\/wp\/v2\/tags?post=122729"}],"curies":[{"name":"wp","href":"https:\/\/api.w.org\/{rel}","templated":true}]}}