{"id":122148,"date":"2022-08-23T10:56:39","date_gmt":"2022-08-23T10:56:39","guid":{"rendered":"https:\/\/all-car-news.com\/la-gr-yaris-equipee-dun-moteur-a-hydrogene-fait-ses-debuts-en-rallye-europeen\/"},"modified":"2022-08-23T10:56:39","modified_gmt":"2022-08-23T10:56:39","slug":"la-gr-yaris-equipee-dun-moteur-a-hydrogene-fait-ses-debuts-en-rallye-europeen","status":"publish","type":"post","link":"https:\/\/all-car-news.com\/fr\/la-gr-yaris-equipee-dun-moteur-a-hydrogene-fait-ses-debuts-en-rallye-europeen\/","title":{"rendered":"La GR Yaris \u00e9quip\u00e9e d&rsquo;un moteur \u00e0 hydrog\u00e8ne fait ses d\u00e9buts en rallye europ\u00e9en"},"content":{"rendered":"<h2><strong>Hydrog\u00e8ne<\/strong><\/h2>\n<p>Chez Toyota, on adore l&rsquo;hydrog\u00e8ne. La Mirai est le fleuron de la marque et dans la s\u00e9rie de courses Super Taikyu au Japon, Toyota concourt m\u00eame avec une Corolla Sport \u00e0 hydrog\u00e8ne. Toyota a maintenant mis le groupe motopropulseur durable de cette voiture de course dans la Yaris GR. Le r\u00e9sultat est la GR Yaris H2.<\/p>\n<figure class=\"wp-block-image size-content\"><img decoding=\"async\" loading=\"lazy\" width=\"1140\" height=\"760\" src=\"https:\/\/autorai.nl\/wp-content\/uploads\/2022\/08\/09-Morizo-in-actie-tijdens-Rally-van-Belgie-in-GR-Yaris-met-waterstof-verbrandingsmotor-1140x760.jpg\" alt=\"\" class=\"wp-image-128413\"><\/figure>\n<h2><strong>Rallye d&rsquo;Ypres, Belgique<\/strong><\/h2>\n<p>La Yaris sp\u00e9ciale est entr\u00e9e en action pour la premi\u00e8re fois en dehors du Japon lors du Rallye de Belgique. Lors de la neuvi\u00e8me manche du championnat du monde des rallyes, la GR Yaris \u00e9quip\u00e9e d&rsquo;un moteur \u00e0 combustion \u00e0 hydrog\u00e8ne a parcouru une \u00e9tape par jour. Le vendredi 19 et le dimanche 21 ao\u00fbt, elle a \u00e9t\u00e9 conduite par Juha Kankkunen et le 20 ao\u00fbt, le pr\u00e9sident de Toyota, Akio Toyoda, a pris le volant lui-m\u00eame.<\/p>\n<figure class=\"wp-block-image size-content\"><img decoding=\"async\" loading=\"lazy\" width=\"1140\" height=\"760\" src=\"https:\/\/autorai.nl\/wp-content\/uploads\/2022\/08\/13-Morizo-in-actie-tijdens-Rally-van-Belgie-in-GR-Yaris-met-waterstof-verbrandingsmotor-1140x760.jpg\" alt=\"\" class=\"wp-image-128414\"><figcaption> <\/figcaption><\/figure>\n<h2><strong>Superbe<\/strong><\/h2>\n<p>Selon la l\u00e9gende du rallye Juha Kankkunen, le chef de Toyota est un bon conducteur : \u00ab\u00a0Akio a tr\u00e8s bien conduit. Le moteur \u00e0 hydrog\u00e8ne a d\u00e9livr\u00e9 un couple solide, de sorte qu&rsquo;il n&rsquo;\u00e9tait pas diff\u00e9rent d&rsquo;un moteur \u00e0 essence. Comme ils n&rsquo;\u00e9mettent pratiquement pas de CO2, je pense que les moteurs \u00e0 hydrog\u00e8ne deviendront l&rsquo;une des options pour atteindre la neutralit\u00e9 carbone. Non seulement dans le monde du sport automobile, mais aussi dans celui des voitures de tous les jours.\u00a0\u00bb<\/p>\n<p><em>Le texte continue sous la vid\u00e9o :<\/em><\/p>\n<figure class=\"wp-block-embed is-type-video is-provider-youtube wp-block-embed-youtube wp-embed-aspect-16-9 wp-has-aspect-ratio\">\n<div class=\"wp-block-embed__wrapper\">\n<\/div>\n<\/figure>\n<h2><strong>Toyota Mirai<\/strong><\/h2>\n<p>Le groupe motopropulseur \u00e0 hydrog\u00e8ne de la GR Yaris exp\u00e9rimentale fonctionne de mani\u00e8re l\u00e9g\u00e8rement diff\u00e9rente de celui de la Toyota Mirai. Dans la majestueuse berline, l&rsquo;hydrog\u00e8ne est converti en \u00e9lectricit\u00e9 gr\u00e2ce \u00e0 la technologie des piles \u00e0 combustible. L&rsquo;\u00e9nergie produite par la pile \u00e0 combustible est transmise par une petite batterie \u00e0 un moteur \u00e9lectrique qui entra\u00eene les roues.<\/p>\n<figure class=\"wp-block-image size-content\"><img decoding=\"async\" loading=\"lazy\" width=\"1140\" height=\"760\" src=\"https:\/\/autorai.nl\/wp-content\/uploads\/2022\/08\/07-Morizo-in-actie-tijdens-Rally-van-Belgie-in-GR-Yaris-met-waterstof-verbrandingsmotor-1140x760.jpg\" alt=\"\" class=\"wp-image-128411\"><figcaption> <\/figcaption><\/figure>\n<h2><strong>Moteur \u00e0 combustion<\/strong><\/h2>\n<p>La GR Yaris Hydrogen poss\u00e8de les m\u00eames r\u00e9servoirs que la Mirai, mais sous le capot se trouve le m\u00eame moteur turbo 1,6 litre \u00e0 trois cylindres que celui de la Toyota GR Yaris \u00ab\u00a0normale\u00a0\u00bb. Bien que cela ne soit plus aussi courant, car le moteur est \u00e9quip\u00e9 d&rsquo;un syst\u00e8me d&rsquo;alimentation et d&rsquo;injection diff\u00e9rent afin de pouvoir fonctionner \u00e0 l&rsquo;hydrog\u00e8ne.<\/p>\n<figure class=\"wp-block-image size-content\"><img decoding=\"async\" loading=\"lazy\" width=\"1140\" height=\"641\" src=\"https:\/\/autorai.nl\/wp-content\/uploads\/2022\/08\/toyota-gr-yaris-h2-2021-970-001-1140x641.jpg\" alt=\"\" class=\"wp-image-128417\"><\/figure>\n<h2>Bon son<\/h2>\n<p>L&rsquo;hydrog\u00e8ne est une substance volatile qui br\u00fble plus rapidement que l&rsquo;essence, mais le produit final est de l&rsquo;eau. Le moteur \u00e0 hydrog\u00e8ne de la Yaris H2 de GR a donc une excellente r\u00e9ponse \u00e0 l&rsquo;acc\u00e9l\u00e9rateur, mais il est aussi agr\u00e9able et durable. En outre, le moteur \u00e0 combustion \u00e0 hydrog\u00e8ne produit un son agr\u00e9able, qui fait bien s\u00fbr d\u00e9faut aux voitures de sport enti\u00e8rement \u00e9lectriques. Dans la vid\u00e9o ci-dessous, vous pouvez entendre le bruit du moteur \u00e0 combustion \u00e0 hydrog\u00e8ne de Toyota :<\/p>\n<figure class=\"wp-block-embed is-type-video is-provider-youtube wp-block-embed-youtube wp-embed-aspect-16-9 wp-has-aspect-ratio\">\n<div class=\"wp-block-embed__wrapper\">\n<\/div>\n<\/figure>\n","protected":false},"excerpt":{"rendered":"Hydrog\u00e8ne Chez Toyota, on adore l'hydrog\u00e8ne. La Mirai est le fleuron de la marque et dans la s\u00e9rie de courses\u2026","protected":false},"author":0,"featured_media":122116,"comment_status":"open","ping_status":"open","sticky":false,"template":"","format":"standard","meta":{"footnotes":""},"categories":[127],"tags":[],"class_list":["post-122148","post","type-post","status-publish","format-standard","has-post-thumbnail","hentry","category-nouvelles-de-voiture"],"acf":[],"yoast_head":"<!-- This site is optimized with the Yoast SEO plugin v21.2 - https:\/\/yoast.com\/wordpress\/plugins\/seo\/ -->\n<title>La GR Yaris \u00e9quip\u00e9e d&#039;un moteur \u00e0 hydrog\u00e8ne fait ses d\u00e9buts en rallye europ\u00e9en - All cars news<\/title>\n<meta name=\"robots\" content=\"index, follow, max-snippet:-1, max-image-preview:large, max-video-preview:-1\" \/>\n<link rel=\"canonical\" href=\"https:\/\/all-car-news.com\/fr\/la-gr-yaris-equipee-dun-moteur-a-hydrogene-fait-ses-debuts-en-rallye-europeen\/\" \/>\n<meta property=\"og:locale\" content=\"fr_FR\" \/>\n<meta property=\"og:type\" content=\"article\" \/>\n<meta property=\"og:title\" content=\"La GR Yaris \u00e9quip\u00e9e d&#039;un moteur \u00e0 hydrog\u00e8ne fait ses d\u00e9buts en rallye europ\u00e9en - All cars news\" \/>\n<meta property=\"og:description\" content=\"Hydrog\u00e8ne Chez Toyota, on adore l&#039;hydrog\u00e8ne. La Mirai est le fleuron de la marque et dans la s\u00e9rie de courses Super Taikyu au Japon, Toyota concourt m\u00eame avec une Corolla Sport \u00e0 hydrog\u00e8ne. Toyota a maintenant mis le groupe motopropulseur durable de cette voiture de course dans la Yaris GR. Le r\u00e9sultat est la GR Yaris H2. Ypres [...]\" \/>\n<meta property=\"og:url\" content=\"https:\/\/all-car-news.com\/fr\/la-gr-yaris-equipee-dun-moteur-a-hydrogene-fait-ses-debuts-en-rallye-europeen\/\" \/>\n<meta property=\"og:site_name\" content=\"All cars news\" \/>\n<meta property=\"article:published_time\" content=\"2022-08-23T10:56:39+00:00\" \/>\n<meta property=\"og:image\" content=\"https:\/\/autorai.nl\/wp-content\/uploads\/2022\/08\/09-Morizo-in-actie-tijdens-Rally-van-Belgie-in-GR-Yaris-met-waterstof-verbrandingsmotor-1140x760.jpg\" \/>\n<meta name=\"twitter:card\" content=\"summary_large_image\" \/>\n<meta name=\"twitter:label1\" content=\"Dur\u00e9e de lecture estim\u00e9e\" \/>\n\t<meta name=\"twitter:data1\" content=\"2 minutes\" \/>\n<script type=\"application\/ld+json\" class=\"yoast-schema-graph\">{\"@context\":\"https:\/\/schema.org\",\"@graph\":[{\"@type\":\"Article\",\"@id\":\"https:\/\/all-car-news.com\/fr\/la-gr-yaris-equipee-dun-moteur-a-hydrogene-fait-ses-debuts-en-rallye-europeen\/#article\",\"isPartOf\":{\"@id\":\"https:\/\/all-car-news.com\/fr\/la-gr-yaris-equipee-dun-moteur-a-hydrogene-fait-ses-debuts-en-rallye-europeen\/\"},\"author\":{\"name\":\"\",\"@id\":\"\"},\"headline\":\"La GR Yaris \u00e9quip\u00e9e d&rsquo;un moteur \u00e0 hydrog\u00e8ne fait ses d\u00e9buts en rallye europ\u00e9en\",\"datePublished\":\"2022-08-23T10:56:39+00:00\",\"dateModified\":\"2022-08-23T10:56:39+00:00\",\"mainEntityOfPage\":{\"@id\":\"https:\/\/all-car-news.com\/fr\/la-gr-yaris-equipee-dun-moteur-a-hydrogene-fait-ses-debuts-en-rallye-europeen\/\"},\"wordCount\":480,\"commentCount\":0,\"publisher\":{\"@id\":\"https:\/\/all-car-news.com\/fr\/#organization\"},\"articleSection\":[\"nouvelles de voiture\"],\"inLanguage\":\"fr-FR\",\"potentialAction\":[{\"@type\":\"CommentAction\",\"name\":\"Comment\",\"target\":[\"https:\/\/all-car-news.com\/fr\/la-gr-yaris-equipee-dun-moteur-a-hydrogene-fait-ses-debuts-en-rallye-europeen\/#respond\"]}]},{\"@type\":\"WebPage\",\"@id\":\"https:\/\/all-car-news.com\/fr\/la-gr-yaris-equipee-dun-moteur-a-hydrogene-fait-ses-debuts-en-rallye-europeen\/\",\"url\":\"https:\/\/all-car-news.com\/fr\/la-gr-yaris-equipee-dun-moteur-a-hydrogene-fait-ses-debuts-en-rallye-europeen\/\",\"name\":\"La GR Yaris \u00e9quip\u00e9e d'un moteur \u00e0 hydrog\u00e8ne fait ses d\u00e9buts en rallye europ\u00e9en - All cars news\",\"isPartOf\":{\"@id\":\"https:\/\/all-car-news.com\/fr\/#website\"},\"datePublished\":\"2022-08-23T10:56:39+00:00\",\"dateModified\":\"2022-08-23T10:56:39+00:00\",\"breadcrumb\":{\"@id\":\"https:\/\/all-car-news.com\/fr\/la-gr-yaris-equipee-dun-moteur-a-hydrogene-fait-ses-debuts-en-rallye-europeen\/#breadcrumb\"},\"inLanguage\":\"fr-FR\",\"potentialAction\":[{\"@type\":\"ReadAction\",\"target\":[\"https:\/\/all-car-news.com\/fr\/la-gr-yaris-equipee-dun-moteur-a-hydrogene-fait-ses-debuts-en-rallye-europeen\/\"]}]},{\"@type\":\"BreadcrumbList\",\"@id\":\"https:\/\/all-car-news.com\/fr\/la-gr-yaris-equipee-dun-moteur-a-hydrogene-fait-ses-debuts-en-rallye-europeen\/#breadcrumb\",\"itemListElement\":[{\"@type\":\"ListItem\",\"position\":1,\"name\":\"Home\",\"item\":\"https:\/\/all-car-news.com\/fr\/\"},{\"@type\":\"ListItem\",\"position\":2,\"name\":\"La GR Yaris \u00e9quip\u00e9e d&rsquo;un moteur \u00e0 hydrog\u00e8ne fait ses d\u00e9buts en rallye europ\u00e9en\"}]},{\"@type\":\"WebSite\",\"@id\":\"https:\/\/all-car-news.com\/fr\/#website\",\"url\":\"https:\/\/all-car-news.com\/fr\/\",\"name\":\"All cars news\",\"description\":\"\",\"publisher\":{\"@id\":\"https:\/\/all-car-news.com\/fr\/#organization\"},\"potentialAction\":[{\"@type\":\"SearchAction\",\"target\":{\"@type\":\"EntryPoint\",\"urlTemplate\":\"https:\/\/all-car-news.com\/fr\/?s={search_term_string}\"},\"query-input\":\"required name=search_term_string\"}],\"inLanguage\":\"fr-FR\"},{\"@type\":\"Organization\",\"@id\":\"https:\/\/all-car-news.com\/fr\/#organization\",\"name\":\"All cars news\",\"url\":\"https:\/\/all-car-news.com\/fr\/\",\"logo\":{\"@type\":\"ImageObject\",\"inLanguage\":\"fr-FR\",\"@id\":\"https:\/\/all-car-news.com\/fr\/#\/schema\/logo\/image\/\",\"url\":\"https:\/\/all-car-news.com\/wp-content\/uploads\/2022\/02\/CMYK-AllCarNews_LANDSCAPE_300px-1.png\",\"contentUrl\":\"https:\/\/all-car-news.com\/wp-content\/uploads\/2022\/02\/CMYK-AllCarNews_LANDSCAPE_300px-1.png\",\"width\":300,\"height\":100,\"caption\":\"All cars news\"},\"image\":{\"@id\":\"https:\/\/all-car-news.com\/fr\/#\/schema\/logo\/image\/\"}}]}<\/script>\n<!-- \/ Yoast SEO plugin. -->","yoast_head_json":{"title":"La GR Yaris \u00e9quip\u00e9e d'un moteur \u00e0 hydrog\u00e8ne fait ses d\u00e9buts en rallye europ\u00e9en - All cars news","robots":{"index":"index","follow":"follow","max-snippet":"max-snippet:-1","max-image-preview":"max-image-preview:large","max-video-preview":"max-video-preview:-1"},"canonical":"https:\/\/all-car-news.com\/fr\/la-gr-yaris-equipee-dun-moteur-a-hydrogene-fait-ses-debuts-en-rallye-europeen\/","og_locale":"fr_FR","og_type":"article","og_title":"La GR Yaris \u00e9quip\u00e9e d'un moteur \u00e0 hydrog\u00e8ne fait ses d\u00e9buts en rallye europ\u00e9en - All cars news","og_description":"Hydrog\u00e8ne Chez Toyota, on adore l'hydrog\u00e8ne. La Mirai est le fleuron de la marque et dans la s\u00e9rie de courses Super Taikyu au Japon, Toyota concourt m\u00eame avec une Corolla Sport \u00e0 hydrog\u00e8ne. Toyota a maintenant mis le groupe motopropulseur durable de cette voiture de course dans la Yaris GR. Le r\u00e9sultat est la GR Yaris H2. Ypres [...]","og_url":"https:\/\/all-car-news.com\/fr\/la-gr-yaris-equipee-dun-moteur-a-hydrogene-fait-ses-debuts-en-rallye-europeen\/","og_site_name":"All cars news","article_published_time":"2022-08-23T10:56:39+00:00","og_image":[{"url":"https:\/\/autorai.nl\/wp-content\/uploads\/2022\/08\/09-Morizo-in-actie-tijdens-Rally-van-Belgie-in-GR-Yaris-met-waterstof-verbrandingsmotor-1140x760.jpg"}],"twitter_card":"summary_large_image","twitter_misc":{"Dur\u00e9e de lecture estim\u00e9e":"2 minutes"},"schema":{"@context":"https:\/\/schema.org","@graph":[{"@type":"Article","@id":"https:\/\/all-car-news.com\/fr\/la-gr-yaris-equipee-dun-moteur-a-hydrogene-fait-ses-debuts-en-rallye-europeen\/#article","isPartOf":{"@id":"https:\/\/all-car-news.com\/fr\/la-gr-yaris-equipee-dun-moteur-a-hydrogene-fait-ses-debuts-en-rallye-europeen\/"},"author":{"name":"","@id":""},"headline":"La GR Yaris \u00e9quip\u00e9e d&rsquo;un moteur \u00e0 hydrog\u00e8ne fait ses d\u00e9buts en rallye europ\u00e9en","datePublished":"2022-08-23T10:56:39+00:00","dateModified":"2022-08-23T10:56:39+00:00","mainEntityOfPage":{"@id":"https:\/\/all-car-news.com\/fr\/la-gr-yaris-equipee-dun-moteur-a-hydrogene-fait-ses-debuts-en-rallye-europeen\/"},"wordCount":480,"commentCount":0,"publisher":{"@id":"https:\/\/all-car-news.com\/fr\/#organization"},"articleSection":["nouvelles de voiture"],"inLanguage":"fr-FR","potentialAction":[{"@type":"CommentAction","name":"Comment","target":["https:\/\/all-car-news.com\/fr\/la-gr-yaris-equipee-dun-moteur-a-hydrogene-fait-ses-debuts-en-rallye-europeen\/#respond"]}]},{"@type":"WebPage","@id":"https:\/\/all-car-news.com\/fr\/la-gr-yaris-equipee-dun-moteur-a-hydrogene-fait-ses-debuts-en-rallye-europeen\/","url":"https:\/\/all-car-news.com\/fr\/la-gr-yaris-equipee-dun-moteur-a-hydrogene-fait-ses-debuts-en-rallye-europeen\/","name":"La GR Yaris \u00e9quip\u00e9e d'un moteur \u00e0 hydrog\u00e8ne fait ses d\u00e9buts en rallye europ\u00e9en - All cars news","isPartOf":{"@id":"https:\/\/all-car-news.com\/fr\/#website"},"datePublished":"2022-08-23T10:56:39+00:00","dateModified":"2022-08-23T10:56:39+00:00","breadcrumb":{"@id":"https:\/\/all-car-news.com\/fr\/la-gr-yaris-equipee-dun-moteur-a-hydrogene-fait-ses-debuts-en-rallye-europeen\/#breadcrumb"},"inLanguage":"fr-FR","potentialAction":[{"@type":"ReadAction","target":["https:\/\/all-car-news.com\/fr\/la-gr-yaris-equipee-dun-moteur-a-hydrogene-fait-ses-debuts-en-rallye-europeen\/"]}]},{"@type":"BreadcrumbList","@id":"https:\/\/all-car-news.com\/fr\/la-gr-yaris-equipee-dun-moteur-a-hydrogene-fait-ses-debuts-en-rallye-europeen\/#breadcrumb","itemListElement":[{"@type":"ListItem","position":1,"name":"Home","item":"https:\/\/all-car-news.com\/fr\/"},{"@type":"ListItem","position":2,"name":"La GR Yaris \u00e9quip\u00e9e d&rsquo;un moteur \u00e0 hydrog\u00e8ne fait ses d\u00e9buts en rallye europ\u00e9en"}]},{"@type":"WebSite","@id":"https:\/\/all-car-news.com\/fr\/#website","url":"https:\/\/all-car-news.com\/fr\/","name":"All cars news","description":"","publisher":{"@id":"https:\/\/all-car-news.com\/fr\/#organization"},"potentialAction":[{"@type":"SearchAction","target":{"@type":"EntryPoint","urlTemplate":"https:\/\/all-car-news.com\/fr\/?s={search_term_string}"},"query-input":"required name=search_term_string"}],"inLanguage":"fr-FR"},{"@type":"Organization","@id":"https:\/\/all-car-news.com\/fr\/#organization","name":"All cars news","url":"https:\/\/all-car-news.com\/fr\/","logo":{"@type":"ImageObject","inLanguage":"fr-FR","@id":"https:\/\/all-car-news.com\/fr\/#\/schema\/logo\/image\/","url":"https:\/\/all-car-news.com\/wp-content\/uploads\/2022\/02\/CMYK-AllCarNews_LANDSCAPE_300px-1.png","contentUrl":"https:\/\/all-car-news.com\/wp-content\/uploads\/2022\/02\/CMYK-AllCarNews_LANDSCAPE_300px-1.png","width":300,"height":100,"caption":"All cars news"},"image":{"@id":"https:\/\/all-car-news.com\/fr\/#\/schema\/logo\/image\/"}}]}},"_links":{"self":[{"href":"https:\/\/all-car-news.com\/fr\/wp-json\/wp\/v2\/posts\/122148","targetHints":{"allow":["GET"]}}],"collection":[{"href":"https:\/\/all-car-news.com\/fr\/wp-json\/wp\/v2\/posts"}],"about":[{"href":"https:\/\/all-car-news.com\/fr\/wp-json\/wp\/v2\/types\/post"}],"replies":[{"embeddable":true,"href":"https:\/\/all-car-news.com\/fr\/wp-json\/wp\/v2\/comments?post=122148"}],"version-history":[{"count":0,"href":"https:\/\/all-car-news.com\/fr\/wp-json\/wp\/v2\/posts\/122148\/revisions"}],"wp:featuredmedia":[{"embeddable":true,"href":"https:\/\/all-car-news.com\/fr\/wp-json\/wp\/v2\/media\/122116"}],"wp:attachment":[{"href":"https:\/\/all-car-news.com\/fr\/wp-json\/wp\/v2\/media?parent=122148"}],"wp:term":[{"taxonomy":"category","embeddable":true,"href":"https:\/\/all-car-news.com\/fr\/wp-json\/wp\/v2\/categories?post=122148"},{"taxonomy":"post_tag","embeddable":true,"href":"https:\/\/all-car-news.com\/fr\/wp-json\/wp\/v2\/tags?post=122148"}],"curies":[{"name":"wp","href":"https:\/\/api.w.org\/{rel}","templated":true}]}}