{"id":122070,"date":"2022-08-22T10:35:19","date_gmt":"2022-08-22T10:35:19","guid":{"rendered":"https:\/\/all-car-news.com\/identifiant-volkswagen-buzz-deja-epuise\/"},"modified":"2022-08-22T10:35:19","modified_gmt":"2022-08-22T10:35:19","slug":"identifiant-volkswagen-buzz-deja-epuise","status":"publish","type":"post","link":"https:\/\/all-car-news.com\/fr\/identifiant-volkswagen-buzz-deja-epuise\/","title":{"rendered":"Identifiant Volkswagen. Buzz d\u00e9j\u00e0 \u00e9puis\u00e9"},"content":{"rendered":"<h2>Identifiant Volkswagen. Buzz populaire<\/h2>\n<p>En mai, Volkswagen a commenc\u00e9 la production de l&rsquo;ID \u00e0 Hanovre. Buzz. Les premi\u00e8res unit\u00e9s devraient arriver aux Pays-Bas vers le mois d&rsquo;octobre. Le nouveau monospace allemand semble susciter beaucoup d&rsquo;enthousiasme. Selon <a href=\"https:\/\/www.automobilwoche.de\/bc-online\/volkswagen-id-buzz-vor-dem-auslieferungsstart-auf-monate-ausverkauft-mehr-als-10000\">Automobilwoche<\/a>, il est d\u00e9j\u00e0 complet pour cette ann\u00e9e. La marque aurait d\u00e9j\u00e0 re\u00e7u 10 000 pr\u00e9commandes. Il s&rsquo;agit de commandes pour la variante passagers et cargo.<\/p>\n<figure class=\"wp-block-image size-content\"><img decoding=\"async\" loading=\"lazy\" width=\"1140\" height=\"641\" src=\"https:\/\/autorai.nl\/wp-content\/uploads\/2022\/08\/id-buzz-1536x864-1-1140x641.jpg\" alt=\"\" class=\"wp-image-128185\"><\/figure>\n<h2>Norv\u00e8ge<\/h2>\n<p>Les pays dans lesquels la plupart des enregistrements ont \u00e9t\u00e9 effectu\u00e9s sont \u00e9galement connus. La majorit\u00e9 des exemplaires qui sortent actuellement de la cha\u00eene de montage seront destin\u00e9s \u00e0 la Norv\u00e8ge. En fait, 3 400 Norv\u00e9giens en ont command\u00e9 un. En Allemagne, 2 500 personnes ont fait une r\u00e9servation. Les Pays-Bas occupent la troisi\u00e8me place, avec 10 % des r\u00e9servations europ\u00e9ennes : 1 100.<\/p>\n<figure class=\"wp-block-image size-content\"><img decoding=\"async\" loading=\"lazy\" width=\"1140\" height=\"759\" src=\"https:\/\/autorai.nl\/wp-content\/uploads\/2022\/08\/id-buzz-1-1536x1023-3-1140x759.jpg\" alt=\"\" class=\"wp-image-128189\"><\/figure>\n<h2>130 000 pi\u00e8ces<\/h2>\n<p>Cette ann\u00e9e, Volkswagen devrait produire 15 000 unit\u00e9s de l&rsquo;ID dans son usine de Hanovre. Construire Buzz et Cargo. L&rsquo;ann\u00e9e prochaine, la marque esp\u00e8re assembler 60 000 unit\u00e9s. A terme, la production devrait atteindre 130 000 unit\u00e9s par an. Dans des pays comme la France et le Royaume-Uni, il n&rsquo;est pas encore possible d&rsquo;obtenir une carte d&rsquo;identit\u00e9. Buzz \u00e0 l&rsquo;ordre. En 2024, les Am\u00e9ricains ne pourront plus obtenir de carte d&rsquo;identit\u00e9. Buzz \u00e0 l&rsquo;ordre.<\/p>\n<p>Ce que la Volkswagen ID. Le buzz aux Pays-Bas peut \u00eatre lu <a href=\"https:\/\/autorai.nl\/dit-kost-de-volkswagen-id-buzz-in-nederland-alle-prijzen\/\" target=\"_blank\" rel=\"noreferrer noopener\">ici :<\/a><\/p>\n<figure class=\"wp-block-embed is-type-wp-embed is-provider-autorai-nl wp-block-embed-autorai-nl\">\n<div class=\"wp-block-embed__wrapper\">\n<blockquote class=\"wp-embedded-content\" data-secret=\"FkjGHlpx7H\"><p><a href=\"https:\/\/autorai.nl\/dit-kost-de-volkswagen-id-buzz-in-nederland-alle-prijzen\/\">C&rsquo;est ce que co\u00fbte la carte d&rsquo;identit\u00e9 Volkswagen. Buzz aux Pays-Bas &#8211; tous les prix<\/a><\/p><\/blockquote>\n<\/div>\n<\/figure>\n","protected":false},"excerpt":{"rendered":"Identifiant Volkswagen. Buzz populaire En mai, Volkswagen a commenc\u00e9 la production de l'ID \u00e0 Hanovre. Buzz. Les premi\u00e8res unit\u00e9s devraient\u2026","protected":false},"author":0,"featured_media":122058,"comment_status":"open","ping_status":"open","sticky":false,"template":"","format":"standard","meta":{"footnotes":""},"categories":[127],"tags":[],"class_list":["post-122070","post","type-post","status-publish","format-standard","has-post-thumbnail","hentry","category-nouvelles-de-voiture"],"acf":[],"yoast_head":"<!-- This site is optimized with the Yoast SEO plugin v21.2 - https:\/\/yoast.com\/wordpress\/plugins\/seo\/ -->\n<title>Identifiant Volkswagen. Buzz d\u00e9j\u00e0 \u00e9puis\u00e9 - All cars news<\/title>\n<meta name=\"robots\" content=\"index, follow, max-snippet:-1, max-image-preview:large, max-video-preview:-1\" \/>\n<link rel=\"canonical\" href=\"https:\/\/all-car-news.com\/fr\/identifiant-volkswagen-buzz-deja-epuise\/\" \/>\n<meta property=\"og:locale\" content=\"fr_FR\" \/>\n<meta property=\"og:type\" content=\"article\" \/>\n<meta property=\"og:title\" content=\"Identifiant Volkswagen. Buzz d\u00e9j\u00e0 \u00e9puis\u00e9 - All cars news\" \/>\n<meta property=\"og:description\" content=\"Identifiant Volkswagen. Buzz populaire En mai, Volkswagen a commenc\u00e9 la production de l&#039;ID \u00e0 Hanovre. Buzz. Les premi\u00e8res unit\u00e9s devraient arriver aux Pays-Bas vers le mois d&#039;octobre. Le nouveau monospace allemand semble susciter beaucoup d&#039;enthousiasme. Selon Automobilwoche, il est d\u00e9j\u00e0 complet pour cette ann\u00e9e. Il semblerait que la marque ait d\u00e9j\u00e0 re\u00e7u 10 000 [...].\" \/>\n<meta property=\"og:url\" content=\"https:\/\/all-car-news.com\/fr\/identifiant-volkswagen-buzz-deja-epuise\/\" \/>\n<meta property=\"og:site_name\" content=\"All cars news\" \/>\n<meta property=\"article:published_time\" content=\"2022-08-22T10:35:19+00:00\" \/>\n<meta property=\"og:image\" content=\"https:\/\/autorai.nl\/wp-content\/uploads\/2022\/08\/id-buzz-1536x864-1-1140x641.jpg\" \/>\n<meta name=\"twitter:card\" content=\"summary_large_image\" \/>\n<meta name=\"twitter:label1\" content=\"Dur\u00e9e de lecture estim\u00e9e\" \/>\n\t<meta name=\"twitter:data1\" content=\"1 minute\" \/>\n<script type=\"application\/ld+json\" class=\"yoast-schema-graph\">{\"@context\":\"https:\/\/schema.org\",\"@graph\":[{\"@type\":\"Article\",\"@id\":\"https:\/\/all-car-news.com\/fr\/identifiant-volkswagen-buzz-deja-epuise\/#article\",\"isPartOf\":{\"@id\":\"https:\/\/all-car-news.com\/fr\/identifiant-volkswagen-buzz-deja-epuise\/\"},\"author\":{\"name\":\"\",\"@id\":\"\"},\"headline\":\"Identifiant Volkswagen. Buzz d\u00e9j\u00e0 \u00e9puis\u00e9\",\"datePublished\":\"2022-08-22T10:35:19+00:00\",\"dateModified\":\"2022-08-22T10:35:19+00:00\",\"mainEntityOfPage\":{\"@id\":\"https:\/\/all-car-news.com\/fr\/identifiant-volkswagen-buzz-deja-epuise\/\"},\"wordCount\":240,\"commentCount\":0,\"publisher\":{\"@id\":\"https:\/\/all-car-news.com\/fr\/#organization\"},\"articleSection\":[\"nouvelles de voiture\"],\"inLanguage\":\"fr-FR\",\"potentialAction\":[{\"@type\":\"CommentAction\",\"name\":\"Comment\",\"target\":[\"https:\/\/all-car-news.com\/fr\/identifiant-volkswagen-buzz-deja-epuise\/#respond\"]}]},{\"@type\":\"WebPage\",\"@id\":\"https:\/\/all-car-news.com\/fr\/identifiant-volkswagen-buzz-deja-epuise\/\",\"url\":\"https:\/\/all-car-news.com\/fr\/identifiant-volkswagen-buzz-deja-epuise\/\",\"name\":\"Identifiant Volkswagen. Buzz d\u00e9j\u00e0 \u00e9puis\u00e9 - All cars news\",\"isPartOf\":{\"@id\":\"https:\/\/all-car-news.com\/fr\/#website\"},\"datePublished\":\"2022-08-22T10:35:19+00:00\",\"dateModified\":\"2022-08-22T10:35:19+00:00\",\"breadcrumb\":{\"@id\":\"https:\/\/all-car-news.com\/fr\/identifiant-volkswagen-buzz-deja-epuise\/#breadcrumb\"},\"inLanguage\":\"fr-FR\",\"potentialAction\":[{\"@type\":\"ReadAction\",\"target\":[\"https:\/\/all-car-news.com\/fr\/identifiant-volkswagen-buzz-deja-epuise\/\"]}]},{\"@type\":\"BreadcrumbList\",\"@id\":\"https:\/\/all-car-news.com\/fr\/identifiant-volkswagen-buzz-deja-epuise\/#breadcrumb\",\"itemListElement\":[{\"@type\":\"ListItem\",\"position\":1,\"name\":\"Home\",\"item\":\"https:\/\/all-car-news.com\/fr\/\"},{\"@type\":\"ListItem\",\"position\":2,\"name\":\"Identifiant Volkswagen. Buzz d\u00e9j\u00e0 \u00e9puis\u00e9\"}]},{\"@type\":\"WebSite\",\"@id\":\"https:\/\/all-car-news.com\/fr\/#website\",\"url\":\"https:\/\/all-car-news.com\/fr\/\",\"name\":\"All cars news\",\"description\":\"\",\"publisher\":{\"@id\":\"https:\/\/all-car-news.com\/fr\/#organization\"},\"potentialAction\":[{\"@type\":\"SearchAction\",\"target\":{\"@type\":\"EntryPoint\",\"urlTemplate\":\"https:\/\/all-car-news.com\/fr\/?s={search_term_string}\"},\"query-input\":\"required name=search_term_string\"}],\"inLanguage\":\"fr-FR\"},{\"@type\":\"Organization\",\"@id\":\"https:\/\/all-car-news.com\/fr\/#organization\",\"name\":\"All cars news\",\"url\":\"https:\/\/all-car-news.com\/fr\/\",\"logo\":{\"@type\":\"ImageObject\",\"inLanguage\":\"fr-FR\",\"@id\":\"https:\/\/all-car-news.com\/fr\/#\/schema\/logo\/image\/\",\"url\":\"https:\/\/all-car-news.com\/wp-content\/uploads\/2022\/02\/CMYK-AllCarNews_LANDSCAPE_300px-1.png\",\"contentUrl\":\"https:\/\/all-car-news.com\/wp-content\/uploads\/2022\/02\/CMYK-AllCarNews_LANDSCAPE_300px-1.png\",\"width\":300,\"height\":100,\"caption\":\"All cars news\"},\"image\":{\"@id\":\"https:\/\/all-car-news.com\/fr\/#\/schema\/logo\/image\/\"}}]}<\/script>\n<!-- \/ Yoast SEO plugin. -->","yoast_head_json":{"title":"Identifiant Volkswagen. Buzz d\u00e9j\u00e0 \u00e9puis\u00e9 - All cars news","robots":{"index":"index","follow":"follow","max-snippet":"max-snippet:-1","max-image-preview":"max-image-preview:large","max-video-preview":"max-video-preview:-1"},"canonical":"https:\/\/all-car-news.com\/fr\/identifiant-volkswagen-buzz-deja-epuise\/","og_locale":"fr_FR","og_type":"article","og_title":"Identifiant Volkswagen. Buzz d\u00e9j\u00e0 \u00e9puis\u00e9 - All cars news","og_description":"Identifiant Volkswagen. Buzz populaire En mai, Volkswagen a commenc\u00e9 la production de l'ID \u00e0 Hanovre. Buzz. Les premi\u00e8res unit\u00e9s devraient arriver aux Pays-Bas vers le mois d'octobre. Le nouveau monospace allemand semble susciter beaucoup d'enthousiasme. Selon Automobilwoche, il est d\u00e9j\u00e0 complet pour cette ann\u00e9e. Il semblerait que la marque ait d\u00e9j\u00e0 re\u00e7u 10 000 [...].","og_url":"https:\/\/all-car-news.com\/fr\/identifiant-volkswagen-buzz-deja-epuise\/","og_site_name":"All cars news","article_published_time":"2022-08-22T10:35:19+00:00","og_image":[{"url":"https:\/\/autorai.nl\/wp-content\/uploads\/2022\/08\/id-buzz-1536x864-1-1140x641.jpg"}],"twitter_card":"summary_large_image","twitter_misc":{"Dur\u00e9e de lecture estim\u00e9e":"1 minute"},"schema":{"@context":"https:\/\/schema.org","@graph":[{"@type":"Article","@id":"https:\/\/all-car-news.com\/fr\/identifiant-volkswagen-buzz-deja-epuise\/#article","isPartOf":{"@id":"https:\/\/all-car-news.com\/fr\/identifiant-volkswagen-buzz-deja-epuise\/"},"author":{"name":"","@id":""},"headline":"Identifiant Volkswagen. Buzz d\u00e9j\u00e0 \u00e9puis\u00e9","datePublished":"2022-08-22T10:35:19+00:00","dateModified":"2022-08-22T10:35:19+00:00","mainEntityOfPage":{"@id":"https:\/\/all-car-news.com\/fr\/identifiant-volkswagen-buzz-deja-epuise\/"},"wordCount":240,"commentCount":0,"publisher":{"@id":"https:\/\/all-car-news.com\/fr\/#organization"},"articleSection":["nouvelles de voiture"],"inLanguage":"fr-FR","potentialAction":[{"@type":"CommentAction","name":"Comment","target":["https:\/\/all-car-news.com\/fr\/identifiant-volkswagen-buzz-deja-epuise\/#respond"]}]},{"@type":"WebPage","@id":"https:\/\/all-car-news.com\/fr\/identifiant-volkswagen-buzz-deja-epuise\/","url":"https:\/\/all-car-news.com\/fr\/identifiant-volkswagen-buzz-deja-epuise\/","name":"Identifiant Volkswagen. Buzz d\u00e9j\u00e0 \u00e9puis\u00e9 - All cars news","isPartOf":{"@id":"https:\/\/all-car-news.com\/fr\/#website"},"datePublished":"2022-08-22T10:35:19+00:00","dateModified":"2022-08-22T10:35:19+00:00","breadcrumb":{"@id":"https:\/\/all-car-news.com\/fr\/identifiant-volkswagen-buzz-deja-epuise\/#breadcrumb"},"inLanguage":"fr-FR","potentialAction":[{"@type":"ReadAction","target":["https:\/\/all-car-news.com\/fr\/identifiant-volkswagen-buzz-deja-epuise\/"]}]},{"@type":"BreadcrumbList","@id":"https:\/\/all-car-news.com\/fr\/identifiant-volkswagen-buzz-deja-epuise\/#breadcrumb","itemListElement":[{"@type":"ListItem","position":1,"name":"Home","item":"https:\/\/all-car-news.com\/fr\/"},{"@type":"ListItem","position":2,"name":"Identifiant Volkswagen. Buzz d\u00e9j\u00e0 \u00e9puis\u00e9"}]},{"@type":"WebSite","@id":"https:\/\/all-car-news.com\/fr\/#website","url":"https:\/\/all-car-news.com\/fr\/","name":"All cars news","description":"","publisher":{"@id":"https:\/\/all-car-news.com\/fr\/#organization"},"potentialAction":[{"@type":"SearchAction","target":{"@type":"EntryPoint","urlTemplate":"https:\/\/all-car-news.com\/fr\/?s={search_term_string}"},"query-input":"required name=search_term_string"}],"inLanguage":"fr-FR"},{"@type":"Organization","@id":"https:\/\/all-car-news.com\/fr\/#organization","name":"All cars news","url":"https:\/\/all-car-news.com\/fr\/","logo":{"@type":"ImageObject","inLanguage":"fr-FR","@id":"https:\/\/all-car-news.com\/fr\/#\/schema\/logo\/image\/","url":"https:\/\/all-car-news.com\/wp-content\/uploads\/2022\/02\/CMYK-AllCarNews_LANDSCAPE_300px-1.png","contentUrl":"https:\/\/all-car-news.com\/wp-content\/uploads\/2022\/02\/CMYK-AllCarNews_LANDSCAPE_300px-1.png","width":300,"height":100,"caption":"All cars news"},"image":{"@id":"https:\/\/all-car-news.com\/fr\/#\/schema\/logo\/image\/"}}]}},"_links":{"self":[{"href":"https:\/\/all-car-news.com\/fr\/wp-json\/wp\/v2\/posts\/122070","targetHints":{"allow":["GET"]}}],"collection":[{"href":"https:\/\/all-car-news.com\/fr\/wp-json\/wp\/v2\/posts"}],"about":[{"href":"https:\/\/all-car-news.com\/fr\/wp-json\/wp\/v2\/types\/post"}],"replies":[{"embeddable":true,"href":"https:\/\/all-car-news.com\/fr\/wp-json\/wp\/v2\/comments?post=122070"}],"version-history":[{"count":0,"href":"https:\/\/all-car-news.com\/fr\/wp-json\/wp\/v2\/posts\/122070\/revisions"}],"wp:featuredmedia":[{"embeddable":true,"href":"https:\/\/all-car-news.com\/fr\/wp-json\/wp\/v2\/media\/122058"}],"wp:attachment":[{"href":"https:\/\/all-car-news.com\/fr\/wp-json\/wp\/v2\/media?parent=122070"}],"wp:term":[{"taxonomy":"category","embeddable":true,"href":"https:\/\/all-car-news.com\/fr\/wp-json\/wp\/v2\/categories?post=122070"},{"taxonomy":"post_tag","embeddable":true,"href":"https:\/\/all-car-news.com\/fr\/wp-json\/wp\/v2\/tags?post=122070"}],"curies":[{"name":"wp","href":"https:\/\/api.w.org\/{rel}","templated":true}]}}