{"id":121762,"date":"2022-08-15T17:29:38","date_gmt":"2022-08-15T17:29:38","guid":{"rendered":"https:\/\/all-car-news.com\/pourquoi-opel-cache-des-requins-dans-ses-voitures\/"},"modified":"2022-08-15T17:29:38","modified_gmt":"2022-08-15T17:29:38","slug":"pourquoi-opel-cache-des-requins-dans-ses-voitures","status":"publish","type":"post","link":"https:\/\/all-car-news.com\/fr\/pourquoi-opel-cache-des-requins-dans-ses-voitures\/","title":{"rendered":"Pourquoi Opel cache des requins dans ses voitures"},"content":{"rendered":"<h2>Requins<\/h2>\n<p>Les vrais fans d&rsquo;Opel se mettent imm\u00e9diatement \u00e0 la recherche d&rsquo;un requin lorsque la marque pr\u00e9sente un nouveau mod\u00e8le. Les miniatures de l&rsquo;animal au sommet de la cha\u00eene alimentaire dans la mer intriguent les occupants des Opel depuis des ann\u00e9es. D\u00e9sormais, elle \u00e9quipe \u00e9galement la nouvelle Astra Sports Tourer.<\/p>\n<figure class=\"wp-block-image size-content\"><img decoding=\"async\" loading=\"lazy\" width=\"1140\" height=\"760\" src=\"https:\/\/autorai.nl\/wp-content\/uploads\/2022\/08\/02_opel_astra_sports_tourer_520114-62fa121cc5676_62fa142818453-1140x760.jpg\" alt=\"\" class=\"wp-image-127503\"><\/figure>\n<h2>Opel Astra Sports Tourer<\/h2>\n<p>Dans l&rsquo;habitacle de la plupart des mod\u00e8les Opel, comme le Mokka-e et la Corsa-e, un requin est cach\u00e9 quelque part. Dans la derni\u00e8re g\u00e9n\u00e9ration de ce break compact, il y en a m\u00eame deux &#8211; un \u00e0 l&rsquo;avant et un \u00e0 l&rsquo;arri\u00e8re.  <\/p>\n<p>\u00ab\u00a0Les requins cach\u00e9s dans les nouvelles Opel Astra et Sports Tourer montrent la passion de nos designers pour les plus petits d\u00e9tails\u00a0\u00bb, d\u00e9clare Karim Giordimaina, directeur du design chez Opel. \u00ab\u00a0Nos clients peuvent ressentir cette passion et les requins Opel sont vraiment devenus un culte. Cela montre \u00e9galement \u00e0 quel point la marque Opel est proche de ses conducteurs\u00a0\u00bb.<\/p>\n<figure class=\"wp-block-image size-content\"><img decoding=\"async\" loading=\"lazy\" width=\"1140\" height=\"760\" src=\"https:\/\/autorai.nl\/wp-content\/uploads\/2022\/08\/06_opel_mokka_515245-62fa120d128a7_62fa1428014b1-1-1140x760.jpg\" alt=\"\" class=\"wp-image-127507\"><figcaption> <\/figcaption><\/figure>\n<h2>Dimanche apr\u00e8s-midi 2004<\/h2>\n<p>L&rsquo;id\u00e9e du \u00ab\u00a0requin Opel\u00a0\u00bb est n\u00e9e un dimanche apr\u00e8s-midi de 2004, lorsque Dietmar Finger, concepteur d&rsquo;Opel et plongeur amateur, travaillait chez lui sur un croquis de la nouvelle Corsa. Il a pens\u00e9 au panneau lat\u00e9ral du volet de la bo\u00eete \u00e0 gants, qui est g\u00e9n\u00e9ralement invisible de l&rsquo;ext\u00e9rieur parce qu&rsquo;il est cach\u00e9 derri\u00e8re la porte du passager ferm\u00e9e. Lorsque la bo\u00eete \u00e0 gants est ouverte, le panneau lat\u00e9ral doit apporter la rigidit\u00e9 n\u00e9cessaire au design, d&rsquo;o\u00f9 la pr\u00e9sence de nervures sur la surface en plastique.<\/p>\n<figure class=\"wp-block-image size-content\"><img decoding=\"async\" loading=\"lazy\" width=\"1140\" height=\"760\" src=\"https:\/\/autorai.nl\/wp-content\/uploads\/2022\/08\/01_opel_astra_sports_tourer_520115-62fa121fe2e95_62fa14281eaef-1140x760.jpg\" alt=\"\" class=\"wp-image-127505\"><\/figure>\n<h2>Id\u00e9e du fils de Dietmar<\/h2>\n<p>Dietmar avait pour t\u00e2che de dessiner la forme de ces c\u00f4tes. Pendant le processus de dessin, son petit fils est pass\u00e9 devant lui et a regard\u00e9 le croquis. Il a dit : \u00ab\u00a0Papa, pourquoi tu ne dessines pas un requin ?\u00a0\u00bb. \u00ab\u00a0En effet, pourquoi pas !\u00a0\u00bb, a pens\u00e9 Dietmar et il a donn\u00e9 aux c\u00f4tes la forme d&rsquo;un requin. Une astuce de conception \u00e9tait n\u00e9e. Le lendemain, Dietmar a pr\u00e9sent\u00e9 son projet \u00e0 Niels Loeb, le concepteur en chef de Corsa de l&rsquo;\u00e9poque.<\/p>\n<h2>Lieu permanent<\/h2>\n<p>Loeb a \u00e9t\u00e9 imm\u00e9diatement accroch\u00e9 \u00e0 l&rsquo;id\u00e9e. Le requin de la bo\u00eete \u00e0 gants est entr\u00e9 en production et le \u00ab\u00a0requin Opel\u00a0\u00bb est n\u00e9. Le Zafira a suivi. Karim Giordimaina, alors responsable du design int\u00e9rieur du Zafira, a cach\u00e9 trois requins dans l&rsquo;habitacle du monospace. De plus en plus de requins se sont ensuite vu attribuer une place permanente mais cach\u00e9e dans les int\u00e9rieurs d&rsquo;Opel, d&rsquo;abord dans l&rsquo;Adam, puis dans l&rsquo;Astra et enfin dans des mod\u00e8les comme le Crossland et le SUV phare <a href=\"https:\/\/autorai.nl\/autotest-opel-grandland-2021\/\">Grandland.<\/a><\/p>\n<p>Pendant ce temps, chaque designer d&rsquo;int\u00e9rieur a cach\u00e9 un requin ou deux dans chaque nouvelle Opel. Son emplacement exact reste un secret, m\u00eame pour les hauts responsables. Le poisson restera donc cach\u00e9 jusqu&rsquo;\u00e0 l&rsquo;introduction de la voiture. Cela rend la recherche int\u00e9ressante pour les personnes \u00e0 l&rsquo;int\u00e9rieur et \u00e0 l&rsquo;ext\u00e9rieur de l&rsquo;entreprise.<\/p>\n<figure class=\"wp-block-embed is-type-video is-provider-youtube wp-block-embed-youtube wp-embed-aspect-16-9 wp-has-aspect-ratio\">\n<div class=\"wp-block-embed__wrapper\">\n<\/div>\n<\/figure>\n","protected":false},"excerpt":{"rendered":"Requins Les vrais fans d'Opel se mettent imm\u00e9diatement \u00e0 la recherche d'un requin lorsque la marque pr\u00e9sente un nouveau mod\u00e8le.\u2026","protected":false},"author":0,"featured_media":121732,"comment_status":"open","ping_status":"open","sticky":false,"template":"","format":"standard","meta":{"footnotes":""},"categories":[131,139],"tags":[],"class_list":["post-121762","post","type-post","status-publish","format-standard","has-post-thumbnail","hentry","category-fond","category-style-de-vie-et-plaisir"],"acf":[],"yoast_head":"<!-- This site is optimized with the Yoast SEO plugin v21.2 - https:\/\/yoast.com\/wordpress\/plugins\/seo\/ -->\n<title>Pourquoi Opel cache des requins dans ses voitures - All cars news<\/title>\n<meta name=\"robots\" content=\"index, follow, max-snippet:-1, max-image-preview:large, max-video-preview:-1\" \/>\n<link rel=\"canonical\" href=\"https:\/\/all-car-news.com\/fr\/pourquoi-opel-cache-des-requins-dans-ses-voitures\/\" \/>\n<meta property=\"og:locale\" content=\"fr_FR\" \/>\n<meta property=\"og:type\" content=\"article\" \/>\n<meta property=\"og:title\" content=\"Pourquoi Opel cache des requins dans ses voitures - All cars news\" \/>\n<meta property=\"og:description\" content=\"Requins Les vrais fans d&#039;Opel se mettent imm\u00e9diatement \u00e0 la recherche d&#039;un requin lorsque la marque pr\u00e9sente un nouveau mod\u00e8le. Les miniatures de l&#039;animal au sommet de la cha\u00eene alimentaire dans la mer intriguent les occupants des Opel depuis des ann\u00e9es. D\u00e9sormais, elle \u00e9quipe \u00e9galement la nouvelle Astra Sports Tourer. Opel Astra Sports Tourer Dans l&#039;habitacle de la [...].\" \/>\n<meta property=\"og:url\" content=\"https:\/\/all-car-news.com\/fr\/pourquoi-opel-cache-des-requins-dans-ses-voitures\/\" \/>\n<meta property=\"og:site_name\" content=\"All cars news\" \/>\n<meta property=\"article:published_time\" content=\"2022-08-15T17:29:38+00:00\" \/>\n<meta property=\"og:image\" content=\"https:\/\/autorai.nl\/wp-content\/uploads\/2022\/08\/02_opel_astra_sports_tourer_520114-62fa121cc5676_62fa142818453-1140x760.jpg\" \/>\n<meta name=\"twitter:card\" content=\"summary_large_image\" \/>\n<meta name=\"twitter:label1\" content=\"Dur\u00e9e de lecture estim\u00e9e\" \/>\n\t<meta name=\"twitter:data1\" content=\"3 minutes\" \/>\n<script type=\"application\/ld+json\" class=\"yoast-schema-graph\">{\"@context\":\"https:\/\/schema.org\",\"@graph\":[{\"@type\":\"Article\",\"@id\":\"https:\/\/all-car-news.com\/fr\/pourquoi-opel-cache-des-requins-dans-ses-voitures\/#article\",\"isPartOf\":{\"@id\":\"https:\/\/all-car-news.com\/fr\/pourquoi-opel-cache-des-requins-dans-ses-voitures\/\"},\"author\":{\"name\":\"\",\"@id\":\"\"},\"headline\":\"Pourquoi Opel cache des requins dans ses voitures\",\"datePublished\":\"2022-08-15T17:29:38+00:00\",\"dateModified\":\"2022-08-15T17:29:38+00:00\",\"mainEntityOfPage\":{\"@id\":\"https:\/\/all-car-news.com\/fr\/pourquoi-opel-cache-des-requins-dans-ses-voitures\/\"},\"wordCount\":510,\"commentCount\":0,\"publisher\":{\"@id\":\"https:\/\/all-car-news.com\/fr\/#organization\"},\"articleSection\":[\"Fond\",\"Style de vie et plaisir\"],\"inLanguage\":\"fr-FR\",\"potentialAction\":[{\"@type\":\"CommentAction\",\"name\":\"Comment\",\"target\":[\"https:\/\/all-car-news.com\/fr\/pourquoi-opel-cache-des-requins-dans-ses-voitures\/#respond\"]}]},{\"@type\":\"WebPage\",\"@id\":\"https:\/\/all-car-news.com\/fr\/pourquoi-opel-cache-des-requins-dans-ses-voitures\/\",\"url\":\"https:\/\/all-car-news.com\/fr\/pourquoi-opel-cache-des-requins-dans-ses-voitures\/\",\"name\":\"Pourquoi Opel cache des requins dans ses voitures - All cars news\",\"isPartOf\":{\"@id\":\"https:\/\/all-car-news.com\/fr\/#website\"},\"datePublished\":\"2022-08-15T17:29:38+00:00\",\"dateModified\":\"2022-08-15T17:29:38+00:00\",\"breadcrumb\":{\"@id\":\"https:\/\/all-car-news.com\/fr\/pourquoi-opel-cache-des-requins-dans-ses-voitures\/#breadcrumb\"},\"inLanguage\":\"fr-FR\",\"potentialAction\":[{\"@type\":\"ReadAction\",\"target\":[\"https:\/\/all-car-news.com\/fr\/pourquoi-opel-cache-des-requins-dans-ses-voitures\/\"]}]},{\"@type\":\"BreadcrumbList\",\"@id\":\"https:\/\/all-car-news.com\/fr\/pourquoi-opel-cache-des-requins-dans-ses-voitures\/#breadcrumb\",\"itemListElement\":[{\"@type\":\"ListItem\",\"position\":1,\"name\":\"Home\",\"item\":\"https:\/\/all-car-news.com\/fr\/\"},{\"@type\":\"ListItem\",\"position\":2,\"name\":\"Pourquoi Opel cache des requins dans ses voitures\"}]},{\"@type\":\"WebSite\",\"@id\":\"https:\/\/all-car-news.com\/fr\/#website\",\"url\":\"https:\/\/all-car-news.com\/fr\/\",\"name\":\"All cars news\",\"description\":\"\",\"publisher\":{\"@id\":\"https:\/\/all-car-news.com\/fr\/#organization\"},\"potentialAction\":[{\"@type\":\"SearchAction\",\"target\":{\"@type\":\"EntryPoint\",\"urlTemplate\":\"https:\/\/all-car-news.com\/fr\/?s={search_term_string}\"},\"query-input\":\"required name=search_term_string\"}],\"inLanguage\":\"fr-FR\"},{\"@type\":\"Organization\",\"@id\":\"https:\/\/all-car-news.com\/fr\/#organization\",\"name\":\"All cars news\",\"url\":\"https:\/\/all-car-news.com\/fr\/\",\"logo\":{\"@type\":\"ImageObject\",\"inLanguage\":\"fr-FR\",\"@id\":\"https:\/\/all-car-news.com\/fr\/#\/schema\/logo\/image\/\",\"url\":\"https:\/\/all-car-news.com\/wp-content\/uploads\/2022\/02\/CMYK-AllCarNews_LANDSCAPE_300px-1.png\",\"contentUrl\":\"https:\/\/all-car-news.com\/wp-content\/uploads\/2022\/02\/CMYK-AllCarNews_LANDSCAPE_300px-1.png\",\"width\":300,\"height\":100,\"caption\":\"All cars news\"},\"image\":{\"@id\":\"https:\/\/all-car-news.com\/fr\/#\/schema\/logo\/image\/\"}}]}<\/script>\n<!-- \/ Yoast SEO plugin. -->","yoast_head_json":{"title":"Pourquoi Opel cache des requins dans ses voitures - All cars news","robots":{"index":"index","follow":"follow","max-snippet":"max-snippet:-1","max-image-preview":"max-image-preview:large","max-video-preview":"max-video-preview:-1"},"canonical":"https:\/\/all-car-news.com\/fr\/pourquoi-opel-cache-des-requins-dans-ses-voitures\/","og_locale":"fr_FR","og_type":"article","og_title":"Pourquoi Opel cache des requins dans ses voitures - All cars news","og_description":"Requins Les vrais fans d'Opel se mettent imm\u00e9diatement \u00e0 la recherche d'un requin lorsque la marque pr\u00e9sente un nouveau mod\u00e8le. Les miniatures de l'animal au sommet de la cha\u00eene alimentaire dans la mer intriguent les occupants des Opel depuis des ann\u00e9es. D\u00e9sormais, elle \u00e9quipe \u00e9galement la nouvelle Astra Sports Tourer. Opel Astra Sports Tourer Dans l'habitacle de la [...].","og_url":"https:\/\/all-car-news.com\/fr\/pourquoi-opel-cache-des-requins-dans-ses-voitures\/","og_site_name":"All cars news","article_published_time":"2022-08-15T17:29:38+00:00","og_image":[{"url":"https:\/\/autorai.nl\/wp-content\/uploads\/2022\/08\/02_opel_astra_sports_tourer_520114-62fa121cc5676_62fa142818453-1140x760.jpg"}],"twitter_card":"summary_large_image","twitter_misc":{"Dur\u00e9e de lecture estim\u00e9e":"3 minutes"},"schema":{"@context":"https:\/\/schema.org","@graph":[{"@type":"Article","@id":"https:\/\/all-car-news.com\/fr\/pourquoi-opel-cache-des-requins-dans-ses-voitures\/#article","isPartOf":{"@id":"https:\/\/all-car-news.com\/fr\/pourquoi-opel-cache-des-requins-dans-ses-voitures\/"},"author":{"name":"","@id":""},"headline":"Pourquoi Opel cache des requins dans ses voitures","datePublished":"2022-08-15T17:29:38+00:00","dateModified":"2022-08-15T17:29:38+00:00","mainEntityOfPage":{"@id":"https:\/\/all-car-news.com\/fr\/pourquoi-opel-cache-des-requins-dans-ses-voitures\/"},"wordCount":510,"commentCount":0,"publisher":{"@id":"https:\/\/all-car-news.com\/fr\/#organization"},"articleSection":["Fond","Style de vie et plaisir"],"inLanguage":"fr-FR","potentialAction":[{"@type":"CommentAction","name":"Comment","target":["https:\/\/all-car-news.com\/fr\/pourquoi-opel-cache-des-requins-dans-ses-voitures\/#respond"]}]},{"@type":"WebPage","@id":"https:\/\/all-car-news.com\/fr\/pourquoi-opel-cache-des-requins-dans-ses-voitures\/","url":"https:\/\/all-car-news.com\/fr\/pourquoi-opel-cache-des-requins-dans-ses-voitures\/","name":"Pourquoi Opel cache des requins dans ses voitures - All cars news","isPartOf":{"@id":"https:\/\/all-car-news.com\/fr\/#website"},"datePublished":"2022-08-15T17:29:38+00:00","dateModified":"2022-08-15T17:29:38+00:00","breadcrumb":{"@id":"https:\/\/all-car-news.com\/fr\/pourquoi-opel-cache-des-requins-dans-ses-voitures\/#breadcrumb"},"inLanguage":"fr-FR","potentialAction":[{"@type":"ReadAction","target":["https:\/\/all-car-news.com\/fr\/pourquoi-opel-cache-des-requins-dans-ses-voitures\/"]}]},{"@type":"BreadcrumbList","@id":"https:\/\/all-car-news.com\/fr\/pourquoi-opel-cache-des-requins-dans-ses-voitures\/#breadcrumb","itemListElement":[{"@type":"ListItem","position":1,"name":"Home","item":"https:\/\/all-car-news.com\/fr\/"},{"@type":"ListItem","position":2,"name":"Pourquoi Opel cache des requins dans ses voitures"}]},{"@type":"WebSite","@id":"https:\/\/all-car-news.com\/fr\/#website","url":"https:\/\/all-car-news.com\/fr\/","name":"All cars news","description":"","publisher":{"@id":"https:\/\/all-car-news.com\/fr\/#organization"},"potentialAction":[{"@type":"SearchAction","target":{"@type":"EntryPoint","urlTemplate":"https:\/\/all-car-news.com\/fr\/?s={search_term_string}"},"query-input":"required name=search_term_string"}],"inLanguage":"fr-FR"},{"@type":"Organization","@id":"https:\/\/all-car-news.com\/fr\/#organization","name":"All cars news","url":"https:\/\/all-car-news.com\/fr\/","logo":{"@type":"ImageObject","inLanguage":"fr-FR","@id":"https:\/\/all-car-news.com\/fr\/#\/schema\/logo\/image\/","url":"https:\/\/all-car-news.com\/wp-content\/uploads\/2022\/02\/CMYK-AllCarNews_LANDSCAPE_300px-1.png","contentUrl":"https:\/\/all-car-news.com\/wp-content\/uploads\/2022\/02\/CMYK-AllCarNews_LANDSCAPE_300px-1.png","width":300,"height":100,"caption":"All cars news"},"image":{"@id":"https:\/\/all-car-news.com\/fr\/#\/schema\/logo\/image\/"}}]}},"_links":{"self":[{"href":"https:\/\/all-car-news.com\/fr\/wp-json\/wp\/v2\/posts\/121762","targetHints":{"allow":["GET"]}}],"collection":[{"href":"https:\/\/all-car-news.com\/fr\/wp-json\/wp\/v2\/posts"}],"about":[{"href":"https:\/\/all-car-news.com\/fr\/wp-json\/wp\/v2\/types\/post"}],"replies":[{"embeddable":true,"href":"https:\/\/all-car-news.com\/fr\/wp-json\/wp\/v2\/comments?post=121762"}],"version-history":[{"count":0,"href":"https:\/\/all-car-news.com\/fr\/wp-json\/wp\/v2\/posts\/121762\/revisions"}],"wp:featuredmedia":[{"embeddable":true,"href":"https:\/\/all-car-news.com\/fr\/wp-json\/wp\/v2\/media\/121732"}],"wp:attachment":[{"href":"https:\/\/all-car-news.com\/fr\/wp-json\/wp\/v2\/media?parent=121762"}],"wp:term":[{"taxonomy":"category","embeddable":true,"href":"https:\/\/all-car-news.com\/fr\/wp-json\/wp\/v2\/categories?post=121762"},{"taxonomy":"post_tag","embeddable":true,"href":"https:\/\/all-car-news.com\/fr\/wp-json\/wp\/v2\/tags?post=121762"}],"curies":[{"name":"wp","href":"https:\/\/api.w.org\/{rel}","templated":true}]}}