{"id":121500,"date":"2022-08-08T17:36:11","date_gmt":"2022-08-08T17:36:11","guid":{"rendered":"https:\/\/all-car-news.com\/le-ticket-de-transport-public-bon-marche-nincite-pas-les-allemands-a-quitter-leur-voiture\/"},"modified":"2022-08-08T17:36:11","modified_gmt":"2022-08-08T17:36:11","slug":"le-ticket-de-transport-public-bon-marche-nincite-pas-les-allemands-a-quitter-leur-voiture","status":"publish","type":"post","link":"https:\/\/all-car-news.com\/fr\/le-ticket-de-transport-public-bon-marche-nincite-pas-les-allemands-a-quitter-leur-voiture\/","title":{"rendered":"Le ticket de transport public bon march\u00e9 n&rsquo;incite pas les Allemands \u00e0 quitter leur voiture"},"content":{"rendered":"<h2>Transports publics ou voiture<\/h2>\n<p>La flamb\u00e9e des prix du carburant incite de plus en plus de personnes \u00e0 chercher des alternatives \u00e0 la voiture. Aux Pays-Bas, vous pouvez choisir de marcher, de faire du v\u00e9lo, de rouler en cyclomoteur, de prendre les transports publics ou de rester chez vous (et de travailler). Ceux qui ont un budget serr\u00e9 feraient mieux de ne pas tenir compte du syst\u00e8me de transport public n\u00e9erlandais. D\u00e9but 2022, l&rsquo;<a href=\"https:\/\/www.gld.nl\/nieuws\/7556221\/benzine-is-peperduur-maar-is-het-ov-al-goedkoper-dan-de-auto\" target=\"_blank\" rel=\"noreferrer noopener\">Omroep Gelderland <\/a>a calcul\u00e9 qu&rsquo;une voiture est presque toujours moins ch\u00e8re que les transports publics. M\u00eame avec le prix de l&rsquo;essence \u00e0 plus de deux euros. Que vous deviez aller de Nijmegen \u00e0 Amsterdam ou de Tiel \u00e0 Zutphen tous les jours. Sans parler des d\u00e9sagr\u00e9ments caus\u00e9s par les trains bond\u00e9s, les trains qui ne circulent pas ou les annulations.<\/p>\n<h2>Billet de train bon march\u00e9<\/h2>\n<p>Mais que se passerait-il si les transports publics n&rsquo;\u00e9taient pas si chers et si tout fonctionnait tout simplement ? Alors c&rsquo;est un excellent moyen de transport, nous l&rsquo;admettons. Le gouvernement allemand a pens\u00e9 la m\u00eame chose et a introduit cet \u00e9t\u00e9 un billet mensuel bon march\u00e9 qui permet aux Allemands d&rsquo;utiliser presque tous les transports publics du pays. Seuls les trains intercit\u00e9s ne sont pas inclus dans le billet. Le billet mensuel ne co\u00fbte que 9 euros et a \u00e9t\u00e9 cr\u00e9\u00e9 en raison des prix \u00e9lev\u00e9s du carburant. Cela semblait \u00e9galement \u00eatre une occasion id\u00e9ale pour le gouvernement allemand de sortir les Allemands de leurs voitures. Belle id\u00e9e durable, alors.  <\/p>\n<h2>Des attentes d\u00e9mesur\u00e9es<\/h2>\n<p>Les attentes du billet \u00e0 9 euros sont tr\u00e8s \u00e9lev\u00e9es. Pour le prix d&rsquo;environ quatre litres d&rsquo;essence (n\u00e9erlandaise), vous pouvez voyager dans toute l&rsquo;Allemagne pendant un mois entier. Aujourd&rsquo;hui, deux mois apr\u00e8s le lancement du projet national de transport public, la ville allemande de Munich dispose des premiers chiffres. C&rsquo;est ce qu&rsquo;\u00e9crit <a href=\"https:\/\/www.tagesschau.de\/wirtschaft\/verbraucher\/9-euro-ticket-klimaschutz-verkehrsverlagerung-auto-oepnv-verkehr-stau-verkehrswende-101.html\" target=\"_blank\" rel=\"noreferrer noopener\">Tagesschau<\/a>, le programme d&rsquo;information de la cha\u00eene de t\u00e9l\u00e9vision allemande Das Erste. Les r\u00e9sultats sont moins r\u00e9jouissants que pr\u00e9vu.<\/p>\n<h2>Appuyez sur<\/h2>\n<p>En effet, le billet mensuel \u00e0 bas prix a rendu les bus et les trains encore plus bond\u00e9s &#8211; les trains \u00e9taient 42 % plus charg\u00e9s qu&rsquo;en 2019 &#8211; mais pas pour la raison que le gouvernement esp\u00e9rait. Les Allemands, qui ne voyagent normalement pas beaucoup, sont soudainement sortis plus souvent. Cela n&rsquo;a fait que cr\u00e9er plus d&rsquo;\u00e9missions que si elles \u00e9taient rest\u00e9es \u00e0 la maison. Les automobilistes, cependant, ont continu\u00e9 \u00e0 conduire leurs voitures. Seuls trois pour cent des automobilistes de Munich ont choisi les transports publics au lieu de leur voiture au cours des deux derniers mois. Au total, 30 millions de personnes en Allemagne ont poss\u00e9d\u00e9 un ticket \u00e0 9 euros au cours du mois de juin.  <\/p>\n<p>A lire aussi :<\/p>\n<figure class=\"wp-block-embed is-type-wp-embed is-provider-autorai-nl wp-block-embed-autorai-nl\">\n<div class=\"wp-block-embed__wrapper\">\n<blockquote class=\"wp-embedded-content\" data-secret=\"APKCnp2oCV\"><p><a href=\"https:\/\/autorai.nl\/de-10-goedkoopste-tankstations-per-provincie-en-in-heel-nederland\/\">Les 10 stations-service les moins ch\u00e8res par province (et \u00e0 travers les Pays-Bas)<\/a><\/p><\/blockquote>\n<\/div>\n<\/figure>\n","protected":false},"excerpt":{"rendered":"VO et voiture Avec la flamb\u00e9e des prix du carburant, de plus en plus de personnes cherchent des alternatives \u00e0\u2026","protected":false},"author":0,"featured_media":121472,"comment_status":"open","ping_status":"open","sticky":false,"template":"","format":"standard","meta":{"footnotes":""},"categories":[131],"tags":[],"class_list":["post-121500","post","type-post","status-publish","format-standard","has-post-thumbnail","hentry","category-fond"],"acf":[],"yoast_head":"<!-- This site is optimized with the Yoast SEO plugin v21.2 - https:\/\/yoast.com\/wordpress\/plugins\/seo\/ -->\n<title>Le ticket de transport public bon march\u00e9 n&#039;incite pas les Allemands \u00e0 quitter leur voiture - All cars news<\/title>\n<meta name=\"robots\" content=\"index, follow, max-snippet:-1, max-image-preview:large, max-video-preview:-1\" \/>\n<link rel=\"canonical\" href=\"https:\/\/all-car-news.com\/fr\/le-ticket-de-transport-public-bon-marche-nincite-pas-les-allemands-a-quitter-leur-voiture\/\" \/>\n<meta property=\"og:locale\" content=\"fr_FR\" \/>\n<meta property=\"og:type\" content=\"article\" \/>\n<meta property=\"og:title\" content=\"Le ticket de transport public bon march\u00e9 n&#039;incite pas les Allemands \u00e0 quitter leur voiture - All cars news\" \/>\n<meta property=\"og:description\" content=\"VO et voiture Avec la flamb\u00e9e des prix du carburant, de plus en plus de personnes cherchent des alternatives \u00e0 la voiture. Aux Pays-Bas, vous pouvez choisir de marcher, de faire du v\u00e9lo, de rouler en cyclomoteur, de prendre les transports publics ou de rester chez vous (et de travailler). Les personnes qui ont les mains li\u00e9es feraient mieux d&#039;ignorer le syst\u00e8me de transport public n\u00e9erlandais. Omroep Gelderland a d\u00e9j\u00e0 calcul\u00e9 qu&#039;au d\u00e9but de 2022 [...].\" \/>\n<meta property=\"og:url\" content=\"https:\/\/all-car-news.com\/fr\/le-ticket-de-transport-public-bon-marche-nincite-pas-les-allemands-a-quitter-leur-voiture\/\" \/>\n<meta property=\"og:site_name\" content=\"All cars news\" \/>\n<meta property=\"article:published_time\" content=\"2022-08-08T17:36:11+00:00\" \/>\n<meta name=\"twitter:card\" content=\"summary_large_image\" \/>\n<meta name=\"twitter:label1\" content=\"Dur\u00e9e de lecture estim\u00e9e\" \/>\n\t<meta name=\"twitter:data1\" content=\"2 minutes\" \/>\n<script type=\"application\/ld+json\" class=\"yoast-schema-graph\">{\"@context\":\"https:\/\/schema.org\",\"@graph\":[{\"@type\":\"Article\",\"@id\":\"https:\/\/all-car-news.com\/fr\/le-ticket-de-transport-public-bon-marche-nincite-pas-les-allemands-a-quitter-leur-voiture\/#article\",\"isPartOf\":{\"@id\":\"https:\/\/all-car-news.com\/fr\/le-ticket-de-transport-public-bon-marche-nincite-pas-les-allemands-a-quitter-leur-voiture\/\"},\"author\":{\"name\":\"\",\"@id\":\"\"},\"headline\":\"Le ticket de transport public bon march\u00e9 n&rsquo;incite pas les Allemands \u00e0 quitter leur voiture\",\"datePublished\":\"2022-08-08T17:36:11+00:00\",\"dateModified\":\"2022-08-08T17:36:11+00:00\",\"mainEntityOfPage\":{\"@id\":\"https:\/\/all-car-news.com\/fr\/le-ticket-de-transport-public-bon-marche-nincite-pas-les-allemands-a-quitter-leur-voiture\/\"},\"wordCount\":492,\"commentCount\":0,\"publisher\":{\"@id\":\"https:\/\/all-car-news.com\/fr\/#organization\"},\"articleSection\":[\"Fond\"],\"inLanguage\":\"fr-FR\",\"potentialAction\":[{\"@type\":\"CommentAction\",\"name\":\"Comment\",\"target\":[\"https:\/\/all-car-news.com\/fr\/le-ticket-de-transport-public-bon-marche-nincite-pas-les-allemands-a-quitter-leur-voiture\/#respond\"]}]},{\"@type\":\"WebPage\",\"@id\":\"https:\/\/all-car-news.com\/fr\/le-ticket-de-transport-public-bon-marche-nincite-pas-les-allemands-a-quitter-leur-voiture\/\",\"url\":\"https:\/\/all-car-news.com\/fr\/le-ticket-de-transport-public-bon-marche-nincite-pas-les-allemands-a-quitter-leur-voiture\/\",\"name\":\"Le ticket de transport public bon march\u00e9 n'incite pas les Allemands \u00e0 quitter leur voiture - All cars news\",\"isPartOf\":{\"@id\":\"https:\/\/all-car-news.com\/fr\/#website\"},\"datePublished\":\"2022-08-08T17:36:11+00:00\",\"dateModified\":\"2022-08-08T17:36:11+00:00\",\"breadcrumb\":{\"@id\":\"https:\/\/all-car-news.com\/fr\/le-ticket-de-transport-public-bon-marche-nincite-pas-les-allemands-a-quitter-leur-voiture\/#breadcrumb\"},\"inLanguage\":\"fr-FR\",\"potentialAction\":[{\"@type\":\"ReadAction\",\"target\":[\"https:\/\/all-car-news.com\/fr\/le-ticket-de-transport-public-bon-marche-nincite-pas-les-allemands-a-quitter-leur-voiture\/\"]}]},{\"@type\":\"BreadcrumbList\",\"@id\":\"https:\/\/all-car-news.com\/fr\/le-ticket-de-transport-public-bon-marche-nincite-pas-les-allemands-a-quitter-leur-voiture\/#breadcrumb\",\"itemListElement\":[{\"@type\":\"ListItem\",\"position\":1,\"name\":\"Home\",\"item\":\"https:\/\/all-car-news.com\/fr\/\"},{\"@type\":\"ListItem\",\"position\":2,\"name\":\"Le ticket de transport public bon march\u00e9 n&rsquo;incite pas les Allemands \u00e0 quitter leur voiture\"}]},{\"@type\":\"WebSite\",\"@id\":\"https:\/\/all-car-news.com\/fr\/#website\",\"url\":\"https:\/\/all-car-news.com\/fr\/\",\"name\":\"All cars news\",\"description\":\"\",\"publisher\":{\"@id\":\"https:\/\/all-car-news.com\/fr\/#organization\"},\"potentialAction\":[{\"@type\":\"SearchAction\",\"target\":{\"@type\":\"EntryPoint\",\"urlTemplate\":\"https:\/\/all-car-news.com\/fr\/?s={search_term_string}\"},\"query-input\":\"required name=search_term_string\"}],\"inLanguage\":\"fr-FR\"},{\"@type\":\"Organization\",\"@id\":\"https:\/\/all-car-news.com\/fr\/#organization\",\"name\":\"All cars news\",\"url\":\"https:\/\/all-car-news.com\/fr\/\",\"logo\":{\"@type\":\"ImageObject\",\"inLanguage\":\"fr-FR\",\"@id\":\"https:\/\/all-car-news.com\/fr\/#\/schema\/logo\/image\/\",\"url\":\"https:\/\/all-car-news.com\/wp-content\/uploads\/2022\/02\/CMYK-AllCarNews_LANDSCAPE_300px-1.png\",\"contentUrl\":\"https:\/\/all-car-news.com\/wp-content\/uploads\/2022\/02\/CMYK-AllCarNews_LANDSCAPE_300px-1.png\",\"width\":300,\"height\":100,\"caption\":\"All cars news\"},\"image\":{\"@id\":\"https:\/\/all-car-news.com\/fr\/#\/schema\/logo\/image\/\"}}]}<\/script>\n<!-- \/ Yoast SEO plugin. -->","yoast_head_json":{"title":"Le ticket de transport public bon march\u00e9 n'incite pas les Allemands \u00e0 quitter leur voiture - All cars news","robots":{"index":"index","follow":"follow","max-snippet":"max-snippet:-1","max-image-preview":"max-image-preview:large","max-video-preview":"max-video-preview:-1"},"canonical":"https:\/\/all-car-news.com\/fr\/le-ticket-de-transport-public-bon-marche-nincite-pas-les-allemands-a-quitter-leur-voiture\/","og_locale":"fr_FR","og_type":"article","og_title":"Le ticket de transport public bon march\u00e9 n'incite pas les Allemands \u00e0 quitter leur voiture - All cars news","og_description":"VO et voiture Avec la flamb\u00e9e des prix du carburant, de plus en plus de personnes cherchent des alternatives \u00e0 la voiture. Aux Pays-Bas, vous pouvez choisir de marcher, de faire du v\u00e9lo, de rouler en cyclomoteur, de prendre les transports publics ou de rester chez vous (et de travailler). Les personnes qui ont les mains li\u00e9es feraient mieux d'ignorer le syst\u00e8me de transport public n\u00e9erlandais. Omroep Gelderland a d\u00e9j\u00e0 calcul\u00e9 qu'au d\u00e9but de 2022 [...].","og_url":"https:\/\/all-car-news.com\/fr\/le-ticket-de-transport-public-bon-marche-nincite-pas-les-allemands-a-quitter-leur-voiture\/","og_site_name":"All cars news","article_published_time":"2022-08-08T17:36:11+00:00","twitter_card":"summary_large_image","twitter_misc":{"Dur\u00e9e de lecture estim\u00e9e":"2 minutes"},"schema":{"@context":"https:\/\/schema.org","@graph":[{"@type":"Article","@id":"https:\/\/all-car-news.com\/fr\/le-ticket-de-transport-public-bon-marche-nincite-pas-les-allemands-a-quitter-leur-voiture\/#article","isPartOf":{"@id":"https:\/\/all-car-news.com\/fr\/le-ticket-de-transport-public-bon-marche-nincite-pas-les-allemands-a-quitter-leur-voiture\/"},"author":{"name":"","@id":""},"headline":"Le ticket de transport public bon march\u00e9 n&rsquo;incite pas les Allemands \u00e0 quitter leur voiture","datePublished":"2022-08-08T17:36:11+00:00","dateModified":"2022-08-08T17:36:11+00:00","mainEntityOfPage":{"@id":"https:\/\/all-car-news.com\/fr\/le-ticket-de-transport-public-bon-marche-nincite-pas-les-allemands-a-quitter-leur-voiture\/"},"wordCount":492,"commentCount":0,"publisher":{"@id":"https:\/\/all-car-news.com\/fr\/#organization"},"articleSection":["Fond"],"inLanguage":"fr-FR","potentialAction":[{"@type":"CommentAction","name":"Comment","target":["https:\/\/all-car-news.com\/fr\/le-ticket-de-transport-public-bon-marche-nincite-pas-les-allemands-a-quitter-leur-voiture\/#respond"]}]},{"@type":"WebPage","@id":"https:\/\/all-car-news.com\/fr\/le-ticket-de-transport-public-bon-marche-nincite-pas-les-allemands-a-quitter-leur-voiture\/","url":"https:\/\/all-car-news.com\/fr\/le-ticket-de-transport-public-bon-marche-nincite-pas-les-allemands-a-quitter-leur-voiture\/","name":"Le ticket de transport public bon march\u00e9 n'incite pas les Allemands \u00e0 quitter leur voiture - All cars news","isPartOf":{"@id":"https:\/\/all-car-news.com\/fr\/#website"},"datePublished":"2022-08-08T17:36:11+00:00","dateModified":"2022-08-08T17:36:11+00:00","breadcrumb":{"@id":"https:\/\/all-car-news.com\/fr\/le-ticket-de-transport-public-bon-marche-nincite-pas-les-allemands-a-quitter-leur-voiture\/#breadcrumb"},"inLanguage":"fr-FR","potentialAction":[{"@type":"ReadAction","target":["https:\/\/all-car-news.com\/fr\/le-ticket-de-transport-public-bon-marche-nincite-pas-les-allemands-a-quitter-leur-voiture\/"]}]},{"@type":"BreadcrumbList","@id":"https:\/\/all-car-news.com\/fr\/le-ticket-de-transport-public-bon-marche-nincite-pas-les-allemands-a-quitter-leur-voiture\/#breadcrumb","itemListElement":[{"@type":"ListItem","position":1,"name":"Home","item":"https:\/\/all-car-news.com\/fr\/"},{"@type":"ListItem","position":2,"name":"Le ticket de transport public bon march\u00e9 n&rsquo;incite pas les Allemands \u00e0 quitter leur voiture"}]},{"@type":"WebSite","@id":"https:\/\/all-car-news.com\/fr\/#website","url":"https:\/\/all-car-news.com\/fr\/","name":"All cars news","description":"","publisher":{"@id":"https:\/\/all-car-news.com\/fr\/#organization"},"potentialAction":[{"@type":"SearchAction","target":{"@type":"EntryPoint","urlTemplate":"https:\/\/all-car-news.com\/fr\/?s={search_term_string}"},"query-input":"required name=search_term_string"}],"inLanguage":"fr-FR"},{"@type":"Organization","@id":"https:\/\/all-car-news.com\/fr\/#organization","name":"All cars news","url":"https:\/\/all-car-news.com\/fr\/","logo":{"@type":"ImageObject","inLanguage":"fr-FR","@id":"https:\/\/all-car-news.com\/fr\/#\/schema\/logo\/image\/","url":"https:\/\/all-car-news.com\/wp-content\/uploads\/2022\/02\/CMYK-AllCarNews_LANDSCAPE_300px-1.png","contentUrl":"https:\/\/all-car-news.com\/wp-content\/uploads\/2022\/02\/CMYK-AllCarNews_LANDSCAPE_300px-1.png","width":300,"height":100,"caption":"All cars news"},"image":{"@id":"https:\/\/all-car-news.com\/fr\/#\/schema\/logo\/image\/"}}]}},"_links":{"self":[{"href":"https:\/\/all-car-news.com\/fr\/wp-json\/wp\/v2\/posts\/121500","targetHints":{"allow":["GET"]}}],"collection":[{"href":"https:\/\/all-car-news.com\/fr\/wp-json\/wp\/v2\/posts"}],"about":[{"href":"https:\/\/all-car-news.com\/fr\/wp-json\/wp\/v2\/types\/post"}],"replies":[{"embeddable":true,"href":"https:\/\/all-car-news.com\/fr\/wp-json\/wp\/v2\/comments?post=121500"}],"version-history":[{"count":0,"href":"https:\/\/all-car-news.com\/fr\/wp-json\/wp\/v2\/posts\/121500\/revisions"}],"wp:featuredmedia":[{"embeddable":true,"href":"https:\/\/all-car-news.com\/fr\/wp-json\/wp\/v2\/media\/121472"}],"wp:attachment":[{"href":"https:\/\/all-car-news.com\/fr\/wp-json\/wp\/v2\/media?parent=121500"}],"wp:term":[{"taxonomy":"category","embeddable":true,"href":"https:\/\/all-car-news.com\/fr\/wp-json\/wp\/v2\/categories?post=121500"},{"taxonomy":"post_tag","embeddable":true,"href":"https:\/\/all-car-news.com\/fr\/wp-json\/wp\/v2\/tags?post=121500"}],"curies":[{"name":"wp","href":"https:\/\/api.w.org\/{rel}","templated":true}]}}