{"id":121415,"date":"2022-08-05T12:00:00","date_gmt":"2022-08-05T12:00:00","guid":{"rendered":"https:\/\/all-car-news.com\/carmen-mundt-la-petite-amie-de-george-russell\/"},"modified":"2022-08-05T12:00:00","modified_gmt":"2022-08-05T12:00:00","slug":"carmen-mundt-la-petite-amie-de-george-russell","status":"publish","type":"post","link":"https:\/\/all-car-news.com\/fr\/carmen-mundt-la-petite-amie-de-george-russell\/","title":{"rendered":"Carmen Mundt : la petite amie de George Russell"},"content":{"rendered":"<h2>La petite amie de George Russell<\/h2>\n<p>Apr\u00e8s trois ann\u00e9es difficiles mais instructives chez Williams, George Russell a rejoint l&rsquo;\u00e9quipe Mercedes-AMG en 2022. Un grand transfert, mais le Britannique ne sera pas compl\u00e8tement satisfait. Pour la premi\u00e8re fois depuis des ann\u00e9es, l&rsquo;\u00e9quipe de course allemande n&rsquo;est plus dominante. Ce n&rsquo;est pas \u00e0 cause de George, car Lewis Hamilton r\u00e9alise \u00e9galement une saison m\u00e9diocre en 2022. Heureusement, George a une belle petite amie \u00e0 la maison : Carmen Mundt.<\/p>\n<blockquote class=\"instagram-media\" data-instgrm-captioned=\"\" data-instgrm-permalink=\"https:\/\/www.instagram.com\/p\/CVpoIX3Nznb\/?utm_source=ig_embed&amp;utm_campaign=loading\" data-instgrm-version=\"14\" style=\"background:#FFF;border:0;border-radius:3px;margin: 1px;max-width:540px;min-width:326px;padding:0;width:99.375%;width:-webkit-calc(100% - 2px);width:calc(100% - 2px)\">\n<div style=\"padding:16px\"> <a href=\"https:\/\/www.instagram.com\/p\/CVpoIX3Nznb\/?utm_source=ig_embed&amp;utm_campaign=loading\" style=\"background:#FFFFFF;line-height:0;padding:0 0;text-align:center;text-decoration:none;width:100%\" target=\"_blank\" rel=\"noopener\"> <\/p>\n<div style=\"flex-direction: row;align-items: center\">\n<div style=\"background-color: #F4F4F4;border-radius: 50%;flex-grow: 0;height: 40px;margin-right: 14px;width: 40px\"><\/div>\n<div style=\"flex-direction: column;flex-grow: 1;justify-content: center\">\n<div style=\"background-color: #F4F4F4;border-radius: 4px;flex-grow: 0;height: 14px;margin-bottom: 6px;width: 100px\"><\/div>\n<div style=\"background-color: #F4F4F4;border-radius: 4px;flex-grow: 0;height: 14px;width: 60px\"><\/div>\n<\/div>\n<\/div>\n<div style=\"padding: 19% 0\"><\/div>\n<div style=\"height:50px;margin:0 auto 12px;width:50px\"><\/div>\n<div style=\"padding-top: 8px\">\n<div style=\"color:#3897f0;font-family:Arial,sans-serif;font-size:14px;font-style:normal;font-weight:550;line-height:18px\">Voir ce message sur Instagram<\/div>\n<\/div>\n<div style=\"padding: 12.5% 0\"><\/div>\n<div style=\"flex-direction: row;margin-bottom: 14px;align-items: center\">\n<div>\n<div style=\"background-color: #F4F4F4;border-radius: 50%;height: 12.5px;width: 12.5px\"><\/div>\n<div style=\"background-color: #F4F4F4;height: 12.5px;width: 12.5px;flex-grow: 0;margin-right: 14px;margin-left: 2px\"><\/div>\n<div style=\"background-color: #F4F4F4;border-radius: 50%;height: 12.5px;width: 12.5px\"><\/div>\n<\/div>\n<div style=\"margin-left: 8px\">\n<div style=\"background-color: #F4F4F4;border-radius: 50%;flex-grow: 0;height: 20px;width: 20px\"><\/div>\n<div style=\"width: 0;height: 0;border-top: 2px solid transparent;border-left: 6px solid #f4f4f4;border-bottom: 2px solid transparent\"><\/div>\n<\/div>\n<div style=\"margin-left: auto\">\n<div style=\"width: 0px;border-top: 8px solid #F4F4F4;border-right: 8px solid transparent\"><\/div>\n<div style=\"background-color: #F4F4F4;flex-grow: 0;height: 12px;width: 16px\"><\/div>\n<div style=\"width: 0;height: 0;border-top: 8px solid #F4F4F4;border-left: 8px solid transparent\"><\/div>\n<\/div>\n<\/div>\n<div style=\"flex-direction: column;flex-grow: 1;justify-content: center;margin-bottom: 24px\">\n<div style=\"background-color: #F4F4F4;border-radius: 4px;flex-grow: 0;height: 14px;margin-bottom: 6px;width: 224px\"><\/div>\n<div style=\"background-color: #F4F4F4;border-radius: 4px;flex-grow: 0;height: 14px;width: 144px\"><\/div>\n<\/div>\n<p><\/a><\/p>\n<p style=\"color:#c9c8cd;font-family:Arial,sans-serif;font-size:14px;line-height:17px;margin-bottom:0;margin-top:8px;overflow:hidden;padding:8px 0 7px;text-align:center\"><a href=\"https:\/\/www.instagram.com\/p\/CVpoIX3Nznb\/?utm_source=ig_embed&amp;utm_campaign=loading\" style=\"color:#c9c8cd;font-family:Arial,sans-serif;font-size:14px;font-style:normal;font-weight:normal;line-height:17px;text-decoration:none\" target=\"_blank\" rel=\"noopener\">Un message partag\u00e9 par Carmen Montero Mundt (@carmenmmundt)<\/a><\/p>\n<\/div>\n<\/blockquote>\n<h2>Britannique hispanophone<\/h2>\n<p>Carmen Mundt est n\u00e9e en Grande-Bretagne et poss\u00e8de donc la nationalit\u00e9 britannique, mais elle parle aussi couramment l&rsquo;espagnol. Elle est r\u00e9cemment dipl\u00f4m\u00e9e de l&rsquo;universit\u00e9 de Westminster, o\u00f9 elle a \u00e9tudi\u00e9 la gestion des affaires et la finance. En plus d&rsquo;\u00eatre une belle femme, elle est aussi tr\u00e8s intelligente. C&rsquo;est une bonne chose pour George que sa petite amie puisse g\u00e9rer de gros chiffres, car elle peut alors faire sa comptabilit\u00e9. Le pilote Mercedes re\u00e7oit environ 4,5 millions d&rsquo;euros vers\u00e9s sur son compte chaque ann\u00e9e par son employeur. S&rsquo;il devient champion, il peut m\u00eame compter sur un bonus de plus de trois millions d&rsquo;euros. Donc \u00e9pouser George ne sera pas un mauvais investissement pour Carmen. Elle en sait quelque chose, car elle travaille actuellement dans l&rsquo;agence d&rsquo;investissement W1 \u00e0 Londres.  <\/p>\n<blockquote class=\"instagram-media\" data-instgrm-captioned=\"\" data-instgrm-permalink=\"https:\/\/www.instagram.com\/p\/CDYiUMcIVH-\/?utm_source=ig_embed&amp;utm_campaign=loading\" data-instgrm-version=\"14\" style=\"background:#FFF;border:0;border-radius:3px;margin: 1px;max-width:540px;min-width:326px;padding:0;width:99.375%;width:-webkit-calc(100% - 2px);width:calc(100% - 2px)\">\n<div style=\"padding:16px\"> <a href=\"https:\/\/www.instagram.com\/p\/CDYiUMcIVH-\/?utm_source=ig_embed&amp;utm_campaign=loading\" style=\"background:#FFFFFF;line-height:0;padding:0 0;text-align:center;text-decoration:none;width:100%\" target=\"_blank\" rel=\"noopener\"> <\/p>\n<div style=\"flex-direction: row;align-items: center\">\n<div style=\"background-color: #F4F4F4;border-radius: 50%;flex-grow: 0;height: 40px;margin-right: 14px;width: 40px\"><\/div>\n<div style=\"flex-direction: column;flex-grow: 1;justify-content: center\">\n<div style=\"background-color: #F4F4F4;border-radius: 4px;flex-grow: 0;height: 14px;margin-bottom: 6px;width: 100px\"><\/div>\n<div style=\"background-color: #F4F4F4;border-radius: 4px;flex-grow: 0;height: 14px;width: 60px\"><\/div>\n<\/div>\n<\/div>\n<div style=\"padding: 19% 0\"><\/div>\n<div style=\"height:50px;margin:0 auto 12px;width:50px\"><\/div>\n<div style=\"padding-top: 8px\">\n<div style=\"color:#3897f0;font-family:Arial,sans-serif;font-size:14px;font-style:normal;font-weight:550;line-height:18px\">Voir ce message sur Instagram<\/div>\n<\/div>\n<div style=\"padding: 12.5% 0\"><\/div>\n<div style=\"flex-direction: row;margin-bottom: 14px;align-items: center\">\n<div>\n<div style=\"background-color: #F4F4F4;border-radius: 50%;height: 12.5px;width: 12.5px\"><\/div>\n<div style=\"background-color: #F4F4F4;height: 12.5px;width: 12.5px;flex-grow: 0;margin-right: 14px;margin-left: 2px\"><\/div>\n<div style=\"background-color: #F4F4F4;border-radius: 50%;height: 12.5px;width: 12.5px\"><\/div>\n<\/div>\n<div style=\"margin-left: 8px\">\n<div style=\"background-color: #F4F4F4;border-radius: 50%;flex-grow: 0;height: 20px;width: 20px\"><\/div>\n<div style=\"width: 0;height: 0;border-top: 2px solid transparent;border-left: 6px solid #f4f4f4;border-bottom: 2px solid transparent\"><\/div>\n<\/div>\n<div style=\"margin-left: auto\">\n<div style=\"width: 0px;border-top: 8px solid #F4F4F4;border-right: 8px solid transparent\"><\/div>\n<div style=\"background-color: #F4F4F4;flex-grow: 0;height: 12px;width: 16px\"><\/div>\n<div style=\"width: 0;height: 0;border-top: 8px solid #F4F4F4;border-left: 8px solid transparent\"><\/div>\n<\/div>\n<\/div>\n<div style=\"flex-direction: column;flex-grow: 1;justify-content: center;margin-bottom: 24px\">\n<div style=\"background-color: #F4F4F4;border-radius: 4px;flex-grow: 0;height: 14px;margin-bottom: 6px;width: 224px\"><\/div>\n<div style=\"background-color: #F4F4F4;border-radius: 4px;flex-grow: 0;height: 14px;width: 144px\"><\/div>\n<\/div>\n<p><\/a><\/p>\n<p style=\"color:#c9c8cd;font-family:Arial,sans-serif;font-size:14px;line-height:17px;margin-bottom:0;margin-top:8px;overflow:hidden;padding:8px 0 7px;text-align:center\"><a href=\"https:\/\/www.instagram.com\/p\/CDYiUMcIVH-\/?utm_source=ig_embed&amp;utm_campaign=loading\" style=\"color:#c9c8cd;font-family:Arial,sans-serif;font-size:14px;font-style:normal;font-weight:normal;line-height:17px;text-decoration:none\" target=\"_blank\" rel=\"noopener\">Un message partag\u00e9 par Carmen Montero Mundt (@carmenmmundt)<\/a><\/p>\n<\/div>\n<\/blockquote>\n<h2>Relation priv\u00e9e<\/h2>\n<p>George et Carmen ne crient pas sur tous les toits qu&rsquo;ils sont en couple. Ils ont commenc\u00e9 \u00e0 se fr\u00e9quenter en 2020, puis ont rendu leur relation publique quelques mois plus tard. Depuis, Carmen a rendu sa page Instagram &#8211; o\u00f9 elle compte d\u00e9sormais 80 000 followers &#8211; publique. Russell et Mundt sont r\u00e9guli\u00e8rement aper\u00e7us ensemble apr\u00e8s les courses de Formule 1 et elle poste m\u00eame souvent des photos du travail de son petit ami.  <\/p>\n<blockquote class=\"instagram-media\" data-instgrm-captioned=\"\" data-instgrm-permalink=\"https:\/\/www.instagram.com\/p\/CRmDjJXNIwp\/?utm_source=ig_embed&amp;utm_campaign=loading\" data-instgrm-version=\"14\" style=\"background:#FFF;border:0;border-radius:3px;margin: 1px;max-width:540px;min-width:326px;padding:0;width:99.375%;width:-webkit-calc(100% - 2px);width:calc(100% - 2px)\">\n<div style=\"padding:16px\"> <a href=\"https:\/\/www.instagram.com\/p\/CRmDjJXNIwp\/?utm_source=ig_embed&amp;utm_campaign=loading\" style=\"background:#FFFFFF;line-height:0;padding:0 0;text-align:center;text-decoration:none;width:100%\" target=\"_blank\" rel=\"noopener\"> <\/p>\n<div style=\"flex-direction: row;align-items: center\">\n<div style=\"background-color: #F4F4F4;border-radius: 50%;flex-grow: 0;height: 40px;margin-right: 14px;width: 40px\"><\/div>\n<div style=\"flex-direction: column;flex-grow: 1;justify-content: center\">\n<div style=\"background-color: #F4F4F4;border-radius: 4px;flex-grow: 0;height: 14px;margin-bottom: 6px;width: 100px\"><\/div>\n<div style=\"background-color: #F4F4F4;border-radius: 4px;flex-grow: 0;height: 14px;width: 60px\"><\/div>\n<\/div>\n<\/div>\n<div style=\"padding: 19% 0\"><\/div>\n<div style=\"height:50px;margin:0 auto 12px;width:50px\"><\/div>\n<div style=\"padding-top: 8px\">\n<div style=\"color:#3897f0;font-family:Arial,sans-serif;font-size:14px;font-style:normal;font-weight:550;line-height:18px\">Voir ce message sur Instagram<\/div>\n<\/div>\n<div style=\"padding: 12.5% 0\"><\/div>\n<div style=\"flex-direction: row;margin-bottom: 14px;align-items: center\">\n<div>\n<div style=\"background-color: #F4F4F4;border-radius: 50%;height: 12.5px;width: 12.5px\"><\/div>\n<div style=\"background-color: #F4F4F4;height: 12.5px;width: 12.5px;flex-grow: 0;margin-right: 14px;margin-left: 2px\"><\/div>\n<div style=\"background-color: #F4F4F4;border-radius: 50%;height: 12.5px;width: 12.5px\"><\/div>\n<\/div>\n<div style=\"margin-left: 8px\">\n<div style=\"background-color: #F4F4F4;border-radius: 50%;flex-grow: 0;height: 20px;width: 20px\"><\/div>\n<div style=\"width: 0;height: 0;border-top: 2px solid transparent;border-left: 6px solid #f4f4f4;border-bottom: 2px solid transparent\"><\/div>\n<\/div>\n<div style=\"margin-left: auto\">\n<div style=\"width: 0px;border-top: 8px solid #F4F4F4;border-right: 8px solid transparent\"><\/div>\n<div style=\"background-color: #F4F4F4;flex-grow: 0;height: 12px;width: 16px\"><\/div>\n<div style=\"width: 0;height: 0;border-top: 8px solid #F4F4F4;border-left: 8px solid transparent\"><\/div>\n<\/div>\n<\/div>\n<div style=\"flex-direction: column;flex-grow: 1;justify-content: center;margin-bottom: 24px\">\n<div style=\"background-color: #F4F4F4;border-radius: 4px;flex-grow: 0;height: 14px;margin-bottom: 6px;width: 224px\"><\/div>\n<div style=\"background-color: #F4F4F4;border-radius: 4px;flex-grow: 0;height: 14px;width: 144px\"><\/div>\n<\/div>\n<p><\/a><\/p>\n<p style=\"color:#c9c8cd;font-family:Arial,sans-serif;font-size:14px;line-height:17px;margin-bottom:0;margin-top:8px;overflow:hidden;padding:8px 0 7px;text-align:center\"><a href=\"https:\/\/www.instagram.com\/p\/CRmDjJXNIwp\/?utm_source=ig_embed&amp;utm_campaign=loading\" style=\"color:#c9c8cd;font-family:Arial,sans-serif;font-size:14px;font-style:normal;font-weight:normal;line-height:17px;text-decoration:none\" target=\"_blank\" rel=\"noopener\">Un message partag\u00e9 par Carmen Montero Mundt (@carmenmmundt)<\/a><\/p>\n<\/div>\n<\/blockquote>\n<h2>Seychelle de Vries<\/h2>\n<p>Avant que George Russell ne rencontre sa petite amie actuelle, le Britannique \u00e9tait en couple avec une Hollandaise. Il a eu une relation avec Seychelle de Vries. Ce nom de famille n&rsquo;est pas seulement familier parce que c&rsquo;est un nom typiquement n\u00e9erlandais, mais aussi parce que Seychelle est la s\u0153ur du champion de Formule E Nyck de Vries. Ils ont appris \u00e0 se conna\u00eetre lorsque George et Nyck couraient encore ensemble en Formule 2. Cette relation s&rsquo;est bris\u00e9e apr\u00e8s deux ans.<\/p>\n<p>Qui est la petite amie de <a href=\"https:\/\/autorai.nl\/het-wagenpark-van-verstappen-dit-zijn-de-autos-die-max-prive-rijdt\/\" target=\"_blank\" rel=\"noreferrer noopener\">Max Verstappen<\/a> vous pouvez lire <a href=\"https:\/\/autorai.nl\/kelly-piquet-de-vriendin-van-max-verstappen\/\" target=\"_blank\" rel=\"noreferrer noopener\">ICI<\/a>. Lisez tout sur la petite amie de Charles Leclerc <a href=\"https:\/\/autorai.nl\/charlotte-sine-de-vriendin-van-charles-leclerc\/\">ICI<\/a>.  <\/p>\n<figure class=\"wp-block-embed is-type-wp-embed is-provider-autorai-nl wp-block-embed-autorai-nl\">\n<div class=\"wp-block-embed__wrapper\">\n<blockquote class=\"wp-embedded-content\" data-secret=\"L2Hn2NSegO\"><p><a href=\"https:\/\/autorai.nl\/luisinha-oliveira-dit-is-de-vriendin-van-lando-norris\/\">Luisinha Oliveira : c&rsquo;est la petite amie de Lando Norris<\/a><\/p><\/blockquote>\n<\/div>\n<\/figure>\n<p><em>Photo d&rsquo;en-t\u00eate : Mercedes-AMG F1<\/em><\/p>\n","protected":false},"excerpt":{"rendered":"La petite amie de George Russell Apr\u00e8s trois ann\u00e9es difficiles mais instructives chez Williams, George Russell est pass\u00e9 dans l'\u00e9quipe\u2026","protected":false},"author":0,"featured_media":121399,"comment_status":"open","ping_status":"open","sticky":false,"template":"","format":"standard","meta":{"footnotes":""},"categories":[131,135],"tags":[],"class_list":["post-121415","post","type-post","status-publish","format-standard","has-post-thumbnail","hentry","category-fond","category-formule-1-fr"],"acf":[],"yoast_head":"<!-- This site is optimized with the Yoast SEO plugin v21.2 - https:\/\/yoast.com\/wordpress\/plugins\/seo\/ -->\n<title>Carmen Mundt : la petite amie de George Russell - All cars news<\/title>\n<meta name=\"robots\" content=\"index, follow, max-snippet:-1, max-image-preview:large, max-video-preview:-1\" \/>\n<link rel=\"canonical\" href=\"https:\/\/all-car-news.com\/fr\/carmen-mundt-la-petite-amie-de-george-russell\/\" \/>\n<meta property=\"og:locale\" content=\"fr_FR\" \/>\n<meta property=\"og:type\" content=\"article\" \/>\n<meta property=\"og:title\" content=\"Carmen Mundt : la petite amie de George Russell - All cars news\" \/>\n<meta property=\"og:description\" content=\"La petite amie de George Russell Apr\u00e8s trois ann\u00e9es difficiles mais instructives chez Williams, George Russell est pass\u00e9 dans l&#039;\u00e9quipe Mercedes-AMG en 2022. Un grand transfert, mais le Britannique ne sera pas compl\u00e8tement satisfait. Pour la premi\u00e8re fois depuis des ann\u00e9es, l&#039;\u00e9quipe de course allemande n&#039;est plus dominante. Ce n&#039;est pas \u00e0 cause de George, car aussi [...]\" \/>\n<meta property=\"og:url\" content=\"https:\/\/all-car-news.com\/fr\/carmen-mundt-la-petite-amie-de-george-russell\/\" \/>\n<meta property=\"og:site_name\" content=\"All cars news\" \/>\n<meta property=\"article:published_time\" content=\"2022-08-05T12:00:00+00:00\" \/>\n<meta name=\"twitter:card\" content=\"summary_large_image\" \/>\n<meta name=\"twitter:label1\" content=\"Dur\u00e9e de lecture estim\u00e9e\" \/>\n\t<meta name=\"twitter:data1\" content=\"2 minutes\" \/>\n<script type=\"application\/ld+json\" class=\"yoast-schema-graph\">{\"@context\":\"https:\/\/schema.org\",\"@graph\":[{\"@type\":\"Article\",\"@id\":\"https:\/\/all-car-news.com\/fr\/carmen-mundt-la-petite-amie-de-george-russell\/#article\",\"isPartOf\":{\"@id\":\"https:\/\/all-car-news.com\/fr\/carmen-mundt-la-petite-amie-de-george-russell\/\"},\"author\":{\"name\":\"\",\"@id\":\"\"},\"headline\":\"Carmen Mundt : la petite amie de George Russell\",\"datePublished\":\"2022-08-05T12:00:00+00:00\",\"dateModified\":\"2022-08-05T12:00:00+00:00\",\"mainEntityOfPage\":{\"@id\":\"https:\/\/all-car-news.com\/fr\/carmen-mundt-la-petite-amie-de-george-russell\/\"},\"wordCount\":472,\"commentCount\":0,\"publisher\":{\"@id\":\"https:\/\/all-car-news.com\/fr\/#organization\"},\"articleSection\":[\"Fond\",\"formule 1\"],\"inLanguage\":\"fr-FR\",\"potentialAction\":[{\"@type\":\"CommentAction\",\"name\":\"Comment\",\"target\":[\"https:\/\/all-car-news.com\/fr\/carmen-mundt-la-petite-amie-de-george-russell\/#respond\"]}]},{\"@type\":\"WebPage\",\"@id\":\"https:\/\/all-car-news.com\/fr\/carmen-mundt-la-petite-amie-de-george-russell\/\",\"url\":\"https:\/\/all-car-news.com\/fr\/carmen-mundt-la-petite-amie-de-george-russell\/\",\"name\":\"Carmen Mundt : la petite amie de George Russell - All cars news\",\"isPartOf\":{\"@id\":\"https:\/\/all-car-news.com\/fr\/#website\"},\"datePublished\":\"2022-08-05T12:00:00+00:00\",\"dateModified\":\"2022-08-05T12:00:00+00:00\",\"breadcrumb\":{\"@id\":\"https:\/\/all-car-news.com\/fr\/carmen-mundt-la-petite-amie-de-george-russell\/#breadcrumb\"},\"inLanguage\":\"fr-FR\",\"potentialAction\":[{\"@type\":\"ReadAction\",\"target\":[\"https:\/\/all-car-news.com\/fr\/carmen-mundt-la-petite-amie-de-george-russell\/\"]}]},{\"@type\":\"BreadcrumbList\",\"@id\":\"https:\/\/all-car-news.com\/fr\/carmen-mundt-la-petite-amie-de-george-russell\/#breadcrumb\",\"itemListElement\":[{\"@type\":\"ListItem\",\"position\":1,\"name\":\"Home\",\"item\":\"https:\/\/all-car-news.com\/fr\/\"},{\"@type\":\"ListItem\",\"position\":2,\"name\":\"Carmen Mundt : la petite amie de George Russell\"}]},{\"@type\":\"WebSite\",\"@id\":\"https:\/\/all-car-news.com\/fr\/#website\",\"url\":\"https:\/\/all-car-news.com\/fr\/\",\"name\":\"All cars news\",\"description\":\"\",\"publisher\":{\"@id\":\"https:\/\/all-car-news.com\/fr\/#organization\"},\"potentialAction\":[{\"@type\":\"SearchAction\",\"target\":{\"@type\":\"EntryPoint\",\"urlTemplate\":\"https:\/\/all-car-news.com\/fr\/?s={search_term_string}\"},\"query-input\":\"required name=search_term_string\"}],\"inLanguage\":\"fr-FR\"},{\"@type\":\"Organization\",\"@id\":\"https:\/\/all-car-news.com\/fr\/#organization\",\"name\":\"All cars news\",\"url\":\"https:\/\/all-car-news.com\/fr\/\",\"logo\":{\"@type\":\"ImageObject\",\"inLanguage\":\"fr-FR\",\"@id\":\"https:\/\/all-car-news.com\/fr\/#\/schema\/logo\/image\/\",\"url\":\"https:\/\/all-car-news.com\/wp-content\/uploads\/2022\/02\/CMYK-AllCarNews_LANDSCAPE_300px-1.png\",\"contentUrl\":\"https:\/\/all-car-news.com\/wp-content\/uploads\/2022\/02\/CMYK-AllCarNews_LANDSCAPE_300px-1.png\",\"width\":300,\"height\":100,\"caption\":\"All cars news\"},\"image\":{\"@id\":\"https:\/\/all-car-news.com\/fr\/#\/schema\/logo\/image\/\"}}]}<\/script>\n<!-- \/ Yoast SEO plugin. -->","yoast_head_json":{"title":"Carmen Mundt : la petite amie de George Russell - All cars news","robots":{"index":"index","follow":"follow","max-snippet":"max-snippet:-1","max-image-preview":"max-image-preview:large","max-video-preview":"max-video-preview:-1"},"canonical":"https:\/\/all-car-news.com\/fr\/carmen-mundt-la-petite-amie-de-george-russell\/","og_locale":"fr_FR","og_type":"article","og_title":"Carmen Mundt : la petite amie de George Russell - All cars news","og_description":"La petite amie de George Russell Apr\u00e8s trois ann\u00e9es difficiles mais instructives chez Williams, George Russell est pass\u00e9 dans l'\u00e9quipe Mercedes-AMG en 2022. Un grand transfert, mais le Britannique ne sera pas compl\u00e8tement satisfait. Pour la premi\u00e8re fois depuis des ann\u00e9es, l'\u00e9quipe de course allemande n'est plus dominante. Ce n'est pas \u00e0 cause de George, car aussi [...]","og_url":"https:\/\/all-car-news.com\/fr\/carmen-mundt-la-petite-amie-de-george-russell\/","og_site_name":"All cars news","article_published_time":"2022-08-05T12:00:00+00:00","twitter_card":"summary_large_image","twitter_misc":{"Dur\u00e9e de lecture estim\u00e9e":"2 minutes"},"schema":{"@context":"https:\/\/schema.org","@graph":[{"@type":"Article","@id":"https:\/\/all-car-news.com\/fr\/carmen-mundt-la-petite-amie-de-george-russell\/#article","isPartOf":{"@id":"https:\/\/all-car-news.com\/fr\/carmen-mundt-la-petite-amie-de-george-russell\/"},"author":{"name":"","@id":""},"headline":"Carmen Mundt : la petite amie de George Russell","datePublished":"2022-08-05T12:00:00+00:00","dateModified":"2022-08-05T12:00:00+00:00","mainEntityOfPage":{"@id":"https:\/\/all-car-news.com\/fr\/carmen-mundt-la-petite-amie-de-george-russell\/"},"wordCount":472,"commentCount":0,"publisher":{"@id":"https:\/\/all-car-news.com\/fr\/#organization"},"articleSection":["Fond","formule 1"],"inLanguage":"fr-FR","potentialAction":[{"@type":"CommentAction","name":"Comment","target":["https:\/\/all-car-news.com\/fr\/carmen-mundt-la-petite-amie-de-george-russell\/#respond"]}]},{"@type":"WebPage","@id":"https:\/\/all-car-news.com\/fr\/carmen-mundt-la-petite-amie-de-george-russell\/","url":"https:\/\/all-car-news.com\/fr\/carmen-mundt-la-petite-amie-de-george-russell\/","name":"Carmen Mundt : la petite amie de George Russell - All cars news","isPartOf":{"@id":"https:\/\/all-car-news.com\/fr\/#website"},"datePublished":"2022-08-05T12:00:00+00:00","dateModified":"2022-08-05T12:00:00+00:00","breadcrumb":{"@id":"https:\/\/all-car-news.com\/fr\/carmen-mundt-la-petite-amie-de-george-russell\/#breadcrumb"},"inLanguage":"fr-FR","potentialAction":[{"@type":"ReadAction","target":["https:\/\/all-car-news.com\/fr\/carmen-mundt-la-petite-amie-de-george-russell\/"]}]},{"@type":"BreadcrumbList","@id":"https:\/\/all-car-news.com\/fr\/carmen-mundt-la-petite-amie-de-george-russell\/#breadcrumb","itemListElement":[{"@type":"ListItem","position":1,"name":"Home","item":"https:\/\/all-car-news.com\/fr\/"},{"@type":"ListItem","position":2,"name":"Carmen Mundt : la petite amie de George Russell"}]},{"@type":"WebSite","@id":"https:\/\/all-car-news.com\/fr\/#website","url":"https:\/\/all-car-news.com\/fr\/","name":"All cars news","description":"","publisher":{"@id":"https:\/\/all-car-news.com\/fr\/#organization"},"potentialAction":[{"@type":"SearchAction","target":{"@type":"EntryPoint","urlTemplate":"https:\/\/all-car-news.com\/fr\/?s={search_term_string}"},"query-input":"required name=search_term_string"}],"inLanguage":"fr-FR"},{"@type":"Organization","@id":"https:\/\/all-car-news.com\/fr\/#organization","name":"All cars news","url":"https:\/\/all-car-news.com\/fr\/","logo":{"@type":"ImageObject","inLanguage":"fr-FR","@id":"https:\/\/all-car-news.com\/fr\/#\/schema\/logo\/image\/","url":"https:\/\/all-car-news.com\/wp-content\/uploads\/2022\/02\/CMYK-AllCarNews_LANDSCAPE_300px-1.png","contentUrl":"https:\/\/all-car-news.com\/wp-content\/uploads\/2022\/02\/CMYK-AllCarNews_LANDSCAPE_300px-1.png","width":300,"height":100,"caption":"All cars news"},"image":{"@id":"https:\/\/all-car-news.com\/fr\/#\/schema\/logo\/image\/"}}]}},"_links":{"self":[{"href":"https:\/\/all-car-news.com\/fr\/wp-json\/wp\/v2\/posts\/121415","targetHints":{"allow":["GET"]}}],"collection":[{"href":"https:\/\/all-car-news.com\/fr\/wp-json\/wp\/v2\/posts"}],"about":[{"href":"https:\/\/all-car-news.com\/fr\/wp-json\/wp\/v2\/types\/post"}],"replies":[{"embeddable":true,"href":"https:\/\/all-car-news.com\/fr\/wp-json\/wp\/v2\/comments?post=121415"}],"version-history":[{"count":0,"href":"https:\/\/all-car-news.com\/fr\/wp-json\/wp\/v2\/posts\/121415\/revisions"}],"wp:featuredmedia":[{"embeddable":true,"href":"https:\/\/all-car-news.com\/fr\/wp-json\/wp\/v2\/media\/121399"}],"wp:attachment":[{"href":"https:\/\/all-car-news.com\/fr\/wp-json\/wp\/v2\/media?parent=121415"}],"wp:term":[{"taxonomy":"category","embeddable":true,"href":"https:\/\/all-car-news.com\/fr\/wp-json\/wp\/v2\/categories?post=121415"},{"taxonomy":"post_tag","embeddable":true,"href":"https:\/\/all-car-news.com\/fr\/wp-json\/wp\/v2\/tags?post=121415"}],"curies":[{"name":"wp","href":"https:\/\/api.w.org\/{rel}","templated":true}]}}