{"id":120368,"date":"2022-06-28T11:30:00","date_gmt":"2022-06-28T11:30:00","guid":{"rendered":"https:\/\/all-car-news.com\/un-helicoptere-de-la-police-surprend-un-conducteur-de-porsche-a-285-km-h\/"},"modified":"2022-06-28T11:30:00","modified_gmt":"2022-06-28T11:30:00","slug":"un-helicoptere-de-la-police-surprend-un-conducteur-de-porsche-a-285-km-h","status":"publish","type":"post","link":"https:\/\/all-car-news.com\/fr\/un-helicoptere-de-la-police-surprend-un-conducteur-de-porsche-a-285-km-h\/","title":{"rendered":"Un h\u00e9licopt\u00e8re de la police surprend un conducteur de Porsche \u00e0 285 km\/h"},"content":{"rendered":"<\/p>\n<h2><strong>Une vitesse bizarre<\/strong><\/h2>\n<p>Le propri\u00e9taire irlandais de la Porsche 911 avait devant lui une belle portion d&rsquo;autoroute espagnole vide lorsqu&rsquo;il a d\u00e9cid\u00e9 de lever le pied. Il semblait n&rsquo;y avoir aucun probl\u00e8me, mais rien n&rsquo;\u00e9tait plus \u00e9loign\u00e9 de la v\u00e9rit\u00e9. Un h\u00e9licopt\u00e8re de la Guardia Civil \u00e9tait dans les airs, surveillant d&rsquo;en haut le conducteur qui roulait \u00e0 toute vitesse. La police espagnole a publi\u00e9 les images, qui montrent que le conducteur de la Porsche a mis la p\u00e9dale d&rsquo;acc\u00e9l\u00e9rateur.<\/p>\n<h2><strong>Six mois de prison<\/strong><\/h2>\n<p>Le d\u00e9mon de la vitesse est pris avec 285 km\/h. 165 km\/h trop vite, car la limite de vitesse sur les autoroutes espagnoles est de 120 km\/h. L&rsquo;Irlandais a rapidement \u00e9t\u00e9 arr\u00eat\u00e9 par un policier espagnol et a \u00e9t\u00e9 imm\u00e9diatement conduit au poste de police de Madrid. L&rsquo;homme risque une lourde peine. Non seulement il doit payer une lourde amende, mais il peut m\u00eame \u00eatre condamn\u00e9 \u00e0 une peine de six mois de prison. Il risque \u00e9galement de perdre son permis de conduire pendant quatre ans dans la r\u00e9gion espagnole. Il devra donc chercher une nouvelle destination de vacances. L&rsquo;Allemagne semble \u00eatre un choix logique.<\/p>\n<figure class=\"wp-block-embed is-type-video is-provider-youtube wp-block-embed-youtube wp-embed-aspect-16-9 wp-has-aspect-ratio\">\n<div class=\"wp-block-embed__wrapper\">\n<\/div>\n<\/figure>\n","protected":false},"excerpt":{"rendered":"Une vitesse bizarre Le propri\u00e9taire irlandais de la Porsche 911 avait devant lui un beau tron\u00e7on d'autoroute espagnol vide lorsqu'il\u2026","protected":false},"author":0,"featured_media":120316,"comment_status":"open","ping_status":"open","sticky":false,"template":"","format":"standard","meta":{"footnotes":""},"categories":[139],"tags":[],"class_list":["post-120368","post","type-post","status-publish","format-standard","has-post-thumbnail","hentry","category-style-de-vie-et-plaisir"],"acf":[],"yoast_head":"<!-- This site is optimized with the Yoast SEO plugin v21.2 - https:\/\/yoast.com\/wordpress\/plugins\/seo\/ -->\n<title>Un h\u00e9licopt\u00e8re de la police surprend un conducteur de Porsche \u00e0 285 km\/h - All cars news<\/title>\n<meta name=\"robots\" content=\"index, follow, max-snippet:-1, max-image-preview:large, max-video-preview:-1\" \/>\n<link rel=\"canonical\" href=\"https:\/\/all-car-news.com\/fr\/un-helicoptere-de-la-police-surprend-un-conducteur-de-porsche-a-285-km-h\/\" \/>\n<meta property=\"og:locale\" content=\"fr_FR\" \/>\n<meta property=\"og:type\" content=\"article\" \/>\n<meta property=\"og:title\" content=\"Un h\u00e9licopt\u00e8re de la police surprend un conducteur de Porsche \u00e0 285 km\/h - All cars news\" \/>\n<meta property=\"og:description\" content=\"Une vitesse bizarre Le propri\u00e9taire irlandais de la Porsche 911 avait devant lui un beau tron\u00e7on d&#039;autoroute espagnol vide lorsqu&#039;il a d\u00e9cid\u00e9 d&#039;appuyer sur l&#039;acc\u00e9l\u00e9rateur. Il semblait n&#039;y avoir aucun probl\u00e8me, mais rien n&#039;\u00e9tait plus \u00e9loign\u00e9 de la v\u00e9rit\u00e9. Il y avait dans le ciel un h\u00e9licopt\u00e8re de la Garde civile, qui a r\u00e9cup\u00e9r\u00e9 l&#039;automobiliste en exc\u00e8s de vitesse [...].\" \/>\n<meta property=\"og:url\" content=\"https:\/\/all-car-news.com\/fr\/un-helicoptere-de-la-police-surprend-un-conducteur-de-porsche-a-285-km-h\/\" \/>\n<meta property=\"og:site_name\" content=\"All cars news\" \/>\n<meta property=\"article:published_time\" content=\"2022-06-28T11:30:00+00:00\" \/>\n<meta property=\"og:image\" content=\"https:\/\/all-car-news.com\/wp-content\/uploads\/2022\/06\/911-achtervolging.jpg\" \/>\n\t<meta property=\"og:image:width\" content=\"1600\" \/>\n\t<meta property=\"og:image:height\" content=\"900\" \/>\n\t<meta property=\"og:image:type\" content=\"image\/jpeg\" \/>\n<meta name=\"twitter:card\" content=\"summary_large_image\" \/>\n<meta name=\"twitter:label1\" content=\"Dur\u00e9e de lecture estim\u00e9e\" \/>\n\t<meta name=\"twitter:data1\" content=\"1 minute\" \/>\n<script type=\"application\/ld+json\" class=\"yoast-schema-graph\">{\"@context\":\"https:\/\/schema.org\",\"@graph\":[{\"@type\":\"Article\",\"@id\":\"https:\/\/all-car-news.com\/fr\/un-helicoptere-de-la-police-surprend-un-conducteur-de-porsche-a-285-km-h\/#article\",\"isPartOf\":{\"@id\":\"https:\/\/all-car-news.com\/fr\/un-helicoptere-de-la-police-surprend-un-conducteur-de-porsche-a-285-km-h\/\"},\"author\":{\"name\":\"\",\"@id\":\"\"},\"headline\":\"Un h\u00e9licopt\u00e8re de la police surprend un conducteur de Porsche \u00e0 285 km\/h\",\"datePublished\":\"2022-06-28T11:30:00+00:00\",\"dateModified\":\"2022-06-28T11:30:00+00:00\",\"mainEntityOfPage\":{\"@id\":\"https:\/\/all-car-news.com\/fr\/un-helicoptere-de-la-police-surprend-un-conducteur-de-porsche-a-285-km-h\/\"},\"wordCount\":215,\"commentCount\":0,\"publisher\":{\"@id\":\"https:\/\/all-car-news.com\/fr\/#organization\"},\"articleSection\":[\"Style de vie et plaisir\"],\"inLanguage\":\"fr-FR\",\"potentialAction\":[{\"@type\":\"CommentAction\",\"name\":\"Comment\",\"target\":[\"https:\/\/all-car-news.com\/fr\/un-helicoptere-de-la-police-surprend-un-conducteur-de-porsche-a-285-km-h\/#respond\"]}]},{\"@type\":\"WebPage\",\"@id\":\"https:\/\/all-car-news.com\/fr\/un-helicoptere-de-la-police-surprend-un-conducteur-de-porsche-a-285-km-h\/\",\"url\":\"https:\/\/all-car-news.com\/fr\/un-helicoptere-de-la-police-surprend-un-conducteur-de-porsche-a-285-km-h\/\",\"name\":\"Un h\u00e9licopt\u00e8re de la police surprend un conducteur de Porsche \u00e0 285 km\/h - All cars news\",\"isPartOf\":{\"@id\":\"https:\/\/all-car-news.com\/fr\/#website\"},\"datePublished\":\"2022-06-28T11:30:00+00:00\",\"dateModified\":\"2022-06-28T11:30:00+00:00\",\"breadcrumb\":{\"@id\":\"https:\/\/all-car-news.com\/fr\/un-helicoptere-de-la-police-surprend-un-conducteur-de-porsche-a-285-km-h\/#breadcrumb\"},\"inLanguage\":\"fr-FR\",\"potentialAction\":[{\"@type\":\"ReadAction\",\"target\":[\"https:\/\/all-car-news.com\/fr\/un-helicoptere-de-la-police-surprend-un-conducteur-de-porsche-a-285-km-h\/\"]}]},{\"@type\":\"BreadcrumbList\",\"@id\":\"https:\/\/all-car-news.com\/fr\/un-helicoptere-de-la-police-surprend-un-conducteur-de-porsche-a-285-km-h\/#breadcrumb\",\"itemListElement\":[{\"@type\":\"ListItem\",\"position\":1,\"name\":\"Home\",\"item\":\"https:\/\/all-car-news.com\/fr\/\"},{\"@type\":\"ListItem\",\"position\":2,\"name\":\"Un h\u00e9licopt\u00e8re de la police surprend un conducteur de Porsche \u00e0 285 km\/h\"}]},{\"@type\":\"WebSite\",\"@id\":\"https:\/\/all-car-news.com\/fr\/#website\",\"url\":\"https:\/\/all-car-news.com\/fr\/\",\"name\":\"All cars news\",\"description\":\"\",\"publisher\":{\"@id\":\"https:\/\/all-car-news.com\/fr\/#organization\"},\"potentialAction\":[{\"@type\":\"SearchAction\",\"target\":{\"@type\":\"EntryPoint\",\"urlTemplate\":\"https:\/\/all-car-news.com\/fr\/?s={search_term_string}\"},\"query-input\":\"required name=search_term_string\"}],\"inLanguage\":\"fr-FR\"},{\"@type\":\"Organization\",\"@id\":\"https:\/\/all-car-news.com\/fr\/#organization\",\"name\":\"All cars news\",\"url\":\"https:\/\/all-car-news.com\/fr\/\",\"logo\":{\"@type\":\"ImageObject\",\"inLanguage\":\"fr-FR\",\"@id\":\"https:\/\/all-car-news.com\/fr\/#\/schema\/logo\/image\/\",\"url\":\"https:\/\/all-car-news.com\/wp-content\/uploads\/2022\/02\/CMYK-AllCarNews_LANDSCAPE_300px-1.png\",\"contentUrl\":\"https:\/\/all-car-news.com\/wp-content\/uploads\/2022\/02\/CMYK-AllCarNews_LANDSCAPE_300px-1.png\",\"width\":300,\"height\":100,\"caption\":\"All cars news\"},\"image\":{\"@id\":\"https:\/\/all-car-news.com\/fr\/#\/schema\/logo\/image\/\"}}]}<\/script>\n<!-- \/ Yoast SEO plugin. -->","yoast_head_json":{"title":"Un h\u00e9licopt\u00e8re de la police surprend un conducteur de Porsche \u00e0 285 km\/h - All cars news","robots":{"index":"index","follow":"follow","max-snippet":"max-snippet:-1","max-image-preview":"max-image-preview:large","max-video-preview":"max-video-preview:-1"},"canonical":"https:\/\/all-car-news.com\/fr\/un-helicoptere-de-la-police-surprend-un-conducteur-de-porsche-a-285-km-h\/","og_locale":"fr_FR","og_type":"article","og_title":"Un h\u00e9licopt\u00e8re de la police surprend un conducteur de Porsche \u00e0 285 km\/h - All cars news","og_description":"Une vitesse bizarre Le propri\u00e9taire irlandais de la Porsche 911 avait devant lui un beau tron\u00e7on d'autoroute espagnol vide lorsqu'il a d\u00e9cid\u00e9 d'appuyer sur l'acc\u00e9l\u00e9rateur. Il semblait n'y avoir aucun probl\u00e8me, mais rien n'\u00e9tait plus \u00e9loign\u00e9 de la v\u00e9rit\u00e9. Il y avait dans le ciel un h\u00e9licopt\u00e8re de la Garde civile, qui a r\u00e9cup\u00e9r\u00e9 l'automobiliste en exc\u00e8s de vitesse [...].","og_url":"https:\/\/all-car-news.com\/fr\/un-helicoptere-de-la-police-surprend-un-conducteur-de-porsche-a-285-km-h\/","og_site_name":"All cars news","article_published_time":"2022-06-28T11:30:00+00:00","og_image":[{"width":1600,"height":900,"url":"https:\/\/all-car-news.com\/wp-content\/uploads\/2022\/06\/911-achtervolging.jpg","type":"image\/jpeg"}],"twitter_card":"summary_large_image","twitter_misc":{"Dur\u00e9e de lecture estim\u00e9e":"1 minute"},"schema":{"@context":"https:\/\/schema.org","@graph":[{"@type":"Article","@id":"https:\/\/all-car-news.com\/fr\/un-helicoptere-de-la-police-surprend-un-conducteur-de-porsche-a-285-km-h\/#article","isPartOf":{"@id":"https:\/\/all-car-news.com\/fr\/un-helicoptere-de-la-police-surprend-un-conducteur-de-porsche-a-285-km-h\/"},"author":{"name":"","@id":""},"headline":"Un h\u00e9licopt\u00e8re de la police surprend un conducteur de Porsche \u00e0 285 km\/h","datePublished":"2022-06-28T11:30:00+00:00","dateModified":"2022-06-28T11:30:00+00:00","mainEntityOfPage":{"@id":"https:\/\/all-car-news.com\/fr\/un-helicoptere-de-la-police-surprend-un-conducteur-de-porsche-a-285-km-h\/"},"wordCount":215,"commentCount":0,"publisher":{"@id":"https:\/\/all-car-news.com\/fr\/#organization"},"articleSection":["Style de vie et plaisir"],"inLanguage":"fr-FR","potentialAction":[{"@type":"CommentAction","name":"Comment","target":["https:\/\/all-car-news.com\/fr\/un-helicoptere-de-la-police-surprend-un-conducteur-de-porsche-a-285-km-h\/#respond"]}]},{"@type":"WebPage","@id":"https:\/\/all-car-news.com\/fr\/un-helicoptere-de-la-police-surprend-un-conducteur-de-porsche-a-285-km-h\/","url":"https:\/\/all-car-news.com\/fr\/un-helicoptere-de-la-police-surprend-un-conducteur-de-porsche-a-285-km-h\/","name":"Un h\u00e9licopt\u00e8re de la police surprend un conducteur de Porsche \u00e0 285 km\/h - All cars news","isPartOf":{"@id":"https:\/\/all-car-news.com\/fr\/#website"},"datePublished":"2022-06-28T11:30:00+00:00","dateModified":"2022-06-28T11:30:00+00:00","breadcrumb":{"@id":"https:\/\/all-car-news.com\/fr\/un-helicoptere-de-la-police-surprend-un-conducteur-de-porsche-a-285-km-h\/#breadcrumb"},"inLanguage":"fr-FR","potentialAction":[{"@type":"ReadAction","target":["https:\/\/all-car-news.com\/fr\/un-helicoptere-de-la-police-surprend-un-conducteur-de-porsche-a-285-km-h\/"]}]},{"@type":"BreadcrumbList","@id":"https:\/\/all-car-news.com\/fr\/un-helicoptere-de-la-police-surprend-un-conducteur-de-porsche-a-285-km-h\/#breadcrumb","itemListElement":[{"@type":"ListItem","position":1,"name":"Home","item":"https:\/\/all-car-news.com\/fr\/"},{"@type":"ListItem","position":2,"name":"Un h\u00e9licopt\u00e8re de la police surprend un conducteur de Porsche \u00e0 285 km\/h"}]},{"@type":"WebSite","@id":"https:\/\/all-car-news.com\/fr\/#website","url":"https:\/\/all-car-news.com\/fr\/","name":"All cars news","description":"","publisher":{"@id":"https:\/\/all-car-news.com\/fr\/#organization"},"potentialAction":[{"@type":"SearchAction","target":{"@type":"EntryPoint","urlTemplate":"https:\/\/all-car-news.com\/fr\/?s={search_term_string}"},"query-input":"required name=search_term_string"}],"inLanguage":"fr-FR"},{"@type":"Organization","@id":"https:\/\/all-car-news.com\/fr\/#organization","name":"All cars news","url":"https:\/\/all-car-news.com\/fr\/","logo":{"@type":"ImageObject","inLanguage":"fr-FR","@id":"https:\/\/all-car-news.com\/fr\/#\/schema\/logo\/image\/","url":"https:\/\/all-car-news.com\/wp-content\/uploads\/2022\/02\/CMYK-AllCarNews_LANDSCAPE_300px-1.png","contentUrl":"https:\/\/all-car-news.com\/wp-content\/uploads\/2022\/02\/CMYK-AllCarNews_LANDSCAPE_300px-1.png","width":300,"height":100,"caption":"All cars news"},"image":{"@id":"https:\/\/all-car-news.com\/fr\/#\/schema\/logo\/image\/"}}]}},"_links":{"self":[{"href":"https:\/\/all-car-news.com\/fr\/wp-json\/wp\/v2\/posts\/120368","targetHints":{"allow":["GET"]}}],"collection":[{"href":"https:\/\/all-car-news.com\/fr\/wp-json\/wp\/v2\/posts"}],"about":[{"href":"https:\/\/all-car-news.com\/fr\/wp-json\/wp\/v2\/types\/post"}],"replies":[{"embeddable":true,"href":"https:\/\/all-car-news.com\/fr\/wp-json\/wp\/v2\/comments?post=120368"}],"version-history":[{"count":0,"href":"https:\/\/all-car-news.com\/fr\/wp-json\/wp\/v2\/posts\/120368\/revisions"}],"wp:featuredmedia":[{"embeddable":true,"href":"https:\/\/all-car-news.com\/fr\/wp-json\/wp\/v2\/media\/120316"}],"wp:attachment":[{"href":"https:\/\/all-car-news.com\/fr\/wp-json\/wp\/v2\/media?parent=120368"}],"wp:term":[{"taxonomy":"category","embeddable":true,"href":"https:\/\/all-car-news.com\/fr\/wp-json\/wp\/v2\/categories?post=120368"},{"taxonomy":"post_tag","embeddable":true,"href":"https:\/\/all-car-news.com\/fr\/wp-json\/wp\/v2\/tags?post=120368"}],"curies":[{"name":"wp","href":"https:\/\/api.w.org\/{rel}","templated":true}]}}