{"id":120145,"date":"2022-05-23T14:32:25","date_gmt":"2022-05-23T14:32:25","guid":{"rendered":"https:\/\/all-car-news.com\/lallocation-de-voyage-hors-taxes-augmentera-enfin-lannee-prochaine\/"},"modified":"2022-05-23T14:32:25","modified_gmt":"2022-05-23T14:32:25","slug":"lallocation-de-voyage-hors-taxes-augmentera-enfin-lannee-prochaine","status":"publish","type":"post","link":"https:\/\/all-car-news.com\/fr\/lallocation-de-voyage-hors-taxes-augmentera-enfin-lannee-prochaine\/","title":{"rendered":"L&rsquo;allocation de voyage hors taxes augmentera enfin l&rsquo;ann\u00e9e prochaine"},"content":{"rendered":"<\/p>\n<h2><strong>Indemnit\u00e9 kilom\u00e9trique<\/strong><\/h2>\n<p>En 2006, il a \u00e9t\u00e9 d\u00e9cid\u00e9 que les employeurs pourraient rembourser 0,19 euro par kilom\u00e8tre en franchise d&rsquo;imp\u00f4t. Cependant, les prix actuels du carburant ne correspondent plus aux prix d&rsquo;il y a seize ans. L&rsquo;inflation, la crise corona, la guerre en Ukraine et bien s\u00fbr les droits d&rsquo;accise plus \u00e9lev\u00e9s sur le carburant entra\u00eenent d\u00e9sormais des prix exorbitants de l&rsquo;essence et du diesel. Au cours de la seule ann\u00e9e \u00e9coul\u00e9e, le prix de l&rsquo;essence a augment\u00e9 de 0,90 euro le litre.<\/p>\n<h2>Ne suffit plus<\/h2>\n<p>Selon diverses parties, l&rsquo;indemnit\u00e9 de d\u00e9placement hors taxes de 0,19 cents par kilom\u00e8tre n&rsquo;est plus suffisante. Le syndicat CNV et la Business Drivers&rsquo; Association ont souvent demand\u00e9 au cabinet d&rsquo;augmenter au plus vite l&rsquo;indemnit\u00e9 de d\u00e9placement d\u00e9tax\u00e9e. La Chambre des repr\u00e9sentants a \u00e9galement estim\u00e9 qu&rsquo;il \u00e9tait temps de redresser l&rsquo;indemnit\u00e9 de d\u00e9placement.<\/p>\n<h2>200 millions d&rsquo;euros<\/h2>\n<p>L&rsquo;accord de coalition stipule que l&rsquo;indemnit\u00e9 de d\u00e9placement hors taxes n&rsquo;augmenterait qu&rsquo;en 2024. En raison des co\u00fbts \u00e9lev\u00e9s du carburant, le cabinet r\u00e9pond d\u00e9j\u00e0 \u00e0 l&rsquo; <a href=\"https:\/\/www.tweedekamer.nl\/kamerstukken\/moties\/detail?id=2022Z06157&amp;did=2022D12582\" target=\"_blank\" rel=\"noreferrer noopener\">appel de la Chambre des repr\u00e9sentants<\/a> pour ajuster la compensation. En 2023 et 2024, 200 millions d&rsquo;euros seront affect\u00e9s \u00e0 l&rsquo;augmentation. Selon l&rsquo;AD, cela \u00e9quivaut \u00e0 une augmentation de 21 cents par kilom\u00e8tre en 2023 et de 23 cents en 2024. Les montants exacts ne seront d\u00e9termin\u00e9s que le jour du budget.<\/p>\n<h2>Deux fois plus cher<\/h2>\n<p>Selon la <a href=\"https:\/\/www.vzr.nl\/\" target=\"_blank\" rel=\"noreferrer noopener\">Business Drivers&rsquo; Association<\/a> , 21 et 23 cents par kilom\u00e8tre, c&rsquo;est encore loin <a href=\"https:\/\/autorai.nl\/vakbond-cnv-kilometervergoeding-zo-snel-mogelijk-verhogen\/\" target=\"_blank\" rel=\"noreferrer noopener\">d&rsquo;\u00eatre suffisant<\/a> . Ils ont calcul\u00e9 \u00e0 quel point l&rsquo;indemnit\u00e9 kilom\u00e9trique devrait \u00eatre \u00e9lev\u00e9e avec les prix actuels du carburant. Selon le VZR, une indemnit\u00e9 de d\u00e9placement de 0,39 euro par kilom\u00e8tre devrait couvrir la plupart des frais pour les employ\u00e9s. <\/p>\n<p>A lire aussi :<\/p>\n<figure class=\"wp-block-embed is-type-wp-embed is-provider-autorai-nl wp-block-embed-autorai-nl\">\n<div class=\"wp-block-embed__wrapper\">\n<blockquote class=\"wp-embedded-content\" data-secret=\"neTsfUB9DM\"><p><a href=\"https:\/\/autorai.nl\/de-10-goedkoopste-tankstations-per-provincie-en-in-heel-nederland\/\">Les 10 stations-service les moins ch\u00e8res par province (et \u00e0 travers les Pays-Bas)<\/a><\/p><\/blockquote>\n<\/div>\n<\/figure>\n","protected":false},"excerpt":{"rendered":"Indemnit\u00e9 kilom\u00e9trique En 2006, il a \u00e9t\u00e9 d\u00e9cid\u00e9 que les employeurs pouvaient rembourser 0,19 euro par kilom\u00e8tre en franchise d'imp\u00f4t.\u2026","protected":false},"author":0,"featured_media":119913,"comment_status":"open","ping_status":"open","sticky":false,"template":"","format":"standard","meta":{"footnotes":""},"categories":[131],"tags":[],"class_list":["post-120145","post","type-post","status-publish","format-standard","has-post-thumbnail","hentry","category-fond"],"acf":[],"yoast_head":"<!-- This site is optimized with the Yoast SEO plugin v21.2 - https:\/\/yoast.com\/wordpress\/plugins\/seo\/ -->\n<title>L&#039;allocation de voyage hors taxes augmentera enfin l&#039;ann\u00e9e prochaine - All cars news<\/title>\n<meta name=\"robots\" content=\"index, follow, max-snippet:-1, max-image-preview:large, max-video-preview:-1\" \/>\n<link rel=\"canonical\" href=\"https:\/\/all-car-news.com\/fr\/lallocation-de-voyage-hors-taxes-augmentera-enfin-lannee-prochaine\/\" \/>\n<meta property=\"og:locale\" content=\"fr_FR\" \/>\n<meta property=\"og:type\" content=\"article\" \/>\n<meta property=\"og:title\" content=\"L&#039;allocation de voyage hors taxes augmentera enfin l&#039;ann\u00e9e prochaine - All cars news\" \/>\n<meta property=\"og:description\" content=\"Indemnit\u00e9 kilom\u00e9trique En 2006, il a \u00e9t\u00e9 d\u00e9cid\u00e9 que les employeurs pouvaient rembourser 0,19 euro par kilom\u00e8tre en franchise d&#039;imp\u00f4t. Cependant, les prix actuels du carburant ne correspondent plus aux prix d&#039;il y a seize ans. L&#039;inflation, la crise corona, la guerre en Ukraine et bien s\u00fbr les droits d&#039;accise plus \u00e9lev\u00e9s sur le carburant entra\u00eenent d\u00e9sormais des prix exorbitants de l&#039;essence et du diesel. Au cours de la seule ann\u00e9e \u00e9coul\u00e9e, le [\u2026]\" \/>\n<meta property=\"og:url\" content=\"https:\/\/all-car-news.com\/fr\/lallocation-de-voyage-hors-taxes-augmentera-enfin-lannee-prochaine\/\" \/>\n<meta property=\"og:site_name\" content=\"All cars news\" \/>\n<meta property=\"article:published_time\" content=\"2022-05-23T14:32:25+00:00\" \/>\n<meta property=\"og:image\" content=\"https:\/\/all-car-news.com\/wp-content\/uploads\/2022\/05\/geld-euro-tank-benzine.jpg\" \/>\n\t<meta property=\"og:image:width\" content=\"1600\" \/>\n\t<meta property=\"og:image:height\" content=\"1067\" \/>\n\t<meta property=\"og:image:type\" content=\"image\/jpeg\" \/>\n<meta name=\"twitter:card\" content=\"summary_large_image\" \/>\n<meta name=\"twitter:label1\" content=\"Dur\u00e9e de lecture estim\u00e9e\" \/>\n\t<meta name=\"twitter:data1\" content=\"2 minutes\" \/>\n<script type=\"application\/ld+json\" class=\"yoast-schema-graph\">{\"@context\":\"https:\/\/schema.org\",\"@graph\":[{\"@type\":\"Article\",\"@id\":\"https:\/\/all-car-news.com\/fr\/lallocation-de-voyage-hors-taxes-augmentera-enfin-lannee-prochaine\/#article\",\"isPartOf\":{\"@id\":\"https:\/\/all-car-news.com\/fr\/lallocation-de-voyage-hors-taxes-augmentera-enfin-lannee-prochaine\/\"},\"author\":{\"name\":\"\",\"@id\":\"\"},\"headline\":\"L&rsquo;allocation de voyage hors taxes augmentera enfin l&rsquo;ann\u00e9e prochaine\",\"datePublished\":\"2022-05-23T14:32:25+00:00\",\"dateModified\":\"2022-05-23T14:32:25+00:00\",\"mainEntityOfPage\":{\"@id\":\"https:\/\/all-car-news.com\/fr\/lallocation-de-voyage-hors-taxes-augmentera-enfin-lannee-prochaine\/\"},\"wordCount\":316,\"commentCount\":0,\"publisher\":{\"@id\":\"https:\/\/all-car-news.com\/fr\/#organization\"},\"articleSection\":[\"Fond\"],\"inLanguage\":\"fr-FR\",\"potentialAction\":[{\"@type\":\"CommentAction\",\"name\":\"Comment\",\"target\":[\"https:\/\/all-car-news.com\/fr\/lallocation-de-voyage-hors-taxes-augmentera-enfin-lannee-prochaine\/#respond\"]}]},{\"@type\":\"WebPage\",\"@id\":\"https:\/\/all-car-news.com\/fr\/lallocation-de-voyage-hors-taxes-augmentera-enfin-lannee-prochaine\/\",\"url\":\"https:\/\/all-car-news.com\/fr\/lallocation-de-voyage-hors-taxes-augmentera-enfin-lannee-prochaine\/\",\"name\":\"L'allocation de voyage hors taxes augmentera enfin l'ann\u00e9e prochaine - All cars news\",\"isPartOf\":{\"@id\":\"https:\/\/all-car-news.com\/fr\/#website\"},\"datePublished\":\"2022-05-23T14:32:25+00:00\",\"dateModified\":\"2022-05-23T14:32:25+00:00\",\"breadcrumb\":{\"@id\":\"https:\/\/all-car-news.com\/fr\/lallocation-de-voyage-hors-taxes-augmentera-enfin-lannee-prochaine\/#breadcrumb\"},\"inLanguage\":\"fr-FR\",\"potentialAction\":[{\"@type\":\"ReadAction\",\"target\":[\"https:\/\/all-car-news.com\/fr\/lallocation-de-voyage-hors-taxes-augmentera-enfin-lannee-prochaine\/\"]}]},{\"@type\":\"BreadcrumbList\",\"@id\":\"https:\/\/all-car-news.com\/fr\/lallocation-de-voyage-hors-taxes-augmentera-enfin-lannee-prochaine\/#breadcrumb\",\"itemListElement\":[{\"@type\":\"ListItem\",\"position\":1,\"name\":\"Home\",\"item\":\"https:\/\/all-car-news.com\/fr\/\"},{\"@type\":\"ListItem\",\"position\":2,\"name\":\"L&rsquo;allocation de voyage hors taxes augmentera enfin l&rsquo;ann\u00e9e prochaine\"}]},{\"@type\":\"WebSite\",\"@id\":\"https:\/\/all-car-news.com\/fr\/#website\",\"url\":\"https:\/\/all-car-news.com\/fr\/\",\"name\":\"All cars news\",\"description\":\"\",\"publisher\":{\"@id\":\"https:\/\/all-car-news.com\/fr\/#organization\"},\"potentialAction\":[{\"@type\":\"SearchAction\",\"target\":{\"@type\":\"EntryPoint\",\"urlTemplate\":\"https:\/\/all-car-news.com\/fr\/?s={search_term_string}\"},\"query-input\":\"required name=search_term_string\"}],\"inLanguage\":\"fr-FR\"},{\"@type\":\"Organization\",\"@id\":\"https:\/\/all-car-news.com\/fr\/#organization\",\"name\":\"All cars news\",\"url\":\"https:\/\/all-car-news.com\/fr\/\",\"logo\":{\"@type\":\"ImageObject\",\"inLanguage\":\"fr-FR\",\"@id\":\"https:\/\/all-car-news.com\/fr\/#\/schema\/logo\/image\/\",\"url\":\"https:\/\/all-car-news.com\/wp-content\/uploads\/2022\/02\/CMYK-AllCarNews_LANDSCAPE_300px-1.png\",\"contentUrl\":\"https:\/\/all-car-news.com\/wp-content\/uploads\/2022\/02\/CMYK-AllCarNews_LANDSCAPE_300px-1.png\",\"width\":300,\"height\":100,\"caption\":\"All cars news\"},\"image\":{\"@id\":\"https:\/\/all-car-news.com\/fr\/#\/schema\/logo\/image\/\"}}]}<\/script>\n<!-- \/ Yoast SEO plugin. -->","yoast_head_json":{"title":"L'allocation de voyage hors taxes augmentera enfin l'ann\u00e9e prochaine - All cars news","robots":{"index":"index","follow":"follow","max-snippet":"max-snippet:-1","max-image-preview":"max-image-preview:large","max-video-preview":"max-video-preview:-1"},"canonical":"https:\/\/all-car-news.com\/fr\/lallocation-de-voyage-hors-taxes-augmentera-enfin-lannee-prochaine\/","og_locale":"fr_FR","og_type":"article","og_title":"L'allocation de voyage hors taxes augmentera enfin l'ann\u00e9e prochaine - All cars news","og_description":"Indemnit\u00e9 kilom\u00e9trique En 2006, il a \u00e9t\u00e9 d\u00e9cid\u00e9 que les employeurs pouvaient rembourser 0,19 euro par kilom\u00e8tre en franchise d'imp\u00f4t. Cependant, les prix actuels du carburant ne correspondent plus aux prix d'il y a seize ans. L'inflation, la crise corona, la guerre en Ukraine et bien s\u00fbr les droits d'accise plus \u00e9lev\u00e9s sur le carburant entra\u00eenent d\u00e9sormais des prix exorbitants de l'essence et du diesel. Au cours de la seule ann\u00e9e \u00e9coul\u00e9e, le [\u2026]","og_url":"https:\/\/all-car-news.com\/fr\/lallocation-de-voyage-hors-taxes-augmentera-enfin-lannee-prochaine\/","og_site_name":"All cars news","article_published_time":"2022-05-23T14:32:25+00:00","og_image":[{"width":1600,"height":1067,"url":"https:\/\/all-car-news.com\/wp-content\/uploads\/2022\/05\/geld-euro-tank-benzine.jpg","type":"image\/jpeg"}],"twitter_card":"summary_large_image","twitter_misc":{"Dur\u00e9e de lecture estim\u00e9e":"2 minutes"},"schema":{"@context":"https:\/\/schema.org","@graph":[{"@type":"Article","@id":"https:\/\/all-car-news.com\/fr\/lallocation-de-voyage-hors-taxes-augmentera-enfin-lannee-prochaine\/#article","isPartOf":{"@id":"https:\/\/all-car-news.com\/fr\/lallocation-de-voyage-hors-taxes-augmentera-enfin-lannee-prochaine\/"},"author":{"name":"","@id":""},"headline":"L&rsquo;allocation de voyage hors taxes augmentera enfin l&rsquo;ann\u00e9e prochaine","datePublished":"2022-05-23T14:32:25+00:00","dateModified":"2022-05-23T14:32:25+00:00","mainEntityOfPage":{"@id":"https:\/\/all-car-news.com\/fr\/lallocation-de-voyage-hors-taxes-augmentera-enfin-lannee-prochaine\/"},"wordCount":316,"commentCount":0,"publisher":{"@id":"https:\/\/all-car-news.com\/fr\/#organization"},"articleSection":["Fond"],"inLanguage":"fr-FR","potentialAction":[{"@type":"CommentAction","name":"Comment","target":["https:\/\/all-car-news.com\/fr\/lallocation-de-voyage-hors-taxes-augmentera-enfin-lannee-prochaine\/#respond"]}]},{"@type":"WebPage","@id":"https:\/\/all-car-news.com\/fr\/lallocation-de-voyage-hors-taxes-augmentera-enfin-lannee-prochaine\/","url":"https:\/\/all-car-news.com\/fr\/lallocation-de-voyage-hors-taxes-augmentera-enfin-lannee-prochaine\/","name":"L'allocation de voyage hors taxes augmentera enfin l'ann\u00e9e prochaine - All cars news","isPartOf":{"@id":"https:\/\/all-car-news.com\/fr\/#website"},"datePublished":"2022-05-23T14:32:25+00:00","dateModified":"2022-05-23T14:32:25+00:00","breadcrumb":{"@id":"https:\/\/all-car-news.com\/fr\/lallocation-de-voyage-hors-taxes-augmentera-enfin-lannee-prochaine\/#breadcrumb"},"inLanguage":"fr-FR","potentialAction":[{"@type":"ReadAction","target":["https:\/\/all-car-news.com\/fr\/lallocation-de-voyage-hors-taxes-augmentera-enfin-lannee-prochaine\/"]}]},{"@type":"BreadcrumbList","@id":"https:\/\/all-car-news.com\/fr\/lallocation-de-voyage-hors-taxes-augmentera-enfin-lannee-prochaine\/#breadcrumb","itemListElement":[{"@type":"ListItem","position":1,"name":"Home","item":"https:\/\/all-car-news.com\/fr\/"},{"@type":"ListItem","position":2,"name":"L&rsquo;allocation de voyage hors taxes augmentera enfin l&rsquo;ann\u00e9e prochaine"}]},{"@type":"WebSite","@id":"https:\/\/all-car-news.com\/fr\/#website","url":"https:\/\/all-car-news.com\/fr\/","name":"All cars news","description":"","publisher":{"@id":"https:\/\/all-car-news.com\/fr\/#organization"},"potentialAction":[{"@type":"SearchAction","target":{"@type":"EntryPoint","urlTemplate":"https:\/\/all-car-news.com\/fr\/?s={search_term_string}"},"query-input":"required name=search_term_string"}],"inLanguage":"fr-FR"},{"@type":"Organization","@id":"https:\/\/all-car-news.com\/fr\/#organization","name":"All cars news","url":"https:\/\/all-car-news.com\/fr\/","logo":{"@type":"ImageObject","inLanguage":"fr-FR","@id":"https:\/\/all-car-news.com\/fr\/#\/schema\/logo\/image\/","url":"https:\/\/all-car-news.com\/wp-content\/uploads\/2022\/02\/CMYK-AllCarNews_LANDSCAPE_300px-1.png","contentUrl":"https:\/\/all-car-news.com\/wp-content\/uploads\/2022\/02\/CMYK-AllCarNews_LANDSCAPE_300px-1.png","width":300,"height":100,"caption":"All cars news"},"image":{"@id":"https:\/\/all-car-news.com\/fr\/#\/schema\/logo\/image\/"}}]}},"_links":{"self":[{"href":"https:\/\/all-car-news.com\/fr\/wp-json\/wp\/v2\/posts\/120145","targetHints":{"allow":["GET"]}}],"collection":[{"href":"https:\/\/all-car-news.com\/fr\/wp-json\/wp\/v2\/posts"}],"about":[{"href":"https:\/\/all-car-news.com\/fr\/wp-json\/wp\/v2\/types\/post"}],"replies":[{"embeddable":true,"href":"https:\/\/all-car-news.com\/fr\/wp-json\/wp\/v2\/comments?post=120145"}],"version-history":[{"count":0,"href":"https:\/\/all-car-news.com\/fr\/wp-json\/wp\/v2\/posts\/120145\/revisions"}],"wp:featuredmedia":[{"embeddable":true,"href":"https:\/\/all-car-news.com\/fr\/wp-json\/wp\/v2\/media\/119913"}],"wp:attachment":[{"href":"https:\/\/all-car-news.com\/fr\/wp-json\/wp\/v2\/media?parent=120145"}],"wp:term":[{"taxonomy":"category","embeddable":true,"href":"https:\/\/all-car-news.com\/fr\/wp-json\/wp\/v2\/categories?post=120145"},{"taxonomy":"post_tag","embeddable":true,"href":"https:\/\/all-car-news.com\/fr\/wp-json\/wp\/v2\/tags?post=120145"}],"curies":[{"name":"wp","href":"https:\/\/api.w.org\/{rel}","templated":true}]}}