{"id":120058,"date":"2022-06-07T11:00:00","date_gmt":"2022-06-07T11:00:00","guid":{"rendered":"https:\/\/all-car-news.com\/critique-bmw-serie-2-active-tourer-2022\/"},"modified":"2022-06-07T11:00:00","modified_gmt":"2022-06-07T11:00:00","slug":"critique-bmw-serie-2-active-tourer-2022","status":"publish","type":"post","link":"https:\/\/all-car-news.com\/fr\/critique-bmw-serie-2-active-tourer-2022\/","title":{"rendered":"Critique \u2013 BMW S\u00e9rie 2 Active Tourer (2022)"},"content":{"rendered":"<\/p>\n<h2>Monospace vs. VUS<\/h2>\n<p>Carrosserie de monospace, traction avant et trois cylindres : ce n&rsquo;est pas une recette tr\u00e8s populaire de nos jours. Du moins, c&rsquo;est ce que les m\u00e9dias voudraient vous faire croire. Nous \u00e9crivons aussi r\u00e9guli\u00e8rement sur la popularit\u00e9 des SUV et le d\u00e9clin des monospaces. L&rsquo;une des derni\u00e8res fois o\u00f9 nous sommes mont\u00e9s dans un v\u00e9hicule polyvalent, c&rsquo;\u00e9tait en 2017, dans le <a href=\"https:\/\/autorai.nl\/autotest-renault-grand-scenic-dci-130\/\" target=\"_blank\" rel=\"noreferrer noopener\">Renault Grand Sc\u00e9nic<\/a> . La voiture spatiale de Renault a maintenant \u00e9t\u00e9 officiellement d\u00e9clar\u00e9e morte et <a href=\"https:\/\/autorai.nl\/renault-scenic-vision-concept-lust-stroom-en-waterstof\/\" target=\"_blank\" rel=\"noreferrer noopener\">reviendra en 2024 en<\/a> tant que \u2013 vous ne devinerez jamais \u2013 un SUV. \u00c0 Munich, cependant, le monospace est toujours tr\u00e8s vivant.<\/p>\n<figure class=\"wp-block-image size-content\"><img decoding=\"async\" loading=\"lazy\" width=\"1140\" height=\"855\" src=\"https:\/\/autorai.nl\/wp-content\/uploads\/2022\/06\/BMW-2-Serie-Active-Tourer-1-1140x855.jpeg\" alt=\"\" class=\"wp-image-123190\"><\/figure>\n<h2><strong>BMW S\u00e9rie 2 Active Tourer de premi\u00e8re g\u00e9n\u00e9ration<\/strong><\/h2>\n<p>En 2014, BMW a pr\u00e9sent\u00e9 la S\u00e9rie 2 Active Tourer. En 2015, la S\u00e9rie 2 Gran Tourer a \u00e9t\u00e9 ajout\u00e9e : le premier et le seul monospace \u00e0 trois rang\u00e9es de si\u00e8ges de BMW. Les Allemands ont vendu plus de 430 000 exemplaires de la premi\u00e8re g\u00e9n\u00e9ration. Impressionnant, mais la marque est surtout satisfaite du groupe cible auquel cette voiture s&rsquo;adresse : les clients non BMW. Pas moins de 80 % des clients qui ach\u00e8tent une S\u00e9rie 2 Active Tourer passent d&rsquo;une autre marque. Il est difficile de voler des clients \u00e0 un concurrent dans le monde automobile, alors que BMW pr\u00e9sente une deuxi\u00e8me g\u00e9n\u00e9ration de la s\u00e9duisante S\u00e9rie 2 Active Tourer n&rsquo;est que logique.<\/p>\n<figure class=\"wp-block-image size-content\"><img decoding=\"async\" loading=\"lazy\" width=\"1140\" height=\"855\" src=\"https:\/\/autorai.nl\/wp-content\/uploads\/2022\/06\/bmw-2-seie-active-1140x855.jpeg\" alt=\"\" class=\"wp-image-123207\"><\/figure>\n<h2><strong>Conception passionnante<\/strong><\/h2>\n<p>Les concepteurs de BMW ont donn\u00e9 au nouveau monospace un visage plus dur que son pr\u00e9d\u00e9cesseur. La calandre est l\u00e9g\u00e8rement plus grande et les poign\u00e9es de porte sont encastr\u00e9es. De plus, les montants A sont plac\u00e9s un peu plus \u00e0 plat, les vitres lat\u00e9rales sont plus longues et les montants C sont plus minces. Tout cela assure une bonne visibilit\u00e9 panoramique, une caract\u00e9ristique importante d&rsquo;un monospace.<\/p>\n<p>Les phares et les feux arri\u00e8re enti\u00e8rement \u00e0 LED au look \u00e9nerv\u00e9 sont d\u00e9sormais de s\u00e9rie, des lampes \u00e0 LED matricielles sont \u00e9galement disponibles. Si vous avez une marge de man\u0153uvre dans votre budget, v\u00e9rifiez-la toujours dans la liste des options. Gr\u00e2ce aux feux de virage et \u00e0 l&rsquo;assistant de feux de route, vous avez toujours une bonne vue dans l&rsquo;obscurit\u00e9. C&rsquo;est agr\u00e9able pour les automobilistes de tous \u00e2ges, mais aussi certainement pour les propri\u00e9taires de voitures plus \u00e2g\u00e9s, ce que vise BMW avec cette voiture spatiale.<\/p>\n<figure class=\"wp-block-image size-content\"><img decoding=\"async\" loading=\"lazy\" width=\"1140\" height=\"855\" src=\"https:\/\/autorai.nl\/wp-content\/uploads\/2022\/06\/BMW-2-Serie-Active-Tourer-12-1140x855.jpg\" alt=\"\" class=\"wp-image-123188\"><\/figure>\n<h2><strong>Cinq personnes<\/strong><\/h2>\n<p>Par rapport \u00e0 son pr\u00e9d\u00e9cesseur, la nouvelle S\u00e9rie 2 Active Tourer est devenue plusieurs centim\u00e8tres plus longue, plus haute et plus large, mais l&#8217;empattement est rest\u00e9 le m\u00eame. Il accueille toujours facilement cinq personnes. \u00c0 l&rsquo;arri\u00e8re, vous pouvez facilement vous asseoir c\u00f4te \u00e0 c\u00f4te avec trois adultes et il y a beaucoup d&rsquo;espace pour la t\u00eate et les jambes. <\/p>\n<p>Parce que les chaises sont assez hautes, vous pouvez facilement perdre vos pieds sous elles. En cons\u00e9quence, quelqu&rsquo;un peut s&rsquo;asseoir au milieu \u00e0 l&rsquo;arri\u00e8re, malgr\u00e9 le tunnel central haut. Quelqu&rsquo;un est-il encore assis avec les genoux derri\u00e8re le cou ou voulez-vous plus d&rsquo;espace pour les bagages ? Ensuite, vous pouvez faire glisser le canap\u00e9 de 13 centim\u00e8tres vers l&rsquo;avant et vers l&rsquo;arri\u00e8re. Vous devez payer un suppl\u00e9ment pour cette option. L&rsquo;inclinaison de la banquette arri\u00e8re peut \u00e9galement \u00eatre r\u00e9gl\u00e9e pour une position assise optimale. Si vous voulez voyager avec sept personnes, vous n&rsquo;avez pas de chance. BMW a dit au revoir \u00e0 la sept places, la Gran Tourer.<\/p>\n<figure class=\"wp-block-image size-content\"><img decoding=\"async\" loading=\"lazy\" width=\"1140\" height=\"855\" src=\"https:\/\/autorai.nl\/wp-content\/uploads\/2022\/06\/BMW-2-Serie-Active-Tourer-11-1140x855.jpg\" alt=\"\" class=\"wp-image-123187\"><\/figure>\n<h2><strong>La voiture spatiale offre de l&rsquo;espace<\/strong><\/h2>\n<p>L&rsquo;espace \u00e0 bagages de la BMW 220i Active Tourer avec groupe motopropulseur hybride doux que nous testons offre toujours 415 litres et 1.405 d\u00e8s que vous rabattez la banque. Si vous rabattez les si\u00e8ges arri\u00e8re vers le bas et vers le haut, vous cr\u00e9ez 90 litres d&rsquo;espace suppl\u00e9mentaire. La variante hybride rechargeable peut emporter jusqu&rsquo;\u00e0 406 litres, les versions sans assistance \u00e9lectrique offrent de l&rsquo;espace pour 470 litres. Cela reste une BMW, donc de jolis gadgets comme un hayon \u00e0 commande \u00e9lectrique qui peut \u00eatre ouvert compl\u00e8tement \u00e0 distance sont de s\u00e9rie. Un attelage repliable \u00e9lectriquement est disponible en option.<\/p>\n<figure class=\"wp-block-image size-content\"><img decoding=\"async\" loading=\"lazy\" width=\"1140\" height=\"855\" src=\"https:\/\/autorai.nl\/wp-content\/uploads\/2022\/06\/BMW-2-Serie-Active-Tourer-9-1-1140x855.jpg\" alt=\"\" class=\"wp-image-123201\"><\/figure>\n<h2><strong>BMW iX et i4<\/strong><\/h2>\n<p>Les plus grands changements que nous rencontrons \u00e0 l&rsquo;int\u00e9rieur. L&rsquo;\u00e9cran incurv\u00e9 BMW branch\u00e9 et \u00e9l\u00e9gant, que nous connaissons des iX et i4, est maintenant \u00e9galement dans le bon monospace. L&rsquo;\u00e9cran allong\u00e9 se compose en fait de deux \u00e9crans : un tableau de bord de 10,25 pouces et un \u00e9cran d&rsquo;infodivertissement de 10,7 pouces. Ils sont assis derri\u00e8re une plaque de verre incurv\u00e9e, ce qui donne l&rsquo;impression d&rsquo;un seul \u00e9cran.<\/p>\n<figure class=\"wp-block-image size-content\"><img decoding=\"async\" loading=\"lazy\" width=\"1140\" height=\"855\" src=\"https:\/\/autorai.nl\/wp-content\/uploads\/2022\/06\/bmw-2-active-1140x855.jpeg\" alt=\"\" class=\"wp-image-123208\"><\/figure>\n<h2><strong>Beau syst\u00e8me d&rsquo;infodivertissement<\/strong><\/h2>\n<p>L&rsquo;\u00e9cran affiche la derni\u00e8re version du syst\u00e8me d&rsquo;infodivertissement iDrive de BMW : BMW Operating System 8. Il r\u00e9pond rapidement et a une mise en page tr\u00e8s conviviale. Ce n&rsquo;est pas trop compliqu\u00e9, vous n&rsquo;avez donc pas \u00e0 passer inutilement longtemps sur l&rsquo;\u00e9cran en conduisant. Nous manquons le bouton iDrive, que vous obtenez dans l&rsquo;iX et l&rsquo;i4. Au lieu de cela, sur la console centrale flottante, vous obtenez un panneau de commande avec quelques boutons, que vous ne pouvez pas utiliser \u00e0 l&rsquo;aveuglette comme le bouton iDrive. <\/p>\n<p>Heureusement, vous pouvez commander beaucoup de choses via la commande vocale, vous pouvez donc garder les mains sur le volant pendant la conduite. Sur la console centrale se trouve \u00e9galement le bouton de d\u00e9marrage et d&rsquo;arr\u00eat de la voiture et un petit \u00ab\u00a0stick\u00a0\u00bb avec lequel vous actionnez la transmission automatique \u00e0 7 vitesses standard avec double embrayage. De plus, vous trouverez partout des points de recharge USB, des porte-gobelets et des compartiments de rangement, comme il se doit dans un monospace. Vous pouvez \u00e9galement obtenir un chargeur de smartphone sans fil \u00e0 l&rsquo;avant.<\/p>\n<figure class=\"wp-block-image size-content\"><img decoding=\"async\" loading=\"lazy\" width=\"1140\" height=\"855\" src=\"https:\/\/autorai.nl\/wp-content\/uploads\/2022\/06\/BMW-2-Serie-Active-Tourer-5-1140x855.jpg\" alt=\"\" class=\"wp-image-123196\"><\/figure>\n<h2><strong>moteurs<\/strong><\/h2>\n<p>Sur la liste de prix de l&rsquo;Active Tourer, nous rencontrons sept variantes de moteur, avec des puissances de 136 \u00e0 326 ch. Dans ce dernier cas, il s&rsquo;agit de la 230e variante hybride rechargeable. Le diesel est possible avec la 218d de 150 ch. Comme mentionn\u00e9, le changement de vitesse se fait toujours via une transmission automatique \u00e0 sept rapports. <\/p>\n<figure class=\"wp-block-image size-content\"><img decoding=\"async\" loading=\"lazy\" width=\"1140\" height=\"855\" src=\"https:\/\/autorai.nl\/wp-content\/uploads\/2022\/06\/bmw-2-active-2-1140x855.jpeg\" alt=\"\" class=\"wp-image-123210\"><\/figure>\n<h2><strong>220i Active Tourer<\/strong><\/h2>\n<p>Nous conduisons la 220i, qui est \u00e9quip\u00e9e d&rsquo;un moteur \u00e0 essence trois cylindres de 1,5 litre de 156 ch, qui est soutenu par un moteur \u00e9lectrique de 19 ch. Ensemble, les moteurs d\u00e9livrent 170 ch. Le couple du syst\u00e8me est de 280 Nm. Beaucoup de puissance pour une voiture de cette taille. Avec un temps de 0 \u00e0 100 de 8,1 secondes, il suit \u00e9galement tr\u00e8s bien le trafic. La deuxi\u00e8me g\u00e9n\u00e9ration de la S\u00e9rie 2 Active Tourer se conduit comme on peut s&rsquo;y attendre d&rsquo;un monospace, m\u00eame si on remarque qu&rsquo;elle est devenue plus dynamique. Non pas que la dynamique de conduite soit extr\u00eamement importante dans ce segment, mais qu&rsquo;elle envoie bien est un bonus. Une suspension sport est \u00e9galement disponible, mais vous vous demandez peut-\u00eatre si cela est utile sur une voiture familiale avec laquelle vous voudrez peut-\u00eatre aussi vous rendre au camping dans le sud de la France. <\/p>\n<figure class=\"wp-block-image size-content\"><img decoding=\"async\" loading=\"lazy\" width=\"1140\" height=\"855\" src=\"https:\/\/autorai.nl\/wp-content\/uploads\/2022\/06\/BMW-2-Serie-Active-Tourer-3-1140x855.jpeg\" alt=\"\" class=\"wp-image-123193\"><\/figure>\n<h2><strong>Silencieux et silencieux<\/strong><\/h2>\n<p>Quand on pense \u00e0 un monospace, on ne pense pas \u00e0 la sportivit\u00e9, mais au confort. La BMW est d&rsquo;accord avec \u00e7a. Le ch\u00e2ssis est lisse et il y a peu de bruit de moteur \u00e0 l&rsquo;int\u00e9rieur, \u00e0 moins que vous ne donniez vraiment le trois cylindres sur son falie. Il n&rsquo;y a presque pas de bruit de vent. Cela est d\u00fb en partie aux nouveaux r\u00e9troviseurs ext\u00e9rieurs plus fins. <\/p>\n<p>Les si\u00e8ges sont excellents, vous arrivez donc \u00e0 destination bien repos\u00e9. Chanter avec toute la famille sur la bande-son de Frozen ou \u00e9couter des tubes \u00ab\u00a0golden old\u00a0\u00bb est possible avec un syst\u00e8me audio Harman-Kardon d&rsquo;une clart\u00e9 cristalline (721 euros).<\/p>\n<figure class=\"wp-block-image size-content\"><img decoding=\"async\" loading=\"lazy\" width=\"1140\" height=\"855\" src=\"https:\/\/autorai.nl\/wp-content\/uploads\/2022\/06\/BMW-2-Serie-Active-Tourer-10-1140x855.jpg\" alt=\"\" class=\"wp-image-123186\"><\/figure>\n<h2><strong>Combien co\u00fbte la nouvelle BMW S\u00e9rie 2 Active Tourer ?<\/strong><\/h2>\n<p>La nouvelle S\u00e9rie 2 Active Tourer est disponible \u00e0 partir de 41 558 euros. Pour cet argent, vous obtenez le slip-on de 136 ch. Pour la BMW 220i que nous avons conduite, vous payez au moins 42 282 euros. Notre voiture d&rsquo;essai est \u00e9quip\u00e9e de nombreuses options int\u00e9ressantes mais co\u00fbteuses, comme un toit panoramique en verre, une couleur froide (Mineralweiss m\u00e9tallis\u00e9) et de belles jantes de 19 pouces. Le prix catalogue est donc de 62 109 euros. Donc un prix exorbitant.<\/p>\n<h2>BMW S\u00e9rie 2 Active Tourer Plug-in Hybrid.<\/h2>\n<p>Les mod\u00e8les hybrides rechargeables sont, comme toujours aux Pays-Bas, extra int\u00e9ressants et d\u00e9marrent \u00e0 partir de 46 817 euros. Pour cela, vous obtenez la BMW 225e xDrive de 245 ch, qui peut parcourir jusqu&rsquo;\u00e0 80 kilom\u00e8tres enti\u00e8rement \u00e9lectriquement. Si vous l&rsquo;accrochez soigneusement au chargeur tous les jours, cela peut finalement \u00eatre la version la moins ch\u00e8re que vous puissiez acheter. Et gr\u00e2ce \u00e0 la puissance aussi la plus belle. La BMW 230e a m\u00eame 326 ch. On trouve \u00e7a presque ordinaire, dans un monospace, mais secr\u00e8tement tr\u00e8s agr\u00e9able. BMW demande 50 447 euros pour ce monospace PHEV ultra rapide (0-100 km\/h en 5,5 secondes !). Les PHEV offrent le moins d&rsquo;espace pour les bagages, bien qu&rsquo;ils n&rsquo;\u00e9conomisent que neuf litres avec l&rsquo;hybride doux que nous avons test\u00e9.<\/p>\n<p>A lire aussi :<\/p>\n<figure class=\"wp-block-embed is-type-wp-embed is-provider-autorai-nl wp-block-embed-autorai-nl\">\n<div class=\"wp-block-embed__wrapper\">\n<blockquote class=\"wp-embedded-content\" data-secret=\"AsUswhTXtT\"><p><a href=\"https:\/\/autorai.nl\/walkaround-bwm-x1-en-ix1-2022-autorai-tv\/\">Visite guid\u00e9e : BMW X1 et iX1 (2022) \u2013 AutoRAI TV<\/a><\/p><\/blockquote>\n<\/div>\n<\/figure>\n","protected":false},"excerpt":{"rendered":"Monospace vs. Carrosserie SUV monospace, traction avant et trois cylindres : ce n'est pas une recette tr\u00e8s populaire de nos\u2026","protected":false},"author":0,"featured_media":119979,"comment_status":"open","ping_status":"open","sticky":false,"template":"","format":"standard","meta":{"footnotes":""},"categories":[127],"tags":[],"class_list":["post-120058","post","type-post","status-publish","format-standard","has-post-thumbnail","hentry","category-nouvelles-de-voiture"],"acf":[],"yoast_head":"<!-- This site is optimized with the Yoast SEO plugin v21.2 - https:\/\/yoast.com\/wordpress\/plugins\/seo\/ -->\n<title>Critique \u2013 BMW S\u00e9rie 2 Active Tourer (2022) - All cars news<\/title>\n<meta name=\"robots\" content=\"index, follow, max-snippet:-1, max-image-preview:large, max-video-preview:-1\" \/>\n<link rel=\"canonical\" href=\"https:\/\/all-car-news.com\/fr\/critique-bmw-serie-2-active-tourer-2022\/\" \/>\n<meta property=\"og:locale\" content=\"fr_FR\" \/>\n<meta property=\"og:type\" content=\"article\" \/>\n<meta property=\"og:title\" content=\"Critique \u2013 BMW S\u00e9rie 2 Active Tourer (2022) - All cars news\" \/>\n<meta property=\"og:description\" content=\"Monospace vs. Carrosserie SUV monospace, traction avant et trois cylindres : ce n&#039;est pas une recette tr\u00e8s populaire de nos jours. C&#039;est du moins ce que les m\u00e9dias voudraient vous faire croire. Nous \u00e9crivons aussi r\u00e9guli\u00e8rement sur la popularit\u00e9 des SUV et le d\u00e9clin des monospaces. L&#039;une des derni\u00e8res fois que nous sommes mont\u00e9s dans un v\u00e9hicule polyvalent, c&#039;\u00e9tait en 2017, en [\u2026]\" \/>\n<meta property=\"og:url\" content=\"https:\/\/all-car-news.com\/fr\/critique-bmw-serie-2-active-tourer-2022\/\" \/>\n<meta property=\"og:site_name\" content=\"All cars news\" \/>\n<meta property=\"article:published_time\" content=\"2022-06-07T11:00:00+00:00\" \/>\n<meta property=\"og:image\" content=\"https:\/\/all-car-news.com\/wp-content\/uploads\/2022\/06\/BMW-2-Serie-Active-Tourer-1.jpeg\" \/>\n\t<meta property=\"og:image:width\" content=\"1600\" \/>\n\t<meta property=\"og:image:height\" content=\"1200\" \/>\n\t<meta property=\"og:image:type\" content=\"image\/jpeg\" \/>\n<meta name=\"twitter:card\" content=\"summary_large_image\" \/>\n<meta name=\"twitter:label1\" content=\"Dur\u00e9e de lecture estim\u00e9e\" \/>\n\t<meta name=\"twitter:data1\" content=\"8 minutes\" \/>\n<script type=\"application\/ld+json\" class=\"yoast-schema-graph\">{\"@context\":\"https:\/\/schema.org\",\"@graph\":[{\"@type\":\"Article\",\"@id\":\"https:\/\/all-car-news.com\/fr\/critique-bmw-serie-2-active-tourer-2022\/#article\",\"isPartOf\":{\"@id\":\"https:\/\/all-car-news.com\/fr\/critique-bmw-serie-2-active-tourer-2022\/\"},\"author\":{\"name\":\"\",\"@id\":\"\"},\"headline\":\"Critique \u2013 BMW S\u00e9rie 2 Active Tourer (2022)\",\"datePublished\":\"2022-06-07T11:00:00+00:00\",\"dateModified\":\"2022-06-07T11:00:00+00:00\",\"mainEntityOfPage\":{\"@id\":\"https:\/\/all-car-news.com\/fr\/critique-bmw-serie-2-active-tourer-2022\/\"},\"wordCount\":1514,\"commentCount\":0,\"publisher\":{\"@id\":\"https:\/\/all-car-news.com\/fr\/#organization\"},\"articleSection\":[\"nouvelles de voiture\"],\"inLanguage\":\"fr-FR\",\"potentialAction\":[{\"@type\":\"CommentAction\",\"name\":\"Comment\",\"target\":[\"https:\/\/all-car-news.com\/fr\/critique-bmw-serie-2-active-tourer-2022\/#respond\"]}]},{\"@type\":\"WebPage\",\"@id\":\"https:\/\/all-car-news.com\/fr\/critique-bmw-serie-2-active-tourer-2022\/\",\"url\":\"https:\/\/all-car-news.com\/fr\/critique-bmw-serie-2-active-tourer-2022\/\",\"name\":\"Critique \u2013 BMW S\u00e9rie 2 Active Tourer (2022) - All cars news\",\"isPartOf\":{\"@id\":\"https:\/\/all-car-news.com\/fr\/#website\"},\"datePublished\":\"2022-06-07T11:00:00+00:00\",\"dateModified\":\"2022-06-07T11:00:00+00:00\",\"breadcrumb\":{\"@id\":\"https:\/\/all-car-news.com\/fr\/critique-bmw-serie-2-active-tourer-2022\/#breadcrumb\"},\"inLanguage\":\"fr-FR\",\"potentialAction\":[{\"@type\":\"ReadAction\",\"target\":[\"https:\/\/all-car-news.com\/fr\/critique-bmw-serie-2-active-tourer-2022\/\"]}]},{\"@type\":\"BreadcrumbList\",\"@id\":\"https:\/\/all-car-news.com\/fr\/critique-bmw-serie-2-active-tourer-2022\/#breadcrumb\",\"itemListElement\":[{\"@type\":\"ListItem\",\"position\":1,\"name\":\"Home\",\"item\":\"https:\/\/all-car-news.com\/fr\/\"},{\"@type\":\"ListItem\",\"position\":2,\"name\":\"Critique \u2013 BMW S\u00e9rie 2 Active Tourer (2022)\"}]},{\"@type\":\"WebSite\",\"@id\":\"https:\/\/all-car-news.com\/fr\/#website\",\"url\":\"https:\/\/all-car-news.com\/fr\/\",\"name\":\"All cars news\",\"description\":\"\",\"publisher\":{\"@id\":\"https:\/\/all-car-news.com\/fr\/#organization\"},\"potentialAction\":[{\"@type\":\"SearchAction\",\"target\":{\"@type\":\"EntryPoint\",\"urlTemplate\":\"https:\/\/all-car-news.com\/fr\/?s={search_term_string}\"},\"query-input\":\"required name=search_term_string\"}],\"inLanguage\":\"fr-FR\"},{\"@type\":\"Organization\",\"@id\":\"https:\/\/all-car-news.com\/fr\/#organization\",\"name\":\"All cars news\",\"url\":\"https:\/\/all-car-news.com\/fr\/\",\"logo\":{\"@type\":\"ImageObject\",\"inLanguage\":\"fr-FR\",\"@id\":\"https:\/\/all-car-news.com\/fr\/#\/schema\/logo\/image\/\",\"url\":\"https:\/\/all-car-news.com\/wp-content\/uploads\/2022\/02\/CMYK-AllCarNews_LANDSCAPE_300px-1.png\",\"contentUrl\":\"https:\/\/all-car-news.com\/wp-content\/uploads\/2022\/02\/CMYK-AllCarNews_LANDSCAPE_300px-1.png\",\"width\":300,\"height\":100,\"caption\":\"All cars news\"},\"image\":{\"@id\":\"https:\/\/all-car-news.com\/fr\/#\/schema\/logo\/image\/\"}}]}<\/script>\n<!-- \/ Yoast SEO plugin. -->","yoast_head_json":{"title":"Critique \u2013 BMW S\u00e9rie 2 Active Tourer (2022) - All cars news","robots":{"index":"index","follow":"follow","max-snippet":"max-snippet:-1","max-image-preview":"max-image-preview:large","max-video-preview":"max-video-preview:-1"},"canonical":"https:\/\/all-car-news.com\/fr\/critique-bmw-serie-2-active-tourer-2022\/","og_locale":"fr_FR","og_type":"article","og_title":"Critique \u2013 BMW S\u00e9rie 2 Active Tourer (2022) - All cars news","og_description":"Monospace vs. Carrosserie SUV monospace, traction avant et trois cylindres : ce n'est pas une recette tr\u00e8s populaire de nos jours. C'est du moins ce que les m\u00e9dias voudraient vous faire croire. Nous \u00e9crivons aussi r\u00e9guli\u00e8rement sur la popularit\u00e9 des SUV et le d\u00e9clin des monospaces. L'une des derni\u00e8res fois que nous sommes mont\u00e9s dans un v\u00e9hicule polyvalent, c'\u00e9tait en 2017, en [\u2026]","og_url":"https:\/\/all-car-news.com\/fr\/critique-bmw-serie-2-active-tourer-2022\/","og_site_name":"All cars news","article_published_time":"2022-06-07T11:00:00+00:00","og_image":[{"width":1600,"height":1200,"url":"https:\/\/all-car-news.com\/wp-content\/uploads\/2022\/06\/BMW-2-Serie-Active-Tourer-1.jpeg","type":"image\/jpeg"}],"twitter_card":"summary_large_image","twitter_misc":{"Dur\u00e9e de lecture estim\u00e9e":"8 minutes"},"schema":{"@context":"https:\/\/schema.org","@graph":[{"@type":"Article","@id":"https:\/\/all-car-news.com\/fr\/critique-bmw-serie-2-active-tourer-2022\/#article","isPartOf":{"@id":"https:\/\/all-car-news.com\/fr\/critique-bmw-serie-2-active-tourer-2022\/"},"author":{"name":"","@id":""},"headline":"Critique \u2013 BMW S\u00e9rie 2 Active Tourer (2022)","datePublished":"2022-06-07T11:00:00+00:00","dateModified":"2022-06-07T11:00:00+00:00","mainEntityOfPage":{"@id":"https:\/\/all-car-news.com\/fr\/critique-bmw-serie-2-active-tourer-2022\/"},"wordCount":1514,"commentCount":0,"publisher":{"@id":"https:\/\/all-car-news.com\/fr\/#organization"},"articleSection":["nouvelles de voiture"],"inLanguage":"fr-FR","potentialAction":[{"@type":"CommentAction","name":"Comment","target":["https:\/\/all-car-news.com\/fr\/critique-bmw-serie-2-active-tourer-2022\/#respond"]}]},{"@type":"WebPage","@id":"https:\/\/all-car-news.com\/fr\/critique-bmw-serie-2-active-tourer-2022\/","url":"https:\/\/all-car-news.com\/fr\/critique-bmw-serie-2-active-tourer-2022\/","name":"Critique \u2013 BMW S\u00e9rie 2 Active Tourer (2022) - All cars news","isPartOf":{"@id":"https:\/\/all-car-news.com\/fr\/#website"},"datePublished":"2022-06-07T11:00:00+00:00","dateModified":"2022-06-07T11:00:00+00:00","breadcrumb":{"@id":"https:\/\/all-car-news.com\/fr\/critique-bmw-serie-2-active-tourer-2022\/#breadcrumb"},"inLanguage":"fr-FR","potentialAction":[{"@type":"ReadAction","target":["https:\/\/all-car-news.com\/fr\/critique-bmw-serie-2-active-tourer-2022\/"]}]},{"@type":"BreadcrumbList","@id":"https:\/\/all-car-news.com\/fr\/critique-bmw-serie-2-active-tourer-2022\/#breadcrumb","itemListElement":[{"@type":"ListItem","position":1,"name":"Home","item":"https:\/\/all-car-news.com\/fr\/"},{"@type":"ListItem","position":2,"name":"Critique \u2013 BMW S\u00e9rie 2 Active Tourer (2022)"}]},{"@type":"WebSite","@id":"https:\/\/all-car-news.com\/fr\/#website","url":"https:\/\/all-car-news.com\/fr\/","name":"All cars news","description":"","publisher":{"@id":"https:\/\/all-car-news.com\/fr\/#organization"},"potentialAction":[{"@type":"SearchAction","target":{"@type":"EntryPoint","urlTemplate":"https:\/\/all-car-news.com\/fr\/?s={search_term_string}"},"query-input":"required name=search_term_string"}],"inLanguage":"fr-FR"},{"@type":"Organization","@id":"https:\/\/all-car-news.com\/fr\/#organization","name":"All cars news","url":"https:\/\/all-car-news.com\/fr\/","logo":{"@type":"ImageObject","inLanguage":"fr-FR","@id":"https:\/\/all-car-news.com\/fr\/#\/schema\/logo\/image\/","url":"https:\/\/all-car-news.com\/wp-content\/uploads\/2022\/02\/CMYK-AllCarNews_LANDSCAPE_300px-1.png","contentUrl":"https:\/\/all-car-news.com\/wp-content\/uploads\/2022\/02\/CMYK-AllCarNews_LANDSCAPE_300px-1.png","width":300,"height":100,"caption":"All cars news"},"image":{"@id":"https:\/\/all-car-news.com\/fr\/#\/schema\/logo\/image\/"}}]}},"_links":{"self":[{"href":"https:\/\/all-car-news.com\/fr\/wp-json\/wp\/v2\/posts\/120058","targetHints":{"allow":["GET"]}}],"collection":[{"href":"https:\/\/all-car-news.com\/fr\/wp-json\/wp\/v2\/posts"}],"about":[{"href":"https:\/\/all-car-news.com\/fr\/wp-json\/wp\/v2\/types\/post"}],"replies":[{"embeddable":true,"href":"https:\/\/all-car-news.com\/fr\/wp-json\/wp\/v2\/comments?post=120058"}],"version-history":[{"count":0,"href":"https:\/\/all-car-news.com\/fr\/wp-json\/wp\/v2\/posts\/120058\/revisions"}],"wp:featuredmedia":[{"embeddable":true,"href":"https:\/\/all-car-news.com\/fr\/wp-json\/wp\/v2\/media\/119979"}],"wp:attachment":[{"href":"https:\/\/all-car-news.com\/fr\/wp-json\/wp\/v2\/media?parent=120058"}],"wp:term":[{"taxonomy":"category","embeddable":true,"href":"https:\/\/all-car-news.com\/fr\/wp-json\/wp\/v2\/categories?post=120058"},{"taxonomy":"post_tag","embeddable":true,"href":"https:\/\/all-car-news.com\/fr\/wp-json\/wp\/v2\/tags?post=120058"}],"curies":[{"name":"wp","href":"https:\/\/api.w.org\/{rel}","templated":true}]}}