{"id":119617,"date":"2022-05-10T09:52:00","date_gmt":"2022-05-10T09:52:00","guid":{"rendered":"https:\/\/all-car-news.com\/quand-un-enfant-est-il-autorise-a-lavant-de-la-voiture\/"},"modified":"2022-05-10T09:52:00","modified_gmt":"2022-05-10T09:52:00","slug":"quand-un-enfant-est-il-autorise-a-lavant-de-la-voiture","status":"publish","type":"post","link":"https:\/\/all-car-news.com\/fr\/quand-un-enfant-est-il-autorise-a-lavant-de-la-voiture\/","title":{"rendered":"Quand un enfant est-il autoris\u00e9 \u00e0 l&rsquo;avant de la voiture&nbsp;?"},"content":{"rendered":"<\/p>\n<h2><strong>Longueur minimale<\/strong><\/h2>\n<p>La taille minimale qu&rsquo;un enfant doit avoir pour s&rsquo;asseoir dans la voiture sans si\u00e8ge \u00e0 c\u00f4t\u00e9 de vous est de 1,35 m\u00e8tre. Si un enfant mesure moins de 1,35 m\u00e8tre, il doit toujours s&rsquo;asseoir dans une chaise haute ou un si\u00e8ge d&rsquo;appoint. Cela ne s&rsquo;applique pas seulement au si\u00e8ge avant, mais aussi au si\u00e8ge arri\u00e8re. Attention : les r\u00e8gles sont diff\u00e9rentes \u00e0 l&rsquo;\u00e9tranger. Il existe souvent la r\u00e8gle selon laquelle tout enfant de moins de 1,50 m\u00e8tre doit \u00eatre transport\u00e9 dans un si\u00e8ge enfant\/si\u00e8ge rehausseur.<\/p>\n<h2><strong>b\u00e9b\u00e9 devant<\/strong><\/h2>\n<p>Les r\u00e8gles sont diff\u00e9rentes pour les b\u00e9b\u00e9s jusqu&rsquo;\u00e0 15 mois que pour les enfants de plus de 15 mois. Si vous souhaitez transporter un b\u00e9b\u00e9, vous devez placer le si\u00e8ge dans le sens inverse de la marche et d\u00e9sactiver l&rsquo;airbag du si\u00e8ge passager avant. L&rsquo;impact de l&rsquo;airbag est trop important pour le b\u00e9b\u00e9, ce qui peut entra\u00eener des blessures suppl\u00e9mentaires en cas de collision.<\/p>\n<figure class=\"wp-block-image size-content\"><img decoding=\"async\" loading=\"lazy\" width=\"1140\" height=\"760\" src=\"https:\/\/autorai.nl\/wp-content\/uploads\/2022\/05\/kinderzitje-2-1140x760.jpg\" alt=\"\" class=\"wp-image-121861\"><figcaption> <\/figcaption><\/figure>\n<h2><strong>Syst\u00e8me ISOFIX<\/strong><\/h2>\n<p>Isofix est un syst\u00e8me de montage de si\u00e8ges enfant dans une voiture. Il s&rsquo;agit d&rsquo;un syst\u00e8me d&rsquo;encliquetage pour la fixation des si\u00e8ges auto, standardis\u00e9 par tous les constructeurs automobiles. Les si\u00e8ges pour enfants s&rsquo;adaptent d\u00e9sormais \u00e0 toutes les voitures (modernes), quelle que soit la marque ou le mod\u00e8le. Le syst\u00e8me isofix est situ\u00e9 \u00e0 l&rsquo;arri\u00e8re de la voiture, pas sur le si\u00e8ge passager. Depuis novembre 2014, les constructeurs automobiles sont oblig\u00e9s d&rsquo;installer des syst\u00e8mes Isofix dans la voiture.<\/p>\n<h2>Si\u00e8ges enfant homologu\u00e9s<\/h2>\n<p>Il existe trois types de si\u00e8ges auto pour enfants :<\/p>\n<p>\u2013 Si\u00e8ge auto pour b\u00e9b\u00e9 (ou Maxi-Cosi, bien qu&rsquo;il s&rsquo;agisse en fait d&rsquo;un nom de marque)<br \/>\u2013 Si\u00e8ge auto enfant<br \/>\u2013 Si\u00e8ge rehausseur<\/p>\n<p>Les si\u00e8ges auto pour enfants vendus dans les magasins sp\u00e9cialis\u00e9s aux Pays-Bas r\u00e9pondent \u00e0 toutes sortes d&rsquo;exigences de s\u00e9curit\u00e9 strictes. Vous pouvez v\u00e9rifier si un si\u00e8ge auto pour enfant r\u00e9pond aux exigences sur l&rsquo;\u00e9tiquette orange du si\u00e8ge. L\u00e0, il est \u00e9crit ECE 44\/03 ou 44\/04. Depuis 2013, il existe \u00e9galement une nouvelle norme appel\u00e9e i-Size (R129). L&rsquo; <a href=\"https:\/\/www.anwb.nl\/auto\/tests-en-specificaties\/autostoeltjes\" target=\"_blank\" rel=\"noreferrer noopener\">ANWB<\/a> teste r\u00e9guli\u00e8rement les si\u00e8ges pour enfants. Ils testent non seulement la s\u00e9curit\u00e9 lors d&rsquo;un accident, mais \u00e9galement si les mat\u00e9riaux utilis\u00e9s dans un si\u00e8ge pr\u00e9sentent un risque pour la sant\u00e9 d&rsquo;un enfant.<\/p>\n<figure class=\"wp-block-image size-content\"><img decoding=\"async\" loading=\"lazy\" width=\"1140\" height=\"760\" src=\"https:\/\/autorai.nl\/wp-content\/uploads\/2022\/05\/kinderzitje-1-1140x760.jpg\" alt=\"\" class=\"wp-image-121860\"><figcaption> <\/figcaption><\/figure>\n<h2><strong>Conseils et r\u00e8gles<\/strong><\/h2>\n<p>Il existe quelques conseils pour l&rsquo;achat d&rsquo;un si\u00e8ge enfant. Par exemple, les si\u00e8ges pour enfants sont en vente dans diff\u00e9rents groupes. En fonction du poids et de la taille de votre enfant, vous choisissez un si\u00e8ge enfant. Pour r\u00e9pondre \u00e0 toutes les exigences de s\u00e9curit\u00e9, il est judicieux d&rsquo;acheter un si\u00e8ge homologu\u00e9 ECE. Il est \u00e9galement interdit d&rsquo;utiliser une rallonge de ceinture de s\u00e9curit\u00e9 en combinaison avec un si\u00e8ge enfant. Votre enfant mesure moins de 1,35 m\u00e8tre et est-il toujours assis sur le si\u00e8ge passager sans si\u00e8ge enfant ? Vous risquez alors une amende de 140 euros. Et comme mentionn\u00e9, il est sage de garder un \u0153il sur les r\u00e8gles \u00e0 l&rsquo;\u00e9tranger, si vous partez en vacances. <\/p>\n<h2>Enlevez le manteau d&rsquo;hiver<\/h2>\n<p>Autre conseil utile : enlevez le manteau de votre enfant en hiver. Les ceintures de s\u00e9curit\u00e9 ne peuvent pas se serrer correctement si un enfant porte encore un manteau d&rsquo;hiver solide. En cas de collision, l&rsquo;enfant peut \u00eatre \u00e9ject\u00e9 du si\u00e8ge, car il y a beaucoup d&rsquo;espace entre la ceinture de s\u00e9curit\u00e9 et l&rsquo;enfant. Augmentez le chauffage d&rsquo;un degr\u00e9, c&rsquo;est beaucoup plus s\u00fbr. <\/p>\n<h2>Exceptions<\/h2>\n<p>Il existe quelques exceptions pour le transport d&rsquo;enfants en voiture. Par exemple, les enfants de moins de trois ans n&rsquo;ont pas besoin d&rsquo;un si\u00e8ge auto dans un bus ou un taxi. Si un enfant ne peut pas s&rsquo;installer dans un si\u00e8ge d&rsquo;auto pour des raisons m\u00e9dicales, vous pouvez obtenir une exemption. Vous pouvez utiliser une nacelle pour les nouveau-n\u00e9s qui doivent \u00eatre transport\u00e9s en position allong\u00e9e pour des raisons de sant\u00e9.<\/p>\n","protected":false},"excerpt":{"rendered":"Longueur minimale La taille minimale qu'un enfant doit avoir pour s'asseoir dans la voiture sans si\u00e8ge \u00e0 c\u00f4t\u00e9 de vous\u2026","protected":false},"author":0,"featured_media":119832,"comment_status":"open","ping_status":"open","sticky":false,"template":"","format":"standard","meta":{"footnotes":""},"categories":[131],"tags":[],"class_list":["post-119617","post","type-post","status-publish","format-standard","has-post-thumbnail","hentry","category-fond"],"acf":[],"yoast_head":"<!-- This site is optimized with the Yoast SEO plugin v21.2 - https:\/\/yoast.com\/wordpress\/plugins\/seo\/ -->\n<title>Quand un enfant est-il autoris\u00e9 \u00e0 l&#039;avant de la voiture&nbsp;? - All cars news<\/title>\n<meta name=\"robots\" content=\"index, follow, max-snippet:-1, max-image-preview:large, max-video-preview:-1\" \/>\n<link rel=\"canonical\" href=\"https:\/\/all-car-news.com\/fr\/quand-un-enfant-est-il-autorise-a-lavant-de-la-voiture\/\" \/>\n<meta property=\"og:locale\" content=\"fr_FR\" \/>\n<meta property=\"og:type\" content=\"article\" \/>\n<meta property=\"og:title\" content=\"Quand un enfant est-il autoris\u00e9 \u00e0 l&#039;avant de la voiture&nbsp;? - All cars news\" \/>\n<meta property=\"og:description\" content=\"Longueur minimale La taille minimale qu&#039;un enfant doit avoir pour s&#039;asseoir dans la voiture sans si\u00e8ge \u00e0 c\u00f4t\u00e9 de vous est de 1,35 m\u00e8tre. Si un enfant mesure moins de 1,35 m\u00e8tre, il doit toujours s&#039;asseoir dans une chaise haute ou un si\u00e8ge d&#039;appoint. Cela ne s&#039;applique pas seulement au si\u00e8ge avant, mais \u00e9galement au si\u00e8ge arri\u00e8re. Veuillez noter: [\u2026]\" \/>\n<meta property=\"og:url\" content=\"https:\/\/all-car-news.com\/fr\/quand-un-enfant-est-il-autorise-a-lavant-de-la-voiture\/\" \/>\n<meta property=\"og:site_name\" content=\"All cars news\" \/>\n<meta property=\"article:published_time\" content=\"2022-05-10T09:52:00+00:00\" \/>\n<meta property=\"og:image\" content=\"https:\/\/all-car-news.com\/wp-content\/uploads\/2022\/05\/kinderzitje.jpg\" \/>\n\t<meta property=\"og:image:width\" content=\"1600\" \/>\n\t<meta property=\"og:image:height\" content=\"1067\" \/>\n\t<meta property=\"og:image:type\" content=\"image\/jpeg\" \/>\n<meta name=\"twitter:card\" content=\"summary_large_image\" \/>\n<meta name=\"twitter:label1\" content=\"Dur\u00e9e de lecture estim\u00e9e\" \/>\n\t<meta name=\"twitter:data1\" content=\"3 minutes\" \/>\n<script type=\"application\/ld+json\" class=\"yoast-schema-graph\">{\"@context\":\"https:\/\/schema.org\",\"@graph\":[{\"@type\":\"Article\",\"@id\":\"https:\/\/all-car-news.com\/fr\/quand-un-enfant-est-il-autorise-a-lavant-de-la-voiture\/#article\",\"isPartOf\":{\"@id\":\"https:\/\/all-car-news.com\/fr\/quand-un-enfant-est-il-autorise-a-lavant-de-la-voiture\/\"},\"author\":{\"name\":\"\",\"@id\":\"\"},\"headline\":\"Quand un enfant est-il autoris\u00e9 \u00e0 l&rsquo;avant de la voiture&nbsp;?\",\"datePublished\":\"2022-05-10T09:52:00+00:00\",\"dateModified\":\"2022-05-10T09:52:00+00:00\",\"mainEntityOfPage\":{\"@id\":\"https:\/\/all-car-news.com\/fr\/quand-un-enfant-est-il-autorise-a-lavant-de-la-voiture\/\"},\"wordCount\":695,\"commentCount\":0,\"publisher\":{\"@id\":\"https:\/\/all-car-news.com\/fr\/#organization\"},\"articleSection\":[\"Fond\"],\"inLanguage\":\"fr-FR\",\"potentialAction\":[{\"@type\":\"CommentAction\",\"name\":\"Comment\",\"target\":[\"https:\/\/all-car-news.com\/fr\/quand-un-enfant-est-il-autorise-a-lavant-de-la-voiture\/#respond\"]}]},{\"@type\":\"WebPage\",\"@id\":\"https:\/\/all-car-news.com\/fr\/quand-un-enfant-est-il-autorise-a-lavant-de-la-voiture\/\",\"url\":\"https:\/\/all-car-news.com\/fr\/quand-un-enfant-est-il-autorise-a-lavant-de-la-voiture\/\",\"name\":\"Quand un enfant est-il autoris\u00e9 \u00e0 l'avant de la voiture&nbsp;? - All cars news\",\"isPartOf\":{\"@id\":\"https:\/\/all-car-news.com\/fr\/#website\"},\"datePublished\":\"2022-05-10T09:52:00+00:00\",\"dateModified\":\"2022-05-10T09:52:00+00:00\",\"breadcrumb\":{\"@id\":\"https:\/\/all-car-news.com\/fr\/quand-un-enfant-est-il-autorise-a-lavant-de-la-voiture\/#breadcrumb\"},\"inLanguage\":\"fr-FR\",\"potentialAction\":[{\"@type\":\"ReadAction\",\"target\":[\"https:\/\/all-car-news.com\/fr\/quand-un-enfant-est-il-autorise-a-lavant-de-la-voiture\/\"]}]},{\"@type\":\"BreadcrumbList\",\"@id\":\"https:\/\/all-car-news.com\/fr\/quand-un-enfant-est-il-autorise-a-lavant-de-la-voiture\/#breadcrumb\",\"itemListElement\":[{\"@type\":\"ListItem\",\"position\":1,\"name\":\"Home\",\"item\":\"https:\/\/all-car-news.com\/fr\/\"},{\"@type\":\"ListItem\",\"position\":2,\"name\":\"Quand un enfant est-il autoris\u00e9 \u00e0 l&rsquo;avant de la voiture&nbsp;?\"}]},{\"@type\":\"WebSite\",\"@id\":\"https:\/\/all-car-news.com\/fr\/#website\",\"url\":\"https:\/\/all-car-news.com\/fr\/\",\"name\":\"All cars news\",\"description\":\"\",\"publisher\":{\"@id\":\"https:\/\/all-car-news.com\/fr\/#organization\"},\"potentialAction\":[{\"@type\":\"SearchAction\",\"target\":{\"@type\":\"EntryPoint\",\"urlTemplate\":\"https:\/\/all-car-news.com\/fr\/?s={search_term_string}\"},\"query-input\":\"required name=search_term_string\"}],\"inLanguage\":\"fr-FR\"},{\"@type\":\"Organization\",\"@id\":\"https:\/\/all-car-news.com\/fr\/#organization\",\"name\":\"All cars news\",\"url\":\"https:\/\/all-car-news.com\/fr\/\",\"logo\":{\"@type\":\"ImageObject\",\"inLanguage\":\"fr-FR\",\"@id\":\"https:\/\/all-car-news.com\/fr\/#\/schema\/logo\/image\/\",\"url\":\"https:\/\/all-car-news.com\/wp-content\/uploads\/2022\/02\/CMYK-AllCarNews_LANDSCAPE_300px-1.png\",\"contentUrl\":\"https:\/\/all-car-news.com\/wp-content\/uploads\/2022\/02\/CMYK-AllCarNews_LANDSCAPE_300px-1.png\",\"width\":300,\"height\":100,\"caption\":\"All cars news\"},\"image\":{\"@id\":\"https:\/\/all-car-news.com\/fr\/#\/schema\/logo\/image\/\"}}]}<\/script>\n<!-- \/ Yoast SEO plugin. -->","yoast_head_json":{"title":"Quand un enfant est-il autoris\u00e9 \u00e0 l'avant de la voiture&nbsp;? - All cars news","robots":{"index":"index","follow":"follow","max-snippet":"max-snippet:-1","max-image-preview":"max-image-preview:large","max-video-preview":"max-video-preview:-1"},"canonical":"https:\/\/all-car-news.com\/fr\/quand-un-enfant-est-il-autorise-a-lavant-de-la-voiture\/","og_locale":"fr_FR","og_type":"article","og_title":"Quand un enfant est-il autoris\u00e9 \u00e0 l'avant de la voiture&nbsp;? - All cars news","og_description":"Longueur minimale La taille minimale qu'un enfant doit avoir pour s'asseoir dans la voiture sans si\u00e8ge \u00e0 c\u00f4t\u00e9 de vous est de 1,35 m\u00e8tre. Si un enfant mesure moins de 1,35 m\u00e8tre, il doit toujours s'asseoir dans une chaise haute ou un si\u00e8ge d'appoint. Cela ne s'applique pas seulement au si\u00e8ge avant, mais \u00e9galement au si\u00e8ge arri\u00e8re. Veuillez noter: [\u2026]","og_url":"https:\/\/all-car-news.com\/fr\/quand-un-enfant-est-il-autorise-a-lavant-de-la-voiture\/","og_site_name":"All cars news","article_published_time":"2022-05-10T09:52:00+00:00","og_image":[{"width":1600,"height":1067,"url":"https:\/\/all-car-news.com\/wp-content\/uploads\/2022\/05\/kinderzitje.jpg","type":"image\/jpeg"}],"twitter_card":"summary_large_image","twitter_misc":{"Dur\u00e9e de lecture estim\u00e9e":"3 minutes"},"schema":{"@context":"https:\/\/schema.org","@graph":[{"@type":"Article","@id":"https:\/\/all-car-news.com\/fr\/quand-un-enfant-est-il-autorise-a-lavant-de-la-voiture\/#article","isPartOf":{"@id":"https:\/\/all-car-news.com\/fr\/quand-un-enfant-est-il-autorise-a-lavant-de-la-voiture\/"},"author":{"name":"","@id":""},"headline":"Quand un enfant est-il autoris\u00e9 \u00e0 l&rsquo;avant de la voiture&nbsp;?","datePublished":"2022-05-10T09:52:00+00:00","dateModified":"2022-05-10T09:52:00+00:00","mainEntityOfPage":{"@id":"https:\/\/all-car-news.com\/fr\/quand-un-enfant-est-il-autorise-a-lavant-de-la-voiture\/"},"wordCount":695,"commentCount":0,"publisher":{"@id":"https:\/\/all-car-news.com\/fr\/#organization"},"articleSection":["Fond"],"inLanguage":"fr-FR","potentialAction":[{"@type":"CommentAction","name":"Comment","target":["https:\/\/all-car-news.com\/fr\/quand-un-enfant-est-il-autorise-a-lavant-de-la-voiture\/#respond"]}]},{"@type":"WebPage","@id":"https:\/\/all-car-news.com\/fr\/quand-un-enfant-est-il-autorise-a-lavant-de-la-voiture\/","url":"https:\/\/all-car-news.com\/fr\/quand-un-enfant-est-il-autorise-a-lavant-de-la-voiture\/","name":"Quand un enfant est-il autoris\u00e9 \u00e0 l'avant de la voiture&nbsp;? - All cars news","isPartOf":{"@id":"https:\/\/all-car-news.com\/fr\/#website"},"datePublished":"2022-05-10T09:52:00+00:00","dateModified":"2022-05-10T09:52:00+00:00","breadcrumb":{"@id":"https:\/\/all-car-news.com\/fr\/quand-un-enfant-est-il-autorise-a-lavant-de-la-voiture\/#breadcrumb"},"inLanguage":"fr-FR","potentialAction":[{"@type":"ReadAction","target":["https:\/\/all-car-news.com\/fr\/quand-un-enfant-est-il-autorise-a-lavant-de-la-voiture\/"]}]},{"@type":"BreadcrumbList","@id":"https:\/\/all-car-news.com\/fr\/quand-un-enfant-est-il-autorise-a-lavant-de-la-voiture\/#breadcrumb","itemListElement":[{"@type":"ListItem","position":1,"name":"Home","item":"https:\/\/all-car-news.com\/fr\/"},{"@type":"ListItem","position":2,"name":"Quand un enfant est-il autoris\u00e9 \u00e0 l&rsquo;avant de la voiture&nbsp;?"}]},{"@type":"WebSite","@id":"https:\/\/all-car-news.com\/fr\/#website","url":"https:\/\/all-car-news.com\/fr\/","name":"All cars news","description":"","publisher":{"@id":"https:\/\/all-car-news.com\/fr\/#organization"},"potentialAction":[{"@type":"SearchAction","target":{"@type":"EntryPoint","urlTemplate":"https:\/\/all-car-news.com\/fr\/?s={search_term_string}"},"query-input":"required name=search_term_string"}],"inLanguage":"fr-FR"},{"@type":"Organization","@id":"https:\/\/all-car-news.com\/fr\/#organization","name":"All cars news","url":"https:\/\/all-car-news.com\/fr\/","logo":{"@type":"ImageObject","inLanguage":"fr-FR","@id":"https:\/\/all-car-news.com\/fr\/#\/schema\/logo\/image\/","url":"https:\/\/all-car-news.com\/wp-content\/uploads\/2022\/02\/CMYK-AllCarNews_LANDSCAPE_300px-1.png","contentUrl":"https:\/\/all-car-news.com\/wp-content\/uploads\/2022\/02\/CMYK-AllCarNews_LANDSCAPE_300px-1.png","width":300,"height":100,"caption":"All cars news"},"image":{"@id":"https:\/\/all-car-news.com\/fr\/#\/schema\/logo\/image\/"}}]}},"_links":{"self":[{"href":"https:\/\/all-car-news.com\/fr\/wp-json\/wp\/v2\/posts\/119617","targetHints":{"allow":["GET"]}}],"collection":[{"href":"https:\/\/all-car-news.com\/fr\/wp-json\/wp\/v2\/posts"}],"about":[{"href":"https:\/\/all-car-news.com\/fr\/wp-json\/wp\/v2\/types\/post"}],"replies":[{"embeddable":true,"href":"https:\/\/all-car-news.com\/fr\/wp-json\/wp\/v2\/comments?post=119617"}],"version-history":[{"count":0,"href":"https:\/\/all-car-news.com\/fr\/wp-json\/wp\/v2\/posts\/119617\/revisions"}],"wp:featuredmedia":[{"embeddable":true,"href":"https:\/\/all-car-news.com\/fr\/wp-json\/wp\/v2\/media\/119832"}],"wp:attachment":[{"href":"https:\/\/all-car-news.com\/fr\/wp-json\/wp\/v2\/media?parent=119617"}],"wp:term":[{"taxonomy":"category","embeddable":true,"href":"https:\/\/all-car-news.com\/fr\/wp-json\/wp\/v2\/categories?post=119617"},{"taxonomy":"post_tag","embeddable":true,"href":"https:\/\/all-car-news.com\/fr\/wp-json\/wp\/v2\/tags?post=119617"}],"curies":[{"name":"wp","href":"https:\/\/api.w.org\/{rel}","templated":true}]}}