{"id":119582,"date":"2022-05-11T12:10:19","date_gmt":"2022-05-11T12:10:19","guid":{"rendered":"https:\/\/all-car-news.com\/1-111-ch-et-900-kilometres-dautonomie-cela-coute-la-lucid-air-aux-pays-bas\/"},"modified":"2022-05-11T12:10:19","modified_gmt":"2022-05-11T12:10:19","slug":"1-111-ch-et-900-kilometres-dautonomie-cela-coute-la-lucid-air-aux-pays-bas","status":"publish","type":"post","link":"https:\/\/all-car-news.com\/fr\/1-111-ch-et-900-kilometres-dautonomie-cela-coute-la-lucid-air-aux-pays-bas\/","title":{"rendered":"1 111 ch et 900 kilom\u00e8tres d&rsquo;autonomie : cela co\u00fbte la Lucid Air aux Pays-Bas"},"content":{"rendered":"<h2>Qu&rsquo;est-ce que Lucid Motors ?<\/h2>\n<p>Lucid Motors d\u00e9veloppe le Lucid Air depuis des ann\u00e9es et veut surpasser tout le monde en termes de luxe, de performances et d&rsquo;autonomie. Les Am\u00e9ricains ne visent pas seulement Tesla, mais aussi BMW ( <a href=\"https:\/\/autorai.nl\/nieuwe-bmw-7-serie-alles-wat-je-moet-weten-over-deze-elektrische-limousine\/\" target=\"_blank\" rel=\"noreferrer noopener\">i7<\/a> ) et Mercedes-Benz ( <a href=\"https:\/\/autorai.nl\/review-mercedes-benz-eqs-2022-een-vliegensvlug-vliegend-tapijt\/\" target=\"_blank\" rel=\"noreferrer noopener\">EQS<\/a> ). L&rsquo;entreprise californienne a d\u00e9sormais fait la travers\u00e9e vers l&rsquo;Europe et ouvre cette semaine un showroom dans la fosse aux lions : Munich.<\/p>\n<figure class=\"wp-block-image size-content\"><img decoding=\"async\" loading=\"lazy\" width=\"1140\" height=\"760\" src=\"https:\/\/autorai.nl\/wp-content\/uploads\/2022\/05\/lucid_air_6-1140x760.jpg\" alt=\"\" class=\"wp-image-121898\"><\/figure>\n<h2><strong>R\u00e9server Lucid Air<\/strong><\/h2>\n<p>La marque souhaite \u00e9galement vendre ses voitures aux N\u00e9erlandais. Les compatriotes int\u00e9ress\u00e9s ont pu r\u00e9server un exemplaire de l&rsquo;Air depuis septembre. Les Europ\u00e9ens doivent payer 900 euros pour une place dans la file d&rsquo;attente.<\/p>\n<figure class=\"wp-block-image size-content\"><img decoding=\"async\" loading=\"lazy\" width=\"1140\" height=\"760\" src=\"https:\/\/autorai.nl\/wp-content\/uploads\/2022\/05\/lucid_air_dream_edition_61-1140x760.jpg\" alt=\"\" class=\"wp-image-121902\"><\/figure>\n<h2><strong>Lucid Air \u00c9dition R\u00eave<\/strong><\/h2>\n<p>L&rsquo;Air viendra initialement en Europe en deux saveurs : Dream Edition P et Dream Edition R. Le <strong>P<\/strong> est un must si vous recherchez des performances impressionnantes, le <strong>R<\/strong> impressionne par sa gamme. Gr\u00e2ce \u00e0 deux moteurs \u00e9lectriques compacts mais extr\u00eamement puissants, l&rsquo;Edition P d\u00e9veloppe 1 111 ch et 1 390 Nm. En seulement 2,7 secondes, la majestueuse berline atteint 100 km\/h et ne cesse d&rsquo;acc\u00e9l\u00e9rer qu&rsquo;\u00e0 270 km\/h.<\/p>\n<p>L&rsquo;Edition R doit se contenter de \u00ab\u00a0seulement\u00a0\u00bb 933 ch et prend 0,2 seconde de plus pour un sprint de 0 \u00e0 100. En revanche, il peut parcourir 900 kilom\u00e8tres avec une seule charge d&rsquo;\u00e9lectricit\u00e9, sur papier. Pour les deux versions il faut \u2013 accrochez-vous \u2013 d\u00e9poser 220 000 euros.<\/p>\n<figure class=\"wp-block-image size-content\"><img decoding=\"async\" loading=\"lazy\" width=\"1140\" height=\"760\" src=\"https:\/\/autorai.nl\/wp-content\/uploads\/2022\/05\/lucid_air_dream_edition_35_09c30822132c0cc6-1140x760.jpg\" alt=\"\" class=\"wp-image-121901\"><\/figure>\n<h2><strong>Autres variantes<\/strong><\/h2>\n<p>Un VE cher, mais cela concerne deux versions exclusives. Plus tard, la marque introduit des variantes avec un prix de d\u00e9part inf\u00e9rieur, comme l&rsquo;Air Pure, l&rsquo;Air Touring et l&rsquo;Air Grand Touring. Le Pure devrait avoir un prix de 100 000 euros. \u00c0 peu pr\u00e8s le m\u00eame prix qu&rsquo;une Tesla Model S aux Pays-Bas. La marque pr\u00e9voit d&rsquo;ouvrir des showrooms en Norv\u00e8ge, en Suisse et aux Pays-Bas cette ann\u00e9e. <\/p>\n<p>1 111 chevaux ne vous suffisent pas ? Alors jetez un \u0153il au Rimac Nevera :<\/p>\n<figure class=\"wp-block-embed is-type-wp-embed is-provider-autorai-nl wp-block-embed-autorai-nl\">\n<div class=\"wp-block-embed__wrapper\">\n<blockquote class=\"wp-embedded-content\" data-secret=\"tOeY8SnlOZ\"><p><a href=\"https:\/\/autorai.nl\/video-1-914-pk-sterke-rimac-nevera-speelt-de-sneeuw\/\">Vid\u00e9o : Rimac Nevera de 1 914 ch joue dans la neige<\/a><\/p><\/blockquote>\n<\/div>\n<\/figure>\n","protected":false},"excerpt":{"rendered":"Qu'est-ce que Lucid Motors ? Lucid Motors d\u00e9veloppe le Lucid Air depuis des ann\u00e9es et veut surpasser tout le monde\u2026","protected":false},"author":0,"featured_media":119664,"comment_status":"open","ping_status":"open","sticky":false,"template":"","format":"standard","meta":{"footnotes":""},"categories":[127],"tags":[],"class_list":["post-119582","post","type-post","status-publish","format-standard","has-post-thumbnail","hentry","category-nouvelles-de-voiture"],"acf":[],"yoast_head":"<!-- This site is optimized with the Yoast SEO plugin v21.2 - https:\/\/yoast.com\/wordpress\/plugins\/seo\/ -->\n<title>1 111 ch et 900 kilom\u00e8tres d&#039;autonomie : cela co\u00fbte la Lucid Air aux Pays-Bas - All cars news<\/title>\n<meta name=\"robots\" content=\"index, follow, max-snippet:-1, max-image-preview:large, max-video-preview:-1\" \/>\n<link rel=\"canonical\" href=\"https:\/\/all-car-news.com\/fr\/1-111-ch-et-900-kilometres-dautonomie-cela-coute-la-lucid-air-aux-pays-bas\/\" \/>\n<meta property=\"og:locale\" content=\"fr_FR\" \/>\n<meta property=\"og:type\" content=\"article\" \/>\n<meta property=\"og:title\" content=\"1 111 ch et 900 kilom\u00e8tres d&#039;autonomie : cela co\u00fbte la Lucid Air aux Pays-Bas - All cars news\" \/>\n<meta property=\"og:description\" content=\"Qu&#039;est-ce que Lucid Motors ? Lucid Motors d\u00e9veloppe le Lucid Air depuis des ann\u00e9es et veut surpasser tout le monde en termes de luxe, de performances et d&#039;autonomie. Les Am\u00e9ricains ne visent pas seulement Tesla, mais aussi BMW (i7) et Mercedes-Benz (EQS). La soci\u00e9t\u00e9 californienne est maintenant pass\u00e9e \u00e0 [\u2026]\" \/>\n<meta property=\"og:url\" content=\"https:\/\/all-car-news.com\/fr\/1-111-ch-et-900-kilometres-dautonomie-cela-coute-la-lucid-air-aux-pays-bas\/\" \/>\n<meta property=\"og:site_name\" content=\"All cars news\" \/>\n<meta property=\"article:published_time\" content=\"2022-05-11T12:10:19+00:00\" \/>\n<meta property=\"og:image\" content=\"https:\/\/all-car-news.com\/wp-content\/uploads\/2022\/05\/lucid_7.jpg\" \/>\n\t<meta property=\"og:image:width\" content=\"1600\" \/>\n\t<meta property=\"og:image:height\" content=\"1067\" \/>\n\t<meta property=\"og:image:type\" content=\"image\/jpeg\" \/>\n<meta name=\"twitter:card\" content=\"summary_large_image\" \/>\n<meta name=\"twitter:label1\" content=\"Dur\u00e9e de lecture estim\u00e9e\" \/>\n\t<meta name=\"twitter:data1\" content=\"2 minutes\" \/>\n<script type=\"application\/ld+json\" class=\"yoast-schema-graph\">{\"@context\":\"https:\/\/schema.org\",\"@graph\":[{\"@type\":\"Article\",\"@id\":\"https:\/\/all-car-news.com\/fr\/1-111-ch-et-900-kilometres-dautonomie-cela-coute-la-lucid-air-aux-pays-bas\/#article\",\"isPartOf\":{\"@id\":\"https:\/\/all-car-news.com\/fr\/1-111-ch-et-900-kilometres-dautonomie-cela-coute-la-lucid-air-aux-pays-bas\/\"},\"author\":{\"name\":\"\",\"@id\":\"\"},\"headline\":\"1 111 ch et 900 kilom\u00e8tres d&rsquo;autonomie : cela co\u00fbte la Lucid Air aux Pays-Bas\",\"datePublished\":\"2022-05-11T12:10:19+00:00\",\"dateModified\":\"2022-05-11T12:10:19+00:00\",\"mainEntityOfPage\":{\"@id\":\"https:\/\/all-car-news.com\/fr\/1-111-ch-et-900-kilometres-dautonomie-cela-coute-la-lucid-air-aux-pays-bas\/\"},\"wordCount\":332,\"commentCount\":0,\"publisher\":{\"@id\":\"https:\/\/all-car-news.com\/fr\/#organization\"},\"articleSection\":[\"nouvelles de voiture\"],\"inLanguage\":\"fr-FR\",\"potentialAction\":[{\"@type\":\"CommentAction\",\"name\":\"Comment\",\"target\":[\"https:\/\/all-car-news.com\/fr\/1-111-ch-et-900-kilometres-dautonomie-cela-coute-la-lucid-air-aux-pays-bas\/#respond\"]}]},{\"@type\":\"WebPage\",\"@id\":\"https:\/\/all-car-news.com\/fr\/1-111-ch-et-900-kilometres-dautonomie-cela-coute-la-lucid-air-aux-pays-bas\/\",\"url\":\"https:\/\/all-car-news.com\/fr\/1-111-ch-et-900-kilometres-dautonomie-cela-coute-la-lucid-air-aux-pays-bas\/\",\"name\":\"1 111 ch et 900 kilom\u00e8tres d'autonomie : cela co\u00fbte la Lucid Air aux Pays-Bas - All cars news\",\"isPartOf\":{\"@id\":\"https:\/\/all-car-news.com\/fr\/#website\"},\"datePublished\":\"2022-05-11T12:10:19+00:00\",\"dateModified\":\"2022-05-11T12:10:19+00:00\",\"breadcrumb\":{\"@id\":\"https:\/\/all-car-news.com\/fr\/1-111-ch-et-900-kilometres-dautonomie-cela-coute-la-lucid-air-aux-pays-bas\/#breadcrumb\"},\"inLanguage\":\"fr-FR\",\"potentialAction\":[{\"@type\":\"ReadAction\",\"target\":[\"https:\/\/all-car-news.com\/fr\/1-111-ch-et-900-kilometres-dautonomie-cela-coute-la-lucid-air-aux-pays-bas\/\"]}]},{\"@type\":\"BreadcrumbList\",\"@id\":\"https:\/\/all-car-news.com\/fr\/1-111-ch-et-900-kilometres-dautonomie-cela-coute-la-lucid-air-aux-pays-bas\/#breadcrumb\",\"itemListElement\":[{\"@type\":\"ListItem\",\"position\":1,\"name\":\"Home\",\"item\":\"https:\/\/all-car-news.com\/fr\/\"},{\"@type\":\"ListItem\",\"position\":2,\"name\":\"1 111 ch et 900 kilom\u00e8tres d&rsquo;autonomie : cela co\u00fbte la Lucid Air aux Pays-Bas\"}]},{\"@type\":\"WebSite\",\"@id\":\"https:\/\/all-car-news.com\/fr\/#website\",\"url\":\"https:\/\/all-car-news.com\/fr\/\",\"name\":\"All cars news\",\"description\":\"\",\"publisher\":{\"@id\":\"https:\/\/all-car-news.com\/fr\/#organization\"},\"potentialAction\":[{\"@type\":\"SearchAction\",\"target\":{\"@type\":\"EntryPoint\",\"urlTemplate\":\"https:\/\/all-car-news.com\/fr\/?s={search_term_string}\"},\"query-input\":\"required name=search_term_string\"}],\"inLanguage\":\"fr-FR\"},{\"@type\":\"Organization\",\"@id\":\"https:\/\/all-car-news.com\/fr\/#organization\",\"name\":\"All cars news\",\"url\":\"https:\/\/all-car-news.com\/fr\/\",\"logo\":{\"@type\":\"ImageObject\",\"inLanguage\":\"fr-FR\",\"@id\":\"https:\/\/all-car-news.com\/fr\/#\/schema\/logo\/image\/\",\"url\":\"https:\/\/all-car-news.com\/wp-content\/uploads\/2022\/02\/CMYK-AllCarNews_LANDSCAPE_300px-1.png\",\"contentUrl\":\"https:\/\/all-car-news.com\/wp-content\/uploads\/2022\/02\/CMYK-AllCarNews_LANDSCAPE_300px-1.png\",\"width\":300,\"height\":100,\"caption\":\"All cars news\"},\"image\":{\"@id\":\"https:\/\/all-car-news.com\/fr\/#\/schema\/logo\/image\/\"}}]}<\/script>\n<!-- \/ Yoast SEO plugin. -->","yoast_head_json":{"title":"1 111 ch et 900 kilom\u00e8tres d'autonomie : cela co\u00fbte la Lucid Air aux Pays-Bas - All cars news","robots":{"index":"index","follow":"follow","max-snippet":"max-snippet:-1","max-image-preview":"max-image-preview:large","max-video-preview":"max-video-preview:-1"},"canonical":"https:\/\/all-car-news.com\/fr\/1-111-ch-et-900-kilometres-dautonomie-cela-coute-la-lucid-air-aux-pays-bas\/","og_locale":"fr_FR","og_type":"article","og_title":"1 111 ch et 900 kilom\u00e8tres d'autonomie : cela co\u00fbte la Lucid Air aux Pays-Bas - All cars news","og_description":"Qu'est-ce que Lucid Motors ? Lucid Motors d\u00e9veloppe le Lucid Air depuis des ann\u00e9es et veut surpasser tout le monde en termes de luxe, de performances et d'autonomie. Les Am\u00e9ricains ne visent pas seulement Tesla, mais aussi BMW (i7) et Mercedes-Benz (EQS). La soci\u00e9t\u00e9 californienne est maintenant pass\u00e9e \u00e0 [\u2026]","og_url":"https:\/\/all-car-news.com\/fr\/1-111-ch-et-900-kilometres-dautonomie-cela-coute-la-lucid-air-aux-pays-bas\/","og_site_name":"All cars news","article_published_time":"2022-05-11T12:10:19+00:00","og_image":[{"width":1600,"height":1067,"url":"https:\/\/all-car-news.com\/wp-content\/uploads\/2022\/05\/lucid_7.jpg","type":"image\/jpeg"}],"twitter_card":"summary_large_image","twitter_misc":{"Dur\u00e9e de lecture estim\u00e9e":"2 minutes"},"schema":{"@context":"https:\/\/schema.org","@graph":[{"@type":"Article","@id":"https:\/\/all-car-news.com\/fr\/1-111-ch-et-900-kilometres-dautonomie-cela-coute-la-lucid-air-aux-pays-bas\/#article","isPartOf":{"@id":"https:\/\/all-car-news.com\/fr\/1-111-ch-et-900-kilometres-dautonomie-cela-coute-la-lucid-air-aux-pays-bas\/"},"author":{"name":"","@id":""},"headline":"1 111 ch et 900 kilom\u00e8tres d&rsquo;autonomie : cela co\u00fbte la Lucid Air aux Pays-Bas","datePublished":"2022-05-11T12:10:19+00:00","dateModified":"2022-05-11T12:10:19+00:00","mainEntityOfPage":{"@id":"https:\/\/all-car-news.com\/fr\/1-111-ch-et-900-kilometres-dautonomie-cela-coute-la-lucid-air-aux-pays-bas\/"},"wordCount":332,"commentCount":0,"publisher":{"@id":"https:\/\/all-car-news.com\/fr\/#organization"},"articleSection":["nouvelles de voiture"],"inLanguage":"fr-FR","potentialAction":[{"@type":"CommentAction","name":"Comment","target":["https:\/\/all-car-news.com\/fr\/1-111-ch-et-900-kilometres-dautonomie-cela-coute-la-lucid-air-aux-pays-bas\/#respond"]}]},{"@type":"WebPage","@id":"https:\/\/all-car-news.com\/fr\/1-111-ch-et-900-kilometres-dautonomie-cela-coute-la-lucid-air-aux-pays-bas\/","url":"https:\/\/all-car-news.com\/fr\/1-111-ch-et-900-kilometres-dautonomie-cela-coute-la-lucid-air-aux-pays-bas\/","name":"1 111 ch et 900 kilom\u00e8tres d'autonomie : cela co\u00fbte la Lucid Air aux Pays-Bas - All cars news","isPartOf":{"@id":"https:\/\/all-car-news.com\/fr\/#website"},"datePublished":"2022-05-11T12:10:19+00:00","dateModified":"2022-05-11T12:10:19+00:00","breadcrumb":{"@id":"https:\/\/all-car-news.com\/fr\/1-111-ch-et-900-kilometres-dautonomie-cela-coute-la-lucid-air-aux-pays-bas\/#breadcrumb"},"inLanguage":"fr-FR","potentialAction":[{"@type":"ReadAction","target":["https:\/\/all-car-news.com\/fr\/1-111-ch-et-900-kilometres-dautonomie-cela-coute-la-lucid-air-aux-pays-bas\/"]}]},{"@type":"BreadcrumbList","@id":"https:\/\/all-car-news.com\/fr\/1-111-ch-et-900-kilometres-dautonomie-cela-coute-la-lucid-air-aux-pays-bas\/#breadcrumb","itemListElement":[{"@type":"ListItem","position":1,"name":"Home","item":"https:\/\/all-car-news.com\/fr\/"},{"@type":"ListItem","position":2,"name":"1 111 ch et 900 kilom\u00e8tres d&rsquo;autonomie : cela co\u00fbte la Lucid Air aux Pays-Bas"}]},{"@type":"WebSite","@id":"https:\/\/all-car-news.com\/fr\/#website","url":"https:\/\/all-car-news.com\/fr\/","name":"All cars news","description":"","publisher":{"@id":"https:\/\/all-car-news.com\/fr\/#organization"},"potentialAction":[{"@type":"SearchAction","target":{"@type":"EntryPoint","urlTemplate":"https:\/\/all-car-news.com\/fr\/?s={search_term_string}"},"query-input":"required name=search_term_string"}],"inLanguage":"fr-FR"},{"@type":"Organization","@id":"https:\/\/all-car-news.com\/fr\/#organization","name":"All cars news","url":"https:\/\/all-car-news.com\/fr\/","logo":{"@type":"ImageObject","inLanguage":"fr-FR","@id":"https:\/\/all-car-news.com\/fr\/#\/schema\/logo\/image\/","url":"https:\/\/all-car-news.com\/wp-content\/uploads\/2022\/02\/CMYK-AllCarNews_LANDSCAPE_300px-1.png","contentUrl":"https:\/\/all-car-news.com\/wp-content\/uploads\/2022\/02\/CMYK-AllCarNews_LANDSCAPE_300px-1.png","width":300,"height":100,"caption":"All cars news"},"image":{"@id":"https:\/\/all-car-news.com\/fr\/#\/schema\/logo\/image\/"}}]}},"_links":{"self":[{"href":"https:\/\/all-car-news.com\/fr\/wp-json\/wp\/v2\/posts\/119582","targetHints":{"allow":["GET"]}}],"collection":[{"href":"https:\/\/all-car-news.com\/fr\/wp-json\/wp\/v2\/posts"}],"about":[{"href":"https:\/\/all-car-news.com\/fr\/wp-json\/wp\/v2\/types\/post"}],"replies":[{"embeddable":true,"href":"https:\/\/all-car-news.com\/fr\/wp-json\/wp\/v2\/comments?post=119582"}],"version-history":[{"count":0,"href":"https:\/\/all-car-news.com\/fr\/wp-json\/wp\/v2\/posts\/119582\/revisions"}],"wp:featuredmedia":[{"embeddable":true,"href":"https:\/\/all-car-news.com\/fr\/wp-json\/wp\/v2\/media\/119664"}],"wp:attachment":[{"href":"https:\/\/all-car-news.com\/fr\/wp-json\/wp\/v2\/media?parent=119582"}],"wp:term":[{"taxonomy":"category","embeddable":true,"href":"https:\/\/all-car-news.com\/fr\/wp-json\/wp\/v2\/categories?post=119582"},{"taxonomy":"post_tag","embeddable":true,"href":"https:\/\/all-car-news.com\/fr\/wp-json\/wp\/v2\/tags?post=119582"}],"curies":[{"name":"wp","href":"https:\/\/api.w.org\/{rel}","templated":true}]}}