{"id":119292,"date":"2022-04-19T15:41:43","date_gmt":"2022-04-19T15:41:43","guid":{"rendered":"https:\/\/all-car-news.com\/audi-urbansphere-concept-la-vision-daudi-de-la-mobilite-urbaine\/"},"modified":"2022-04-19T15:41:43","modified_gmt":"2022-04-19T15:41:43","slug":"audi-urbansphere-concept-la-vision-daudi-de-la-mobilite-urbaine","status":"publish","type":"post","link":"https:\/\/all-car-news.com\/fr\/audi-urbansphere-concept-la-vision-daudi-de-la-mobilite-urbaine\/","title":{"rendered":"Audi urbansphere concept : la vision d&rsquo;Audi de la mobilit\u00e9 urbaine"},"content":{"rendered":"<h2>Audi sph\u00e8re<\/h2>\n<p>L&rsquo;urbansphere est donc le troisi\u00e8me membre de la famille Audi sphere. Auparavant, Audi pr\u00e9sentait d\u00e9j\u00e0 un roadster appel\u00e9 \u00abskysphere\u00bb et la luxueuse berline appel\u00e9e \u00abgrandsphere\u00bb. Ce sont des mod\u00e8les qui anticipent l&rsquo;avenir \u00e9lectrique de la marque. <\/p>\n<figure class=\"wp-block-gallery has-nested-images columns-default is-cropped\">\n<figure class=\"wp-block-image size-content\"><img decoding=\"async\" loading=\"lazy\" width=\"1140\" height=\"760\" data-id=\"120203\" src=\"https:\/\/autorai.nl\/wp-content\/uploads\/2022\/04\/A215696_medium-1140x760.jpg\" alt=\"\" class=\"wp-image-120203\"><\/figure>\n<figure class=\"wp-block-image size-large\"><img decoding=\"async\" loading=\"lazy\" width=\"1140\" height=\"760\" data-id=\"120201\" src=\"https:\/\/autorai.nl\/wp-content\/uploads\/2022\/04\/A216254_medium-1140x760.jpg\" alt=\"\" class=\"wp-image-120201\"><\/figure>\n<\/figure>\n<h2>\u00e0 l&rsquo;envers<\/h2>\n<p>Lors de la pr\u00e9sentation de l&rsquo;urbansphere, Audi mentionne \u00e0 plusieurs reprises que la voiture est con\u00e7ue selon le \u00abprincipe \u00e0 l&rsquo;envers\u00bb. Ils ont donc commenc\u00e9 \u00e0 concevoir l&rsquo;int\u00e9rieur. Nous avons \u00e9cout\u00e9 les souhaits et les commentaires des clients chinois. La sph\u00e8re urbaine est centr\u00e9e sur les m\u00e9galopoles chinoises. La co-cr\u00e9ation avec les clients a r\u00e9v\u00e9l\u00e9 un certain nombre de choses dont les gens ont besoin dans les grandes villes dens\u00e9ment peupl\u00e9es : un espace pour se retirer de l&rsquo;agitation en toute tranquillit\u00e9. <\/p>\n<h2>Sale d&rsquo;une voiture<\/h2>\n<p>Maintenant, vous pensez probablement que dans les soi-disant m\u00e9gapoles, il y a principalement une demande de v\u00e9hicules \u00e9lectriques compacts pour la ville, mais rien ne pourrait \u00eatre plus \u00e9loign\u00e9 de la v\u00e9rit\u00e9, selon Audi. Audi affirme que les Chinois veulent une voiture de plus de 5,5 m\u00e8tres de long, 2 m\u00e8tres de haut et 1,78 m\u00e8tre de large. Cela signifie que l&rsquo;urbansphere a un empattement de pr\u00e8s de 3,5 m\u00e8tres, ce qui signifie que les passagers de la rang\u00e9e de si\u00e8ges arri\u00e8re en particulier ont beaucoup d&rsquo;espace. L&rsquo;essieu arri\u00e8re directeur devrait permettre \u00e0 l&rsquo;urbansphere de man\u0153uvrer sans effort dans les rues \u00e9troites d&rsquo;une m\u00e9gapole.<\/p>\n<figure class=\"wp-block-image size-content\"><img decoding=\"async\" loading=\"lazy\" width=\"1140\" height=\"760\" src=\"https:\/\/autorai.nl\/wp-content\/uploads\/2022\/04\/A221648_large-1140x760.jpg\" alt=\"\" class=\"wp-image-120206\"><\/figure>\n<h2>\u00c9quip\u00e9 de tout le luxe<\/h2>\n<p>L&rsquo;accent est donc mis principalement sur l&rsquo;int\u00e9rieur de l&rsquo;urbanspere. Avant d&rsquo;\u00eatre accueilli \u00e0 bras ouverts par les portes suicides, vous recevez d&rsquo;abord un accueil chaleureux du tapis rouge projet\u00e9 au sol. Une fois \u00e0 l&rsquo;int\u00e9rieur, vous voyez quatre si\u00e8ges individuels, l&rsquo;accent \u00e9tant mis principalement sur les deux arri\u00e8re. Ils sont spacieux, r\u00e9glables dans diff\u00e9rentes positions et se tournent l&rsquo;un vers l&rsquo;autre pour avoir une conversation ou se d\u00e9tournent pour plus d&rsquo;intimit\u00e9. <\/p>\n<p>Pendant que vous regardez un film sur \u00ab l&rsquo;\u00e9cran de cin\u00e9ma \u00bb, vous pouvez profiter d&rsquo;un verre d&rsquo;eau fra\u00eeche depuis la console centrale. L&rsquo;urbansphere utilise des scans faciaux et des analyses vocales pour v\u00e9rifier votre \u00e9tat d&rsquo;esprit et sur cette base, la voiture fait des suggestions pour vous d\u00e9tendre. Par exemple gr\u00e2ce \u00e0 la m\u00e9ditation ou aux sons apaisants des appuie-t\u00eate. Tout est tourn\u00e9 vers le confort, auquel contribue \u00e9galement la suspension pneumatique. <\/p>\n<figure class=\"wp-block-gallery has-nested-images columns-default is-cropped\">\n<figure class=\"wp-block-image size-content\"><img decoding=\"async\" loading=\"lazy\" width=\"1140\" height=\"760\" data-id=\"120212\" src=\"https:\/\/autorai.nl\/wp-content\/uploads\/2022\/04\/1-1-1140x760.jpg\" alt=\"\" class=\"wp-image-120212\"><\/figure>\n<figure class=\"wp-block-image size-large\"><img decoding=\"async\" loading=\"lazy\" width=\"1140\" height=\"760\" data-id=\"120211\" src=\"https:\/\/autorai.nl\/wp-content\/uploads\/2022\/04\/2-1140x760.jpg\" alt=\"\" class=\"wp-image-120211\"><\/figure>\n<figure class=\"wp-block-image size-large\"><img decoding=\"async\" loading=\"lazy\" width=\"1140\" height=\"760\" data-id=\"120210\" src=\"https:\/\/autorai.nl\/wp-content\/uploads\/2022\/04\/3-1140x760.jpg\" alt=\"\" class=\"wp-image-120210\"><\/figure>\n<\/figure>\n<h2>L&rsquo;ext\u00e9rieur<\/h2>\n<p>L&rsquo;espace int\u00e9rieur de la sph\u00e8re urbaine est envelopp\u00e9 par l&rsquo;un des plus grands ext\u00e9rieurs jamais cr\u00e9\u00e9s par Audi. Selon les concepteurs, la forme de type monospace est un m\u00e9lange entre les lignes futures et les \u00e9l\u00e9ments de design que nous connaissons d\u00e9j\u00e0 des mod\u00e8les Audi actuels. Un bon exemple en est la calandre Singleframe, qui est ferm\u00e9e sur les c\u00f4t\u00e9s avec un \u00e9clairage LED. Le grand toit en verre devrait souligner la propre \u00ab\u00a0bulle\u00a0\u00bb qu&rsquo;Audi veut cr\u00e9er. Les lignes charg\u00e9es manquent \u00e9galement, ce qui donne un design \u00e9l\u00e9gant, malgr\u00e9 la taille.<\/p>\n<figure class=\"wp-block-gallery has-nested-images columns-default is-cropped\">\n<figure class=\"wp-block-image size-large\"><img decoding=\"async\" loading=\"lazy\" width=\"1140\" height=\"760\" data-id=\"120214\" src=\"https:\/\/autorai.nl\/wp-content\/uploads\/2022\/04\/a-1140x760.jpg\" alt=\"\" class=\"wp-image-120214\"><\/figure>\n<figure class=\"wp-block-image size-large\"><img decoding=\"async\" loading=\"lazy\" width=\"1140\" height=\"760\" data-id=\"120213\" src=\"https:\/\/autorai.nl\/wp-content\/uploads\/2022\/04\/b-1140x760.jpg\" alt=\"\" class=\"wp-image-120213\"><\/figure>\n<figure class=\"wp-block-image size-large\"><img decoding=\"async\" loading=\"lazy\" width=\"1140\" height=\"760\" data-id=\"120215\" src=\"https:\/\/autorai.nl\/wp-content\/uploads\/2022\/04\/c-1140x760.jpg\" alt=\"\" class=\"wp-image-120215\"><\/figure>\n<\/figure>\n<h2>lumi\u00e8res<\/h2>\n<p>Ce qui ressort imm\u00e9diatement, ce sont les lumi\u00e8res \u00e0 l&rsquo;avant et \u00e0 l&rsquo;arri\u00e8re. Audi l&rsquo;appelle \u00ab Audi Light Canvas \u00bb, qui sert \u00e0 communiquer. <\/p>\n<figure class=\"wp-block-gallery has-nested-images columns-default is-cropped\">\n<figure class=\"wp-block-image size-content\"><img decoding=\"async\" loading=\"lazy\" width=\"1140\" height=\"760\" data-id=\"120216\" src=\"https:\/\/autorai.nl\/wp-content\/uploads\/2022\/04\/x-1140x760.jpg\" alt=\"\" class=\"wp-image-120216\"><\/figure>\n<figure class=\"wp-block-image size-content\"><img decoding=\"async\" loading=\"lazy\" width=\"1140\" height=\"760\" data-id=\"120217\" src=\"https:\/\/autorai.nl\/wp-content\/uploads\/2022\/04\/y-1140x760.jpg\" alt=\"\" class=\"wp-image-120217\"><\/figure>\n<\/figure>\n<h2>Conduire<\/h2>\n<p>Vous oublierez presque qu&rsquo;il s&rsquo;agit d&rsquo;une voiture, alors voici quelques sp\u00e9cifications. La voiture est sur la plate-forme EPI. C&rsquo;est la m\u00eame plate-forme que <a href=\"https:\/\/autorai.nl\/audi-a6-avant-e-tron-is-een-knappe-verschijning\/\" target=\"_blank\" rel=\"noreferrer noopener\">la nouvelle A6<\/a> . L&rsquo;urbansphere dispose d&rsquo;un moteur \u00e9lectrique sur chaque essieu qui produit ensemble une puissance de 400 ch et 690 Nm, qui est r\u00e9partie sur les quatre roues par le syst\u00e8me quattro. Les moteurs \u00e9lectriques sont aliment\u00e9s par une batterie de pas moins de 120 kWh. <\/p>\n<h2>T\u00e9l\u00e9charger<\/h2>\n<p>L&rsquo;urbansphere dispose \u00e9galement de la technologie de charge 800 Volt, que nous connaissons de l&rsquo;Audi e-tron GT \u00e9lectrique, avec laquelle une charge de 270 kW est possible. Une borne de recharge de 270 kW peut \u00eatre recharg\u00e9e dans un rayon de 300 kilom\u00e8tres en dix minutes. Avec une sph\u00e8re urbaine enti\u00e8rement charg\u00e9e, vous devriez pouvoir parcourir 750 kilom\u00e8tres, selon Audi.<\/p>\n<h2>Prototype de voiture<\/h2>\n<p>L&rsquo;Audi urbansphere est bien s\u00fbr un concept-car, mais vous pouvez sans aucun doute vous attendre \u00e0 certains \u00e9l\u00e9ments d&rsquo;Audi dans un avenir proche. Vous voulez voir la voiture en vrai ? Vous pouvez le faire au Salon de l&rsquo;auto de P\u00e9kin 2022.<\/p>\n<figure class=\"wp-block-image size-content\"><img decoding=\"async\" loading=\"lazy\" width=\"1140\" height=\"760\" src=\"https:\/\/autorai.nl\/wp-content\/uploads\/2022\/04\/z-1140x760.jpg\" alt=\"\" class=\"wp-image-120218\"><\/figure>\n","protected":false},"excerpt":{"rendered":"Audi sphere L'urbansphere est donc le troisi\u00e8me membre de la famille Audi sphere. Audi a d\u00e9j\u00e0 pr\u00e9sent\u00e9 un roadster appel\u00e9\u2026","protected":false},"author":0,"featured_media":0,"comment_status":"open","ping_status":"open","sticky":false,"template":"","format":"standard","meta":{"footnotes":""},"categories":[114,127],"tags":[],"class_list":["post-119292","post","type-post","status-publish","format-standard","hentry","category-non-classifiee","category-nouvelles-de-voiture"],"acf":[],"yoast_head":"<!-- This site is optimized with the Yoast SEO plugin v21.2 - https:\/\/yoast.com\/wordpress\/plugins\/seo\/ -->\n<title>Audi urbansphere concept : la vision d&#039;Audi de la mobilit\u00e9 urbaine - All cars news<\/title>\n<meta name=\"robots\" content=\"index, follow, max-snippet:-1, max-image-preview:large, max-video-preview:-1\" \/>\n<link rel=\"canonical\" href=\"https:\/\/all-car-news.com\/fr\/audi-urbansphere-concept-la-vision-daudi-de-la-mobilite-urbaine\/\" \/>\n<meta property=\"og:locale\" content=\"fr_FR\" \/>\n<meta property=\"og:type\" content=\"article\" \/>\n<meta property=\"og:title\" content=\"Audi urbansphere concept : la vision d&#039;Audi de la mobilit\u00e9 urbaine - All cars news\" \/>\n<meta property=\"og:description\" content=\"Audi sphere L&#039;urbansphere est donc le troisi\u00e8me membre de la famille Audi sphere. Audi a d\u00e9j\u00e0 pr\u00e9sent\u00e9 un roadster appel\u00e9 &quot;skysphere&quot; et la luxueuse berline appel\u00e9e &quot;grandsphere&quot;. Ce sont des mod\u00e8les qui anticipent l&#039;avenir \u00e9lectrique de la marque. Inside-out Lors de la pr\u00e9sentation de l&#039;urbansphere, Audi mentionne \u00e0 plusieurs reprises que la voiture est con\u00e7ue [\u2026]\" \/>\n<meta property=\"og:url\" content=\"https:\/\/all-car-news.com\/fr\/audi-urbansphere-concept-la-vision-daudi-de-la-mobilite-urbaine\/\" \/>\n<meta property=\"og:site_name\" content=\"All cars news\" \/>\n<meta property=\"article:published_time\" content=\"2022-04-19T15:41:43+00:00\" \/>\n<meta property=\"og:image\" content=\"https:\/\/autorai.nl\/wp-content\/uploads\/2022\/04\/A215696_medium-1140x760.jpg\" \/>\n<meta name=\"twitter:card\" content=\"summary_large_image\" \/>\n<meta name=\"twitter:label1\" content=\"Dur\u00e9e de lecture estim\u00e9e\" \/>\n\t<meta name=\"twitter:data1\" content=\"4 minutes\" \/>\n<script type=\"application\/ld+json\" class=\"yoast-schema-graph\">{\"@context\":\"https:\/\/schema.org\",\"@graph\":[{\"@type\":\"Article\",\"@id\":\"https:\/\/all-car-news.com\/fr\/audi-urbansphere-concept-la-vision-daudi-de-la-mobilite-urbaine\/#article\",\"isPartOf\":{\"@id\":\"https:\/\/all-car-news.com\/fr\/audi-urbansphere-concept-la-vision-daudi-de-la-mobilite-urbaine\/\"},\"author\":{\"name\":\"\",\"@id\":\"\"},\"headline\":\"Audi urbansphere concept : la vision d&rsquo;Audi de la mobilit\u00e9 urbaine\",\"datePublished\":\"2022-04-19T15:41:43+00:00\",\"dateModified\":\"2022-04-19T15:41:43+00:00\",\"mainEntityOfPage\":{\"@id\":\"https:\/\/all-car-news.com\/fr\/audi-urbansphere-concept-la-vision-daudi-de-la-mobilite-urbaine\/\"},\"wordCount\":733,\"commentCount\":0,\"publisher\":{\"@id\":\"https:\/\/all-car-news.com\/fr\/#organization\"},\"articleSection\":[\"Non classifi\u00e9(e)\",\"nouvelles de voiture\"],\"inLanguage\":\"fr-FR\",\"potentialAction\":[{\"@type\":\"CommentAction\",\"name\":\"Comment\",\"target\":[\"https:\/\/all-car-news.com\/fr\/audi-urbansphere-concept-la-vision-daudi-de-la-mobilite-urbaine\/#respond\"]}]},{\"@type\":\"WebPage\",\"@id\":\"https:\/\/all-car-news.com\/fr\/audi-urbansphere-concept-la-vision-daudi-de-la-mobilite-urbaine\/\",\"url\":\"https:\/\/all-car-news.com\/fr\/audi-urbansphere-concept-la-vision-daudi-de-la-mobilite-urbaine\/\",\"name\":\"Audi urbansphere concept : la vision d'Audi de la mobilit\u00e9 urbaine - All cars news\",\"isPartOf\":{\"@id\":\"https:\/\/all-car-news.com\/fr\/#website\"},\"datePublished\":\"2022-04-19T15:41:43+00:00\",\"dateModified\":\"2022-04-19T15:41:43+00:00\",\"breadcrumb\":{\"@id\":\"https:\/\/all-car-news.com\/fr\/audi-urbansphere-concept-la-vision-daudi-de-la-mobilite-urbaine\/#breadcrumb\"},\"inLanguage\":\"fr-FR\",\"potentialAction\":[{\"@type\":\"ReadAction\",\"target\":[\"https:\/\/all-car-news.com\/fr\/audi-urbansphere-concept-la-vision-daudi-de-la-mobilite-urbaine\/\"]}]},{\"@type\":\"BreadcrumbList\",\"@id\":\"https:\/\/all-car-news.com\/fr\/audi-urbansphere-concept-la-vision-daudi-de-la-mobilite-urbaine\/#breadcrumb\",\"itemListElement\":[{\"@type\":\"ListItem\",\"position\":1,\"name\":\"Home\",\"item\":\"https:\/\/all-car-news.com\/fr\/\"},{\"@type\":\"ListItem\",\"position\":2,\"name\":\"Audi urbansphere concept : la vision d&rsquo;Audi de la mobilit\u00e9 urbaine\"}]},{\"@type\":\"WebSite\",\"@id\":\"https:\/\/all-car-news.com\/fr\/#website\",\"url\":\"https:\/\/all-car-news.com\/fr\/\",\"name\":\"All cars news\",\"description\":\"\",\"publisher\":{\"@id\":\"https:\/\/all-car-news.com\/fr\/#organization\"},\"potentialAction\":[{\"@type\":\"SearchAction\",\"target\":{\"@type\":\"EntryPoint\",\"urlTemplate\":\"https:\/\/all-car-news.com\/fr\/?s={search_term_string}\"},\"query-input\":\"required name=search_term_string\"}],\"inLanguage\":\"fr-FR\"},{\"@type\":\"Organization\",\"@id\":\"https:\/\/all-car-news.com\/fr\/#organization\",\"name\":\"All cars news\",\"url\":\"https:\/\/all-car-news.com\/fr\/\",\"logo\":{\"@type\":\"ImageObject\",\"inLanguage\":\"fr-FR\",\"@id\":\"https:\/\/all-car-news.com\/fr\/#\/schema\/logo\/image\/\",\"url\":\"https:\/\/all-car-news.com\/wp-content\/uploads\/2022\/02\/CMYK-AllCarNews_LANDSCAPE_300px-1.png\",\"contentUrl\":\"https:\/\/all-car-news.com\/wp-content\/uploads\/2022\/02\/CMYK-AllCarNews_LANDSCAPE_300px-1.png\",\"width\":300,\"height\":100,\"caption\":\"All cars news\"},\"image\":{\"@id\":\"https:\/\/all-car-news.com\/fr\/#\/schema\/logo\/image\/\"}}]}<\/script>\n<!-- \/ Yoast SEO plugin. -->","yoast_head_json":{"title":"Audi urbansphere concept : la vision d'Audi de la mobilit\u00e9 urbaine - All cars news","robots":{"index":"index","follow":"follow","max-snippet":"max-snippet:-1","max-image-preview":"max-image-preview:large","max-video-preview":"max-video-preview:-1"},"canonical":"https:\/\/all-car-news.com\/fr\/audi-urbansphere-concept-la-vision-daudi-de-la-mobilite-urbaine\/","og_locale":"fr_FR","og_type":"article","og_title":"Audi urbansphere concept : la vision d'Audi de la mobilit\u00e9 urbaine - All cars news","og_description":"Audi sphere L'urbansphere est donc le troisi\u00e8me membre de la famille Audi sphere. Audi a d\u00e9j\u00e0 pr\u00e9sent\u00e9 un roadster appel\u00e9 \"skysphere\" et la luxueuse berline appel\u00e9e \"grandsphere\". Ce sont des mod\u00e8les qui anticipent l'avenir \u00e9lectrique de la marque. Inside-out Lors de la pr\u00e9sentation de l'urbansphere, Audi mentionne \u00e0 plusieurs reprises que la voiture est con\u00e7ue [\u2026]","og_url":"https:\/\/all-car-news.com\/fr\/audi-urbansphere-concept-la-vision-daudi-de-la-mobilite-urbaine\/","og_site_name":"All cars news","article_published_time":"2022-04-19T15:41:43+00:00","og_image":[{"url":"https:\/\/autorai.nl\/wp-content\/uploads\/2022\/04\/A215696_medium-1140x760.jpg"}],"twitter_card":"summary_large_image","twitter_misc":{"Dur\u00e9e de lecture estim\u00e9e":"4 minutes"},"schema":{"@context":"https:\/\/schema.org","@graph":[{"@type":"Article","@id":"https:\/\/all-car-news.com\/fr\/audi-urbansphere-concept-la-vision-daudi-de-la-mobilite-urbaine\/#article","isPartOf":{"@id":"https:\/\/all-car-news.com\/fr\/audi-urbansphere-concept-la-vision-daudi-de-la-mobilite-urbaine\/"},"author":{"name":"","@id":""},"headline":"Audi urbansphere concept : la vision d&rsquo;Audi de la mobilit\u00e9 urbaine","datePublished":"2022-04-19T15:41:43+00:00","dateModified":"2022-04-19T15:41:43+00:00","mainEntityOfPage":{"@id":"https:\/\/all-car-news.com\/fr\/audi-urbansphere-concept-la-vision-daudi-de-la-mobilite-urbaine\/"},"wordCount":733,"commentCount":0,"publisher":{"@id":"https:\/\/all-car-news.com\/fr\/#organization"},"articleSection":["Non classifi\u00e9(e)","nouvelles de voiture"],"inLanguage":"fr-FR","potentialAction":[{"@type":"CommentAction","name":"Comment","target":["https:\/\/all-car-news.com\/fr\/audi-urbansphere-concept-la-vision-daudi-de-la-mobilite-urbaine\/#respond"]}]},{"@type":"WebPage","@id":"https:\/\/all-car-news.com\/fr\/audi-urbansphere-concept-la-vision-daudi-de-la-mobilite-urbaine\/","url":"https:\/\/all-car-news.com\/fr\/audi-urbansphere-concept-la-vision-daudi-de-la-mobilite-urbaine\/","name":"Audi urbansphere concept : la vision d'Audi de la mobilit\u00e9 urbaine - All cars news","isPartOf":{"@id":"https:\/\/all-car-news.com\/fr\/#website"},"datePublished":"2022-04-19T15:41:43+00:00","dateModified":"2022-04-19T15:41:43+00:00","breadcrumb":{"@id":"https:\/\/all-car-news.com\/fr\/audi-urbansphere-concept-la-vision-daudi-de-la-mobilite-urbaine\/#breadcrumb"},"inLanguage":"fr-FR","potentialAction":[{"@type":"ReadAction","target":["https:\/\/all-car-news.com\/fr\/audi-urbansphere-concept-la-vision-daudi-de-la-mobilite-urbaine\/"]}]},{"@type":"BreadcrumbList","@id":"https:\/\/all-car-news.com\/fr\/audi-urbansphere-concept-la-vision-daudi-de-la-mobilite-urbaine\/#breadcrumb","itemListElement":[{"@type":"ListItem","position":1,"name":"Home","item":"https:\/\/all-car-news.com\/fr\/"},{"@type":"ListItem","position":2,"name":"Audi urbansphere concept : la vision d&rsquo;Audi de la mobilit\u00e9 urbaine"}]},{"@type":"WebSite","@id":"https:\/\/all-car-news.com\/fr\/#website","url":"https:\/\/all-car-news.com\/fr\/","name":"All cars news","description":"","publisher":{"@id":"https:\/\/all-car-news.com\/fr\/#organization"},"potentialAction":[{"@type":"SearchAction","target":{"@type":"EntryPoint","urlTemplate":"https:\/\/all-car-news.com\/fr\/?s={search_term_string}"},"query-input":"required name=search_term_string"}],"inLanguage":"fr-FR"},{"@type":"Organization","@id":"https:\/\/all-car-news.com\/fr\/#organization","name":"All cars news","url":"https:\/\/all-car-news.com\/fr\/","logo":{"@type":"ImageObject","inLanguage":"fr-FR","@id":"https:\/\/all-car-news.com\/fr\/#\/schema\/logo\/image\/","url":"https:\/\/all-car-news.com\/wp-content\/uploads\/2022\/02\/CMYK-AllCarNews_LANDSCAPE_300px-1.png","contentUrl":"https:\/\/all-car-news.com\/wp-content\/uploads\/2022\/02\/CMYK-AllCarNews_LANDSCAPE_300px-1.png","width":300,"height":100,"caption":"All cars news"},"image":{"@id":"https:\/\/all-car-news.com\/fr\/#\/schema\/logo\/image\/"}}]}},"_links":{"self":[{"href":"https:\/\/all-car-news.com\/fr\/wp-json\/wp\/v2\/posts\/119292","targetHints":{"allow":["GET"]}}],"collection":[{"href":"https:\/\/all-car-news.com\/fr\/wp-json\/wp\/v2\/posts"}],"about":[{"href":"https:\/\/all-car-news.com\/fr\/wp-json\/wp\/v2\/types\/post"}],"replies":[{"embeddable":true,"href":"https:\/\/all-car-news.com\/fr\/wp-json\/wp\/v2\/comments?post=119292"}],"version-history":[{"count":0,"href":"https:\/\/all-car-news.com\/fr\/wp-json\/wp\/v2\/posts\/119292\/revisions"}],"wp:attachment":[{"href":"https:\/\/all-car-news.com\/fr\/wp-json\/wp\/v2\/media?parent=119292"}],"wp:term":[{"taxonomy":"category","embeddable":true,"href":"https:\/\/all-car-news.com\/fr\/wp-json\/wp\/v2\/categories?post=119292"},{"taxonomy":"post_tag","embeddable":true,"href":"https:\/\/all-car-news.com\/fr\/wp-json\/wp\/v2\/tags?post=119292"}],"curies":[{"name":"wp","href":"https:\/\/api.w.org\/{rel}","templated":true}]}}