{"id":119255,"date":"2022-04-19T15:39:06","date_gmt":"2022-04-19T15:39:06","guid":{"rendered":"https:\/\/all-car-news.com\/noise-pole-dans-la-lutte-contre-la-pollution-sonore\/"},"modified":"2022-04-19T15:39:06","modified_gmt":"2022-04-19T15:39:06","slug":"noise-pole-dans-la-lutte-contre-la-pollution-sonore","status":"publish","type":"post","link":"https:\/\/all-car-news.com\/fr\/noise-pole-dans-la-lutte-contre-la-pollution-sonore\/","title":{"rendered":"&lsquo;Noise pole&rsquo; dans la lutte contre la pollution sonore"},"content":{"rendered":"<p>TNO a install\u00e9 3 cabines de mesure du son avec vid\u00e9o \u00e0 Amsterdam. En septembre et octobre 2021, des mesures ont \u00e9t\u00e9 prises sur un total de 15 jours, 5 jours par emplacement. La limite fix\u00e9e de 83 d\u00e9cibels a \u00e9t\u00e9 d\u00e9pass\u00e9e 408 fois par un v\u00e9hicule qui passait. La s\u00e9quence vid\u00e9o montre que les motocyclistes sont le vainqueur douteux.<\/p>\n<h2>83 d\u00e9cibels et plus c&rsquo;est perturbant<\/h2>\n<p>83 d\u00e9cibels n&rsquo;ont pas \u00e9t\u00e9 choisis au hasard. C&rsquo;est plus de bruit que n&rsquo;en produit un camion ou un autobus. Bref, selon TNO, il y a un bruit excessif de cette limite qui peut vous g\u00eaner.<\/p>\n<h2>Plus bruyant l&rsquo;apr\u00e8s-midi et le soir<\/h2>\n<p>\u00ab\u00a0Les silencieux, les acc\u00e9l\u00e9rations rapides et les r\u00e9gimes \u00e9lev\u00e9s ont \u00e9t\u00e9 la plupart du temps la cause du d\u00e9passement. Les motocyclistes ont commis le plus d&rsquo;erreurs, suivis des automobilistes. L&rsquo;apr\u00e8s-midi et le d\u00e9but de soir\u00e9e se sont av\u00e9r\u00e9s \u00eatre les moments les plus bruyants de la journ\u00e9e, mais des niveaux de bruit trop \u00e9lev\u00e9s ont parfois \u00e9t\u00e9 mesur\u00e9s la nuit \u00bb, ont d\u00e9clar\u00e9 les chercheurs.<\/p>\n<p><img decoding=\"async\" loading=\"lazy\" width=\"1140\" height=\"760\" class=\"alignnone size-medium wp-image-12558\" src=\"https:\/\/motorrai.nl\/wp-content\/uploads\/2019\/08\/Geluidsoverlast-Eifel-1-1140x760.jpg\" alt=\"\"><\/p>\n<h2>V\u00e9hicules relativement jeunes trop bruyants<\/h2>\n<p>Assez remarquablement, selon TNO, il s&rsquo;agit souvent de v\u00e9hicules relativement jeunes avec une ann\u00e9e de construction entre 2015 et 2021. \u00ab Le bruit n&rsquo;est donc pas toujours caus\u00e9 par le vieillissement ou l&rsquo;usure. Au contraire, ce sont souvent des modifications d\u00e9lib\u00e9r\u00e9es des motos ou des voitures qui provoquent un niveau de bruit tr\u00e8s \u00e9lev\u00e9.<\/p>\n<h2>Db killer et r\u00e9glage des puces<\/h2>\n<p>Le bruit fort peut \u00eatre caus\u00e9 par la suppression de la limitation du bruit (db-killer), un \u00e9chappement non certifi\u00e9 ou un r\u00e9glage des puces et souvent en combinaison avec un plein r\u00e9gime et\/ou une conduite trop rapide.<\/p>\n<h2>Peut-on s&rsquo;attendre \u00e0 une amende ?<\/h2>\n<p>Allez-vous bient\u00f4t recevoir un accus\u00e9 de r\u00e9ception pour une infraction au bruit&nbsp;? Pas vraiment, \u00e0 en juger par <a href=\"https:\/\/www.amsterdam.nl\/nieuws\/nieuwsoverzicht\/geluidsonderzoek\/\">la r\u00e9ponse de la municipalit\u00e9 d&rsquo;Amsterdam<\/a> : \u00ab L&rsquo;utilisation du radar sonore, avec lequel les contrevenants trouvent automatiquement une amende dans la bo\u00eete aux lettres s&rsquo;ils sont flash\u00e9s \u00e0 cause d&rsquo;un trop grand nombre de d\u00e9cibels, va encore plus loin. Cependant, cette m\u00e9thode n\u00e9cessite plus de temps et d&rsquo;efforts, et le soutien du gouvernement serait \u00e9galement souhaitable.<\/p>\n<p><img decoding=\"async\" loading=\"lazy\" width=\"700\" height=\"933\" class=\"alignnone size-full wp-image-24907\" src=\"https:\/\/motorrai.nl\/wp-content\/uploads\/2022\/04\/img_8024.jpg\" alt=\"\"><\/p>\n<h2>Dans quelles communes ?<\/h2>\n<p>Pourtant, les radars sonores sont sur la carte. Si vous mettez google au travail, vous verrez que de nombreuses municipalit\u00e9s y pensent. En plus d&rsquo;Amsterdam, ce sont \u00e9galement Utrecht, Rotterdam, Nim\u00e8gue et Hilversum.<\/p>\n<h2>Routes ferm\u00e9es<\/h2>\n<p>Les autorit\u00e9s municipales r\u00e9pondent aux plaintes des r\u00e9sidents demandant des mesures. Celles-ci vont souvent plus loin que l&rsquo;application de la loi et les amendes. De plus en plus de routes dans notre pays ainsi qu&rsquo;en Allemagne et en Autriche sont d\u00e9clar\u00e9es interdites aux motos le week-end. Dans notre pays, il s&rsquo;agit, par exemple, d&rsquo;un certain nombre de routes digues.<\/p>\n<h2>Campagne contre les moteurs trop bruyants<\/h2>\n<p>Faire de la moto est avant tout un plaisir et ne doit pas d\u00e9ranger les autres. Pour cette raison, la campagne <a href=\"https:\/\/www.motorrijdersactiegroep.nl\/artikelen\/te-luid-geluid-is-uit\">TE LOUD is UIT<\/a> a \u00e9t\u00e9 lanc\u00e9e il y a quelque temps par des m\u00e9dias motocyclistes et des groupes d&rsquo;int\u00e9r\u00eat. Ce serait peut-\u00eatre une id\u00e9e de prendre un peu plus \u00e0 c\u0153ur les recommandations qui y sont formul\u00e9es.<\/p>\n<p>&nbsp;<\/p>\n<p>&nbsp;<\/p>\n<p>&nbsp;<\/p>\n<p>&nbsp;<\/p>\n","protected":false},"excerpt":{"rendered":"TNO a install\u00e9 3 cabines de mesure du son avec vid\u00e9o \u00e0 Amsterdam. En septembre et octobre 2021, des mesures\u2026","protected":false},"author":0,"featured_media":0,"comment_status":"open","ping_status":"open","sticky":false,"template":"","format":"standard","meta":{"footnotes":""},"categories":[114,127],"tags":[],"class_list":["post-119255","post","type-post","status-publish","format-standard","hentry","category-non-classifiee","category-nouvelles-de-voiture"],"acf":[],"yoast_head":"<!-- This site is optimized with the Yoast SEO plugin v21.2 - https:\/\/yoast.com\/wordpress\/plugins\/seo\/ -->\n<title>&#039;Noise pole&#039; dans la lutte contre la pollution sonore - All cars news<\/title>\n<meta name=\"robots\" content=\"index, follow, max-snippet:-1, max-image-preview:large, max-video-preview:-1\" \/>\n<link rel=\"canonical\" href=\"https:\/\/all-car-news.com\/fr\/noise-pole-dans-la-lutte-contre-la-pollution-sonore\/\" \/>\n<meta property=\"og:locale\" content=\"fr_FR\" \/>\n<meta property=\"og:type\" content=\"article\" \/>\n<meta property=\"og:title\" content=\"&#039;Noise pole&#039; dans la lutte contre la pollution sonore - All cars news\" \/>\n<meta property=\"og:description\" content=\"TNO a install\u00e9 3 cabines de mesure du son avec vid\u00e9o \u00e0 Amsterdam. En septembre et octobre 2021, des mesures ont \u00e9t\u00e9 prises sur un total de 15 jours, 5 jours par emplacement. La limite fix\u00e9e de 83 d\u00e9cibels a \u00e9t\u00e9 d\u00e9pass\u00e9e 408 fois par un v\u00e9hicule qui passait. La s\u00e9quence vid\u00e9o montre que les motocyclistes sont le vainqueur douteux. 83 d\u00e9cibels et plus c\u2019est perturbant [\u2026]\" \/>\n<meta property=\"og:url\" content=\"https:\/\/all-car-news.com\/fr\/noise-pole-dans-la-lutte-contre-la-pollution-sonore\/\" \/>\n<meta property=\"og:site_name\" content=\"All cars news\" \/>\n<meta property=\"article:published_time\" content=\"2022-04-19T15:39:06+00:00\" \/>\n<meta property=\"og:image\" content=\"https:\/\/motorrai.nl\/wp-content\/uploads\/2019\/08\/Geluidsoverlast-Eifel-1-1140x760.jpg\" \/>\n<meta name=\"twitter:card\" content=\"summary_large_image\" \/>\n<meta name=\"twitter:label1\" content=\"Dur\u00e9e de lecture estim\u00e9e\" \/>\n\t<meta name=\"twitter:data1\" content=\"3 minutes\" \/>\n<script type=\"application\/ld+json\" class=\"yoast-schema-graph\">{\"@context\":\"https:\/\/schema.org\",\"@graph\":[{\"@type\":\"Article\",\"@id\":\"https:\/\/all-car-news.com\/fr\/noise-pole-dans-la-lutte-contre-la-pollution-sonore\/#article\",\"isPartOf\":{\"@id\":\"https:\/\/all-car-news.com\/fr\/noise-pole-dans-la-lutte-contre-la-pollution-sonore\/\"},\"author\":{\"name\":\"\",\"@id\":\"\"},\"headline\":\"&lsquo;Noise pole&rsquo; dans la lutte contre la pollution sonore\",\"datePublished\":\"2022-04-19T15:39:06+00:00\",\"dateModified\":\"2022-04-19T15:39:06+00:00\",\"mainEntityOfPage\":{\"@id\":\"https:\/\/all-car-news.com\/fr\/noise-pole-dans-la-lutte-contre-la-pollution-sonore\/\"},\"wordCount\":574,\"commentCount\":0,\"publisher\":{\"@id\":\"https:\/\/all-car-news.com\/fr\/#organization\"},\"articleSection\":[\"Non classifi\u00e9(e)\",\"nouvelles de voiture\"],\"inLanguage\":\"fr-FR\",\"potentialAction\":[{\"@type\":\"CommentAction\",\"name\":\"Comment\",\"target\":[\"https:\/\/all-car-news.com\/fr\/noise-pole-dans-la-lutte-contre-la-pollution-sonore\/#respond\"]}]},{\"@type\":\"WebPage\",\"@id\":\"https:\/\/all-car-news.com\/fr\/noise-pole-dans-la-lutte-contre-la-pollution-sonore\/\",\"url\":\"https:\/\/all-car-news.com\/fr\/noise-pole-dans-la-lutte-contre-la-pollution-sonore\/\",\"name\":\"'Noise pole' dans la lutte contre la pollution sonore - All cars news\",\"isPartOf\":{\"@id\":\"https:\/\/all-car-news.com\/fr\/#website\"},\"datePublished\":\"2022-04-19T15:39:06+00:00\",\"dateModified\":\"2022-04-19T15:39:06+00:00\",\"breadcrumb\":{\"@id\":\"https:\/\/all-car-news.com\/fr\/noise-pole-dans-la-lutte-contre-la-pollution-sonore\/#breadcrumb\"},\"inLanguage\":\"fr-FR\",\"potentialAction\":[{\"@type\":\"ReadAction\",\"target\":[\"https:\/\/all-car-news.com\/fr\/noise-pole-dans-la-lutte-contre-la-pollution-sonore\/\"]}]},{\"@type\":\"BreadcrumbList\",\"@id\":\"https:\/\/all-car-news.com\/fr\/noise-pole-dans-la-lutte-contre-la-pollution-sonore\/#breadcrumb\",\"itemListElement\":[{\"@type\":\"ListItem\",\"position\":1,\"name\":\"Home\",\"item\":\"https:\/\/all-car-news.com\/fr\/\"},{\"@type\":\"ListItem\",\"position\":2,\"name\":\"&lsquo;Noise pole&rsquo; dans la lutte contre la pollution sonore\"}]},{\"@type\":\"WebSite\",\"@id\":\"https:\/\/all-car-news.com\/fr\/#website\",\"url\":\"https:\/\/all-car-news.com\/fr\/\",\"name\":\"All cars news\",\"description\":\"\",\"publisher\":{\"@id\":\"https:\/\/all-car-news.com\/fr\/#organization\"},\"potentialAction\":[{\"@type\":\"SearchAction\",\"target\":{\"@type\":\"EntryPoint\",\"urlTemplate\":\"https:\/\/all-car-news.com\/fr\/?s={search_term_string}\"},\"query-input\":\"required name=search_term_string\"}],\"inLanguage\":\"fr-FR\"},{\"@type\":\"Organization\",\"@id\":\"https:\/\/all-car-news.com\/fr\/#organization\",\"name\":\"All cars news\",\"url\":\"https:\/\/all-car-news.com\/fr\/\",\"logo\":{\"@type\":\"ImageObject\",\"inLanguage\":\"fr-FR\",\"@id\":\"https:\/\/all-car-news.com\/fr\/#\/schema\/logo\/image\/\",\"url\":\"https:\/\/all-car-news.com\/wp-content\/uploads\/2022\/02\/CMYK-AllCarNews_LANDSCAPE_300px-1.png\",\"contentUrl\":\"https:\/\/all-car-news.com\/wp-content\/uploads\/2022\/02\/CMYK-AllCarNews_LANDSCAPE_300px-1.png\",\"width\":300,\"height\":100,\"caption\":\"All cars news\"},\"image\":{\"@id\":\"https:\/\/all-car-news.com\/fr\/#\/schema\/logo\/image\/\"}}]}<\/script>\n<!-- \/ Yoast SEO plugin. -->","yoast_head_json":{"title":"'Noise pole' dans la lutte contre la pollution sonore - All cars news","robots":{"index":"index","follow":"follow","max-snippet":"max-snippet:-1","max-image-preview":"max-image-preview:large","max-video-preview":"max-video-preview:-1"},"canonical":"https:\/\/all-car-news.com\/fr\/noise-pole-dans-la-lutte-contre-la-pollution-sonore\/","og_locale":"fr_FR","og_type":"article","og_title":"'Noise pole' dans la lutte contre la pollution sonore - All cars news","og_description":"TNO a install\u00e9 3 cabines de mesure du son avec vid\u00e9o \u00e0 Amsterdam. En septembre et octobre 2021, des mesures ont \u00e9t\u00e9 prises sur un total de 15 jours, 5 jours par emplacement. La limite fix\u00e9e de 83 d\u00e9cibels a \u00e9t\u00e9 d\u00e9pass\u00e9e 408 fois par un v\u00e9hicule qui passait. La s\u00e9quence vid\u00e9o montre que les motocyclistes sont le vainqueur douteux. 83 d\u00e9cibels et plus c\u2019est perturbant [\u2026]","og_url":"https:\/\/all-car-news.com\/fr\/noise-pole-dans-la-lutte-contre-la-pollution-sonore\/","og_site_name":"All cars news","article_published_time":"2022-04-19T15:39:06+00:00","og_image":[{"url":"https:\/\/motorrai.nl\/wp-content\/uploads\/2019\/08\/Geluidsoverlast-Eifel-1-1140x760.jpg"}],"twitter_card":"summary_large_image","twitter_misc":{"Dur\u00e9e de lecture estim\u00e9e":"3 minutes"},"schema":{"@context":"https:\/\/schema.org","@graph":[{"@type":"Article","@id":"https:\/\/all-car-news.com\/fr\/noise-pole-dans-la-lutte-contre-la-pollution-sonore\/#article","isPartOf":{"@id":"https:\/\/all-car-news.com\/fr\/noise-pole-dans-la-lutte-contre-la-pollution-sonore\/"},"author":{"name":"","@id":""},"headline":"&lsquo;Noise pole&rsquo; dans la lutte contre la pollution sonore","datePublished":"2022-04-19T15:39:06+00:00","dateModified":"2022-04-19T15:39:06+00:00","mainEntityOfPage":{"@id":"https:\/\/all-car-news.com\/fr\/noise-pole-dans-la-lutte-contre-la-pollution-sonore\/"},"wordCount":574,"commentCount":0,"publisher":{"@id":"https:\/\/all-car-news.com\/fr\/#organization"},"articleSection":["Non classifi\u00e9(e)","nouvelles de voiture"],"inLanguage":"fr-FR","potentialAction":[{"@type":"CommentAction","name":"Comment","target":["https:\/\/all-car-news.com\/fr\/noise-pole-dans-la-lutte-contre-la-pollution-sonore\/#respond"]}]},{"@type":"WebPage","@id":"https:\/\/all-car-news.com\/fr\/noise-pole-dans-la-lutte-contre-la-pollution-sonore\/","url":"https:\/\/all-car-news.com\/fr\/noise-pole-dans-la-lutte-contre-la-pollution-sonore\/","name":"'Noise pole' dans la lutte contre la pollution sonore - All cars news","isPartOf":{"@id":"https:\/\/all-car-news.com\/fr\/#website"},"datePublished":"2022-04-19T15:39:06+00:00","dateModified":"2022-04-19T15:39:06+00:00","breadcrumb":{"@id":"https:\/\/all-car-news.com\/fr\/noise-pole-dans-la-lutte-contre-la-pollution-sonore\/#breadcrumb"},"inLanguage":"fr-FR","potentialAction":[{"@type":"ReadAction","target":["https:\/\/all-car-news.com\/fr\/noise-pole-dans-la-lutte-contre-la-pollution-sonore\/"]}]},{"@type":"BreadcrumbList","@id":"https:\/\/all-car-news.com\/fr\/noise-pole-dans-la-lutte-contre-la-pollution-sonore\/#breadcrumb","itemListElement":[{"@type":"ListItem","position":1,"name":"Home","item":"https:\/\/all-car-news.com\/fr\/"},{"@type":"ListItem","position":2,"name":"&lsquo;Noise pole&rsquo; dans la lutte contre la pollution sonore"}]},{"@type":"WebSite","@id":"https:\/\/all-car-news.com\/fr\/#website","url":"https:\/\/all-car-news.com\/fr\/","name":"All cars news","description":"","publisher":{"@id":"https:\/\/all-car-news.com\/fr\/#organization"},"potentialAction":[{"@type":"SearchAction","target":{"@type":"EntryPoint","urlTemplate":"https:\/\/all-car-news.com\/fr\/?s={search_term_string}"},"query-input":"required name=search_term_string"}],"inLanguage":"fr-FR"},{"@type":"Organization","@id":"https:\/\/all-car-news.com\/fr\/#organization","name":"All cars news","url":"https:\/\/all-car-news.com\/fr\/","logo":{"@type":"ImageObject","inLanguage":"fr-FR","@id":"https:\/\/all-car-news.com\/fr\/#\/schema\/logo\/image\/","url":"https:\/\/all-car-news.com\/wp-content\/uploads\/2022\/02\/CMYK-AllCarNews_LANDSCAPE_300px-1.png","contentUrl":"https:\/\/all-car-news.com\/wp-content\/uploads\/2022\/02\/CMYK-AllCarNews_LANDSCAPE_300px-1.png","width":300,"height":100,"caption":"All cars news"},"image":{"@id":"https:\/\/all-car-news.com\/fr\/#\/schema\/logo\/image\/"}}]}},"_links":{"self":[{"href":"https:\/\/all-car-news.com\/fr\/wp-json\/wp\/v2\/posts\/119255","targetHints":{"allow":["GET"]}}],"collection":[{"href":"https:\/\/all-car-news.com\/fr\/wp-json\/wp\/v2\/posts"}],"about":[{"href":"https:\/\/all-car-news.com\/fr\/wp-json\/wp\/v2\/types\/post"}],"replies":[{"embeddable":true,"href":"https:\/\/all-car-news.com\/fr\/wp-json\/wp\/v2\/comments?post=119255"}],"version-history":[{"count":0,"href":"https:\/\/all-car-news.com\/fr\/wp-json\/wp\/v2\/posts\/119255\/revisions"}],"wp:attachment":[{"href":"https:\/\/all-car-news.com\/fr\/wp-json\/wp\/v2\/media?parent=119255"}],"wp:term":[{"taxonomy":"category","embeddable":true,"href":"https:\/\/all-car-news.com\/fr\/wp-json\/wp\/v2\/categories?post=119255"},{"taxonomy":"post_tag","embeddable":true,"href":"https:\/\/all-car-news.com\/fr\/wp-json\/wp\/v2\/tags?post=119255"}],"curies":[{"name":"wp","href":"https:\/\/api.w.org\/{rel}","templated":true}]}}