{"id":119237,"date":"2022-04-06T16:46:12","date_gmt":"2022-04-06T16:46:12","guid":{"rendered":"https:\/\/all-car-news.com\/cela-coute-lalfa-romeo-tonale-edizione-speciale-aux-pays-bas\/"},"modified":"2022-04-06T16:46:12","modified_gmt":"2022-04-06T16:46:12","slug":"cela-coute-lalfa-romeo-tonale-edizione-speciale-aux-pays-bas","status":"publish","type":"post","link":"https:\/\/all-car-news.com\/fr\/cela-coute-lalfa-romeo-tonale-edizione-speciale-aux-pays-bas\/","title":{"rendered":"Cela co\u00fbte l&rsquo;Alfa Romeo Tonale &lsquo;Edizione Speciale&rsquo; aux Pays-Bas"},"content":{"rendered":"<\/p>\n<h2>Alfa Rom\u00e9o Tonale<\/h2>\n<p>La <a href=\"https:\/\/autorai.nl\/alfa-romeo-onthult-de-tonale-begin-februari\/\" target=\"_blank\" rel=\"noreferrer noopener\">Tonale<\/a> est la premi\u00e8re toute nouvelle Alfa Romeo depuis fin 2016. Avec le Tonale, les Italiens concurrenceront les BMW X1 et X2, l&rsquo;Audi Q3 et le Mercedes-Benz GLA. Ils ont \u00e9galement le Volvo XC40 et le Jaguar E-Pace en ligne de mire. Alfa d\u00e9butera cet \u00e9t\u00e9 avec une version plus \u00e9paisse : l&rsquo;Edizione Speciale.<\/p>\n<figure class=\"wp-block-image size-content\"><img decoding=\"async\" loading=\"lazy\" width=\"1140\" height=\"760\" src=\"https:\/\/autorai.nl\/wp-content\/uploads\/2022\/04\/Tonale_EDIZIONE-SPECIALE_hero-1140x760.jpg\" alt=\"\" class=\"wp-image-119518\"><\/figure>\n<h2>Hybride tonal<\/h2>\n<p>Cette version d&rsquo;introduction dispose d&rsquo;un groupe motopropulseur hybride compos\u00e9 d&rsquo;un moteur quatre cylindres de 1,5 litre de 130 ch coupl\u00e9 \u00e0 une transmission automatique \u00e0 double embrayage \u00e0 sept rapports. Une batterie de 48 volts et un petit moteur \u00e9lectrique assistent le moteur \u00e0 essence pour r\u00e9duire la consommation de carburant.<\/p>\n<figure class=\"wp-block-image size-content\"><img decoding=\"async\" loading=\"lazy\" width=\"1140\" height=\"760\" src=\"https:\/\/autorai.nl\/wp-content\/uploads\/2022\/04\/Tonale_EDIZIONE-SPECIALE_lifestyle-2-1140x760.jpg\" alt=\"\" class=\"wp-image-119520\"><\/figure>\n<h2>Habill\u00e9 \u00e9pais<\/h2>\n<p>Alfa a d\u00e9cor\u00e9 l&rsquo;Edizione Speciale avec beaucoup de belles choses. Pensez \u00e0 des roues de 20 pouces avec des \u00e9triers de frein rouges derri\u00e8re eux, des lampes Matrix LED, des palettes de changement de vitesse en aluminium et des si\u00e8ges recouverts d&rsquo;Alcantara. Des trucs qui correspondent \u00e0 un SUV italien de luxe. Des gadgets techniques tels qu&rsquo;un hayon \u00e0 commande \u00e9lectrique, des capteurs de stationnement avant et arri\u00e8re, une cam\u00e9ra de recul, une entr\u00e9e sans cl\u00e9, la reconnaissance des panneaux de signalisation et un r\u00e9gulateur de vitesse adaptatif sont \u00e9galement inclus sur cette version sp\u00e9ciale.<\/p>\n<figure class=\"wp-block-image size-content\"><img decoding=\"async\" loading=\"lazy\" width=\"1140\" height=\"855\" src=\"https:\/\/autorai.nl\/wp-content\/uploads\/2022\/04\/Tonale_EDIZIONE-SPECIALE_interiors-1-1140x855.jpg\" alt=\"\" class=\"wp-image-119519\"><\/figure>\n<h2>Combien co\u00fbte l&rsquo;Alfa Romeo Tonale ?<\/h2>\n<p>Alfa Romeo demande 46 080 euros pour la <a href=\"https:\/\/autorai.nl\/dit-is-de-nieuwe-alfa-romeo-tonale\/\" target=\"_blank\" rel=\"noreferrer noopener\">Tonale<\/a> Edizione Speciale. Le SUV compact devrait \u00eatre dans les salles d&rsquo;exposition n\u00e9erlandaises avant l&rsquo;\u00e9t\u00e9. Bien s\u00fbr, d&rsquo;autres variantes suivront plus tard, dont un slip-on qui co\u00fbtera environ 40 000 euros. Un hybride rechargeable de 275 ch suivra plus tard. Ce soi-disant Tonale Plug-in Hybrid e-Q4 est le premier hybride rechargeable de la marque et dispose d&rsquo;une autonomie \u00e9lectrique allant jusqu&rsquo;\u00e0 80 kilom\u00e8tres. Toutes les informations sur la nouvelle Alfa se <a href=\"https:\/\/autorai.nl\/dit-is-de-nieuwe-alfa-romeo-tonale\/\" target=\"_blank\" rel=\"noreferrer noopener\">trouvent ici<\/a> : <\/p>\n<figure class=\"wp-block-embed is-type-wp-embed is-provider-autorai-nl wp-block-embed-autorai-nl\">\n<div class=\"wp-block-embed__wrapper\">\n<blockquote class=\"wp-embedded-content\" data-secret=\"qQCFo0UFQw\"><p><a href=\"https:\/\/autorai.nl\/dit-is-de-nieuwe-alfa-romeo-tonale\/\">Voici la nouvelle Alfa Romeo Tonale<\/a><\/p><\/blockquote>\n<\/div>\n<\/figure>\n","protected":false},"excerpt":{"rendered":"Alfa Romeo Tonale La Tonale est la premi\u00e8re toute nouvelle Alfa Romeo depuis fin 2016. Avec le Tonale, les Italiens\u2026","protected":false},"author":0,"featured_media":0,"comment_status":"open","ping_status":"open","sticky":false,"template":"","format":"standard","meta":{"footnotes":""},"categories":[114,127],"tags":[],"class_list":["post-119237","post","type-post","status-publish","format-standard","hentry","category-non-classifiee","category-nouvelles-de-voiture"],"acf":[],"yoast_head":"<!-- This site is optimized with the Yoast SEO plugin v21.2 - https:\/\/yoast.com\/wordpress\/plugins\/seo\/ -->\n<title>Cela co\u00fbte l&#039;Alfa Romeo Tonale &#039;Edizione Speciale&#039; aux Pays-Bas - All cars news<\/title>\n<meta name=\"robots\" content=\"index, follow, max-snippet:-1, max-image-preview:large, max-video-preview:-1\" \/>\n<link rel=\"canonical\" href=\"https:\/\/all-car-news.com\/fr\/cela-coute-lalfa-romeo-tonale-edizione-speciale-aux-pays-bas\/\" \/>\n<meta property=\"og:locale\" content=\"fr_FR\" \/>\n<meta property=\"og:type\" content=\"article\" \/>\n<meta property=\"og:title\" content=\"Cela co\u00fbte l&#039;Alfa Romeo Tonale &#039;Edizione Speciale&#039; aux Pays-Bas - All cars news\" \/>\n<meta property=\"og:description\" content=\"Alfa Romeo Tonale La Tonale est la premi\u00e8re toute nouvelle Alfa Romeo depuis fin 2016. Avec le Tonale, les Italiens concurrenceront les BMW X1 et X2, l&#039;Audi Q3 et le Mercedes-Benz GLA. Ils ont \u00e9galement le Volvo XC40 et le Jaguar E-Pace en ligne de mire. Alfa d\u00e9marre cet \u00e9t\u00e9 avec un [\u2026]\" \/>\n<meta property=\"og:url\" content=\"https:\/\/all-car-news.com\/fr\/cela-coute-lalfa-romeo-tonale-edizione-speciale-aux-pays-bas\/\" \/>\n<meta property=\"og:site_name\" content=\"All cars news\" \/>\n<meta property=\"article:published_time\" content=\"2022-04-06T16:46:12+00:00\" \/>\n<meta property=\"og:image\" content=\"https:\/\/autorai.nl\/wp-content\/uploads\/2022\/04\/Tonale_EDIZIONE-SPECIALE_hero-1140x760.jpg\" \/>\n<meta name=\"twitter:card\" content=\"summary_large_image\" \/>\n<meta name=\"twitter:label1\" content=\"Dur\u00e9e de lecture estim\u00e9e\" \/>\n\t<meta name=\"twitter:data1\" content=\"1 minute\" \/>\n<script type=\"application\/ld+json\" class=\"yoast-schema-graph\">{\"@context\":\"https:\/\/schema.org\",\"@graph\":[{\"@type\":\"Article\",\"@id\":\"https:\/\/all-car-news.com\/fr\/cela-coute-lalfa-romeo-tonale-edizione-speciale-aux-pays-bas\/#article\",\"isPartOf\":{\"@id\":\"https:\/\/all-car-news.com\/fr\/cela-coute-lalfa-romeo-tonale-edizione-speciale-aux-pays-bas\/\"},\"author\":{\"name\":\"\",\"@id\":\"\"},\"headline\":\"Cela co\u00fbte l&rsquo;Alfa Romeo Tonale &lsquo;Edizione Speciale&rsquo; aux Pays-Bas\",\"datePublished\":\"2022-04-06T16:46:12+00:00\",\"dateModified\":\"2022-04-06T16:46:12+00:00\",\"mainEntityOfPage\":{\"@id\":\"https:\/\/all-car-news.com\/fr\/cela-coute-lalfa-romeo-tonale-edizione-speciale-aux-pays-bas\/\"},\"wordCount\":309,\"commentCount\":0,\"publisher\":{\"@id\":\"https:\/\/all-car-news.com\/fr\/#organization\"},\"articleSection\":[\"Non classifi\u00e9(e)\",\"nouvelles de voiture\"],\"inLanguage\":\"fr-FR\",\"potentialAction\":[{\"@type\":\"CommentAction\",\"name\":\"Comment\",\"target\":[\"https:\/\/all-car-news.com\/fr\/cela-coute-lalfa-romeo-tonale-edizione-speciale-aux-pays-bas\/#respond\"]}]},{\"@type\":\"WebPage\",\"@id\":\"https:\/\/all-car-news.com\/fr\/cela-coute-lalfa-romeo-tonale-edizione-speciale-aux-pays-bas\/\",\"url\":\"https:\/\/all-car-news.com\/fr\/cela-coute-lalfa-romeo-tonale-edizione-speciale-aux-pays-bas\/\",\"name\":\"Cela co\u00fbte l'Alfa Romeo Tonale 'Edizione Speciale' aux Pays-Bas - All cars news\",\"isPartOf\":{\"@id\":\"https:\/\/all-car-news.com\/fr\/#website\"},\"datePublished\":\"2022-04-06T16:46:12+00:00\",\"dateModified\":\"2022-04-06T16:46:12+00:00\",\"breadcrumb\":{\"@id\":\"https:\/\/all-car-news.com\/fr\/cela-coute-lalfa-romeo-tonale-edizione-speciale-aux-pays-bas\/#breadcrumb\"},\"inLanguage\":\"fr-FR\",\"potentialAction\":[{\"@type\":\"ReadAction\",\"target\":[\"https:\/\/all-car-news.com\/fr\/cela-coute-lalfa-romeo-tonale-edizione-speciale-aux-pays-bas\/\"]}]},{\"@type\":\"BreadcrumbList\",\"@id\":\"https:\/\/all-car-news.com\/fr\/cela-coute-lalfa-romeo-tonale-edizione-speciale-aux-pays-bas\/#breadcrumb\",\"itemListElement\":[{\"@type\":\"ListItem\",\"position\":1,\"name\":\"Home\",\"item\":\"https:\/\/all-car-news.com\/fr\/\"},{\"@type\":\"ListItem\",\"position\":2,\"name\":\"Cela co\u00fbte l&rsquo;Alfa Romeo Tonale &lsquo;Edizione Speciale&rsquo; aux Pays-Bas\"}]},{\"@type\":\"WebSite\",\"@id\":\"https:\/\/all-car-news.com\/fr\/#website\",\"url\":\"https:\/\/all-car-news.com\/fr\/\",\"name\":\"All cars news\",\"description\":\"\",\"publisher\":{\"@id\":\"https:\/\/all-car-news.com\/fr\/#organization\"},\"potentialAction\":[{\"@type\":\"SearchAction\",\"target\":{\"@type\":\"EntryPoint\",\"urlTemplate\":\"https:\/\/all-car-news.com\/fr\/?s={search_term_string}\"},\"query-input\":\"required name=search_term_string\"}],\"inLanguage\":\"fr-FR\"},{\"@type\":\"Organization\",\"@id\":\"https:\/\/all-car-news.com\/fr\/#organization\",\"name\":\"All cars news\",\"url\":\"https:\/\/all-car-news.com\/fr\/\",\"logo\":{\"@type\":\"ImageObject\",\"inLanguage\":\"fr-FR\",\"@id\":\"https:\/\/all-car-news.com\/fr\/#\/schema\/logo\/image\/\",\"url\":\"https:\/\/all-car-news.com\/wp-content\/uploads\/2022\/02\/CMYK-AllCarNews_LANDSCAPE_300px-1.png\",\"contentUrl\":\"https:\/\/all-car-news.com\/wp-content\/uploads\/2022\/02\/CMYK-AllCarNews_LANDSCAPE_300px-1.png\",\"width\":300,\"height\":100,\"caption\":\"All cars news\"},\"image\":{\"@id\":\"https:\/\/all-car-news.com\/fr\/#\/schema\/logo\/image\/\"}}]}<\/script>\n<!-- \/ Yoast SEO plugin. -->","yoast_head_json":{"title":"Cela co\u00fbte l'Alfa Romeo Tonale 'Edizione Speciale' aux Pays-Bas - All cars news","robots":{"index":"index","follow":"follow","max-snippet":"max-snippet:-1","max-image-preview":"max-image-preview:large","max-video-preview":"max-video-preview:-1"},"canonical":"https:\/\/all-car-news.com\/fr\/cela-coute-lalfa-romeo-tonale-edizione-speciale-aux-pays-bas\/","og_locale":"fr_FR","og_type":"article","og_title":"Cela co\u00fbte l'Alfa Romeo Tonale 'Edizione Speciale' aux Pays-Bas - All cars news","og_description":"Alfa Romeo Tonale La Tonale est la premi\u00e8re toute nouvelle Alfa Romeo depuis fin 2016. Avec le Tonale, les Italiens concurrenceront les BMW X1 et X2, l'Audi Q3 et le Mercedes-Benz GLA. Ils ont \u00e9galement le Volvo XC40 et le Jaguar E-Pace en ligne de mire. Alfa d\u00e9marre cet \u00e9t\u00e9 avec un [\u2026]","og_url":"https:\/\/all-car-news.com\/fr\/cela-coute-lalfa-romeo-tonale-edizione-speciale-aux-pays-bas\/","og_site_name":"All cars news","article_published_time":"2022-04-06T16:46:12+00:00","og_image":[{"url":"https:\/\/autorai.nl\/wp-content\/uploads\/2022\/04\/Tonale_EDIZIONE-SPECIALE_hero-1140x760.jpg"}],"twitter_card":"summary_large_image","twitter_misc":{"Dur\u00e9e de lecture estim\u00e9e":"1 minute"},"schema":{"@context":"https:\/\/schema.org","@graph":[{"@type":"Article","@id":"https:\/\/all-car-news.com\/fr\/cela-coute-lalfa-romeo-tonale-edizione-speciale-aux-pays-bas\/#article","isPartOf":{"@id":"https:\/\/all-car-news.com\/fr\/cela-coute-lalfa-romeo-tonale-edizione-speciale-aux-pays-bas\/"},"author":{"name":"","@id":""},"headline":"Cela co\u00fbte l&rsquo;Alfa Romeo Tonale &lsquo;Edizione Speciale&rsquo; aux Pays-Bas","datePublished":"2022-04-06T16:46:12+00:00","dateModified":"2022-04-06T16:46:12+00:00","mainEntityOfPage":{"@id":"https:\/\/all-car-news.com\/fr\/cela-coute-lalfa-romeo-tonale-edizione-speciale-aux-pays-bas\/"},"wordCount":309,"commentCount":0,"publisher":{"@id":"https:\/\/all-car-news.com\/fr\/#organization"},"articleSection":["Non classifi\u00e9(e)","nouvelles de voiture"],"inLanguage":"fr-FR","potentialAction":[{"@type":"CommentAction","name":"Comment","target":["https:\/\/all-car-news.com\/fr\/cela-coute-lalfa-romeo-tonale-edizione-speciale-aux-pays-bas\/#respond"]}]},{"@type":"WebPage","@id":"https:\/\/all-car-news.com\/fr\/cela-coute-lalfa-romeo-tonale-edizione-speciale-aux-pays-bas\/","url":"https:\/\/all-car-news.com\/fr\/cela-coute-lalfa-romeo-tonale-edizione-speciale-aux-pays-bas\/","name":"Cela co\u00fbte l'Alfa Romeo Tonale 'Edizione Speciale' aux Pays-Bas - All cars news","isPartOf":{"@id":"https:\/\/all-car-news.com\/fr\/#website"},"datePublished":"2022-04-06T16:46:12+00:00","dateModified":"2022-04-06T16:46:12+00:00","breadcrumb":{"@id":"https:\/\/all-car-news.com\/fr\/cela-coute-lalfa-romeo-tonale-edizione-speciale-aux-pays-bas\/#breadcrumb"},"inLanguage":"fr-FR","potentialAction":[{"@type":"ReadAction","target":["https:\/\/all-car-news.com\/fr\/cela-coute-lalfa-romeo-tonale-edizione-speciale-aux-pays-bas\/"]}]},{"@type":"BreadcrumbList","@id":"https:\/\/all-car-news.com\/fr\/cela-coute-lalfa-romeo-tonale-edizione-speciale-aux-pays-bas\/#breadcrumb","itemListElement":[{"@type":"ListItem","position":1,"name":"Home","item":"https:\/\/all-car-news.com\/fr\/"},{"@type":"ListItem","position":2,"name":"Cela co\u00fbte l&rsquo;Alfa Romeo Tonale &lsquo;Edizione Speciale&rsquo; aux Pays-Bas"}]},{"@type":"WebSite","@id":"https:\/\/all-car-news.com\/fr\/#website","url":"https:\/\/all-car-news.com\/fr\/","name":"All cars news","description":"","publisher":{"@id":"https:\/\/all-car-news.com\/fr\/#organization"},"potentialAction":[{"@type":"SearchAction","target":{"@type":"EntryPoint","urlTemplate":"https:\/\/all-car-news.com\/fr\/?s={search_term_string}"},"query-input":"required name=search_term_string"}],"inLanguage":"fr-FR"},{"@type":"Organization","@id":"https:\/\/all-car-news.com\/fr\/#organization","name":"All cars news","url":"https:\/\/all-car-news.com\/fr\/","logo":{"@type":"ImageObject","inLanguage":"fr-FR","@id":"https:\/\/all-car-news.com\/fr\/#\/schema\/logo\/image\/","url":"https:\/\/all-car-news.com\/wp-content\/uploads\/2022\/02\/CMYK-AllCarNews_LANDSCAPE_300px-1.png","contentUrl":"https:\/\/all-car-news.com\/wp-content\/uploads\/2022\/02\/CMYK-AllCarNews_LANDSCAPE_300px-1.png","width":300,"height":100,"caption":"All cars news"},"image":{"@id":"https:\/\/all-car-news.com\/fr\/#\/schema\/logo\/image\/"}}]}},"_links":{"self":[{"href":"https:\/\/all-car-news.com\/fr\/wp-json\/wp\/v2\/posts\/119237","targetHints":{"allow":["GET"]}}],"collection":[{"href":"https:\/\/all-car-news.com\/fr\/wp-json\/wp\/v2\/posts"}],"about":[{"href":"https:\/\/all-car-news.com\/fr\/wp-json\/wp\/v2\/types\/post"}],"replies":[{"embeddable":true,"href":"https:\/\/all-car-news.com\/fr\/wp-json\/wp\/v2\/comments?post=119237"}],"version-history":[{"count":0,"href":"https:\/\/all-car-news.com\/fr\/wp-json\/wp\/v2\/posts\/119237\/revisions"}],"wp:attachment":[{"href":"https:\/\/all-car-news.com\/fr\/wp-json\/wp\/v2\/media?parent=119237"}],"wp:term":[{"taxonomy":"category","embeddable":true,"href":"https:\/\/all-car-news.com\/fr\/wp-json\/wp\/v2\/categories?post=119237"},{"taxonomy":"post_tag","embeddable":true,"href":"https:\/\/all-car-news.com\/fr\/wp-json\/wp\/v2\/tags?post=119237"}],"curies":[{"name":"wp","href":"https:\/\/api.w.org\/{rel}","templated":true}]}}