{"id":119116,"date":"2022-03-31T09:57:24","date_gmt":"2022-03-31T09:57:24","guid":{"rendered":"https:\/\/all-car-news.com\/essai-voiture-ford-transit-trail-2021\/"},"modified":"2022-03-31T09:57:46","modified_gmt":"2022-03-31T09:57:46","slug":"essai-voiture-ford-transit-trail-2021","status":"publish","type":"post","link":"https:\/\/all-car-news.com\/fr\/essai-voiture-ford-transit-trail-2021\/","title":{"rendered":"ESSAI VOITURE \u2013 FORD TRANSIT TRAIL (2021)"},"content":{"rendered":"\n<p>Pas un Transit ordinaire et \u00e7a se voit d\u00e9j\u00e0 \u00e0 l&rsquo;avant<\/p>\n\n<p><strong>Une calandre enti\u00e8rement noire avec de grandes lettres FORD caract\u00e9rise la version Trail du Transit, le plus grand fourgon de livraison de Ford. <\/strong><\/p>\n\n<p>Le Ford Transit Trail n&rsquo;est pas qu&rsquo;une question d&rsquo;allure audacieuse. L&rsquo;entra\u00eenement a un blocage de diff\u00e9rentiel m\u00e9canique. Cela se d\u00e9clenche d\u00e8s que l&rsquo;une des roues avant motrices perd de la traction et commence \u00e0 d\u00e9raper. A ce moment, la puissance motrice est dirig\u00e9e vers l&rsquo;autre roue qui a encore de l&rsquo;adh\u00e9rence.<\/p>\n\n<h2 class=\"wp-block-heading\">Centrale \u00e9lectrique du Transit Trail sur le chantier de construction<\/h2>\n\n<p>Le Transit Trail est plus facile \u00e0 d\u00e9placer \u00e0 partir d&rsquo;un arr\u00eat sur des surfaces meubles, comme sur un chantier de construction. De plus, le blocage de diff\u00e9rentiel m\u00e9canique assure que le Transit est plus stable dans les virages. Apr\u00e8s tout, la plus grande puissance de traction va toujours \u00e0 la roue qui a le plus d&rsquo;adh\u00e9rence. Dans le virage c&rsquo;est la roue ext\u00e9rieure. Celui-ci est press\u00e9 avec plus de force sur la surface de la route, tandis que la roue int\u00e9rieure perd de la pression et est plus susceptible de glisser lorsque vous acc\u00e9l\u00e9rez pour acc\u00e9l\u00e9rer \u00e0 nouveau.<\/p>\n\n<figure class=\"wp-block-image\"><img decoding=\"async\" src=\"https:\/\/autorai.nl\/wp-content\/uploads\/2021\/09\/Ford-Transit-Trail-13.jpg\" alt=\"\" class=\"wp-image-109998\"\/><\/figure>\n\n<h2 class=\"wp-block-heading\">Plus d&rsquo;apparence<\/h2>\n\n<p>Retour \u00e0 l&rsquo;apparence. Nous vous ferons faire le tour du Transit Trail. Le pare-chocs avant a une forme diff\u00e9rente et poss\u00e8de une plaque de protection de couleur m\u00e9tal sur la face inf\u00e9rieure. Les protections lat\u00e9rales noires en bas de caisse sont \u00e9galement sp\u00e9cifiques \u00e0 cette version, tout comme les jantes en alliage noir brillant.<\/p>\n\n<h2 class=\"wp-block-heading\">Longueur de plancher de chargement de plus de 4 m\u00e8tres !<\/h2>\n\n<p>Le Ford Transit est sur le march\u00e9 sous cette forme depuis plusieurs ann\u00e9es maintenant. C&rsquo;est toujours l&rsquo;un des grands fourgons les plus vendus et ce mod\u00e8le doit certainement cela \u00e0 une solide r\u00e9putation des g\u00e9n\u00e9rations pr\u00e9c\u00e9dentes. C&rsquo;est le plus spacieux de son genre. Le Transit dans ce test est la variante H3\/L3. Ensuite, l&rsquo;espace de chargement est d\u00e9j\u00e0 immense. Ford propose une autre version L4 avec 15,1 m\u00e8tres cubes d&rsquo;espace de chargement et une longueur de plancher de chargement de 4 217 mm !<\/p>\n\n<h2 class=\"wp-block-heading\">Jusqu&rsquo;\u00e0 2 397 kg de charge utile<\/h2>\n\n<p>Le Ford Transit est \u00e9galement l&rsquo;un des rares gros fourgons de livraison disponibles dans une variante de 5 tonnes. La charge utile s&rsquo;\u00e9l\u00e8ve alors \u00e0 2 397 kg. La marche int\u00e9gr\u00e9e dans le pare-chocs arri\u00e8re est \u00e9galement pratique. Le Transit test\u00e9 avait la porte coulissante \u00e0 ouverture et fermeture \u00e9lectriques en option sur le c\u00f4t\u00e9 droit. Une courte traction sur le levier et la porte s&rsquo;ouvrira tranquillement d&rsquo;elle-m\u00eame. Vous pouvez \u00e9galement le faire avec la t\u00e9l\u00e9commande sur la cl\u00e9 de contact. Ou avec un interrupteur sur le tableau de bord.<\/p>\n\n<h2 class=\"wp-block-heading\">si\u00e8ge du conducteur<\/h2>\n\n<p>La cabine est assez spacieuse. Le si\u00e8ge conducteur est r\u00e9glable en hauteur. Au Trail la d\u00e9coration est assez luxueuse. Les deux si\u00e8ges ont des accoudoirs r\u00e9glables. La housse du si\u00e8ge est en cuir. Dans la version de base, il y a une banquette pour deux personnes \u00e0 c\u00f4t\u00e9 du si\u00e8ge conducteur.<\/p>\n\n<h2 class=\"wp-block-heading\">Compartiments de rangement et plus<\/h2>\n\n<p>Un arsenal de compartiments de rangement est courant dans les camionnettes de cette taille : dans les portes, sur le dessus du tableau de bord, contre le toit et dans le tableau de bord. \u00c0 l&rsquo;avant, en haut des portes, se trouve un compartiment qui convient parfaitement \u00e0 un t\u00e9l\u00e9phone portable. Apparemment, les utilisateurs le pensaient aussi, car il y a un autocollant d&rsquo;avertissement ici qui vous dit de ne pas le faire. En fermant la porte, le t\u00e9l\u00e9phone se coince et il n&rsquo;aime pas \u00e7a.<\/p>\n\n<figure class=\"wp-block-image\"><img decoding=\"async\" src=\"https:\/\/autorai.nl\/wp-content\/uploads\/2021\/09\/Ford-Transit-Trail-8-360x270.jpg\" alt=\"\"\/><\/figure>\n\n<figure class=\"wp-block-image\"><img decoding=\"async\" src=\"https:\/\/autorai.nl\/wp-content\/uploads\/2021\/09\/Ford-Transit-Trail-5-360x270.jpg\" alt=\"\"\/><\/figure>\n\n<figure class=\"wp-block-image\"><img decoding=\"async\" src=\"https:\/\/autorai.nl\/wp-content\/uploads\/2021\/09\/Ford-Transit-Trail-10-360x270.jpg\" alt=\"\"\/><\/figure>\n\n<figure class=\"wp-block-image\"><img decoding=\"async\" src=\"https:\/\/autorai.nl\/wp-content\/uploads\/2021\/09\/Ford-Transit-Trail-6-360x270.jpg\" alt=\"\"\/><\/figure>\n\n<h2 class=\"wp-block-heading\">Poteaux bas et bordures<\/h2>\n\n<p>Les r\u00e9troviseurs ext\u00e9rieurs sont r\u00e9glables \u00e9lectriquement, ce qui s&rsquo;applique \u00e0 la partie sup\u00e9rieure. Les petits miroirs panoramiques ci-dessous doivent \u00eatre orient\u00e9s \u00e0 la main. Ils offrent une vue ultra-large et montrent \u00e9galement le sol \u00e0 c\u00f4t\u00e9 du puits de bus, y compris les poteaux bas et les bordures. Lors de la marche arri\u00e8re, la cam\u00e9ra entre en fonction, dont l&rsquo;image peut \u00eatre vue sur le grand \u00e9cran central.<\/p>\n\n<h2 class=\"wp-block-heading\">Beau grand \u00e9cran<\/h2>\n\n<p>L&rsquo;\u00e9cran tactile est l&rsquo;un des plus fins de sa cat\u00e9gorie. Le placement plus \u00e9lev\u00e9 le rend facilement accessible et visible. En raison des dimensions plus grandes, la navigation et, par exemple, la station de radio s\u00e9lectionn\u00e9e peuvent \u00eatre visualis\u00e9es simultan\u00e9ment et sont \u00e9galement faciles \u00e0 lire.<\/p>\n\n<figure class=\"wp-block-image\"><img decoding=\"async\" src=\"https:\/\/autorai.nl\/wp-content\/uploads\/2021\/09\/Ford-Transit-Trail-3.jpg\" alt=\"\" class=\"wp-image-109988\"\/><\/figure>\n\n<h2 class=\"wp-block-heading\">Hybride l\u00e9ger de 48 volts<\/h2>\n\n<p>Le Ford Transit Trail est \u00e9quip\u00e9 d&rsquo;un moteur diesel 2,0 litres de 130 ch avec technologie hybride l\u00e9g\u00e8re. C&rsquo;est-\u00e0-dire avec un g\u00e9n\u00e9rateur de d\u00e9marrage et une batterie de 48 volts pour l&rsquo;alimentation \u00e9lectrique. L&rsquo;unit\u00e9 assiste le moteur \u00e0 combustion, par exemple lors de l&rsquo;acc\u00e9l\u00e9ration et du red\u00e9marrage du moteur s&rsquo;il a \u00e9t\u00e9 \u00e9teint par le syst\u00e8me stop-start. Au freinage, la batterie se recharge.<\/p>\n\n<figure class=\"wp-block-image\"><img decoding=\"async\" src=\"https:\/\/autorai.nl\/wp-content\/uploads\/2021\/09\/Ford-Transit-Trail-2-640x480.jpg\" alt=\"\"\/><\/figure>\n\n<figure class=\"wp-block-image\"><img decoding=\"async\" src=\"https:\/\/autorai.nl\/wp-content\/uploads\/2021\/09\/Ford-Transit-Trail-7-360x270.jpg\" alt=\"\"\/><\/figure>\n\n<figure class=\"wp-block-image\"><img decoding=\"async\" src=\"https:\/\/autorai.nl\/wp-content\/uploads\/2021\/09\/Ford-Transit-Trail-4-360x270.jpg\" alt=\"\"\/><\/figure>\n\n<h2 class=\"wp-block-heading\">Consommation de carburant?<\/h2>\n\n<p>Ford fournit \u00e9galement le groupe motopropulseur hybride l\u00e9ger de 48 volts pour le plus petit Transit Custom. Est-ce que \u00e7a importe? L&rsquo;\u00e9conomie de carburant est plus faible et le Transit rend le red\u00e9marrage du moteur tr\u00e8s fluide et en douceur. On note \u00e9galement une consommation moyenne de 8,5 litres aux 100 kilom\u00e8tres. Avec des trajets principalement plus courts et aussi avec une charge. Il le sera moins \u00e0 vitesse constante sur autoroute.<\/p>\n\n<h2 class=\"wp-block-heading\">Conclusion<\/h2>\n\n<p>Le Ford Transit en tenue Trail vaut vraiment le d\u00e9tour. La calandre noire et les bandes noires tout autour donnent un aspect robuste. Les jantes noires brillantes lui vont tr\u00e8s bien. Le groupe motopropulseur avec blocage de diff\u00e9rentiel m\u00e9canique fournit sensiblement une portion de traction suppl\u00e9mentaire, ce qui est certainement utile lors d&rsquo;un d\u00e9marrage \u00e0 l&rsquo;arr\u00eat avec une remorque lourde. Le diesel de 130 ch fournit une puissance de traction suffisante avec 360 Nm. La transmission manuelle \u00e0 six vitesses passe les vitesses avec l\u00e9g\u00e8ret\u00e9 et facilit\u00e9. La premi\u00e8re vitesse est \u00e9galement remarquablement courte, vous pouvez donc rouler tr\u00e8s lentement sans utiliser l&#8217;embrayage. Le rayon de braquage est court. La direction assist\u00e9e r\u00e9pond rapidement. Cela signifie que les roues peuvent \u00eatre tourn\u00e9es facilement de gauche \u00e0 droite et cela facilite les man\u0153uvres. Le fait est que le Ford Transit est un touche-\u00e0-tout car il est disponible en de nombreuses variantes. Cela explique pourquoi ce mod\u00e8le reste l&rsquo;un des plus vendus sur ce segment. Le Trail est un bel ajout. Vous souhaitez en savoir plus sur les options et les tarifs ? Jetez un \u0153il \u00e0 la page des voitures de soci\u00e9t\u00e9 du site Web de Ford.<\/p>\n\n<figure class=\"wp-block-image\"><img decoding=\"async\" src=\"https:\/\/autorai.nl\/wp-content\/uploads\/2021\/09\/Ford-Transit-Trail-14.jpg\" alt=\"\" class=\"wp-image-109999\"\/><\/figure>\n\n<p><br\/><\/p>\n","protected":false},"excerpt":{"rendered":"<p>Pas un Transit ordinaire et \u00e7a se voit d\u00e9j\u00e0 \u00e0 l&rsquo;avant Une calandre enti\u00e8rement noire avec de grandes lettres FORD [&hellip;]<\/p>\n","protected":false},"author":4,"featured_media":119112,"comment_status":"open","ping_status":"open","sticky":false,"template":"","format":"standard","meta":{"footnotes":""},"categories":[147],"tags":[],"class_list":["post-119116","post","type-post","status-publish","format-standard","has-post-thumbnail","hentry","category-essais-de-voiture"],"acf":[],"yoast_head":"<!-- This site is optimized with the Yoast SEO plugin v21.2 - https:\/\/yoast.com\/wordpress\/plugins\/seo\/ -->\n<title>ESSAI VOITURE \u2013 FORD TRANSIT TRAIL (2021) - All cars news<\/title>\n<meta name=\"robots\" content=\"index, follow, max-snippet:-1, max-image-preview:large, max-video-preview:-1\" \/>\n<link rel=\"canonical\" href=\"https:\/\/all-car-news.com\/fr\/essai-voiture-ford-transit-trail-2021\/\" \/>\n<meta property=\"og:locale\" content=\"fr_FR\" \/>\n<meta property=\"og:type\" content=\"article\" \/>\n<meta property=\"og:title\" content=\"ESSAI VOITURE \u2013 FORD TRANSIT TRAIL (2021) - All cars news\" \/>\n<meta property=\"og:description\" content=\"Pas un Transit ordinaire et \u00e7a se voit d\u00e9j\u00e0 \u00e0 l&rsquo;avant Une calandre enti\u00e8rement noire avec de grandes lettres FORD [&hellip;]\" \/>\n<meta property=\"og:url\" content=\"https:\/\/all-car-news.com\/fr\/essai-voiture-ford-transit-trail-2021\/\" \/>\n<meta property=\"og:site_name\" content=\"All cars news\" \/>\n<meta property=\"article:published_time\" content=\"2022-03-31T09:57:24+00:00\" \/>\n<meta property=\"article:modified_time\" content=\"2022-03-31T09:57:46+00:00\" \/>\n<meta property=\"og:image\" content=\"https:\/\/all-car-news.com\/wp-content\/uploads\/2022\/03\/80ABD164-ABE4-493C-82C8-A7439FE77273.jpeg\" \/>\n\t<meta property=\"og:image:width\" content=\"960\" \/>\n\t<meta property=\"og:image:height\" content=\"720\" \/>\n\t<meta property=\"og:image:type\" content=\"image\/jpeg\" \/>\n<meta name=\"author\" content=\"dev\" \/>\n<meta name=\"twitter:card\" content=\"summary_large_image\" \/>\n<meta name=\"twitter:label1\" content=\"\u00c9crit par\" \/>\n\t<meta name=\"twitter:data1\" content=\"dev\" \/>\n\t<meta name=\"twitter:label2\" content=\"Dur\u00e9e de lecture estim\u00e9e\" \/>\n\t<meta name=\"twitter:data2\" content=\"6 minutes\" \/>\n<script type=\"application\/ld+json\" class=\"yoast-schema-graph\">{\"@context\":\"https:\/\/schema.org\",\"@graph\":[{\"@type\":\"Article\",\"@id\":\"https:\/\/all-car-news.com\/fr\/essai-voiture-ford-transit-trail-2021\/#article\",\"isPartOf\":{\"@id\":\"https:\/\/all-car-news.com\/fr\/essai-voiture-ford-transit-trail-2021\/\"},\"author\":{\"name\":\"dev\",\"@id\":\"https:\/\/all-car-news.com\/fr\/#\/schema\/person\/5e4452fdae9601f3db37f44fa44b7a83\"},\"headline\":\"ESSAI VOITURE \u2013 FORD TRANSIT TRAIL (2021)\",\"datePublished\":\"2022-03-31T09:57:24+00:00\",\"dateModified\":\"2022-03-31T09:57:46+00:00\",\"mainEntityOfPage\":{\"@id\":\"https:\/\/all-car-news.com\/fr\/essai-voiture-ford-transit-trail-2021\/\"},\"wordCount\":1117,\"commentCount\":0,\"publisher\":{\"@id\":\"https:\/\/all-car-news.com\/fr\/#organization\"},\"articleSection\":[\"essais de voiture\"],\"inLanguage\":\"fr-FR\",\"potentialAction\":[{\"@type\":\"CommentAction\",\"name\":\"Comment\",\"target\":[\"https:\/\/all-car-news.com\/fr\/essai-voiture-ford-transit-trail-2021\/#respond\"]}]},{\"@type\":\"WebPage\",\"@id\":\"https:\/\/all-car-news.com\/fr\/essai-voiture-ford-transit-trail-2021\/\",\"url\":\"https:\/\/all-car-news.com\/fr\/essai-voiture-ford-transit-trail-2021\/\",\"name\":\"ESSAI VOITURE \u2013 FORD TRANSIT TRAIL (2021) - All cars news\",\"isPartOf\":{\"@id\":\"https:\/\/all-car-news.com\/fr\/#website\"},\"datePublished\":\"2022-03-31T09:57:24+00:00\",\"dateModified\":\"2022-03-31T09:57:46+00:00\",\"breadcrumb\":{\"@id\":\"https:\/\/all-car-news.com\/fr\/essai-voiture-ford-transit-trail-2021\/#breadcrumb\"},\"inLanguage\":\"fr-FR\",\"potentialAction\":[{\"@type\":\"ReadAction\",\"target\":[\"https:\/\/all-car-news.com\/fr\/essai-voiture-ford-transit-trail-2021\/\"]}]},{\"@type\":\"BreadcrumbList\",\"@id\":\"https:\/\/all-car-news.com\/fr\/essai-voiture-ford-transit-trail-2021\/#breadcrumb\",\"itemListElement\":[{\"@type\":\"ListItem\",\"position\":1,\"name\":\"Home\",\"item\":\"https:\/\/all-car-news.com\/fr\/\"},{\"@type\":\"ListItem\",\"position\":2,\"name\":\"ESSAI VOITURE \u2013 FORD TRANSIT TRAIL (2021)\"}]},{\"@type\":\"WebSite\",\"@id\":\"https:\/\/all-car-news.com\/fr\/#website\",\"url\":\"https:\/\/all-car-news.com\/fr\/\",\"name\":\"All cars news\",\"description\":\"\",\"publisher\":{\"@id\":\"https:\/\/all-car-news.com\/fr\/#organization\"},\"potentialAction\":[{\"@type\":\"SearchAction\",\"target\":{\"@type\":\"EntryPoint\",\"urlTemplate\":\"https:\/\/all-car-news.com\/fr\/?s={search_term_string}\"},\"query-input\":\"required name=search_term_string\"}],\"inLanguage\":\"fr-FR\"},{\"@type\":\"Organization\",\"@id\":\"https:\/\/all-car-news.com\/fr\/#organization\",\"name\":\"All cars news\",\"url\":\"https:\/\/all-car-news.com\/fr\/\",\"logo\":{\"@type\":\"ImageObject\",\"inLanguage\":\"fr-FR\",\"@id\":\"https:\/\/all-car-news.com\/fr\/#\/schema\/logo\/image\/\",\"url\":\"https:\/\/all-car-news.com\/wp-content\/uploads\/2022\/02\/CMYK-AllCarNews_LANDSCAPE_300px-1.png\",\"contentUrl\":\"https:\/\/all-car-news.com\/wp-content\/uploads\/2022\/02\/CMYK-AllCarNews_LANDSCAPE_300px-1.png\",\"width\":300,\"height\":100,\"caption\":\"All cars news\"},\"image\":{\"@id\":\"https:\/\/all-car-news.com\/fr\/#\/schema\/logo\/image\/\"}},{\"@type\":\"Person\",\"@id\":\"https:\/\/all-car-news.com\/fr\/#\/schema\/person\/5e4452fdae9601f3db37f44fa44b7a83\",\"name\":\"dev\",\"image\":{\"@type\":\"ImageObject\",\"inLanguage\":\"fr-FR\",\"@id\":\"https:\/\/all-car-news.com\/fr\/#\/schema\/person\/image\/\",\"url\":\"https:\/\/secure.gravatar.com\/avatar\/cd2a61ff9cd5ab5165e9743ae195f1395707313c9c5b3f3b443564a340828ff9?s=96&d=mm&r=g\",\"contentUrl\":\"https:\/\/secure.gravatar.com\/avatar\/cd2a61ff9cd5ab5165e9743ae195f1395707313c9c5b3f3b443564a340828ff9?s=96&d=mm&r=g\",\"caption\":\"dev\"},\"url\":\"https:\/\/all-car-news.com\/fr\/author\/dev\/\"}]}<\/script>\n<!-- \/ Yoast SEO plugin. -->","yoast_head_json":{"title":"ESSAI VOITURE \u2013 FORD TRANSIT TRAIL (2021) - All cars news","robots":{"index":"index","follow":"follow","max-snippet":"max-snippet:-1","max-image-preview":"max-image-preview:large","max-video-preview":"max-video-preview:-1"},"canonical":"https:\/\/all-car-news.com\/fr\/essai-voiture-ford-transit-trail-2021\/","og_locale":"fr_FR","og_type":"article","og_title":"ESSAI VOITURE \u2013 FORD TRANSIT TRAIL (2021) - All cars news","og_description":"Pas un Transit ordinaire et \u00e7a se voit d\u00e9j\u00e0 \u00e0 l&rsquo;avant Une calandre enti\u00e8rement noire avec de grandes lettres FORD [&hellip;]","og_url":"https:\/\/all-car-news.com\/fr\/essai-voiture-ford-transit-trail-2021\/","og_site_name":"All cars news","article_published_time":"2022-03-31T09:57:24+00:00","article_modified_time":"2022-03-31T09:57:46+00:00","og_image":[{"width":960,"height":720,"url":"https:\/\/all-car-news.com\/wp-content\/uploads\/2022\/03\/80ABD164-ABE4-493C-82C8-A7439FE77273.jpeg","type":"image\/jpeg"}],"author":"dev","twitter_card":"summary_large_image","twitter_misc":{"\u00c9crit par":"dev","Dur\u00e9e de lecture estim\u00e9e":"6 minutes"},"schema":{"@context":"https:\/\/schema.org","@graph":[{"@type":"Article","@id":"https:\/\/all-car-news.com\/fr\/essai-voiture-ford-transit-trail-2021\/#article","isPartOf":{"@id":"https:\/\/all-car-news.com\/fr\/essai-voiture-ford-transit-trail-2021\/"},"author":{"name":"dev","@id":"https:\/\/all-car-news.com\/fr\/#\/schema\/person\/5e4452fdae9601f3db37f44fa44b7a83"},"headline":"ESSAI VOITURE \u2013 FORD TRANSIT TRAIL (2021)","datePublished":"2022-03-31T09:57:24+00:00","dateModified":"2022-03-31T09:57:46+00:00","mainEntityOfPage":{"@id":"https:\/\/all-car-news.com\/fr\/essai-voiture-ford-transit-trail-2021\/"},"wordCount":1117,"commentCount":0,"publisher":{"@id":"https:\/\/all-car-news.com\/fr\/#organization"},"articleSection":["essais de voiture"],"inLanguage":"fr-FR","potentialAction":[{"@type":"CommentAction","name":"Comment","target":["https:\/\/all-car-news.com\/fr\/essai-voiture-ford-transit-trail-2021\/#respond"]}]},{"@type":"WebPage","@id":"https:\/\/all-car-news.com\/fr\/essai-voiture-ford-transit-trail-2021\/","url":"https:\/\/all-car-news.com\/fr\/essai-voiture-ford-transit-trail-2021\/","name":"ESSAI VOITURE \u2013 FORD TRANSIT TRAIL (2021) - All cars news","isPartOf":{"@id":"https:\/\/all-car-news.com\/fr\/#website"},"datePublished":"2022-03-31T09:57:24+00:00","dateModified":"2022-03-31T09:57:46+00:00","breadcrumb":{"@id":"https:\/\/all-car-news.com\/fr\/essai-voiture-ford-transit-trail-2021\/#breadcrumb"},"inLanguage":"fr-FR","potentialAction":[{"@type":"ReadAction","target":["https:\/\/all-car-news.com\/fr\/essai-voiture-ford-transit-trail-2021\/"]}]},{"@type":"BreadcrumbList","@id":"https:\/\/all-car-news.com\/fr\/essai-voiture-ford-transit-trail-2021\/#breadcrumb","itemListElement":[{"@type":"ListItem","position":1,"name":"Home","item":"https:\/\/all-car-news.com\/fr\/"},{"@type":"ListItem","position":2,"name":"ESSAI VOITURE \u2013 FORD TRANSIT TRAIL (2021)"}]},{"@type":"WebSite","@id":"https:\/\/all-car-news.com\/fr\/#website","url":"https:\/\/all-car-news.com\/fr\/","name":"All cars news","description":"","publisher":{"@id":"https:\/\/all-car-news.com\/fr\/#organization"},"potentialAction":[{"@type":"SearchAction","target":{"@type":"EntryPoint","urlTemplate":"https:\/\/all-car-news.com\/fr\/?s={search_term_string}"},"query-input":"required name=search_term_string"}],"inLanguage":"fr-FR"},{"@type":"Organization","@id":"https:\/\/all-car-news.com\/fr\/#organization","name":"All cars news","url":"https:\/\/all-car-news.com\/fr\/","logo":{"@type":"ImageObject","inLanguage":"fr-FR","@id":"https:\/\/all-car-news.com\/fr\/#\/schema\/logo\/image\/","url":"https:\/\/all-car-news.com\/wp-content\/uploads\/2022\/02\/CMYK-AllCarNews_LANDSCAPE_300px-1.png","contentUrl":"https:\/\/all-car-news.com\/wp-content\/uploads\/2022\/02\/CMYK-AllCarNews_LANDSCAPE_300px-1.png","width":300,"height":100,"caption":"All cars news"},"image":{"@id":"https:\/\/all-car-news.com\/fr\/#\/schema\/logo\/image\/"}},{"@type":"Person","@id":"https:\/\/all-car-news.com\/fr\/#\/schema\/person\/5e4452fdae9601f3db37f44fa44b7a83","name":"dev","image":{"@type":"ImageObject","inLanguage":"fr-FR","@id":"https:\/\/all-car-news.com\/fr\/#\/schema\/person\/image\/","url":"https:\/\/secure.gravatar.com\/avatar\/cd2a61ff9cd5ab5165e9743ae195f1395707313c9c5b3f3b443564a340828ff9?s=96&d=mm&r=g","contentUrl":"https:\/\/secure.gravatar.com\/avatar\/cd2a61ff9cd5ab5165e9743ae195f1395707313c9c5b3f3b443564a340828ff9?s=96&d=mm&r=g","caption":"dev"},"url":"https:\/\/all-car-news.com\/fr\/author\/dev\/"}]}},"_links":{"self":[{"href":"https:\/\/all-car-news.com\/fr\/wp-json\/wp\/v2\/posts\/119116","targetHints":{"allow":["GET"]}}],"collection":[{"href":"https:\/\/all-car-news.com\/fr\/wp-json\/wp\/v2\/posts"}],"about":[{"href":"https:\/\/all-car-news.com\/fr\/wp-json\/wp\/v2\/types\/post"}],"author":[{"embeddable":true,"href":"https:\/\/all-car-news.com\/fr\/wp-json\/wp\/v2\/users\/4"}],"replies":[{"embeddable":true,"href":"https:\/\/all-car-news.com\/fr\/wp-json\/wp\/v2\/comments?post=119116"}],"version-history":[{"count":0,"href":"https:\/\/all-car-news.com\/fr\/wp-json\/wp\/v2\/posts\/119116\/revisions"}],"wp:featuredmedia":[{"embeddable":true,"href":"https:\/\/all-car-news.com\/fr\/wp-json\/wp\/v2\/media\/119112"}],"wp:attachment":[{"href":"https:\/\/all-car-news.com\/fr\/wp-json\/wp\/v2\/media?parent=119116"}],"wp:term":[{"taxonomy":"category","embeddable":true,"href":"https:\/\/all-car-news.com\/fr\/wp-json\/wp\/v2\/categories?post=119116"},{"taxonomy":"post_tag","embeddable":true,"href":"https:\/\/all-car-news.com\/fr\/wp-json\/wp\/v2\/tags?post=119116"}],"curies":[{"name":"wp","href":"https:\/\/api.w.org\/{rel}","templated":true}]}}