{"id":119070,"date":"2022-03-27T14:23:14","date_gmt":"2022-03-27T14:23:14","guid":{"rendered":"https:\/\/all-car-news.com\/accidente-dun-demi-million-de-lamborghini-aventador-arrete-la-circulation-sur-la28\/"},"modified":"2022-03-27T14:23:14","modified_gmt":"2022-03-27T14:23:14","slug":"accidente-dun-demi-million-de-lamborghini-aventador-arrete-la-circulation-sur-la28","status":"publish","type":"post","link":"https:\/\/all-car-news.com\/fr\/accidente-dun-demi-million-de-lamborghini-aventador-arrete-la-circulation-sur-la28\/","title":{"rendered":"Accident\u00e9 d&rsquo;un demi-million de Lamborghini Aventador arr\u00eate la circulation sur l&rsquo;A28"},"content":{"rendered":"<\/p>\n<h2>Lamborghini s&rsquo;\u00e9crase sur l&rsquo;A28 pr\u00e8s de Rouveen <\/h2>\n<p>La Lamborghini, qui peut \u00eatre d\u00e9crite comme \u00ab ch\u00e8re \u00bb, est une <a href=\"https:\/\/autorai.nl\/autozoeker\/lamborghini\/aventador\/\" target=\"_blank\" rel=\"noreferrer noopener\">Aventador S<\/a> 2019. \u00c0 l&rsquo;arri\u00e8re de la supercar italienne de plus d&rsquo;un demi-million d&rsquo;euros se trouve un V12 de 6,5 litres de 740 ch. Tout le monde ne peut pas g\u00e9rer autant de puissance, il s&rsquo;av\u00e8re. Le biplace peut atteindre 100 km\/h en seulement 2,9 secondes et sa vitesse de pointe est de 350 km\/h. <\/p>\n<p><em>Le texte continue sous le tweet<\/em><\/p>\n<figure class=\"wp-block-embed is-type-rich is-provider-twitter wp-block-embed-twitter\">\n<div class=\"wp-block-embed__wrapper\">\n<blockquote class=\"twitter-tweet\" data-width=\"500\" data-dnt=\"true\">\n<p lang=\"nl\" dir=\"ltr\">L&rsquo;A28 est FERMEE dans les deux sens entre Zwolle et Meppel \u00e0 De Lichtmis en raison d&rsquo;un grave accident impliquant une voiture. Quelque chose me dit que cela ne s&rsquo;est d\u00e9finitivement pas bien pass\u00e9&#8230; <a href=\"https:\/\/t.co\/ANm73jQngn\">pic.twitter.com\/ANm73jQngn<\/a><\/p>\n<p>\u2013 Stefan Verkerk (@Stefanuzz) <a href=\"https:\/\/twitter.com\/Stefanuzz\/status\/1507990801699246081?ref_src=twsrc%5Etfw\">27 mars 2022<\/a><\/p><\/blockquote>\n<\/div>\n<\/figure>\n<h2><strong>r\u00e9union de voiture<\/strong><\/h2>\n<p>La <a href=\"https:\/\/autorai.nl\/autozoeker\/lamborghini\/\" target=\"_blank\" rel=\"noreferrer noopener\">Lamborghini<\/a> blanche autrefois brillante \u00e9tait en route pour l&rsquo;\u00e9v\u00e9nement DAY1 World of Cars sur le circuit TT d&rsquo;Assen. Il n&rsquo;y est jamais arriv\u00e9, car les choses ont mal tourn\u00e9 sur l&rsquo;A28 entre Zwolle et Meppel. La voiture est entr\u00e9e en collision avec le garde-corps \u00e0 tr\u00e8s grande vitesse, apr\u00e8s quoi elle s&rsquo;est immobilis\u00e9e au milieu de l&rsquo;autoroute apr\u00e8s un nombre consid\u00e9rable de pirouettes. L&rsquo;Aventador est presque m\u00e9connaissable, mais il n&rsquo;y a eu aucun bless\u00e9 dans l&rsquo;accident de la route \u00e0 un seul v\u00e9hicule. Les deux occupants ont \u00e9t\u00e9 examin\u00e9s par les ambulanciers et n&rsquo;ont pas n\u00e9cessit\u00e9 d&rsquo;hospitalisation. <\/p>\n<h2>Embouteillages<\/h2>\n<p>Selon Rijkswaterstaat, la glissi\u00e8re de s\u00e9curit\u00e9 du terre-plein central a \u00e9t\u00e9 gravement endommag\u00e9e. L&rsquo;autoroute vers Zwolle est maintenant lib\u00e9r\u00e9e. La circulation dans l&rsquo;autre sens &#8211; vers Hoogeveen &#8211; devra probablement faire un d\u00e9tour jusqu&rsquo;\u00e0 16 heures. Dans la vid\u00e9o ci-dessous, vous pouvez voir qu&rsquo;il reste peu de la Lamborghini.<\/p>\n<p><em>Photos et vid\u00e9o : <a href=\"https:\/\/twitter.com\/Stefanuzz?s=20&amp;t=UyZ4lqmABlBcnW5PC271Nw\" target=\"_blank\" rel=\"noreferrer noopener\">Stefan Verkerk<\/a><\/em><\/p>\n<figure class=\"wp-block-embed is-type-video is-provider-youtube wp-block-embed-youtube wp-embed-aspect-16-9 wp-has-aspect-ratio\">\n<div class=\"wp-block-embed__wrapper\">\n<\/div>\n<\/figure>\n<p>A lire aussi :<\/p>\n<figure class=\"wp-block-embed is-type-wp-embed is-provider-autorai-nl wp-block-embed-autorai-nl\">\n<div class=\"wp-block-embed__wrapper\">\n<blockquote class=\"wp-embedded-content\" data-secret=\"v5ji4xVZa8\"><p><a href=\"https:\/\/autorai.nl\/ferrari-enzo-crasht-in-nederland-schade-gigantisch\/\">Une Ferrari Enzo s&rsquo;\u00e9crase aux Pays-Bas &#8211; D&rsquo;\u00e9normes d\u00e9g\u00e2ts<\/a><\/p><\/blockquote>\n<\/div>\n<\/figure>\n","protected":false},"excerpt":{"rendered":"Lamborghini s'\u00e9crase sur l'A28 \u00e0 Rouveen \u00c0 l'arri\u00e8re de la supercar italienne de plus d'un demi-million d'euros se trouve un\u2026","protected":false},"author":0,"featured_media":0,"comment_status":"open","ping_status":"open","sticky":false,"template":"","format":"standard","meta":{"footnotes":""},"categories":[114,127],"tags":[],"class_list":["post-119070","post","type-post","status-publish","format-standard","hentry","category-non-classifiee","category-nouvelles-de-voiture"],"acf":[],"yoast_head":"<!-- This site is optimized with the Yoast SEO plugin v21.2 - https:\/\/yoast.com\/wordpress\/plugins\/seo\/ -->\n<title>Accident\u00e9 d&#039;un demi-million de Lamborghini Aventador arr\u00eate la circulation sur l&#039;A28 - All cars news<\/title>\n<meta name=\"robots\" content=\"index, follow, max-snippet:-1, max-image-preview:large, max-video-preview:-1\" \/>\n<link rel=\"canonical\" href=\"https:\/\/all-car-news.com\/fr\/accidente-dun-demi-million-de-lamborghini-aventador-arrete-la-circulation-sur-la28\/\" \/>\n<meta property=\"og:locale\" content=\"fr_FR\" \/>\n<meta property=\"og:type\" content=\"article\" \/>\n<meta property=\"og:title\" content=\"Accident\u00e9 d&#039;un demi-million de Lamborghini Aventador arr\u00eate la circulation sur l&#039;A28 - All cars news\" \/>\n<meta property=\"og:description\" content=\"Lamborghini s&#039;\u00e9crase sur l&#039;A28 \u00e0 Rouveen \u00c0 l&#039;arri\u00e8re de la supercar italienne de plus d&#039;un demi-million d&#039;euros se trouve un V12 de 6,5 litres d\u00e9veloppant 740 ch. Tout le monde ne peut pas g\u00e9rer autant de puissance, il s&#039;av\u00e8re. En seulement 2,9 secondes, le biplace est sur [\u2026]\" \/>\n<meta property=\"og:url\" content=\"https:\/\/all-car-news.com\/fr\/accidente-dun-demi-million-de-lamborghini-aventador-arrete-la-circulation-sur-la28\/\" \/>\n<meta property=\"og:site_name\" content=\"All cars news\" \/>\n<meta property=\"article:published_time\" content=\"2022-03-27T14:23:14+00:00\" \/>\n<meta name=\"twitter:card\" content=\"summary_large_image\" \/>\n<meta name=\"twitter:label1\" content=\"Dur\u00e9e de lecture estim\u00e9e\" \/>\n\t<meta name=\"twitter:data1\" content=\"2 minutes\" \/>\n<script type=\"application\/ld+json\" class=\"yoast-schema-graph\">{\"@context\":\"https:\/\/schema.org\",\"@graph\":[{\"@type\":\"Article\",\"@id\":\"https:\/\/all-car-news.com\/fr\/accidente-dun-demi-million-de-lamborghini-aventador-arrete-la-circulation-sur-la28\/#article\",\"isPartOf\":{\"@id\":\"https:\/\/all-car-news.com\/fr\/accidente-dun-demi-million-de-lamborghini-aventador-arrete-la-circulation-sur-la28\/\"},\"author\":{\"name\":\"\",\"@id\":\"\"},\"headline\":\"Accident\u00e9 d&rsquo;un demi-million de Lamborghini Aventador arr\u00eate la circulation sur l&rsquo;A28\",\"datePublished\":\"2022-03-27T14:23:14+00:00\",\"dateModified\":\"2022-03-27T14:23:14+00:00\",\"mainEntityOfPage\":{\"@id\":\"https:\/\/all-car-news.com\/fr\/accidente-dun-demi-million-de-lamborghini-aventador-arrete-la-circulation-sur-la28\/\"},\"wordCount\":325,\"commentCount\":0,\"publisher\":{\"@id\":\"https:\/\/all-car-news.com\/fr\/#organization\"},\"articleSection\":[\"Non classifi\u00e9(e)\",\"nouvelles de voiture\"],\"inLanguage\":\"fr-FR\",\"potentialAction\":[{\"@type\":\"CommentAction\",\"name\":\"Comment\",\"target\":[\"https:\/\/all-car-news.com\/fr\/accidente-dun-demi-million-de-lamborghini-aventador-arrete-la-circulation-sur-la28\/#respond\"]}]},{\"@type\":\"WebPage\",\"@id\":\"https:\/\/all-car-news.com\/fr\/accidente-dun-demi-million-de-lamborghini-aventador-arrete-la-circulation-sur-la28\/\",\"url\":\"https:\/\/all-car-news.com\/fr\/accidente-dun-demi-million-de-lamborghini-aventador-arrete-la-circulation-sur-la28\/\",\"name\":\"Accident\u00e9 d'un demi-million de Lamborghini Aventador arr\u00eate la circulation sur l'A28 - All cars news\",\"isPartOf\":{\"@id\":\"https:\/\/all-car-news.com\/fr\/#website\"},\"datePublished\":\"2022-03-27T14:23:14+00:00\",\"dateModified\":\"2022-03-27T14:23:14+00:00\",\"breadcrumb\":{\"@id\":\"https:\/\/all-car-news.com\/fr\/accidente-dun-demi-million-de-lamborghini-aventador-arrete-la-circulation-sur-la28\/#breadcrumb\"},\"inLanguage\":\"fr-FR\",\"potentialAction\":[{\"@type\":\"ReadAction\",\"target\":[\"https:\/\/all-car-news.com\/fr\/accidente-dun-demi-million-de-lamborghini-aventador-arrete-la-circulation-sur-la28\/\"]}]},{\"@type\":\"BreadcrumbList\",\"@id\":\"https:\/\/all-car-news.com\/fr\/accidente-dun-demi-million-de-lamborghini-aventador-arrete-la-circulation-sur-la28\/#breadcrumb\",\"itemListElement\":[{\"@type\":\"ListItem\",\"position\":1,\"name\":\"Home\",\"item\":\"https:\/\/all-car-news.com\/fr\/\"},{\"@type\":\"ListItem\",\"position\":2,\"name\":\"Accident\u00e9 d&rsquo;un demi-million de Lamborghini Aventador arr\u00eate la circulation sur l&rsquo;A28\"}]},{\"@type\":\"WebSite\",\"@id\":\"https:\/\/all-car-news.com\/fr\/#website\",\"url\":\"https:\/\/all-car-news.com\/fr\/\",\"name\":\"All cars news\",\"description\":\"\",\"publisher\":{\"@id\":\"https:\/\/all-car-news.com\/fr\/#organization\"},\"potentialAction\":[{\"@type\":\"SearchAction\",\"target\":{\"@type\":\"EntryPoint\",\"urlTemplate\":\"https:\/\/all-car-news.com\/fr\/?s={search_term_string}\"},\"query-input\":\"required name=search_term_string\"}],\"inLanguage\":\"fr-FR\"},{\"@type\":\"Organization\",\"@id\":\"https:\/\/all-car-news.com\/fr\/#organization\",\"name\":\"All cars news\",\"url\":\"https:\/\/all-car-news.com\/fr\/\",\"logo\":{\"@type\":\"ImageObject\",\"inLanguage\":\"fr-FR\",\"@id\":\"https:\/\/all-car-news.com\/fr\/#\/schema\/logo\/image\/\",\"url\":\"https:\/\/all-car-news.com\/wp-content\/uploads\/2022\/02\/CMYK-AllCarNews_LANDSCAPE_300px-1.png\",\"contentUrl\":\"https:\/\/all-car-news.com\/wp-content\/uploads\/2022\/02\/CMYK-AllCarNews_LANDSCAPE_300px-1.png\",\"width\":300,\"height\":100,\"caption\":\"All cars news\"},\"image\":{\"@id\":\"https:\/\/all-car-news.com\/fr\/#\/schema\/logo\/image\/\"}}]}<\/script>\n<!-- \/ Yoast SEO plugin. -->","yoast_head_json":{"title":"Accident\u00e9 d'un demi-million de Lamborghini Aventador arr\u00eate la circulation sur l'A28 - All cars news","robots":{"index":"index","follow":"follow","max-snippet":"max-snippet:-1","max-image-preview":"max-image-preview:large","max-video-preview":"max-video-preview:-1"},"canonical":"https:\/\/all-car-news.com\/fr\/accidente-dun-demi-million-de-lamborghini-aventador-arrete-la-circulation-sur-la28\/","og_locale":"fr_FR","og_type":"article","og_title":"Accident\u00e9 d'un demi-million de Lamborghini Aventador arr\u00eate la circulation sur l'A28 - All cars news","og_description":"Lamborghini s'\u00e9crase sur l'A28 \u00e0 Rouveen \u00c0 l'arri\u00e8re de la supercar italienne de plus d'un demi-million d'euros se trouve un V12 de 6,5 litres d\u00e9veloppant 740 ch. Tout le monde ne peut pas g\u00e9rer autant de puissance, il s'av\u00e8re. En seulement 2,9 secondes, le biplace est sur [\u2026]","og_url":"https:\/\/all-car-news.com\/fr\/accidente-dun-demi-million-de-lamborghini-aventador-arrete-la-circulation-sur-la28\/","og_site_name":"All cars news","article_published_time":"2022-03-27T14:23:14+00:00","twitter_card":"summary_large_image","twitter_misc":{"Dur\u00e9e de lecture estim\u00e9e":"2 minutes"},"schema":{"@context":"https:\/\/schema.org","@graph":[{"@type":"Article","@id":"https:\/\/all-car-news.com\/fr\/accidente-dun-demi-million-de-lamborghini-aventador-arrete-la-circulation-sur-la28\/#article","isPartOf":{"@id":"https:\/\/all-car-news.com\/fr\/accidente-dun-demi-million-de-lamborghini-aventador-arrete-la-circulation-sur-la28\/"},"author":{"name":"","@id":""},"headline":"Accident\u00e9 d&rsquo;un demi-million de Lamborghini Aventador arr\u00eate la circulation sur l&rsquo;A28","datePublished":"2022-03-27T14:23:14+00:00","dateModified":"2022-03-27T14:23:14+00:00","mainEntityOfPage":{"@id":"https:\/\/all-car-news.com\/fr\/accidente-dun-demi-million-de-lamborghini-aventador-arrete-la-circulation-sur-la28\/"},"wordCount":325,"commentCount":0,"publisher":{"@id":"https:\/\/all-car-news.com\/fr\/#organization"},"articleSection":["Non classifi\u00e9(e)","nouvelles de voiture"],"inLanguage":"fr-FR","potentialAction":[{"@type":"CommentAction","name":"Comment","target":["https:\/\/all-car-news.com\/fr\/accidente-dun-demi-million-de-lamborghini-aventador-arrete-la-circulation-sur-la28\/#respond"]}]},{"@type":"WebPage","@id":"https:\/\/all-car-news.com\/fr\/accidente-dun-demi-million-de-lamborghini-aventador-arrete-la-circulation-sur-la28\/","url":"https:\/\/all-car-news.com\/fr\/accidente-dun-demi-million-de-lamborghini-aventador-arrete-la-circulation-sur-la28\/","name":"Accident\u00e9 d'un demi-million de Lamborghini Aventador arr\u00eate la circulation sur l'A28 - All cars news","isPartOf":{"@id":"https:\/\/all-car-news.com\/fr\/#website"},"datePublished":"2022-03-27T14:23:14+00:00","dateModified":"2022-03-27T14:23:14+00:00","breadcrumb":{"@id":"https:\/\/all-car-news.com\/fr\/accidente-dun-demi-million-de-lamborghini-aventador-arrete-la-circulation-sur-la28\/#breadcrumb"},"inLanguage":"fr-FR","potentialAction":[{"@type":"ReadAction","target":["https:\/\/all-car-news.com\/fr\/accidente-dun-demi-million-de-lamborghini-aventador-arrete-la-circulation-sur-la28\/"]}]},{"@type":"BreadcrumbList","@id":"https:\/\/all-car-news.com\/fr\/accidente-dun-demi-million-de-lamborghini-aventador-arrete-la-circulation-sur-la28\/#breadcrumb","itemListElement":[{"@type":"ListItem","position":1,"name":"Home","item":"https:\/\/all-car-news.com\/fr\/"},{"@type":"ListItem","position":2,"name":"Accident\u00e9 d&rsquo;un demi-million de Lamborghini Aventador arr\u00eate la circulation sur l&rsquo;A28"}]},{"@type":"WebSite","@id":"https:\/\/all-car-news.com\/fr\/#website","url":"https:\/\/all-car-news.com\/fr\/","name":"All cars news","description":"","publisher":{"@id":"https:\/\/all-car-news.com\/fr\/#organization"},"potentialAction":[{"@type":"SearchAction","target":{"@type":"EntryPoint","urlTemplate":"https:\/\/all-car-news.com\/fr\/?s={search_term_string}"},"query-input":"required name=search_term_string"}],"inLanguage":"fr-FR"},{"@type":"Organization","@id":"https:\/\/all-car-news.com\/fr\/#organization","name":"All cars news","url":"https:\/\/all-car-news.com\/fr\/","logo":{"@type":"ImageObject","inLanguage":"fr-FR","@id":"https:\/\/all-car-news.com\/fr\/#\/schema\/logo\/image\/","url":"https:\/\/all-car-news.com\/wp-content\/uploads\/2022\/02\/CMYK-AllCarNews_LANDSCAPE_300px-1.png","contentUrl":"https:\/\/all-car-news.com\/wp-content\/uploads\/2022\/02\/CMYK-AllCarNews_LANDSCAPE_300px-1.png","width":300,"height":100,"caption":"All cars news"},"image":{"@id":"https:\/\/all-car-news.com\/fr\/#\/schema\/logo\/image\/"}}]}},"_links":{"self":[{"href":"https:\/\/all-car-news.com\/fr\/wp-json\/wp\/v2\/posts\/119070","targetHints":{"allow":["GET"]}}],"collection":[{"href":"https:\/\/all-car-news.com\/fr\/wp-json\/wp\/v2\/posts"}],"about":[{"href":"https:\/\/all-car-news.com\/fr\/wp-json\/wp\/v2\/types\/post"}],"replies":[{"embeddable":true,"href":"https:\/\/all-car-news.com\/fr\/wp-json\/wp\/v2\/comments?post=119070"}],"version-history":[{"count":0,"href":"https:\/\/all-car-news.com\/fr\/wp-json\/wp\/v2\/posts\/119070\/revisions"}],"wp:attachment":[{"href":"https:\/\/all-car-news.com\/fr\/wp-json\/wp\/v2\/media?parent=119070"}],"wp:term":[{"taxonomy":"category","embeddable":true,"href":"https:\/\/all-car-news.com\/fr\/wp-json\/wp\/v2\/categories?post=119070"},{"taxonomy":"post_tag","embeddable":true,"href":"https:\/\/all-car-news.com\/fr\/wp-json\/wp\/v2\/tags?post=119070"}],"curies":[{"name":"wp","href":"https:\/\/api.w.org\/{rel}","templated":true}]}}