{"id":119055,"date":"2022-03-28T18:57:01","date_gmt":"2022-03-28T18:57:01","guid":{"rendered":"https:\/\/all-car-news.com\/cest-la-voiture-de-securite-pour-la-saison-de-formule-1-2022\/"},"modified":"2022-03-28T18:57:01","modified_gmt":"2022-03-28T18:57:01","slug":"cest-la-voiture-de-securite-pour-la-saison-de-formule-1-2022","status":"publish","type":"post","link":"https:\/\/all-car-news.com\/fr\/cest-la-voiture-de-securite-pour-la-saison-de-formule-1-2022\/","title":{"rendered":"C&rsquo;est la voiture de s\u00e9curit\u00e9 pour la saison de Formule 1 2022"},"content":{"rendered":"<\/p>\n<h2><strong>Alternance avec Aston Martin<\/strong><\/h2>\n<p>La Mercedes-AMG GT Black Series de 730 ch n&rsquo;est pas la seule voiture qui fera office de voiture de s\u00e9curit\u00e9 en 2022. Il y aura une alternance entre l&rsquo; <a href=\"https:\/\/autorai.nl\/autozoeker\/aston-martin\/vantage\/\" target=\"_blank\" rel=\"noreferrer noopener\">Aston Martin Vantage<\/a> britannique et l&rsquo; <a href=\"https:\/\/autorai.nl\/autotest-mercedes-amg-gt-c-roadster-2020-een-multitalent\/\" target=\"_blank\" rel=\"noreferrer noopener\">AMG GT<\/a> . La nouvelle Mercedes-AMG remplace la Mercedes-AMG GT R, qui jouait le r\u00f4le de voiture de s\u00e9curit\u00e9 l&rsquo;an dernier. La voiture m\u00e9dicale \u00e9tait une Mercedes-AMG C63 S l&rsquo;ann\u00e9e derni\u00e8re.<\/p>\n<figure class=\"wp-block-image size-content\"><img decoding=\"async\" loading=\"lazy\" width=\"1140\" height=\"760\" src=\"https:\/\/autorai.nl\/wp-content\/uploads\/2022\/03\/Saftey-car-formule-1-2022-5-1140x760.jpg\" alt=\"\" class=\"wp-image-118657\"><figcaption> <\/figcaption><\/figure>\n<h2><strong>Bernard Maylander<\/strong><\/h2>\n<p>Le pilote de voiture de s\u00e9curit\u00e9 Bernd Mayl\u00e4nder \u00e9tait actif dans le DTM. Depuis l&rsquo;an 2000, il assume le r\u00f4le de conducteur de voiture de s\u00e9curit\u00e9. Mayl\u00e4nder ne tarit pas d&rsquo;\u00e9loges sur \u00ab\u00a0sa\u00a0\u00bb nouvelle voiture de s\u00e9curit\u00e9&nbsp;: \u00ab\u00a0J&rsquo;ai eu l&rsquo;occasion de tester cette voiture incroyable \u00e0 plusieurs reprises et je suis simplement \u00e9tonn\u00e9 de voir \u00e0 quel point elle se rapproche d&rsquo;une voiture de course pur-sang.\u00a0\u00bb<\/p>\n<figure class=\"wp-block-image size-content\"><img decoding=\"async\" loading=\"lazy\" width=\"1140\" height=\"760\" src=\"https:\/\/autorai.nl\/wp-content\/uploads\/2022\/03\/Saftey-car-formule-1-2022-1-1140x760.jpg\" alt=\"\" class=\"wp-image-118663\"><figcaption> <\/figcaption><\/figure>\n<h2><strong>Plus de feux clignotants ?<\/strong><\/h2>\n<p>La chose la plus frappante \u00e0 propos de la nouvelle voiture de s\u00e9curit\u00e9 est qu&rsquo;elle n&rsquo;a pas la barre lumineuse habituelle sur le toit. Au lieu de la barre physique sur le toit, qui \u00e9tait sur l&rsquo;AMG GT R la saison derni\u00e8re, les feux clignotants sont d\u00e9sormais int\u00e9gr\u00e9s dans le haut du pare-brise et le becquet arri\u00e8re. Cela renforce l&rsquo;\u00e9quilibre de la voiture et est positif pour l&rsquo;a\u00e9rodynamisme.<\/p>\n<p>Dans la lame principale sup\u00e9rieure du becquet arri\u00e8re, il y a treize lampes orange et sept lampes de poche au milieu, qui peuvent clignoter si n\u00e9cessaire. De plus, il y a quatre modules d&rsquo;\u00e9clairage LED verts. Il y a aussi deux petites cam\u00e9ras mont\u00e9es dans la base de l&rsquo;aile. Une cam\u00e9ra sert de r\u00e9troviseur \u00e9lectronique pour le passager et l&rsquo;autre diffuse une image en direct, que vous voyez r\u00e9guli\u00e8rement sur le t\u00e9l\u00e9viseur lors d&rsquo;une situation de voiture de s\u00e9curit\u00e9. <\/p>\n<figure class=\"wp-block-image size-content\"><img decoding=\"async\" loading=\"lazy\" width=\"1140\" height=\"760\" src=\"https:\/\/autorai.nl\/wp-content\/uploads\/2022\/03\/Saftey-car-formule-1-2022-9-1140x760.jpg\" alt=\"\" class=\"wp-image-118661\"><figcaption> <\/figcaption><\/figure>\n<h2>arceau<\/h2>\n<p>L&rsquo;int\u00e9rieur de la voiture de s\u00e9curit\u00e9 Mercedes-Benz est pratiquement inchang\u00e9 par rapport \u00e0 celui de l&rsquo;AMG GT Black Series ordinaire. La voiture de s\u00e9curit\u00e9 dispose \u00e9galement du groupe de piste AMG en option, qui comprend une cage de s\u00e9curit\u00e9 l\u00e9g\u00e8re en tubes de titane boulonn\u00e9s. La cage de s\u00e9curit\u00e9 se compose d&rsquo;un cadre principal, d&rsquo;un support de ceinture, de deux supports \u00e0 l&rsquo;arri\u00e8re et d&rsquo;une croix diagonale \u00e0 l&rsquo;arri\u00e8re. <\/p>\n<p>Les seules caract\u00e9ristiques suppl\u00e9mentaires sont les ceintures de s\u00e9curit\u00e9 \u00e0 six points prescrites par la FIA et deux tablettes dans la console centrale et le combin\u00e9 d&rsquo;instruments devant le si\u00e8ge passager. Cela permet au copilote Richard Darker de garder un \u0153il sur le plateau de Formule 1, entre autres.<\/p>\n<figure class=\"wp-block-image size-content\"><img decoding=\"async\" loading=\"lazy\" width=\"1140\" height=\"760\" src=\"https:\/\/autorai.nl\/wp-content\/uploads\/2022\/03\/Saftey-car-formule-1-2022-2-1140x760.jpg\" alt=\"\" class=\"wp-image-118664\"><\/figure>\n<p>Toutes les voitures de s\u00e9curit\u00e9 officielles Mercedes-AMG Formule 1 en un coup d&rsquo;\u0153il :<\/p>\n<figure class=\"wp-block-table\">\n<table>\n<tbody>\n<tr>\n<td><strong>1996<\/strong><\/td>\n<td><strong>C 36 AMG (W 202)<\/strong><\/td>\n<\/tr>\n<tr>\n<td>1997-1999<\/td>\n<td>CLK 55 AMG (C 208)<\/td>\n<\/tr>\n<tr>\n<td>2000<\/td>\n<td>CL 55 AMG (C 215)<\/td>\n<\/tr>\n<tr>\n<td>2001-2002<\/td>\n<td>SL 55 AMG (R 230)<\/td>\n<\/tr>\n<tr>\n<td>2003<\/td>\n<td>CLK 55 AMG (C 209)<\/td>\n<\/tr>\n<tr>\n<td>2004-2005<\/td>\n<td>SLK 55 AMG (R 171)<\/td>\n<\/tr>\n<tr>\n<td>2006-2007<\/td>\n<td>CLK 63 AMG s\u00e9rie noire (C 209)<\/td>\n<\/tr>\n<tr>\n<td>2008-2009<\/td>\n<td>SL 63 AMG (R 230)<\/td>\n<\/tr>\n<tr>\n<td>2010-2012<\/td>\n<td>SLS AMG (C197)<\/td>\n<\/tr>\n<tr>\n<td>2012 (GP d&rsquo;Allemagne)-2014<\/td>\n<td>SLS AMG GT (C 197)<\/td>\n<\/tr>\n<tr>\n<td>2015-2018<\/td>\n<td>Mercedes-AMG GT S (C190)<\/td>\n<\/tr>\n<tr>\n<td>2019-2021<\/td>\n<td>Mercedes-AMG GT R (C190)<\/td>\n<\/tr>\n<tr>\n<td>2022<\/td>\n<td>Mercedes-AMG GT S\u00e9rie noire (C190)<\/td>\n<\/tr>\n<\/tbody>\n<\/table>\n<\/figure>\n<p>A lire aussi :<\/p>\n<figure class=\"wp-block-embed is-type-wp-embed is-provider-autorai-nl wp-block-embed-autorai-nl\">\n<div class=\"wp-block-embed__wrapper\">\n<blockquote class=\"wp-embedded-content\" data-secret=\"CGG4bfR1cV\"><p><a href=\"https:\/\/autorai.nl\/formule-1-kalender-2022-officieel-bekend\/\">Le calendrier 2022 de la Formule 1 officiellement d\u00e9voil\u00e9<\/a><\/p><\/blockquote>\n<\/div>\n<\/figure>\n","protected":false},"excerpt":{"rendered":"Variante avec Aston Martin La Mercedes-AMG GT Black Series de 730 ch n'est pas la seule voiture qui fera office\u2026","protected":false},"author":0,"featured_media":0,"comment_status":"open","ping_status":"open","sticky":false,"template":"","format":"standard","meta":{"footnotes":""},"categories":[114,127],"tags":[],"class_list":["post-119055","post","type-post","status-publish","format-standard","hentry","category-non-classifiee","category-nouvelles-de-voiture"],"acf":[],"yoast_head":"<!-- This site is optimized with the Yoast SEO plugin v21.2 - https:\/\/yoast.com\/wordpress\/plugins\/seo\/ -->\n<title>C&#039;est la voiture de s\u00e9curit\u00e9 pour la saison de Formule 1 2022 - All cars news<\/title>\n<meta name=\"robots\" content=\"index, follow, max-snippet:-1, max-image-preview:large, max-video-preview:-1\" \/>\n<link rel=\"canonical\" href=\"https:\/\/all-car-news.com\/fr\/cest-la-voiture-de-securite-pour-la-saison-de-formule-1-2022\/\" \/>\n<meta property=\"og:locale\" content=\"fr_FR\" \/>\n<meta property=\"og:type\" content=\"article\" \/>\n<meta property=\"og:title\" content=\"C&#039;est la voiture de s\u00e9curit\u00e9 pour la saison de Formule 1 2022 - All cars news\" \/>\n<meta property=\"og:description\" content=\"Variante avec Aston Martin La Mercedes-AMG GT Black Series de 730 ch n&#039;est pas la seule voiture qui fera office de voiture de s\u00e9curit\u00e9 en 2022. Elle alternera entre l&#039;Aston Martin Vantage britannique et l&#039;AMG GT. La nouvelle Mercedes-AMG remplace la Mercedes-AMG GT R, qui jouait l&#039;an dernier le r\u00f4le de s\u00e9curit\u00e9 [\u2026]\" \/>\n<meta property=\"og:url\" content=\"https:\/\/all-car-news.com\/fr\/cest-la-voiture-de-securite-pour-la-saison-de-formule-1-2022\/\" \/>\n<meta property=\"og:site_name\" content=\"All cars news\" \/>\n<meta property=\"article:published_time\" content=\"2022-03-28T18:57:01+00:00\" \/>\n<meta property=\"og:image\" content=\"https:\/\/autorai.nl\/wp-content\/uploads\/2022\/03\/Saftey-car-formule-1-2022-5-1140x760.jpg\" \/>\n<meta name=\"twitter:card\" content=\"summary_large_image\" \/>\n<meta name=\"twitter:label1\" content=\"Dur\u00e9e de lecture estim\u00e9e\" \/>\n\t<meta name=\"twitter:data1\" content=\"3 minutes\" \/>\n<script type=\"application\/ld+json\" class=\"yoast-schema-graph\">{\"@context\":\"https:\/\/schema.org\",\"@graph\":[{\"@type\":\"Article\",\"@id\":\"https:\/\/all-car-news.com\/fr\/cest-la-voiture-de-securite-pour-la-saison-de-formule-1-2022\/#article\",\"isPartOf\":{\"@id\":\"https:\/\/all-car-news.com\/fr\/cest-la-voiture-de-securite-pour-la-saison-de-formule-1-2022\/\"},\"author\":{\"name\":\"\",\"@id\":\"\"},\"headline\":\"C&rsquo;est la voiture de s\u00e9curit\u00e9 pour la saison de Formule 1 2022\",\"datePublished\":\"2022-03-28T18:57:01+00:00\",\"dateModified\":\"2022-03-28T18:57:01+00:00\",\"mainEntityOfPage\":{\"@id\":\"https:\/\/all-car-news.com\/fr\/cest-la-voiture-de-securite-pour-la-saison-de-formule-1-2022\/\"},\"wordCount\":540,\"commentCount\":0,\"publisher\":{\"@id\":\"https:\/\/all-car-news.com\/fr\/#organization\"},\"articleSection\":[\"Non classifi\u00e9(e)\",\"nouvelles de voiture\"],\"inLanguage\":\"fr-FR\",\"potentialAction\":[{\"@type\":\"CommentAction\",\"name\":\"Comment\",\"target\":[\"https:\/\/all-car-news.com\/fr\/cest-la-voiture-de-securite-pour-la-saison-de-formule-1-2022\/#respond\"]}]},{\"@type\":\"WebPage\",\"@id\":\"https:\/\/all-car-news.com\/fr\/cest-la-voiture-de-securite-pour-la-saison-de-formule-1-2022\/\",\"url\":\"https:\/\/all-car-news.com\/fr\/cest-la-voiture-de-securite-pour-la-saison-de-formule-1-2022\/\",\"name\":\"C'est la voiture de s\u00e9curit\u00e9 pour la saison de Formule 1 2022 - All cars news\",\"isPartOf\":{\"@id\":\"https:\/\/all-car-news.com\/fr\/#website\"},\"datePublished\":\"2022-03-28T18:57:01+00:00\",\"dateModified\":\"2022-03-28T18:57:01+00:00\",\"breadcrumb\":{\"@id\":\"https:\/\/all-car-news.com\/fr\/cest-la-voiture-de-securite-pour-la-saison-de-formule-1-2022\/#breadcrumb\"},\"inLanguage\":\"fr-FR\",\"potentialAction\":[{\"@type\":\"ReadAction\",\"target\":[\"https:\/\/all-car-news.com\/fr\/cest-la-voiture-de-securite-pour-la-saison-de-formule-1-2022\/\"]}]},{\"@type\":\"BreadcrumbList\",\"@id\":\"https:\/\/all-car-news.com\/fr\/cest-la-voiture-de-securite-pour-la-saison-de-formule-1-2022\/#breadcrumb\",\"itemListElement\":[{\"@type\":\"ListItem\",\"position\":1,\"name\":\"Home\",\"item\":\"https:\/\/all-car-news.com\/fr\/\"},{\"@type\":\"ListItem\",\"position\":2,\"name\":\"C&rsquo;est la voiture de s\u00e9curit\u00e9 pour la saison de Formule 1 2022\"}]},{\"@type\":\"WebSite\",\"@id\":\"https:\/\/all-car-news.com\/fr\/#website\",\"url\":\"https:\/\/all-car-news.com\/fr\/\",\"name\":\"All cars news\",\"description\":\"\",\"publisher\":{\"@id\":\"https:\/\/all-car-news.com\/fr\/#organization\"},\"potentialAction\":[{\"@type\":\"SearchAction\",\"target\":{\"@type\":\"EntryPoint\",\"urlTemplate\":\"https:\/\/all-car-news.com\/fr\/?s={search_term_string}\"},\"query-input\":\"required name=search_term_string\"}],\"inLanguage\":\"fr-FR\"},{\"@type\":\"Organization\",\"@id\":\"https:\/\/all-car-news.com\/fr\/#organization\",\"name\":\"All cars news\",\"url\":\"https:\/\/all-car-news.com\/fr\/\",\"logo\":{\"@type\":\"ImageObject\",\"inLanguage\":\"fr-FR\",\"@id\":\"https:\/\/all-car-news.com\/fr\/#\/schema\/logo\/image\/\",\"url\":\"https:\/\/all-car-news.com\/wp-content\/uploads\/2022\/02\/CMYK-AllCarNews_LANDSCAPE_300px-1.png\",\"contentUrl\":\"https:\/\/all-car-news.com\/wp-content\/uploads\/2022\/02\/CMYK-AllCarNews_LANDSCAPE_300px-1.png\",\"width\":300,\"height\":100,\"caption\":\"All cars news\"},\"image\":{\"@id\":\"https:\/\/all-car-news.com\/fr\/#\/schema\/logo\/image\/\"}}]}<\/script>\n<!-- \/ Yoast SEO plugin. -->","yoast_head_json":{"title":"C'est la voiture de s\u00e9curit\u00e9 pour la saison de Formule 1 2022 - All cars news","robots":{"index":"index","follow":"follow","max-snippet":"max-snippet:-1","max-image-preview":"max-image-preview:large","max-video-preview":"max-video-preview:-1"},"canonical":"https:\/\/all-car-news.com\/fr\/cest-la-voiture-de-securite-pour-la-saison-de-formule-1-2022\/","og_locale":"fr_FR","og_type":"article","og_title":"C'est la voiture de s\u00e9curit\u00e9 pour la saison de Formule 1 2022 - All cars news","og_description":"Variante avec Aston Martin La Mercedes-AMG GT Black Series de 730 ch n'est pas la seule voiture qui fera office de voiture de s\u00e9curit\u00e9 en 2022. Elle alternera entre l'Aston Martin Vantage britannique et l'AMG GT. La nouvelle Mercedes-AMG remplace la Mercedes-AMG GT R, qui jouait l'an dernier le r\u00f4le de s\u00e9curit\u00e9 [\u2026]","og_url":"https:\/\/all-car-news.com\/fr\/cest-la-voiture-de-securite-pour-la-saison-de-formule-1-2022\/","og_site_name":"All cars news","article_published_time":"2022-03-28T18:57:01+00:00","og_image":[{"url":"https:\/\/autorai.nl\/wp-content\/uploads\/2022\/03\/Saftey-car-formule-1-2022-5-1140x760.jpg"}],"twitter_card":"summary_large_image","twitter_misc":{"Dur\u00e9e de lecture estim\u00e9e":"3 minutes"},"schema":{"@context":"https:\/\/schema.org","@graph":[{"@type":"Article","@id":"https:\/\/all-car-news.com\/fr\/cest-la-voiture-de-securite-pour-la-saison-de-formule-1-2022\/#article","isPartOf":{"@id":"https:\/\/all-car-news.com\/fr\/cest-la-voiture-de-securite-pour-la-saison-de-formule-1-2022\/"},"author":{"name":"","@id":""},"headline":"C&rsquo;est la voiture de s\u00e9curit\u00e9 pour la saison de Formule 1 2022","datePublished":"2022-03-28T18:57:01+00:00","dateModified":"2022-03-28T18:57:01+00:00","mainEntityOfPage":{"@id":"https:\/\/all-car-news.com\/fr\/cest-la-voiture-de-securite-pour-la-saison-de-formule-1-2022\/"},"wordCount":540,"commentCount":0,"publisher":{"@id":"https:\/\/all-car-news.com\/fr\/#organization"},"articleSection":["Non classifi\u00e9(e)","nouvelles de voiture"],"inLanguage":"fr-FR","potentialAction":[{"@type":"CommentAction","name":"Comment","target":["https:\/\/all-car-news.com\/fr\/cest-la-voiture-de-securite-pour-la-saison-de-formule-1-2022\/#respond"]}]},{"@type":"WebPage","@id":"https:\/\/all-car-news.com\/fr\/cest-la-voiture-de-securite-pour-la-saison-de-formule-1-2022\/","url":"https:\/\/all-car-news.com\/fr\/cest-la-voiture-de-securite-pour-la-saison-de-formule-1-2022\/","name":"C'est la voiture de s\u00e9curit\u00e9 pour la saison de Formule 1 2022 - All cars news","isPartOf":{"@id":"https:\/\/all-car-news.com\/fr\/#website"},"datePublished":"2022-03-28T18:57:01+00:00","dateModified":"2022-03-28T18:57:01+00:00","breadcrumb":{"@id":"https:\/\/all-car-news.com\/fr\/cest-la-voiture-de-securite-pour-la-saison-de-formule-1-2022\/#breadcrumb"},"inLanguage":"fr-FR","potentialAction":[{"@type":"ReadAction","target":["https:\/\/all-car-news.com\/fr\/cest-la-voiture-de-securite-pour-la-saison-de-formule-1-2022\/"]}]},{"@type":"BreadcrumbList","@id":"https:\/\/all-car-news.com\/fr\/cest-la-voiture-de-securite-pour-la-saison-de-formule-1-2022\/#breadcrumb","itemListElement":[{"@type":"ListItem","position":1,"name":"Home","item":"https:\/\/all-car-news.com\/fr\/"},{"@type":"ListItem","position":2,"name":"C&rsquo;est la voiture de s\u00e9curit\u00e9 pour la saison de Formule 1 2022"}]},{"@type":"WebSite","@id":"https:\/\/all-car-news.com\/fr\/#website","url":"https:\/\/all-car-news.com\/fr\/","name":"All cars news","description":"","publisher":{"@id":"https:\/\/all-car-news.com\/fr\/#organization"},"potentialAction":[{"@type":"SearchAction","target":{"@type":"EntryPoint","urlTemplate":"https:\/\/all-car-news.com\/fr\/?s={search_term_string}"},"query-input":"required name=search_term_string"}],"inLanguage":"fr-FR"},{"@type":"Organization","@id":"https:\/\/all-car-news.com\/fr\/#organization","name":"All cars news","url":"https:\/\/all-car-news.com\/fr\/","logo":{"@type":"ImageObject","inLanguage":"fr-FR","@id":"https:\/\/all-car-news.com\/fr\/#\/schema\/logo\/image\/","url":"https:\/\/all-car-news.com\/wp-content\/uploads\/2022\/02\/CMYK-AllCarNews_LANDSCAPE_300px-1.png","contentUrl":"https:\/\/all-car-news.com\/wp-content\/uploads\/2022\/02\/CMYK-AllCarNews_LANDSCAPE_300px-1.png","width":300,"height":100,"caption":"All cars news"},"image":{"@id":"https:\/\/all-car-news.com\/fr\/#\/schema\/logo\/image\/"}}]}},"_links":{"self":[{"href":"https:\/\/all-car-news.com\/fr\/wp-json\/wp\/v2\/posts\/119055","targetHints":{"allow":["GET"]}}],"collection":[{"href":"https:\/\/all-car-news.com\/fr\/wp-json\/wp\/v2\/posts"}],"about":[{"href":"https:\/\/all-car-news.com\/fr\/wp-json\/wp\/v2\/types\/post"}],"replies":[{"embeddable":true,"href":"https:\/\/all-car-news.com\/fr\/wp-json\/wp\/v2\/comments?post=119055"}],"version-history":[{"count":0,"href":"https:\/\/all-car-news.com\/fr\/wp-json\/wp\/v2\/posts\/119055\/revisions"}],"wp:attachment":[{"href":"https:\/\/all-car-news.com\/fr\/wp-json\/wp\/v2\/media?parent=119055"}],"wp:term":[{"taxonomy":"category","embeddable":true,"href":"https:\/\/all-car-news.com\/fr\/wp-json\/wp\/v2\/categories?post=119055"},{"taxonomy":"post_tag","embeddable":true,"href":"https:\/\/all-car-news.com\/fr\/wp-json\/wp\/v2\/tags?post=119055"}],"curies":[{"name":"wp","href":"https:\/\/api.w.org\/{rel}","templated":true}]}}