{"id":118937,"date":"2022-03-25T10:28:40","date_gmt":"2022-03-25T10:28:40","guid":{"rendered":"https:\/\/all-car-news.com\/frappez-la-piste-avec-votre-propre-yamaha\/"},"modified":"2022-03-25T10:28:40","modified_gmt":"2022-03-25T10:28:40","slug":"frappez-la-piste-avec-votre-propre-yamaha","status":"publish","type":"post","link":"https:\/\/all-car-news.com\/fr\/frappez-la-piste-avec-votre-propre-yamaha\/","title":{"rendered":"Frappez la piste avec votre propre Yamaha!"},"content":{"rendered":"<h2>Qu&rsquo;y a-t-il \u00e0 faire?<\/h2>\n<p>Pendant les journ\u00e9es de piste Yamaha, vous pouvez bien s\u00fbr aller sur la piste avec votre propre Yamaha, mais ce n&rsquo;est pas tout. Par exemple, il est possible de tester de mani\u00e8re approfondie les derniers mod\u00e8les R, tels que le R6 GYTR et le R1 GYTR. Si vous ne voulez pas aller sur la piste, vous pouvez aussi faire un tour ou m\u00eame une balade tout-terrain sur le T\u00e9n\u00e9r\u00e9 700. Le d\u00e9jeuner est offert \u00e0 chaque \u00e9v\u00e9nement. Delicieux! L&rsquo;exp\u00e9rience du circuit n&rsquo;est pas n\u00e9cessaire. Les \u00e9v\u00e9nements sont ax\u00e9s sur le plaisir sans \u00e9l\u00e9ment de comp\u00e9tition.<\/p>\n<h3><a href=\"https:\/\/motorrai.nl\/yamaha-tenere-700-world-raid-lange-afstandsbuffel\/\" target=\"_blank\" rel=\"noopener\">A lire aussi : YAMAHA T\u00c9N\u00c9R\u00c9 700 WORLD RAID : LONGUE DISTANCE BUFFALO<\/a><\/h3>\n<h2>Quand sont les Yamaha Trackdays ?<\/h2>\n<p>Yamaha organise un total de trois \u00e9v\u00e9nements, r\u00e9partis sur des circuits n\u00e9erlandais et belges. Ci-dessous, vous pouvez voir quand vous devez \u00eatre o\u00f9 et combien il en co\u00fbte pour vous inscrire.<\/p>\n<h3>\u2022 20 mai 2022 \u2013 Assen, Pays-Bas<\/h3>\n<p>Le premier Yamaha Track Day aura lieu au TT Circuit Assen, le 20 mai. Ce circuit est sans doute le plus beau circuit moto des Pays-Bas et ce n&rsquo;est pas pour rien qu&rsquo;il figure au calendrier officiel des Grands Prix depuis 1930. Les co\u00fbts pour cette journ\u00e9e de piste sont de 160 euros.<\/p>\n<h3>\u2022 26 mai 2022 : Mettet, Belgique<\/h3>\n<p>En une semaine, vous pouvez vous d\u00e9cha\u00eener au Circuit Jules Tacheny \u00e0 Mettet, en Belgique. C&rsquo;est un circuit petit mais difficile. Le \u00ab tire-bouchon \u00bb \u00e0 mi-parcours garantit le spectacle. L&rsquo;inscription \u00e0 cet \u00e9v\u00e9nement co\u00fbte 145 euros.<\/p>\n<h3>\u2022 30 juin + 1er juillet 2022&nbsp;: Spa-Francorchamps, Belgique<\/h3>\n<p>L&rsquo;\u00e9v\u00e9nement Yamaha \u00e0 Spa dure pas moins de deux jours : le 30 juin et le 1er juillet. Parce que Yamaha f\u00eate ici ses <sup>67<\/sup> ans, il y aura un barbecue le soir du 30 juin, suivi d&rsquo;une grande f\u00eate. Plusieurs pilotes du Team Yamaha seront l\u00e0 pour vous rencontrer et discuter. Puisqu&rsquo;il s&rsquo;agit d&rsquo;un week-end, le co\u00fbt total est l\u00e9g\u00e8rement sup\u00e9rieur pour ce week-end, \u00e0 savoir 560 euros.<\/p>\n<p>Plus d&rsquo;informations et l&rsquo;inscription peuvent \u00eatre effectu\u00e9es sur le site Web de <a href=\"http:\/\/www.yamaha-track-days.com\" target=\"_blank\" rel=\"noopener\">Yamaha<\/a> .<\/p>\n<p><img decoding=\"async\" loading=\"lazy\" width=\"1140\" height=\"597\" class=\"alignnone size-medium wp-image-24873\" src=\"https:\/\/motorrai.nl\/wp-content\/uploads\/2022\/03\/2022-03-23_yamaha_trackdays_facebook-shared_1200x628_nl-nl_v02-1140x597.png\" alt=\"Yamaha Trackdays 2022\"><\/p>\n<p>&nbsp;<\/p>\n","protected":false},"excerpt":{"rendered":"Qu'y a-t-il \u00e0 faire? Pendant les journ\u00e9es de piste Yamaha, vous pouvez bien s\u00fbr aller sur la piste avec votre\u2026","protected":false},"author":0,"featured_media":0,"comment_status":"open","ping_status":"open","sticky":false,"template":"","format":"standard","meta":{"footnotes":""},"categories":[114,127],"tags":[],"class_list":["post-118937","post","type-post","status-publish","format-standard","hentry","category-non-classifiee","category-nouvelles-de-voiture"],"acf":[],"yoast_head":"<!-- This site is optimized with the Yoast SEO plugin v21.2 - https:\/\/yoast.com\/wordpress\/plugins\/seo\/ -->\n<title>Frappez la piste avec votre propre Yamaha! - All cars news<\/title>\n<meta name=\"robots\" content=\"index, follow, max-snippet:-1, max-image-preview:large, max-video-preview:-1\" \/>\n<link rel=\"canonical\" href=\"https:\/\/all-car-news.com\/fr\/frappez-la-piste-avec-votre-propre-yamaha\/\" \/>\n<meta property=\"og:locale\" content=\"fr_FR\" \/>\n<meta property=\"og:type\" content=\"article\" \/>\n<meta property=\"og:title\" content=\"Frappez la piste avec votre propre Yamaha! - All cars news\" \/>\n<meta property=\"og:description\" content=\"Qu&#039;y a-t-il \u00e0 faire? Pendant les journ\u00e9es de piste Yamaha, vous pouvez bien s\u00fbr aller sur la piste avec votre propre Yamaha, mais ce n&#039;est pas tout. Par exemple, il est possible de tester de mani\u00e8re approfondie les derniers mod\u00e8les R, tels que le R6 GYTR et le R1 GYTR. Vous ne voulez pas [\u2026]\" \/>\n<meta property=\"og:url\" content=\"https:\/\/all-car-news.com\/fr\/frappez-la-piste-avec-votre-propre-yamaha\/\" \/>\n<meta property=\"og:site_name\" content=\"All cars news\" \/>\n<meta property=\"article:published_time\" content=\"2022-03-25T10:28:40+00:00\" \/>\n<meta property=\"og:image\" content=\"https:\/\/motorrai.nl\/wp-content\/uploads\/2022\/03\/2022-03-23_yamaha_trackdays_facebook-shared_1200x628_nl-nl_v02-1140x597.png\" \/>\n<meta name=\"twitter:card\" content=\"summary_large_image\" \/>\n<meta name=\"twitter:label1\" content=\"Dur\u00e9e de lecture estim\u00e9e\" \/>\n\t<meta name=\"twitter:data1\" content=\"2 minutes\" \/>\n<script type=\"application\/ld+json\" class=\"yoast-schema-graph\">{\"@context\":\"https:\/\/schema.org\",\"@graph\":[{\"@type\":\"Article\",\"@id\":\"https:\/\/all-car-news.com\/fr\/frappez-la-piste-avec-votre-propre-yamaha\/#article\",\"isPartOf\":{\"@id\":\"https:\/\/all-car-news.com\/fr\/frappez-la-piste-avec-votre-propre-yamaha\/\"},\"author\":{\"name\":\"\",\"@id\":\"\"},\"headline\":\"Frappez la piste avec votre propre Yamaha!\",\"datePublished\":\"2022-03-25T10:28:40+00:00\",\"dateModified\":\"2022-03-25T10:28:40+00:00\",\"mainEntityOfPage\":{\"@id\":\"https:\/\/all-car-news.com\/fr\/frappez-la-piste-avec-votre-propre-yamaha\/\"},\"wordCount\":354,\"commentCount\":0,\"publisher\":{\"@id\":\"https:\/\/all-car-news.com\/fr\/#organization\"},\"articleSection\":[\"Non classifi\u00e9(e)\",\"nouvelles de voiture\"],\"inLanguage\":\"fr-FR\",\"potentialAction\":[{\"@type\":\"CommentAction\",\"name\":\"Comment\",\"target\":[\"https:\/\/all-car-news.com\/fr\/frappez-la-piste-avec-votre-propre-yamaha\/#respond\"]}]},{\"@type\":\"WebPage\",\"@id\":\"https:\/\/all-car-news.com\/fr\/frappez-la-piste-avec-votre-propre-yamaha\/\",\"url\":\"https:\/\/all-car-news.com\/fr\/frappez-la-piste-avec-votre-propre-yamaha\/\",\"name\":\"Frappez la piste avec votre propre Yamaha! - All cars news\",\"isPartOf\":{\"@id\":\"https:\/\/all-car-news.com\/fr\/#website\"},\"datePublished\":\"2022-03-25T10:28:40+00:00\",\"dateModified\":\"2022-03-25T10:28:40+00:00\",\"breadcrumb\":{\"@id\":\"https:\/\/all-car-news.com\/fr\/frappez-la-piste-avec-votre-propre-yamaha\/#breadcrumb\"},\"inLanguage\":\"fr-FR\",\"potentialAction\":[{\"@type\":\"ReadAction\",\"target\":[\"https:\/\/all-car-news.com\/fr\/frappez-la-piste-avec-votre-propre-yamaha\/\"]}]},{\"@type\":\"BreadcrumbList\",\"@id\":\"https:\/\/all-car-news.com\/fr\/frappez-la-piste-avec-votre-propre-yamaha\/#breadcrumb\",\"itemListElement\":[{\"@type\":\"ListItem\",\"position\":1,\"name\":\"Home\",\"item\":\"https:\/\/all-car-news.com\/fr\/\"},{\"@type\":\"ListItem\",\"position\":2,\"name\":\"Frappez la piste avec votre propre Yamaha!\"}]},{\"@type\":\"WebSite\",\"@id\":\"https:\/\/all-car-news.com\/fr\/#website\",\"url\":\"https:\/\/all-car-news.com\/fr\/\",\"name\":\"All cars news\",\"description\":\"\",\"publisher\":{\"@id\":\"https:\/\/all-car-news.com\/fr\/#organization\"},\"potentialAction\":[{\"@type\":\"SearchAction\",\"target\":{\"@type\":\"EntryPoint\",\"urlTemplate\":\"https:\/\/all-car-news.com\/fr\/?s={search_term_string}\"},\"query-input\":\"required name=search_term_string\"}],\"inLanguage\":\"fr-FR\"},{\"@type\":\"Organization\",\"@id\":\"https:\/\/all-car-news.com\/fr\/#organization\",\"name\":\"All cars news\",\"url\":\"https:\/\/all-car-news.com\/fr\/\",\"logo\":{\"@type\":\"ImageObject\",\"inLanguage\":\"fr-FR\",\"@id\":\"https:\/\/all-car-news.com\/fr\/#\/schema\/logo\/image\/\",\"url\":\"https:\/\/all-car-news.com\/wp-content\/uploads\/2022\/02\/CMYK-AllCarNews_LANDSCAPE_300px-1.png\",\"contentUrl\":\"https:\/\/all-car-news.com\/wp-content\/uploads\/2022\/02\/CMYK-AllCarNews_LANDSCAPE_300px-1.png\",\"width\":300,\"height\":100,\"caption\":\"All cars news\"},\"image\":{\"@id\":\"https:\/\/all-car-news.com\/fr\/#\/schema\/logo\/image\/\"}}]}<\/script>\n<!-- \/ Yoast SEO plugin. -->","yoast_head_json":{"title":"Frappez la piste avec votre propre Yamaha! - All cars news","robots":{"index":"index","follow":"follow","max-snippet":"max-snippet:-1","max-image-preview":"max-image-preview:large","max-video-preview":"max-video-preview:-1"},"canonical":"https:\/\/all-car-news.com\/fr\/frappez-la-piste-avec-votre-propre-yamaha\/","og_locale":"fr_FR","og_type":"article","og_title":"Frappez la piste avec votre propre Yamaha! - All cars news","og_description":"Qu'y a-t-il \u00e0 faire? Pendant les journ\u00e9es de piste Yamaha, vous pouvez bien s\u00fbr aller sur la piste avec votre propre Yamaha, mais ce n'est pas tout. Par exemple, il est possible de tester de mani\u00e8re approfondie les derniers mod\u00e8les R, tels que le R6 GYTR et le R1 GYTR. Vous ne voulez pas [\u2026]","og_url":"https:\/\/all-car-news.com\/fr\/frappez-la-piste-avec-votre-propre-yamaha\/","og_site_name":"All cars news","article_published_time":"2022-03-25T10:28:40+00:00","og_image":[{"url":"https:\/\/motorrai.nl\/wp-content\/uploads\/2022\/03\/2022-03-23_yamaha_trackdays_facebook-shared_1200x628_nl-nl_v02-1140x597.png"}],"twitter_card":"summary_large_image","twitter_misc":{"Dur\u00e9e de lecture estim\u00e9e":"2 minutes"},"schema":{"@context":"https:\/\/schema.org","@graph":[{"@type":"Article","@id":"https:\/\/all-car-news.com\/fr\/frappez-la-piste-avec-votre-propre-yamaha\/#article","isPartOf":{"@id":"https:\/\/all-car-news.com\/fr\/frappez-la-piste-avec-votre-propre-yamaha\/"},"author":{"name":"","@id":""},"headline":"Frappez la piste avec votre propre Yamaha!","datePublished":"2022-03-25T10:28:40+00:00","dateModified":"2022-03-25T10:28:40+00:00","mainEntityOfPage":{"@id":"https:\/\/all-car-news.com\/fr\/frappez-la-piste-avec-votre-propre-yamaha\/"},"wordCount":354,"commentCount":0,"publisher":{"@id":"https:\/\/all-car-news.com\/fr\/#organization"},"articleSection":["Non classifi\u00e9(e)","nouvelles de voiture"],"inLanguage":"fr-FR","potentialAction":[{"@type":"CommentAction","name":"Comment","target":["https:\/\/all-car-news.com\/fr\/frappez-la-piste-avec-votre-propre-yamaha\/#respond"]}]},{"@type":"WebPage","@id":"https:\/\/all-car-news.com\/fr\/frappez-la-piste-avec-votre-propre-yamaha\/","url":"https:\/\/all-car-news.com\/fr\/frappez-la-piste-avec-votre-propre-yamaha\/","name":"Frappez la piste avec votre propre Yamaha! - All cars news","isPartOf":{"@id":"https:\/\/all-car-news.com\/fr\/#website"},"datePublished":"2022-03-25T10:28:40+00:00","dateModified":"2022-03-25T10:28:40+00:00","breadcrumb":{"@id":"https:\/\/all-car-news.com\/fr\/frappez-la-piste-avec-votre-propre-yamaha\/#breadcrumb"},"inLanguage":"fr-FR","potentialAction":[{"@type":"ReadAction","target":["https:\/\/all-car-news.com\/fr\/frappez-la-piste-avec-votre-propre-yamaha\/"]}]},{"@type":"BreadcrumbList","@id":"https:\/\/all-car-news.com\/fr\/frappez-la-piste-avec-votre-propre-yamaha\/#breadcrumb","itemListElement":[{"@type":"ListItem","position":1,"name":"Home","item":"https:\/\/all-car-news.com\/fr\/"},{"@type":"ListItem","position":2,"name":"Frappez la piste avec votre propre Yamaha!"}]},{"@type":"WebSite","@id":"https:\/\/all-car-news.com\/fr\/#website","url":"https:\/\/all-car-news.com\/fr\/","name":"All cars news","description":"","publisher":{"@id":"https:\/\/all-car-news.com\/fr\/#organization"},"potentialAction":[{"@type":"SearchAction","target":{"@type":"EntryPoint","urlTemplate":"https:\/\/all-car-news.com\/fr\/?s={search_term_string}"},"query-input":"required name=search_term_string"}],"inLanguage":"fr-FR"},{"@type":"Organization","@id":"https:\/\/all-car-news.com\/fr\/#organization","name":"All cars news","url":"https:\/\/all-car-news.com\/fr\/","logo":{"@type":"ImageObject","inLanguage":"fr-FR","@id":"https:\/\/all-car-news.com\/fr\/#\/schema\/logo\/image\/","url":"https:\/\/all-car-news.com\/wp-content\/uploads\/2022\/02\/CMYK-AllCarNews_LANDSCAPE_300px-1.png","contentUrl":"https:\/\/all-car-news.com\/wp-content\/uploads\/2022\/02\/CMYK-AllCarNews_LANDSCAPE_300px-1.png","width":300,"height":100,"caption":"All cars news"},"image":{"@id":"https:\/\/all-car-news.com\/fr\/#\/schema\/logo\/image\/"}}]}},"_links":{"self":[{"href":"https:\/\/all-car-news.com\/fr\/wp-json\/wp\/v2\/posts\/118937","targetHints":{"allow":["GET"]}}],"collection":[{"href":"https:\/\/all-car-news.com\/fr\/wp-json\/wp\/v2\/posts"}],"about":[{"href":"https:\/\/all-car-news.com\/fr\/wp-json\/wp\/v2\/types\/post"}],"replies":[{"embeddable":true,"href":"https:\/\/all-car-news.com\/fr\/wp-json\/wp\/v2\/comments?post=118937"}],"version-history":[{"count":0,"href":"https:\/\/all-car-news.com\/fr\/wp-json\/wp\/v2\/posts\/118937\/revisions"}],"wp:attachment":[{"href":"https:\/\/all-car-news.com\/fr\/wp-json\/wp\/v2\/media?parent=118937"}],"wp:term":[{"taxonomy":"category","embeddable":true,"href":"https:\/\/all-car-news.com\/fr\/wp-json\/wp\/v2\/categories?post=118937"},{"taxonomy":"post_tag","embeddable":true,"href":"https:\/\/all-car-news.com\/fr\/wp-json\/wp\/v2\/tags?post=118937"}],"curies":[{"name":"wp","href":"https:\/\/api.w.org\/{rel}","templated":true}]}}