{"id":118932,"date":"2022-03-25T11:50:22","date_gmt":"2022-03-25T11:50:22","guid":{"rendered":"https:\/\/all-car-news.com\/lallemagne-reduit-les-droits-daccises-sur-le-carburant\/"},"modified":"2022-03-25T11:50:22","modified_gmt":"2022-03-25T11:50:22","slug":"lallemagne-reduit-les-droits-daccises-sur-le-carburant","status":"publish","type":"post","link":"https:\/\/all-car-news.com\/fr\/lallemagne-reduit-les-droits-daccises-sur-le-carburant\/","title":{"rendered":"L&rsquo;Allemagne r\u00e9duit les droits d&rsquo;accises sur le carburant"},"content":{"rendered":"<h2>R\u00e9duction des droits d&rsquo;accises<\/h2>\n<p>Le gouvernement n\u00e9erlandais a r\u00e9cemment annonc\u00e9 qu&rsquo;il <a href=\"https:\/\/autorai.nl\/accijnzen-op-benzine-en-diesel-per-april-omlaag\/\" target=\"_blank\" rel=\"noreferrer noopener\">r\u00e9duirait les droits d&rsquo;accise sur le carburant \u00e0 partir du 1er avril<\/a> . L&rsquo;Allemagne fait de m\u00eame, mais avec un montant plus \u00e9lev\u00e9 par litre. Le droit d&rsquo;accise sur l&rsquo;essence en Allemagne diminuera jusqu&rsquo;\u00e0 30 centimes par litre et sur le diesel de 14 centimes. Par rapport aux Pays-Bas : \u00e0 partir du 1er avril, une r\u00e9duction de 17 centimes sur l&rsquo;essence et de 11 centimes sur le diesel s&rsquo;appliquera. Cela alors que le droit d&rsquo;accise en Allemagne \u00e9tait d\u00e9j\u00e0 inf\u00e9rieur.<\/p>\n<p>On ne sait pas encore quand le gouvernement allemand mettra en \u0153uvre la r\u00e9duction. Elle annonce cependant qu&rsquo;il s&rsquo;agit d&rsquo;une r\u00e9duction temporaire de trois mois. <\/p>\n<h2>la Belgique<\/h2>\n<p>La Belgique a \u00e9galement mis en place une <a href=\"https:\/\/autorai.nl\/belgische-regering-wil-flinke-korting-op-benzine-en-diesel\/\">r\u00e9duction des droits d&rsquo;accise sur le carburant<\/a> , ce qui signifie que la diff\u00e9rence avec nos pays voisins est extra large jusqu&rsquo;au 1er avril. Cela vaut la peine pour les N\u00e9erlandais qui vivent pr\u00e8s de la fronti\u00e8re de faire le plein \u00e0 travers la fronti\u00e8re.<\/p>\n<p>\u00c9tonnamment \u2013 ou pas \u2013 aux Pays-Bas, m\u00eame avec la r\u00e9duction des droits d&rsquo;accises, nous sommes toujours l&rsquo;un des pays les plus chers au monde en termes de prix du carburant.<\/p>\n<p>A lire aussi : <a href=\"https:\/\/autorai.nl\/meer-automobilisten-tanken-zonder-te-betalen\/\">Plus de conducteurs font le plein sans payer \u2013 amende souvent inf\u00e9rieure \u00e0 un plein<\/a><\/p>\n<figure class=\"wp-block-embed is-type-wp-embed is-provider-autorai-nl wp-block-embed-autorai-nl\">\n<div class=\"wp-block-embed__wrapper\">\n<blockquote class=\"wp-embedded-content\" data-secret=\"gKb2lwycwb\"><p><a href=\"https:\/\/autorai.nl\/meer-automobilisten-tanken-zonder-te-betalen\/\">Plus de conducteurs font le plein sans payer \u2013 amende souvent inf\u00e9rieure \u00e0 un plein<\/a><\/p><\/blockquote>\n<\/div>\n<\/figure>\n","protected":false},"excerpt":{"rendered":"R\u00e9duction du droit d'accise Le gouvernement n\u00e9erlandais a r\u00e9cemment annonc\u00e9 qu'il r\u00e9duirait le droit d'accise sur le carburant \u00e0 partir\u2026","protected":false},"author":0,"featured_media":0,"comment_status":"open","ping_status":"open","sticky":false,"template":"","format":"standard","meta":{"footnotes":""},"categories":[114,127],"tags":[],"class_list":["post-118932","post","type-post","status-publish","format-standard","hentry","category-non-classifiee","category-nouvelles-de-voiture"],"acf":[],"yoast_head":"<!-- This site is optimized with the Yoast SEO plugin v21.2 - https:\/\/yoast.com\/wordpress\/plugins\/seo\/ -->\n<title>L&#039;Allemagne r\u00e9duit les droits d&#039;accises sur le carburant - All cars news<\/title>\n<meta name=\"robots\" content=\"index, follow, max-snippet:-1, max-image-preview:large, max-video-preview:-1\" \/>\n<link rel=\"canonical\" href=\"https:\/\/all-car-news.com\/fr\/lallemagne-reduit-les-droits-daccises-sur-le-carburant\/\" \/>\n<meta property=\"og:locale\" content=\"fr_FR\" \/>\n<meta property=\"og:type\" content=\"article\" \/>\n<meta property=\"og:title\" content=\"L&#039;Allemagne r\u00e9duit les droits d&#039;accises sur le carburant - All cars news\" \/>\n<meta property=\"og:description\" content=\"R\u00e9duction du droit d&#039;accise Le gouvernement n\u00e9erlandais a r\u00e9cemment annonc\u00e9 qu&#039;il r\u00e9duirait le droit d&#039;accise sur le carburant \u00e0 partir du 1er avril. L&#039;Allemagne fait de m\u00eame, mais avec un montant plus \u00e9lev\u00e9 par litre. Le droit d&#039;accise sur l&#039;essence en Allemagne diminuera jusqu&#039;\u00e0 30 centimes par litre et sur le diesel de 14 centimes. Par rapport aux Pays-Bas : pour 1 [\u2026]\" \/>\n<meta property=\"og:url\" content=\"https:\/\/all-car-news.com\/fr\/lallemagne-reduit-les-droits-daccises-sur-le-carburant\/\" \/>\n<meta property=\"og:site_name\" content=\"All cars news\" \/>\n<meta property=\"article:published_time\" content=\"2022-03-25T11:50:22+00:00\" \/>\n<meta name=\"twitter:card\" content=\"summary_large_image\" \/>\n<meta name=\"twitter:label1\" content=\"Dur\u00e9e de lecture estim\u00e9e\" \/>\n\t<meta name=\"twitter:data1\" content=\"1 minute\" \/>\n<script type=\"application\/ld+json\" class=\"yoast-schema-graph\">{\"@context\":\"https:\/\/schema.org\",\"@graph\":[{\"@type\":\"Article\",\"@id\":\"https:\/\/all-car-news.com\/fr\/lallemagne-reduit-les-droits-daccises-sur-le-carburant\/#article\",\"isPartOf\":{\"@id\":\"https:\/\/all-car-news.com\/fr\/lallemagne-reduit-les-droits-daccises-sur-le-carburant\/\"},\"author\":{\"name\":\"\",\"@id\":\"\"},\"headline\":\"L&rsquo;Allemagne r\u00e9duit les droits d&rsquo;accises sur le carburant\",\"datePublished\":\"2022-03-25T11:50:22+00:00\",\"dateModified\":\"2022-03-25T11:50:22+00:00\",\"mainEntityOfPage\":{\"@id\":\"https:\/\/all-car-news.com\/fr\/lallemagne-reduit-les-droits-daccises-sur-le-carburant\/\"},\"wordCount\":249,\"commentCount\":0,\"publisher\":{\"@id\":\"https:\/\/all-car-news.com\/fr\/#organization\"},\"articleSection\":[\"Non classifi\u00e9(e)\",\"nouvelles de voiture\"],\"inLanguage\":\"fr-FR\",\"potentialAction\":[{\"@type\":\"CommentAction\",\"name\":\"Comment\",\"target\":[\"https:\/\/all-car-news.com\/fr\/lallemagne-reduit-les-droits-daccises-sur-le-carburant\/#respond\"]}]},{\"@type\":\"WebPage\",\"@id\":\"https:\/\/all-car-news.com\/fr\/lallemagne-reduit-les-droits-daccises-sur-le-carburant\/\",\"url\":\"https:\/\/all-car-news.com\/fr\/lallemagne-reduit-les-droits-daccises-sur-le-carburant\/\",\"name\":\"L'Allemagne r\u00e9duit les droits d'accises sur le carburant - All cars news\",\"isPartOf\":{\"@id\":\"https:\/\/all-car-news.com\/fr\/#website\"},\"datePublished\":\"2022-03-25T11:50:22+00:00\",\"dateModified\":\"2022-03-25T11:50:22+00:00\",\"breadcrumb\":{\"@id\":\"https:\/\/all-car-news.com\/fr\/lallemagne-reduit-les-droits-daccises-sur-le-carburant\/#breadcrumb\"},\"inLanguage\":\"fr-FR\",\"potentialAction\":[{\"@type\":\"ReadAction\",\"target\":[\"https:\/\/all-car-news.com\/fr\/lallemagne-reduit-les-droits-daccises-sur-le-carburant\/\"]}]},{\"@type\":\"BreadcrumbList\",\"@id\":\"https:\/\/all-car-news.com\/fr\/lallemagne-reduit-les-droits-daccises-sur-le-carburant\/#breadcrumb\",\"itemListElement\":[{\"@type\":\"ListItem\",\"position\":1,\"name\":\"Home\",\"item\":\"https:\/\/all-car-news.com\/fr\/\"},{\"@type\":\"ListItem\",\"position\":2,\"name\":\"L&rsquo;Allemagne r\u00e9duit les droits d&rsquo;accises sur le carburant\"}]},{\"@type\":\"WebSite\",\"@id\":\"https:\/\/all-car-news.com\/fr\/#website\",\"url\":\"https:\/\/all-car-news.com\/fr\/\",\"name\":\"All cars news\",\"description\":\"\",\"publisher\":{\"@id\":\"https:\/\/all-car-news.com\/fr\/#organization\"},\"potentialAction\":[{\"@type\":\"SearchAction\",\"target\":{\"@type\":\"EntryPoint\",\"urlTemplate\":\"https:\/\/all-car-news.com\/fr\/?s={search_term_string}\"},\"query-input\":\"required name=search_term_string\"}],\"inLanguage\":\"fr-FR\"},{\"@type\":\"Organization\",\"@id\":\"https:\/\/all-car-news.com\/fr\/#organization\",\"name\":\"All cars news\",\"url\":\"https:\/\/all-car-news.com\/fr\/\",\"logo\":{\"@type\":\"ImageObject\",\"inLanguage\":\"fr-FR\",\"@id\":\"https:\/\/all-car-news.com\/fr\/#\/schema\/logo\/image\/\",\"url\":\"https:\/\/all-car-news.com\/wp-content\/uploads\/2022\/02\/CMYK-AllCarNews_LANDSCAPE_300px-1.png\",\"contentUrl\":\"https:\/\/all-car-news.com\/wp-content\/uploads\/2022\/02\/CMYK-AllCarNews_LANDSCAPE_300px-1.png\",\"width\":300,\"height\":100,\"caption\":\"All cars news\"},\"image\":{\"@id\":\"https:\/\/all-car-news.com\/fr\/#\/schema\/logo\/image\/\"}}]}<\/script>\n<!-- \/ Yoast SEO plugin. -->","yoast_head_json":{"title":"L'Allemagne r\u00e9duit les droits d'accises sur le carburant - All cars news","robots":{"index":"index","follow":"follow","max-snippet":"max-snippet:-1","max-image-preview":"max-image-preview:large","max-video-preview":"max-video-preview:-1"},"canonical":"https:\/\/all-car-news.com\/fr\/lallemagne-reduit-les-droits-daccises-sur-le-carburant\/","og_locale":"fr_FR","og_type":"article","og_title":"L'Allemagne r\u00e9duit les droits d'accises sur le carburant - All cars news","og_description":"R\u00e9duction du droit d'accise Le gouvernement n\u00e9erlandais a r\u00e9cemment annonc\u00e9 qu'il r\u00e9duirait le droit d'accise sur le carburant \u00e0 partir du 1er avril. L'Allemagne fait de m\u00eame, mais avec un montant plus \u00e9lev\u00e9 par litre. Le droit d'accise sur l'essence en Allemagne diminuera jusqu'\u00e0 30 centimes par litre et sur le diesel de 14 centimes. Par rapport aux Pays-Bas : pour 1 [\u2026]","og_url":"https:\/\/all-car-news.com\/fr\/lallemagne-reduit-les-droits-daccises-sur-le-carburant\/","og_site_name":"All cars news","article_published_time":"2022-03-25T11:50:22+00:00","twitter_card":"summary_large_image","twitter_misc":{"Dur\u00e9e de lecture estim\u00e9e":"1 minute"},"schema":{"@context":"https:\/\/schema.org","@graph":[{"@type":"Article","@id":"https:\/\/all-car-news.com\/fr\/lallemagne-reduit-les-droits-daccises-sur-le-carburant\/#article","isPartOf":{"@id":"https:\/\/all-car-news.com\/fr\/lallemagne-reduit-les-droits-daccises-sur-le-carburant\/"},"author":{"name":"","@id":""},"headline":"L&rsquo;Allemagne r\u00e9duit les droits d&rsquo;accises sur le carburant","datePublished":"2022-03-25T11:50:22+00:00","dateModified":"2022-03-25T11:50:22+00:00","mainEntityOfPage":{"@id":"https:\/\/all-car-news.com\/fr\/lallemagne-reduit-les-droits-daccises-sur-le-carburant\/"},"wordCount":249,"commentCount":0,"publisher":{"@id":"https:\/\/all-car-news.com\/fr\/#organization"},"articleSection":["Non classifi\u00e9(e)","nouvelles de voiture"],"inLanguage":"fr-FR","potentialAction":[{"@type":"CommentAction","name":"Comment","target":["https:\/\/all-car-news.com\/fr\/lallemagne-reduit-les-droits-daccises-sur-le-carburant\/#respond"]}]},{"@type":"WebPage","@id":"https:\/\/all-car-news.com\/fr\/lallemagne-reduit-les-droits-daccises-sur-le-carburant\/","url":"https:\/\/all-car-news.com\/fr\/lallemagne-reduit-les-droits-daccises-sur-le-carburant\/","name":"L'Allemagne r\u00e9duit les droits d'accises sur le carburant - All cars news","isPartOf":{"@id":"https:\/\/all-car-news.com\/fr\/#website"},"datePublished":"2022-03-25T11:50:22+00:00","dateModified":"2022-03-25T11:50:22+00:00","breadcrumb":{"@id":"https:\/\/all-car-news.com\/fr\/lallemagne-reduit-les-droits-daccises-sur-le-carburant\/#breadcrumb"},"inLanguage":"fr-FR","potentialAction":[{"@type":"ReadAction","target":["https:\/\/all-car-news.com\/fr\/lallemagne-reduit-les-droits-daccises-sur-le-carburant\/"]}]},{"@type":"BreadcrumbList","@id":"https:\/\/all-car-news.com\/fr\/lallemagne-reduit-les-droits-daccises-sur-le-carburant\/#breadcrumb","itemListElement":[{"@type":"ListItem","position":1,"name":"Home","item":"https:\/\/all-car-news.com\/fr\/"},{"@type":"ListItem","position":2,"name":"L&rsquo;Allemagne r\u00e9duit les droits d&rsquo;accises sur le carburant"}]},{"@type":"WebSite","@id":"https:\/\/all-car-news.com\/fr\/#website","url":"https:\/\/all-car-news.com\/fr\/","name":"All cars news","description":"","publisher":{"@id":"https:\/\/all-car-news.com\/fr\/#organization"},"potentialAction":[{"@type":"SearchAction","target":{"@type":"EntryPoint","urlTemplate":"https:\/\/all-car-news.com\/fr\/?s={search_term_string}"},"query-input":"required name=search_term_string"}],"inLanguage":"fr-FR"},{"@type":"Organization","@id":"https:\/\/all-car-news.com\/fr\/#organization","name":"All cars news","url":"https:\/\/all-car-news.com\/fr\/","logo":{"@type":"ImageObject","inLanguage":"fr-FR","@id":"https:\/\/all-car-news.com\/fr\/#\/schema\/logo\/image\/","url":"https:\/\/all-car-news.com\/wp-content\/uploads\/2022\/02\/CMYK-AllCarNews_LANDSCAPE_300px-1.png","contentUrl":"https:\/\/all-car-news.com\/wp-content\/uploads\/2022\/02\/CMYK-AllCarNews_LANDSCAPE_300px-1.png","width":300,"height":100,"caption":"All cars news"},"image":{"@id":"https:\/\/all-car-news.com\/fr\/#\/schema\/logo\/image\/"}}]}},"_links":{"self":[{"href":"https:\/\/all-car-news.com\/fr\/wp-json\/wp\/v2\/posts\/118932","targetHints":{"allow":["GET"]}}],"collection":[{"href":"https:\/\/all-car-news.com\/fr\/wp-json\/wp\/v2\/posts"}],"about":[{"href":"https:\/\/all-car-news.com\/fr\/wp-json\/wp\/v2\/types\/post"}],"replies":[{"embeddable":true,"href":"https:\/\/all-car-news.com\/fr\/wp-json\/wp\/v2\/comments?post=118932"}],"version-history":[{"count":0,"href":"https:\/\/all-car-news.com\/fr\/wp-json\/wp\/v2\/posts\/118932\/revisions"}],"wp:attachment":[{"href":"https:\/\/all-car-news.com\/fr\/wp-json\/wp\/v2\/media?parent=118932"}],"wp:term":[{"taxonomy":"category","embeddable":true,"href":"https:\/\/all-car-news.com\/fr\/wp-json\/wp\/v2\/categories?post=118932"},{"taxonomy":"post_tag","embeddable":true,"href":"https:\/\/all-car-news.com\/fr\/wp-json\/wp\/v2\/tags?post=118932"}],"curies":[{"name":"wp","href":"https:\/\/api.w.org\/{rel}","templated":true}]}}