{"id":118657,"date":"2022-03-17T11:18:36","date_gmt":"2022-03-17T11:18:36","guid":{"rendered":"https:\/\/all-car-news.com\/revue-kia-ev6-kia-le-regarde-encore\/"},"modified":"2022-03-17T11:18:37","modified_gmt":"2022-03-17T11:18:37","slug":"revue-kia-ev6-kia-le-regarde-encore","status":"publish","type":"post","link":"https:\/\/all-car-news.com\/fr\/revue-kia-ev6-kia-le-regarde-encore\/","title":{"rendered":"REVUE \u2013 KIA EV6 \u2013 KIA LE REGARDE ENCORE"},"content":{"rendered":"\n<p>La voiture \u00e9lectrique du moment.<\/p>\n\n<p><strong>La voiture \u00e9lectrique du moment n&rsquo;est pas une Tesla, mais une cor\u00e9enne. Deux en fait : la Hyundai IONIQ 5 et la Kia EV6. Nous sommes sortis avec le premier <a href=\"https:\/\/zerauto.nl\/autotest-hyundai-ioniq-5-2021-retro-ruim-en-retegoed\/\" target=\"_blank\" rel=\"noreferrer noopener\">avant<\/a> , maintenant il est temps pour l&rsquo;EV6. <\/strong><\/p>\n\n<h2 class=\"wp-block-heading\"><strong>Essai Kia EV6<\/strong><\/h2>\n\n<p>Kia obtient de bons r\u00e9sultats avec l&rsquo;e-Niro depuis plusieurs ann\u00e9es et les Cor\u00e9ens poursuivront sans aucun doute le succ\u00e8s avec l&rsquo;EV6. L&rsquo;EV6 est une voiture \u00e9lectrique sans compromis, contrairement \u00e0 la Niro, que vous pouvez \u00e9galement obtenir avec un moteur \u00e0 essence. Elle vient \u00e0 peine d&rsquo;entrer dans la salle d&rsquo;exposition, mais vous pouvez d\u00e9j\u00e0 voir l&rsquo;EV6 rouler beaucoup. Le mod\u00e8le futuriste de <a href=\"https:\/\/autorai.nl\/?p=113911&amp;preview=true\" target=\"_blank\" rel=\"noreferrer noopener\">Kia<\/a> est populaire, on peut le dire. Pourquoi? Son apparence et ses sp\u00e9cifications sont impressionnantes.<\/p>\n\n<h2 class=\"wp-block-heading\"><strong>regards<\/strong><\/h2>\n\n<p>Il est bas, large et assez large. Avec une longueur de 4,68 m\u00e8tres et une paire de phares rageurs, il fait forte impression. Garez-le \u00e0 l&rsquo;\u00e9picerie et vous \u00eates assur\u00e9 d&rsquo;avoir \u00e0 r\u00e9pondre \u00e0 quelques questions de passants curieux. Autre d\u00e9tail marquant : la barre lumineuse \u00e0 LED, qui forme le becquet \u00e0 l&rsquo;arri\u00e8re. Les \u00e9tudiants de l&rsquo;Acad\u00e9mie Rietveld peuvent obtenir plusieurs missions de fin d&rsquo;\u00e9tudes avec cette voiture.<\/p>\n\n<h2 class=\"wp-block-heading\"><strong>un peu lent<\/strong><\/h2>\n\n<p>L&rsquo;int\u00e9rieur a \u00e9galement l&rsquo;air futuriste et est domin\u00e9 par deux \u00e9crans \u00e9troitement li\u00e9s. L&rsquo;interface utilisateur graphique semble bonne, mais le syst\u00e8me est parfois un peu lent. C&rsquo;est le seul domaine o\u00f9 l&rsquo;EV6 n&rsquo;excelle pas. Il est \u00e9galement agr\u00e9able de vivre avec et vous pouvez \u00e9galement utiliser Apple Carplay et Android Auto.<\/p>\n\n<h2 class=\"wp-block-heading\"><strong>Sans boutons<\/strong><\/h2>\n\n<p>Il y a aussi peu de boutons \u00e0 l&rsquo;int\u00e9rieur, mais suffisamment pour pouvoir faire fonctionner toutes les choses essentielles rapidement. Sous les grilles de ventilation centrales se trouve un petit \u00e9cran tactile, avec lequel vous pouvez commander les fonctions de climatisation et de radio. Deux boutons ronds sont fournis pour r\u00e9gler la temp\u00e9rature, cr\u00e9ant un m\u00e9lange id\u00e9al entre les boutons num\u00e9riques et physiques.<\/p>\n\n<p>De nombreux mat\u00e9riaux souples ont \u00e9t\u00e9 utilis\u00e9s \u00e0 l&rsquo;int\u00e9rieur, qui sont enti\u00e8rement v\u00e9g\u00e9taliens. Le seul bon choix, dans une voiture \u00e9lectrique. Certaines pi\u00e8ces sont m\u00eame fabriqu\u00e9es \u00e0 partir de bouteilles en PET recycl\u00e9es et de filets de p\u00eache.<\/p>\n\n<figure class=\"wp-block-image\"><img decoding=\"async\" src=\"https:\/\/autorai.nl\/wp-content\/uploads\/2021\/12\/Kia-EV6-Review-9-640x480.jpg\" alt=\"\"\/><\/figure>\n\n<figure class=\"wp-block-image\"><img decoding=\"async\" src=\"https:\/\/autorai.nl\/wp-content\/uploads\/2021\/12\/Kia-EV6-Review-24-360x270.jpg\" alt=\"\"\/><\/figure>\n\n<figure class=\"wp-block-image\"><img decoding=\"async\" src=\"https:\/\/autorai.nl\/wp-content\/uploads\/2021\/12\/Kia-EV6-Review-23-360x270.jpg\" alt=\"\"\/><\/figure>\n\n<h2 class=\"wp-block-heading\"><strong>La technologie<\/strong><\/h2>\n\n<p>De nombreux syst\u00e8mes d&rsquo;aide \u00e0 la conduite rendent la vie dans l&rsquo;EV6 encore plus agr\u00e9able. Il y en a en fait trop pour les \u00e9num\u00e9rer, mais nous le ferons quand m\u00eame\u00a0: surveillance des angles morts, syst\u00e8me de pr\u00e9vention des collisions, syst\u00e8me d&rsquo;alerte de circulation transversale arri\u00e8re, aide au maintien de voie, r\u00e9gulateur de vitesse adaptatif avec contr\u00f4le de courbe, moniteur de vue panoramique et aide au stationnement intelligente \u00e0 distance , tout est pr\u00e9sent.<\/p>\n\n<p>Heureusement, les syst\u00e8mes ne sont pas excessivement pr\u00e9sents en roulant. Si vous en avez assez de toute l&rsquo;aide, vous pouvez tout d\u00e9sactiver dans le syst\u00e8me d&rsquo;infodivertissement. Sur autoroute, la conduite semi-autonome est possible, car gr\u00e2ce au r\u00e9gulateur de vitesse adaptatif et \u00e0 l&rsquo;assistant de voie, l&rsquo;EV6 reste automatiquement dans les lignes sur la route et automatiquement \u00e0 distance du v\u00e9hicule qui pr\u00e9c\u00e8de.<\/p>\n\n<figure class=\"wp-block-image\"><img decoding=\"async\" src=\"https:\/\/autorai.nl\/wp-content\/uploads\/2021\/12\/Kia-EV6-Review-16-640x480.jpg\" alt=\"\"\/><\/figure>\n\n<figure class=\"wp-block-image\"><img decoding=\"async\" src=\"https:\/\/autorai.nl\/wp-content\/uploads\/2021\/12\/Kia-EV6-Review-17-360x270.jpg\" alt=\"\"\/><\/figure>\n\n<figure class=\"wp-block-image\"><img decoding=\"async\" src=\"https:\/\/autorai.nl\/wp-content\/uploads\/2021\/12\/Kia-EV6-Review-13-360x270.jpg\" alt=\"\"\/><\/figure>\n\n<h2 class=\"wp-block-heading\"><strong>Coffre \u00e0 bagages Kia EV6<\/strong><\/h2>\n\n<p>En attendant, vous vous demanderez s&rsquo;il y a aussi des inconv\u00e9nients. Oui, le coffre \u00e0 bagages semble un peu petit. Il y a de la place pour 500 litres et 1 300 litres avec les si\u00e8ges arri\u00e8re rabattus. Cela ne semble pas mal, mais gr\u00e2ce \u00e0 la ligne de toit en pente sportive, il est difficile de transporter des objets plus hauts. Vous pouvez vivre avec, mais une IONIQ 5, une Tesla Model Y ou une Volkswagen ID.4 offrent ici un confort plus pratique. Sous le capot, il y a aussi de la place pour certaines choses. Dans les mod\u00e8les RWD, le frunk (coffre avant) offre 52 litres d&rsquo;espace de stockage suppl\u00e9mentaire et dans les mod\u00e8les AWD 20 litres.<\/p>\n\n<h2 class=\"wp-block-heading\"><strong>Limousine allong\u00e9e<\/strong><\/h2>\n\n<p>L&rsquo;espace sur la banquette arri\u00e8re ne manque pas. Gr\u00e2ce au grand empattement &#8211; ces roues sont aux extr\u00e9mit\u00e9s de la voiture &#8211; il y a beaucoup d&rsquo;espace \u00e0 l&rsquo;int\u00e9rieur. Nous pouvons nous asseoir presque compl\u00e8tement \u00e9tir\u00e9s \u00e0 l&rsquo;arri\u00e8re, comme si nous \u00e9tions dans une limousine allong\u00e9e. Le d\u00e9gagement pour la t\u00eate est moins impressionnant, encore une fois gr\u00e2ce \u00e0 la ligne de toit fortement inclin\u00e9e.<\/p>\n\n<figure class=\"wp-block-image\"><img decoding=\"async\" src=\"https:\/\/autorai.nl\/wp-content\/uploads\/2021\/12\/kiaev64-640x480.jpg\" alt=\"\"\/><\/figure>\n\n<figure class=\"wp-block-image\"><img decoding=\"async\" src=\"https:\/\/autorai.nl\/wp-content\/uploads\/2021\/12\/kiaev67-360x270.jpg\" alt=\"\"\/><\/figure>\n\n<figure class=\"wp-block-image\"><img decoding=\"async\" src=\"https:\/\/autorai.nl\/wp-content\/uploads\/2021\/12\/Kia-EV6-Review-5-360x270.jpg\" alt=\"\"\/><\/figure>\n\n<h2 class=\"wp-block-heading\"><strong>Sp\u00e9cifications Kia EV6<\/strong><\/h2>\n\n<p>Qu&rsquo;en est-il des sp\u00e9cifications, qui sont d\u00e9crites dans l&rsquo;introduction comme impressionnantes ? Commen\u00e7ons par la batterie. Vous pouvez choisir entre 58 ou 77,4 kWh. Avec la petite batterie, vous parcourez 394 kilom\u00e8tres (WLTP) et avec le gros paquet, l&rsquo;EV6 la propulse jusqu&rsquo;\u00e0 un maximum de 528 kilom\u00e8tres WLTP. Si vous optez pour la grande batterie en combinaison avec les quatre roues motrices, l&rsquo;autonomie est inf\u00e9rieure d&rsquo;environ 20 kilom\u00e8tres.<\/p>\n\n<h2 class=\"wp-block-heading\"><strong>Charge vraiment rapide<\/strong><\/h2>\n\n<p>Des chiffres soign\u00e9s, mais il y a plus de voitures \u00e9lectriques dans ce segment qui arrivent aussi loin. C&rsquo;est la vitesse de charge qui fait la diff\u00e9rence. Avec la bonne station de charge, la batterie a une autonomie suppl\u00e9mentaire de 100 kilom\u00e8tres en moins de cinq minutes. En seulement 18 minutes, la Kia est de retour \u00e0 80 % de charge de la batterie. L&rsquo;EV6 peut g\u00e9rer une capacit\u00e9 de charge allant jusqu&rsquo;\u00e0 239 kW. Vous n&rsquo;avez donc pas \u00e0 vous soucier de l&rsquo;anxi\u00e9t\u00e9 li\u00e9e \u00e0 la port\u00e9e. Surtout pas dans notre pays, o\u00f9 il y a maintenant beaucoup de bornes de recharge rapide le long de l&rsquo;autoroute.<\/p>\n\n<h2 class=\"wp-block-heading\"><strong>V\u00e9hicule \u00e0 charger<\/strong><\/h2>\n\n<p>L&rsquo;EV6 peut \u00e9galement renvoyer l&rsquo;alimentation \u00e0 partir de la batterie. Une fonction appel\u00e9e Vehicle to Load (V2L) utilise un adaptateur avec une connexion de prise traditionnelle, que vous pouvez brancher sur le port de charge. Vous pouvez alors brancher d&rsquo;autres \u00e9quipements &#8211; comme des appareils \u00e9lectrom\u00e9nagers ou votre v\u00e9lo \u00e9lectrique &#8211; et les alimenter en \u00e9lectricit\u00e9.<\/p>\n\n<p>Pratique si vous souhaitez tout de m\u00eame d\u00e9guster un expresso fra\u00eechement infus\u00e9 en pleine nature. De plus, vous pouvez \u00e9galement alimenter d&rsquo;autres voitures \u00e9lectriques. C&rsquo;est le flex ultime : remettre une Tesla bloqu\u00e9e avec une batterie vide sur la vapeur. Vous n&rsquo;avez pas \u00e0 vous soucier de l&rsquo;\u00e9puisement complet de votre propre batterie, car la fonction V2L est automatiquement d\u00e9sactiv\u00e9e \u00e0 20 % de charge de la batterie.<\/p>\n\n<h2 class=\"wp-block-heading\"><strong>gar\u00e7on rapide<\/strong><\/h2>\n\n<p>La puissance est \u00e9galement impressionnante. Nous conduisons la variante RWD de 229 ch et 77,4 kWh, mais nous avons l&rsquo;impression d&rsquo;avoir plus de puissance sous notre pied droit. Les 350 Newton-m\u00e8tres disponibles imm\u00e9diatement garantissent que vous \u00eates bien enfonc\u00e9 dans votre si\u00e8ge lorsque vous appuyez un peu plus sur l&rsquo;acc\u00e9l\u00e9rateur.<\/p>\n\n<p>Ensuite, penser que plus tard en 2022, il y aura \u00e9galement une variante GT, avec 585 ch. La puissance n&rsquo;a jamais \u00e9t\u00e9 aussi bon march\u00e9, car cette version est disponible \u00e0 partir de 63 595 euros. Vous pouvez sans risque appeler cela un prix raisonnable, pour une voiture de pr\u00e8s de 600 ch.<\/p>\n\n<p>L&rsquo;EV6 est \u00e9galement disponible avec 325 ch et pour ceux qui n&rsquo;en ont pas besoin si rapidement, il existe \u00e9galement une version 169 ch \u00e0 vendre. Selon la version choisie, l&rsquo;EV6 avec une batterie de 77,4 kWh peut tracter jusqu&rsquo;\u00e0 1 600 kg. Sur ce point \u00e9galement, aucune autre voiture \u00e9lectrique ne peut battre l&rsquo;EV6. Avec la petite batterie, vous pouvez accrocher jusqu&rsquo;\u00e0 750 kg derri\u00e8re la voiture.<\/p>\n\n<h2 class=\"wp-block-heading\"><strong>Comportement de conduite<\/strong><\/h2>\n\n<p>L&rsquo;EV6 peut bien g\u00e9rer la puissance. Il est serr\u00e9 sur la route et offre une dynamique surprenante. La direction est directe et pr\u00e9visible. Kia s&rsquo;adresse clairement aux passionn\u00e9s de conduite. L&rsquo;inconv\u00e9nient est que le ch\u00e2ssis est du c\u00f4t\u00e9 dur. A un seuil il faut ralentir consid\u00e9rablement et les nids de poule et bosses ne sont pas compl\u00e8tement absorb\u00e9s par les amortisseurs. La Hyundai IONIQ 5 &#8211; avec qui l&rsquo;EV6 partage la plateforme E-GMP &#8211; offre plus de confort, mais vous l&rsquo;aurez devin\u00e9 : moins de dynamique.<\/p>\n","protected":false},"excerpt":{"rendered":"<p>La voiture \u00e9lectrique du moment. La voiture \u00e9lectrique du moment n&rsquo;est pas une Tesla, mais une cor\u00e9enne. Deux en fait [&hellip;]<\/p>\n","protected":false},"author":4,"featured_media":118652,"comment_status":"open","ping_status":"open","sticky":false,"template":"","format":"standard","meta":{"footnotes":""},"categories":[147],"tags":[],"class_list":["post-118657","post","type-post","status-publish","format-standard","has-post-thumbnail","hentry","category-essais-de-voiture"],"acf":[],"yoast_head":"<!-- This site is optimized with the Yoast SEO plugin v21.2 - https:\/\/yoast.com\/wordpress\/plugins\/seo\/ -->\n<title>REVUE \u2013 KIA EV6 \u2013 KIA LE REGARDE ENCORE - All cars news<\/title>\n<meta name=\"robots\" content=\"index, follow, max-snippet:-1, max-image-preview:large, max-video-preview:-1\" \/>\n<link rel=\"canonical\" href=\"https:\/\/all-car-news.com\/fr\/revue-kia-ev6-kia-le-regarde-encore\/\" \/>\n<meta property=\"og:locale\" content=\"fr_FR\" \/>\n<meta property=\"og:type\" content=\"article\" \/>\n<meta property=\"og:title\" content=\"REVUE \u2013 KIA EV6 \u2013 KIA LE REGARDE ENCORE - All cars news\" \/>\n<meta property=\"og:description\" content=\"La voiture \u00e9lectrique du moment. La voiture \u00e9lectrique du moment n&rsquo;est pas une Tesla, mais une cor\u00e9enne. Deux en fait [&hellip;]\" \/>\n<meta property=\"og:url\" content=\"https:\/\/all-car-news.com\/fr\/revue-kia-ev6-kia-le-regarde-encore\/\" \/>\n<meta property=\"og:site_name\" content=\"All cars news\" \/>\n<meta property=\"article:published_time\" content=\"2022-03-17T11:18:36+00:00\" \/>\n<meta property=\"article:modified_time\" content=\"2022-03-17T11:18:37+00:00\" \/>\n<meta property=\"og:image\" content=\"https:\/\/all-car-news.com\/wp-content\/uploads\/2022\/03\/5DDA5417-8CC0-4772-B328-63E1BC6476D4.jpeg\" \/>\n\t<meta property=\"og:image:width\" content=\"960\" \/>\n\t<meta property=\"og:image:height\" content=\"720\" \/>\n\t<meta property=\"og:image:type\" content=\"image\/jpeg\" \/>\n<meta name=\"author\" content=\"dev\" \/>\n<meta name=\"twitter:card\" content=\"summary_large_image\" \/>\n<meta name=\"twitter:label1\" content=\"\u00c9crit par\" \/>\n\t<meta name=\"twitter:data1\" content=\"dev\" \/>\n\t<meta name=\"twitter:label2\" content=\"Dur\u00e9e de lecture estim\u00e9e\" \/>\n\t<meta name=\"twitter:data2\" content=\"7 minutes\" \/>\n<script type=\"application\/ld+json\" class=\"yoast-schema-graph\">{\"@context\":\"https:\/\/schema.org\",\"@graph\":[{\"@type\":\"Article\",\"@id\":\"https:\/\/all-car-news.com\/fr\/revue-kia-ev6-kia-le-regarde-encore\/#article\",\"isPartOf\":{\"@id\":\"https:\/\/all-car-news.com\/fr\/revue-kia-ev6-kia-le-regarde-encore\/\"},\"author\":{\"name\":\"dev\",\"@id\":\"https:\/\/all-car-news.com\/fr\/#\/schema\/person\/5e4452fdae9601f3db37f44fa44b7a83\"},\"headline\":\"REVUE \u2013 KIA EV6 \u2013 KIA LE REGARDE ENCORE\",\"datePublished\":\"2022-03-17T11:18:36+00:00\",\"dateModified\":\"2022-03-17T11:18:37+00:00\",\"mainEntityOfPage\":{\"@id\":\"https:\/\/all-car-news.com\/fr\/revue-kia-ev6-kia-le-regarde-encore\/\"},\"wordCount\":1310,\"commentCount\":0,\"publisher\":{\"@id\":\"https:\/\/all-car-news.com\/fr\/#organization\"},\"articleSection\":[\"essais de voiture\"],\"inLanguage\":\"fr-FR\",\"potentialAction\":[{\"@type\":\"CommentAction\",\"name\":\"Comment\",\"target\":[\"https:\/\/all-car-news.com\/fr\/revue-kia-ev6-kia-le-regarde-encore\/#respond\"]}]},{\"@type\":\"WebPage\",\"@id\":\"https:\/\/all-car-news.com\/fr\/revue-kia-ev6-kia-le-regarde-encore\/\",\"url\":\"https:\/\/all-car-news.com\/fr\/revue-kia-ev6-kia-le-regarde-encore\/\",\"name\":\"REVUE \u2013 KIA EV6 \u2013 KIA LE REGARDE ENCORE - All cars news\",\"isPartOf\":{\"@id\":\"https:\/\/all-car-news.com\/fr\/#website\"},\"datePublished\":\"2022-03-17T11:18:36+00:00\",\"dateModified\":\"2022-03-17T11:18:37+00:00\",\"breadcrumb\":{\"@id\":\"https:\/\/all-car-news.com\/fr\/revue-kia-ev6-kia-le-regarde-encore\/#breadcrumb\"},\"inLanguage\":\"fr-FR\",\"potentialAction\":[{\"@type\":\"ReadAction\",\"target\":[\"https:\/\/all-car-news.com\/fr\/revue-kia-ev6-kia-le-regarde-encore\/\"]}]},{\"@type\":\"BreadcrumbList\",\"@id\":\"https:\/\/all-car-news.com\/fr\/revue-kia-ev6-kia-le-regarde-encore\/#breadcrumb\",\"itemListElement\":[{\"@type\":\"ListItem\",\"position\":1,\"name\":\"Home\",\"item\":\"https:\/\/all-car-news.com\/fr\/\"},{\"@type\":\"ListItem\",\"position\":2,\"name\":\"REVUE \u2013 KIA EV6 \u2013 KIA LE REGARDE ENCORE\"}]},{\"@type\":\"WebSite\",\"@id\":\"https:\/\/all-car-news.com\/fr\/#website\",\"url\":\"https:\/\/all-car-news.com\/fr\/\",\"name\":\"All cars news\",\"description\":\"\",\"publisher\":{\"@id\":\"https:\/\/all-car-news.com\/fr\/#organization\"},\"potentialAction\":[{\"@type\":\"SearchAction\",\"target\":{\"@type\":\"EntryPoint\",\"urlTemplate\":\"https:\/\/all-car-news.com\/fr\/?s={search_term_string}\"},\"query-input\":\"required name=search_term_string\"}],\"inLanguage\":\"fr-FR\"},{\"@type\":\"Organization\",\"@id\":\"https:\/\/all-car-news.com\/fr\/#organization\",\"name\":\"All cars news\",\"url\":\"https:\/\/all-car-news.com\/fr\/\",\"logo\":{\"@type\":\"ImageObject\",\"inLanguage\":\"fr-FR\",\"@id\":\"https:\/\/all-car-news.com\/fr\/#\/schema\/logo\/image\/\",\"url\":\"https:\/\/all-car-news.com\/wp-content\/uploads\/2022\/02\/CMYK-AllCarNews_LANDSCAPE_300px-1.png\",\"contentUrl\":\"https:\/\/all-car-news.com\/wp-content\/uploads\/2022\/02\/CMYK-AllCarNews_LANDSCAPE_300px-1.png\",\"width\":300,\"height\":100,\"caption\":\"All cars news\"},\"image\":{\"@id\":\"https:\/\/all-car-news.com\/fr\/#\/schema\/logo\/image\/\"}},{\"@type\":\"Person\",\"@id\":\"https:\/\/all-car-news.com\/fr\/#\/schema\/person\/5e4452fdae9601f3db37f44fa44b7a83\",\"name\":\"dev\",\"image\":{\"@type\":\"ImageObject\",\"inLanguage\":\"fr-FR\",\"@id\":\"https:\/\/all-car-news.com\/fr\/#\/schema\/person\/image\/\",\"url\":\"https:\/\/secure.gravatar.com\/avatar\/cd2a61ff9cd5ab5165e9743ae195f1395707313c9c5b3f3b443564a340828ff9?s=96&d=mm&r=g\",\"contentUrl\":\"https:\/\/secure.gravatar.com\/avatar\/cd2a61ff9cd5ab5165e9743ae195f1395707313c9c5b3f3b443564a340828ff9?s=96&d=mm&r=g\",\"caption\":\"dev\"},\"url\":\"https:\/\/all-car-news.com\/fr\/author\/dev\/\"}]}<\/script>\n<!-- \/ Yoast SEO plugin. -->","yoast_head_json":{"title":"REVUE \u2013 KIA EV6 \u2013 KIA LE REGARDE ENCORE - All cars news","robots":{"index":"index","follow":"follow","max-snippet":"max-snippet:-1","max-image-preview":"max-image-preview:large","max-video-preview":"max-video-preview:-1"},"canonical":"https:\/\/all-car-news.com\/fr\/revue-kia-ev6-kia-le-regarde-encore\/","og_locale":"fr_FR","og_type":"article","og_title":"REVUE \u2013 KIA EV6 \u2013 KIA LE REGARDE ENCORE - All cars news","og_description":"La voiture \u00e9lectrique du moment. La voiture \u00e9lectrique du moment n&rsquo;est pas une Tesla, mais une cor\u00e9enne. Deux en fait [&hellip;]","og_url":"https:\/\/all-car-news.com\/fr\/revue-kia-ev6-kia-le-regarde-encore\/","og_site_name":"All cars news","article_published_time":"2022-03-17T11:18:36+00:00","article_modified_time":"2022-03-17T11:18:37+00:00","og_image":[{"width":960,"height":720,"url":"https:\/\/all-car-news.com\/wp-content\/uploads\/2022\/03\/5DDA5417-8CC0-4772-B328-63E1BC6476D4.jpeg","type":"image\/jpeg"}],"author":"dev","twitter_card":"summary_large_image","twitter_misc":{"\u00c9crit par":"dev","Dur\u00e9e de lecture estim\u00e9e":"7 minutes"},"schema":{"@context":"https:\/\/schema.org","@graph":[{"@type":"Article","@id":"https:\/\/all-car-news.com\/fr\/revue-kia-ev6-kia-le-regarde-encore\/#article","isPartOf":{"@id":"https:\/\/all-car-news.com\/fr\/revue-kia-ev6-kia-le-regarde-encore\/"},"author":{"name":"dev","@id":"https:\/\/all-car-news.com\/fr\/#\/schema\/person\/5e4452fdae9601f3db37f44fa44b7a83"},"headline":"REVUE \u2013 KIA EV6 \u2013 KIA LE REGARDE ENCORE","datePublished":"2022-03-17T11:18:36+00:00","dateModified":"2022-03-17T11:18:37+00:00","mainEntityOfPage":{"@id":"https:\/\/all-car-news.com\/fr\/revue-kia-ev6-kia-le-regarde-encore\/"},"wordCount":1310,"commentCount":0,"publisher":{"@id":"https:\/\/all-car-news.com\/fr\/#organization"},"articleSection":["essais de voiture"],"inLanguage":"fr-FR","potentialAction":[{"@type":"CommentAction","name":"Comment","target":["https:\/\/all-car-news.com\/fr\/revue-kia-ev6-kia-le-regarde-encore\/#respond"]}]},{"@type":"WebPage","@id":"https:\/\/all-car-news.com\/fr\/revue-kia-ev6-kia-le-regarde-encore\/","url":"https:\/\/all-car-news.com\/fr\/revue-kia-ev6-kia-le-regarde-encore\/","name":"REVUE \u2013 KIA EV6 \u2013 KIA LE REGARDE ENCORE - All cars news","isPartOf":{"@id":"https:\/\/all-car-news.com\/fr\/#website"},"datePublished":"2022-03-17T11:18:36+00:00","dateModified":"2022-03-17T11:18:37+00:00","breadcrumb":{"@id":"https:\/\/all-car-news.com\/fr\/revue-kia-ev6-kia-le-regarde-encore\/#breadcrumb"},"inLanguage":"fr-FR","potentialAction":[{"@type":"ReadAction","target":["https:\/\/all-car-news.com\/fr\/revue-kia-ev6-kia-le-regarde-encore\/"]}]},{"@type":"BreadcrumbList","@id":"https:\/\/all-car-news.com\/fr\/revue-kia-ev6-kia-le-regarde-encore\/#breadcrumb","itemListElement":[{"@type":"ListItem","position":1,"name":"Home","item":"https:\/\/all-car-news.com\/fr\/"},{"@type":"ListItem","position":2,"name":"REVUE \u2013 KIA EV6 \u2013 KIA LE REGARDE ENCORE"}]},{"@type":"WebSite","@id":"https:\/\/all-car-news.com\/fr\/#website","url":"https:\/\/all-car-news.com\/fr\/","name":"All cars news","description":"","publisher":{"@id":"https:\/\/all-car-news.com\/fr\/#organization"},"potentialAction":[{"@type":"SearchAction","target":{"@type":"EntryPoint","urlTemplate":"https:\/\/all-car-news.com\/fr\/?s={search_term_string}"},"query-input":"required name=search_term_string"}],"inLanguage":"fr-FR"},{"@type":"Organization","@id":"https:\/\/all-car-news.com\/fr\/#organization","name":"All cars news","url":"https:\/\/all-car-news.com\/fr\/","logo":{"@type":"ImageObject","inLanguage":"fr-FR","@id":"https:\/\/all-car-news.com\/fr\/#\/schema\/logo\/image\/","url":"https:\/\/all-car-news.com\/wp-content\/uploads\/2022\/02\/CMYK-AllCarNews_LANDSCAPE_300px-1.png","contentUrl":"https:\/\/all-car-news.com\/wp-content\/uploads\/2022\/02\/CMYK-AllCarNews_LANDSCAPE_300px-1.png","width":300,"height":100,"caption":"All cars news"},"image":{"@id":"https:\/\/all-car-news.com\/fr\/#\/schema\/logo\/image\/"}},{"@type":"Person","@id":"https:\/\/all-car-news.com\/fr\/#\/schema\/person\/5e4452fdae9601f3db37f44fa44b7a83","name":"dev","image":{"@type":"ImageObject","inLanguage":"fr-FR","@id":"https:\/\/all-car-news.com\/fr\/#\/schema\/person\/image\/","url":"https:\/\/secure.gravatar.com\/avatar\/cd2a61ff9cd5ab5165e9743ae195f1395707313c9c5b3f3b443564a340828ff9?s=96&d=mm&r=g","contentUrl":"https:\/\/secure.gravatar.com\/avatar\/cd2a61ff9cd5ab5165e9743ae195f1395707313c9c5b3f3b443564a340828ff9?s=96&d=mm&r=g","caption":"dev"},"url":"https:\/\/all-car-news.com\/fr\/author\/dev\/"}]}},"_links":{"self":[{"href":"https:\/\/all-car-news.com\/fr\/wp-json\/wp\/v2\/posts\/118657","targetHints":{"allow":["GET"]}}],"collection":[{"href":"https:\/\/all-car-news.com\/fr\/wp-json\/wp\/v2\/posts"}],"about":[{"href":"https:\/\/all-car-news.com\/fr\/wp-json\/wp\/v2\/types\/post"}],"author":[{"embeddable":true,"href":"https:\/\/all-car-news.com\/fr\/wp-json\/wp\/v2\/users\/4"}],"replies":[{"embeddable":true,"href":"https:\/\/all-car-news.com\/fr\/wp-json\/wp\/v2\/comments?post=118657"}],"version-history":[{"count":0,"href":"https:\/\/all-car-news.com\/fr\/wp-json\/wp\/v2\/posts\/118657\/revisions"}],"wp:featuredmedia":[{"embeddable":true,"href":"https:\/\/all-car-news.com\/fr\/wp-json\/wp\/v2\/media\/118652"}],"wp:attachment":[{"href":"https:\/\/all-car-news.com\/fr\/wp-json\/wp\/v2\/media?parent=118657"}],"wp:term":[{"taxonomy":"category","embeddable":true,"href":"https:\/\/all-car-news.com\/fr\/wp-json\/wp\/v2\/categories?post=118657"},{"taxonomy":"post_tag","embeddable":true,"href":"https:\/\/all-car-news.com\/fr\/wp-json\/wp\/v2\/tags?post=118657"}],"curies":[{"name":"wp","href":"https:\/\/api.w.org\/{rel}","templated":true}]}}