{"id":118489,"date":"2022-03-12T11:00:49","date_gmt":"2022-03-12T11:00:49","guid":{"rendered":"https:\/\/all-car-news.com\/les-droits-daccise-sur-lessence-et-le-diesel-seront-reduits-a-partir-davril\/"},"modified":"2022-03-12T11:00:49","modified_gmt":"2022-03-12T11:00:49","slug":"les-droits-daccise-sur-lessence-et-le-diesel-seront-reduits-a-partir-davril","status":"publish","type":"post","link":"https:\/\/all-car-news.com\/fr\/les-droits-daccise-sur-lessence-et-le-diesel-seront-reduits-a-partir-davril\/","title":{"rendered":"Les droits d&rsquo;accise sur l&rsquo;essence et le diesel seront r\u00e9duits \u00e0 partir d&rsquo;avril"},"content":{"rendered":"<h2>temps de crise<\/h2>\n<p>En temps de crise, m\u00eame les gouvernements peuvent agir rapidement. Des mesures que l&rsquo;on ne croyait pas possibles auparavant ne sont plus un probl\u00e8me et des changements l\u00e9gislatifs et budg\u00e9taires complexes sont soudain organis\u00e9s en une journ\u00e9e. Il suffit de penser aux sanctions de grande envergure contre la Russie, ou \u00e0 l&rsquo;Allemagne qui investit soudainement 100 milliards suppl\u00e9mentaires dans la Bundeswehr. Aux Pays-Bas \u00e9galement, de nombreux sujets sont soudainement ouverts \u00e0 la discussion. Comme, par exemple, une r\u00e9duction des droits d&rsquo;accises sur le carburant.<\/p>\n<h2><strong>R\u00e9duction des droits d&rsquo;accise &nbsp;<\/strong><\/h2>\n<p><a href=\"https:\/\/autorai.nl\/kabinet-wil-accijnzen-op-brandstof-toch-verlagen\/\" target=\"_blank\" rel=\"noreferrer noopener\">Ce matin, nous avons \u00e9crit<\/a> que le gouvernement n\u00e9erlandais a d\u00e9cid\u00e9 d&rsquo;introduire une r\u00e9duction des droits d&rsquo;accise sur l&rsquo;essence et le diesel, mais seulement \u00e0 partir du 1er juillet. Alors que la douleur est maintenant la plus grande. Au moment de la r\u00e9daction, le prix de vente conseill\u00e9 pour un litre d&rsquo;Euro95 est de 2,492 euros et pour le diesel de 2,379 euros. Avec des prix comme \u00e7a, cinq mois, c&rsquo;est assez long.<\/p>\n<h2>1er avril<\/h2>\n<p>Mais la ministre Karien van Gennip des Affaires sociales a de bonnes nouvelles. Vendredi apr\u00e8s la r\u00e9union du cabinet, elle a annonc\u00e9 que la r\u00e9duction d&rsquo;imp\u00f4t interviendrait des mois plus t\u00f4t. A savoir \u00e0 partir du 1er avril. Donc trois mois plus t\u00f4t.<\/p>\n<p>En raison de la r\u00e9duction des droits d&rsquo;accise, vous paierez 17 centimes de moins par litre d&rsquo;essence \u00e0 partir d&rsquo;avril, et le diesel sera moins cher de 11 centimes. Avec le prix actuel de l&rsquo;essence, le litre d&rsquo;essence revient alors \u00e0 2 322 euros. Il n&rsquo;est absolument pas encore question d&rsquo;essence bon march\u00e9, on n&rsquo;ose m\u00eame pas \u00e9crire le mot &lsquo;abordable&rsquo;. Mais au moins c&rsquo;est quelque chose. Faire le plein de l&rsquo;autre c\u00f4t\u00e9 de la fronti\u00e8re reste toujours tr\u00e8s attractif, car gr\u00e2ce \u00e0 une s\u00e9rieuse <a href=\"https:\/\/autorai.nl\/belgische-regering-wil-flinke-korting-op-benzine-en-diesel\/\" target=\"_blank\" rel=\"noreferrer noopener\">baisse des droits d&rsquo;accises en Belgique<\/a> , les prix du carburant y chuteront beaucoup plus vite que chez nous.<\/p>\n<h2>Prix de l&rsquo;\u00e9nergie \u00e0 partir du 1er juillet<\/h2>\n<p>La TVA sur l&rsquo;\u00e9nergie ne diminuera qu&rsquo;\u00e0 partir du 1er juillet. Le gaz et l&rsquo;\u00e9lectricit\u00e9 sont alors soumis \u00e0 un faible taux de TVA de 9 %, au lieu de 21 %. Les propri\u00e9taires de voitures \u00e9lectriques doivent donc patienter encore un peu avant de pouvoir recharger leur voiture \u00e0 domicile.<\/p>\n<p><a href=\"https:\/\/autorai.nl\/belgische-regering-wil-flinke-korting-op-benzine-en-diesel\/\" target=\"_blank\" rel=\"noreferrer noopener\">Lire aussi : Le gouvernement belge veut une r\u00e9duction sur l&rsquo;essence et le diesel<\/a><\/p>\n<figure class=\"wp-block-embed is-type-wp-embed is-provider-autorai-nl wp-block-embed-autorai-nl\">\n<div class=\"wp-block-embed__wrapper\">\n<blockquote class=\"wp-embedded-content\" data-secret=\"WEb5viJisU\"><p><a href=\"https:\/\/autorai.nl\/belgische-regering-wil-flinke-korting-op-benzine-en-diesel\/\">Le gouvernement belge veut une r\u00e9duction sur l&rsquo;essence et le diesel<\/a><\/p><\/blockquote>\n<\/div>\n<\/figure>\n","protected":false},"excerpt":{"rendered":"Temps de crise En temps de crise, m\u00eame les gouvernements peuvent agir rapidement. Des mesures que l'on ne croyait pas\u2026","protected":false},"author":0,"featured_media":118460,"comment_status":"open","ping_status":"open","sticky":false,"template":"","format":"standard","meta":{"footnotes":""},"categories":[127],"tags":[],"class_list":["post-118489","post","type-post","status-publish","format-standard","has-post-thumbnail","hentry","category-nouvelles-de-voiture"],"acf":[],"yoast_head":"<!-- This site is optimized with the Yoast SEO plugin v21.2 - https:\/\/yoast.com\/wordpress\/plugins\/seo\/ -->\n<title>Les droits d&#039;accise sur l&#039;essence et le diesel seront r\u00e9duits \u00e0 partir d&#039;avril - All cars news<\/title>\n<meta name=\"robots\" content=\"index, follow, max-snippet:-1, max-image-preview:large, max-video-preview:-1\" \/>\n<link rel=\"canonical\" href=\"https:\/\/all-car-news.com\/fr\/les-droits-daccise-sur-lessence-et-le-diesel-seront-reduits-a-partir-davril\/\" \/>\n<meta property=\"og:locale\" content=\"fr_FR\" \/>\n<meta property=\"og:type\" content=\"article\" \/>\n<meta property=\"og:title\" content=\"Les droits d&#039;accise sur l&#039;essence et le diesel seront r\u00e9duits \u00e0 partir d&#039;avril - All cars news\" \/>\n<meta property=\"og:description\" content=\"Temps de crise En temps de crise, m\u00eame les gouvernements peuvent agir rapidement. Des mesures que l&#039;on ne croyait pas possibles auparavant ne sont plus un probl\u00e8me et des changements l\u00e9gislatifs et budg\u00e9taires complexes sont soudain organis\u00e9s en une journ\u00e9e. Il suffit de penser aux sanctions de grande envergure contre la Russie, ou \u00e0 l&#039;Allemagne qui investit soudainement 100 milliards suppl\u00e9mentaires dans la Bundeswehr. Aussi [\u2026]\" \/>\n<meta property=\"og:url\" content=\"https:\/\/all-car-news.com\/fr\/les-droits-daccise-sur-lessence-et-le-diesel-seront-reduits-a-partir-davril\/\" \/>\n<meta property=\"og:site_name\" content=\"All cars news\" \/>\n<meta property=\"article:published_time\" content=\"2022-03-12T11:00:49+00:00\" \/>\n<meta property=\"og:image\" content=\"https:\/\/all-car-news.com\/wp-content\/uploads\/2022\/03\/benzine-tankstation.jpg\" \/>\n\t<meta property=\"og:image:width\" content=\"1600\" \/>\n\t<meta property=\"og:image:height\" content=\"900\" \/>\n\t<meta property=\"og:image:type\" content=\"image\/jpeg\" \/>\n<meta name=\"twitter:card\" content=\"summary_large_image\" \/>\n<meta name=\"twitter:label1\" content=\"Dur\u00e9e de lecture estim\u00e9e\" \/>\n\t<meta name=\"twitter:data1\" content=\"2 minutes\" \/>\n<script type=\"application\/ld+json\" class=\"yoast-schema-graph\">{\"@context\":\"https:\/\/schema.org\",\"@graph\":[{\"@type\":\"Article\",\"@id\":\"https:\/\/all-car-news.com\/fr\/les-droits-daccise-sur-lessence-et-le-diesel-seront-reduits-a-partir-davril\/#article\",\"isPartOf\":{\"@id\":\"https:\/\/all-car-news.com\/fr\/les-droits-daccise-sur-lessence-et-le-diesel-seront-reduits-a-partir-davril\/\"},\"author\":{\"name\":\"\",\"@id\":\"\"},\"headline\":\"Les droits d&rsquo;accise sur l&rsquo;essence et le diesel seront r\u00e9duits \u00e0 partir d&rsquo;avril\",\"datePublished\":\"2022-03-12T11:00:49+00:00\",\"dateModified\":\"2022-03-12T11:00:49+00:00\",\"mainEntityOfPage\":{\"@id\":\"https:\/\/all-car-news.com\/fr\/les-droits-daccise-sur-lessence-et-le-diesel-seront-reduits-a-partir-davril\/\"},\"wordCount\":420,\"commentCount\":0,\"publisher\":{\"@id\":\"https:\/\/all-car-news.com\/fr\/#organization\"},\"articleSection\":[\"nouvelles de voiture\"],\"inLanguage\":\"fr-FR\",\"potentialAction\":[{\"@type\":\"CommentAction\",\"name\":\"Comment\",\"target\":[\"https:\/\/all-car-news.com\/fr\/les-droits-daccise-sur-lessence-et-le-diesel-seront-reduits-a-partir-davril\/#respond\"]}]},{\"@type\":\"WebPage\",\"@id\":\"https:\/\/all-car-news.com\/fr\/les-droits-daccise-sur-lessence-et-le-diesel-seront-reduits-a-partir-davril\/\",\"url\":\"https:\/\/all-car-news.com\/fr\/les-droits-daccise-sur-lessence-et-le-diesel-seront-reduits-a-partir-davril\/\",\"name\":\"Les droits d'accise sur l'essence et le diesel seront r\u00e9duits \u00e0 partir d'avril - All cars news\",\"isPartOf\":{\"@id\":\"https:\/\/all-car-news.com\/fr\/#website\"},\"datePublished\":\"2022-03-12T11:00:49+00:00\",\"dateModified\":\"2022-03-12T11:00:49+00:00\",\"breadcrumb\":{\"@id\":\"https:\/\/all-car-news.com\/fr\/les-droits-daccise-sur-lessence-et-le-diesel-seront-reduits-a-partir-davril\/#breadcrumb\"},\"inLanguage\":\"fr-FR\",\"potentialAction\":[{\"@type\":\"ReadAction\",\"target\":[\"https:\/\/all-car-news.com\/fr\/les-droits-daccise-sur-lessence-et-le-diesel-seront-reduits-a-partir-davril\/\"]}]},{\"@type\":\"BreadcrumbList\",\"@id\":\"https:\/\/all-car-news.com\/fr\/les-droits-daccise-sur-lessence-et-le-diesel-seront-reduits-a-partir-davril\/#breadcrumb\",\"itemListElement\":[{\"@type\":\"ListItem\",\"position\":1,\"name\":\"Home\",\"item\":\"https:\/\/all-car-news.com\/fr\/\"},{\"@type\":\"ListItem\",\"position\":2,\"name\":\"Les droits d&rsquo;accise sur l&rsquo;essence et le diesel seront r\u00e9duits \u00e0 partir d&rsquo;avril\"}]},{\"@type\":\"WebSite\",\"@id\":\"https:\/\/all-car-news.com\/fr\/#website\",\"url\":\"https:\/\/all-car-news.com\/fr\/\",\"name\":\"All cars news\",\"description\":\"\",\"publisher\":{\"@id\":\"https:\/\/all-car-news.com\/fr\/#organization\"},\"potentialAction\":[{\"@type\":\"SearchAction\",\"target\":{\"@type\":\"EntryPoint\",\"urlTemplate\":\"https:\/\/all-car-news.com\/fr\/?s={search_term_string}\"},\"query-input\":\"required name=search_term_string\"}],\"inLanguage\":\"fr-FR\"},{\"@type\":\"Organization\",\"@id\":\"https:\/\/all-car-news.com\/fr\/#organization\",\"name\":\"All cars news\",\"url\":\"https:\/\/all-car-news.com\/fr\/\",\"logo\":{\"@type\":\"ImageObject\",\"inLanguage\":\"fr-FR\",\"@id\":\"https:\/\/all-car-news.com\/fr\/#\/schema\/logo\/image\/\",\"url\":\"https:\/\/all-car-news.com\/wp-content\/uploads\/2022\/02\/CMYK-AllCarNews_LANDSCAPE_300px-1.png\",\"contentUrl\":\"https:\/\/all-car-news.com\/wp-content\/uploads\/2022\/02\/CMYK-AllCarNews_LANDSCAPE_300px-1.png\",\"width\":300,\"height\":100,\"caption\":\"All cars news\"},\"image\":{\"@id\":\"https:\/\/all-car-news.com\/fr\/#\/schema\/logo\/image\/\"}}]}<\/script>\n<!-- \/ Yoast SEO plugin. -->","yoast_head_json":{"title":"Les droits d'accise sur l'essence et le diesel seront r\u00e9duits \u00e0 partir d'avril - All cars news","robots":{"index":"index","follow":"follow","max-snippet":"max-snippet:-1","max-image-preview":"max-image-preview:large","max-video-preview":"max-video-preview:-1"},"canonical":"https:\/\/all-car-news.com\/fr\/les-droits-daccise-sur-lessence-et-le-diesel-seront-reduits-a-partir-davril\/","og_locale":"fr_FR","og_type":"article","og_title":"Les droits d'accise sur l'essence et le diesel seront r\u00e9duits \u00e0 partir d'avril - All cars news","og_description":"Temps de crise En temps de crise, m\u00eame les gouvernements peuvent agir rapidement. Des mesures que l'on ne croyait pas possibles auparavant ne sont plus un probl\u00e8me et des changements l\u00e9gislatifs et budg\u00e9taires complexes sont soudain organis\u00e9s en une journ\u00e9e. Il suffit de penser aux sanctions de grande envergure contre la Russie, ou \u00e0 l'Allemagne qui investit soudainement 100 milliards suppl\u00e9mentaires dans la Bundeswehr. Aussi [\u2026]","og_url":"https:\/\/all-car-news.com\/fr\/les-droits-daccise-sur-lessence-et-le-diesel-seront-reduits-a-partir-davril\/","og_site_name":"All cars news","article_published_time":"2022-03-12T11:00:49+00:00","og_image":[{"width":1600,"height":900,"url":"https:\/\/all-car-news.com\/wp-content\/uploads\/2022\/03\/benzine-tankstation.jpg","type":"image\/jpeg"}],"twitter_card":"summary_large_image","twitter_misc":{"Dur\u00e9e de lecture estim\u00e9e":"2 minutes"},"schema":{"@context":"https:\/\/schema.org","@graph":[{"@type":"Article","@id":"https:\/\/all-car-news.com\/fr\/les-droits-daccise-sur-lessence-et-le-diesel-seront-reduits-a-partir-davril\/#article","isPartOf":{"@id":"https:\/\/all-car-news.com\/fr\/les-droits-daccise-sur-lessence-et-le-diesel-seront-reduits-a-partir-davril\/"},"author":{"name":"","@id":""},"headline":"Les droits d&rsquo;accise sur l&rsquo;essence et le diesel seront r\u00e9duits \u00e0 partir d&rsquo;avril","datePublished":"2022-03-12T11:00:49+00:00","dateModified":"2022-03-12T11:00:49+00:00","mainEntityOfPage":{"@id":"https:\/\/all-car-news.com\/fr\/les-droits-daccise-sur-lessence-et-le-diesel-seront-reduits-a-partir-davril\/"},"wordCount":420,"commentCount":0,"publisher":{"@id":"https:\/\/all-car-news.com\/fr\/#organization"},"articleSection":["nouvelles de voiture"],"inLanguage":"fr-FR","potentialAction":[{"@type":"CommentAction","name":"Comment","target":["https:\/\/all-car-news.com\/fr\/les-droits-daccise-sur-lessence-et-le-diesel-seront-reduits-a-partir-davril\/#respond"]}]},{"@type":"WebPage","@id":"https:\/\/all-car-news.com\/fr\/les-droits-daccise-sur-lessence-et-le-diesel-seront-reduits-a-partir-davril\/","url":"https:\/\/all-car-news.com\/fr\/les-droits-daccise-sur-lessence-et-le-diesel-seront-reduits-a-partir-davril\/","name":"Les droits d'accise sur l'essence et le diesel seront r\u00e9duits \u00e0 partir d'avril - All cars news","isPartOf":{"@id":"https:\/\/all-car-news.com\/fr\/#website"},"datePublished":"2022-03-12T11:00:49+00:00","dateModified":"2022-03-12T11:00:49+00:00","breadcrumb":{"@id":"https:\/\/all-car-news.com\/fr\/les-droits-daccise-sur-lessence-et-le-diesel-seront-reduits-a-partir-davril\/#breadcrumb"},"inLanguage":"fr-FR","potentialAction":[{"@type":"ReadAction","target":["https:\/\/all-car-news.com\/fr\/les-droits-daccise-sur-lessence-et-le-diesel-seront-reduits-a-partir-davril\/"]}]},{"@type":"BreadcrumbList","@id":"https:\/\/all-car-news.com\/fr\/les-droits-daccise-sur-lessence-et-le-diesel-seront-reduits-a-partir-davril\/#breadcrumb","itemListElement":[{"@type":"ListItem","position":1,"name":"Home","item":"https:\/\/all-car-news.com\/fr\/"},{"@type":"ListItem","position":2,"name":"Les droits d&rsquo;accise sur l&rsquo;essence et le diesel seront r\u00e9duits \u00e0 partir d&rsquo;avril"}]},{"@type":"WebSite","@id":"https:\/\/all-car-news.com\/fr\/#website","url":"https:\/\/all-car-news.com\/fr\/","name":"All cars news","description":"","publisher":{"@id":"https:\/\/all-car-news.com\/fr\/#organization"},"potentialAction":[{"@type":"SearchAction","target":{"@type":"EntryPoint","urlTemplate":"https:\/\/all-car-news.com\/fr\/?s={search_term_string}"},"query-input":"required name=search_term_string"}],"inLanguage":"fr-FR"},{"@type":"Organization","@id":"https:\/\/all-car-news.com\/fr\/#organization","name":"All cars news","url":"https:\/\/all-car-news.com\/fr\/","logo":{"@type":"ImageObject","inLanguage":"fr-FR","@id":"https:\/\/all-car-news.com\/fr\/#\/schema\/logo\/image\/","url":"https:\/\/all-car-news.com\/wp-content\/uploads\/2022\/02\/CMYK-AllCarNews_LANDSCAPE_300px-1.png","contentUrl":"https:\/\/all-car-news.com\/wp-content\/uploads\/2022\/02\/CMYK-AllCarNews_LANDSCAPE_300px-1.png","width":300,"height":100,"caption":"All cars news"},"image":{"@id":"https:\/\/all-car-news.com\/fr\/#\/schema\/logo\/image\/"}}]}},"_links":{"self":[{"href":"https:\/\/all-car-news.com\/fr\/wp-json\/wp\/v2\/posts\/118489","targetHints":{"allow":["GET"]}}],"collection":[{"href":"https:\/\/all-car-news.com\/fr\/wp-json\/wp\/v2\/posts"}],"about":[{"href":"https:\/\/all-car-news.com\/fr\/wp-json\/wp\/v2\/types\/post"}],"replies":[{"embeddable":true,"href":"https:\/\/all-car-news.com\/fr\/wp-json\/wp\/v2\/comments?post=118489"}],"version-history":[{"count":0,"href":"https:\/\/all-car-news.com\/fr\/wp-json\/wp\/v2\/posts\/118489\/revisions"}],"wp:featuredmedia":[{"embeddable":true,"href":"https:\/\/all-car-news.com\/fr\/wp-json\/wp\/v2\/media\/118460"}],"wp:attachment":[{"href":"https:\/\/all-car-news.com\/fr\/wp-json\/wp\/v2\/media?parent=118489"}],"wp:term":[{"taxonomy":"category","embeddable":true,"href":"https:\/\/all-car-news.com\/fr\/wp-json\/wp\/v2\/categories?post=118489"},{"taxonomy":"post_tag","embeddable":true,"href":"https:\/\/all-car-news.com\/fr\/wp-json\/wp\/v2\/tags?post=118489"}],"curies":[{"name":"wp","href":"https:\/\/api.w.org\/{rel}","templated":true}]}}