{"id":117978,"date":"2022-03-08T12:46:41","date_gmt":"2022-03-08T12:46:41","guid":{"rendered":"https:\/\/all-car-news.com\/video-un-invite-dans-une-mx-5-ouverte-brave-une-tempete-de-neige\/"},"modified":"2022-03-08T12:46:41","modified_gmt":"2022-03-08T12:46:41","slug":"video-un-invite-dans-une-mx-5-ouverte-brave-une-tempete-de-neige","status":"publish","type":"post","link":"https:\/\/all-car-news.com\/fr\/video-un-invite-dans-une-mx-5-ouverte-brave-une-tempete-de-neige\/","title":{"rendered":"Vid\u00e9o : Un invit\u00e9 dans une MX-5 ouverte brave une temp\u00eate de neige"},"content":{"rendered":"<\/p>\n<h2>toit ouvert<\/h2>\n<p>Le conducteur d&rsquo;une MX-5 &#8211; vraisemblablement de premi\u00e8re g\u00e9n\u00e9ration &#8211; a \u00e9t\u00e9 vu et film\u00e9 sur une route enneig\u00e9e pr\u00e8s de Templeton, Massachusetts en Am\u00e9rique sur la route 2. Il ne semble pas se soucier de savoir s&rsquo;il neige ou s&rsquo;il fait -10 degr\u00e9s Celsius, car il conduit simplement avec le toit ouvert.<\/p>\n<figure class=\"wp-block-embed is-type-video is-provider-youtube wp-block-embed-youtube wp-embed-aspect-16-9 wp-has-aspect-ratio\">\n<div class=\"wp-block-embed__wrapper\">\n<\/div>\n<\/figure>\n<h2>Amusement ou n\u00e9cessit\u00e9 ?<\/h2>\n<p>La raison pour laquelle l&rsquo;homme conduit ouvert reste un myst\u00e8re. Les pr\u00e9sentateurs de nouvelles appellent le chauffeur \u00ab fou \u00bb parce que le toit est ouvert. Il est possible que le conducteur soit particuli\u00e8rement r\u00e9sistant au froid, mais il est plus probable que la structure du toit ne fonctionne plus correctement. Le <a href=\"https:\/\/autorai.nl\/goedkope-cabrio-welke-neem-jij-mee-naar-huis\/\" target=\"_blank\" rel=\"noreferrer noopener\">petit cabriolet<\/a> est r\u00e9put\u00e9 extr\u00eamement fiable, seul le toit cabriolet en tissu n&rsquo;est pas la partie la plus solide de la MX-5. Les lecteurs de nouvelles ne semblent pas non plus savoir que le MX-5 a une propulsion arri\u00e8re. <\/p>\n<h2>La vitesse en elle<\/h2>\n<p>La vitesse est en tout cas bonne avec la propulsion arri\u00e8re. Probablement en raison d&rsquo;un ensemble de bons <a href=\"https:\/\/autorai.nl\/winterbanden-alles-wat-je-moet-weten\/\" target=\"_blank\" rel=\"noreferrer noopener\">pneus d&rsquo;hiver<\/a> . La cha\u00eene d&rsquo;information <a href=\"https:\/\/www.youtube.com\/watch?v=QNeyb18rrU4\" target=\"_blank\" rel=\"noreferrer noopener\">CBS News<\/a> essaie avec le texte \u00ab\u00a0Drive Slow!\u00a0\u00bb avertir les t\u00e9l\u00e9spectateurs contre la conduite dans des conditions m\u00e9t\u00e9orologiques glissantes. <\/p>\n<figure class=\"wp-block-image size-content\"><img decoding=\"async\" loading=\"lazy\" width=\"1140\" height=\"641\" src=\"https:\/\/autorai.nl\/wp-content\/uploads\/2022\/03\/Schermopname-22-1140x641.png\" alt=\"Mazda MX5 sneeuwstorm\" class=\"wp-image-117328\"><\/figure>\n","protected":false},"excerpt":{"rendered":"Toit ouvert Le conducteur d'une - vraisemblablement de premi\u00e8re g\u00e9n\u00e9ration - MX-5 a \u00e9t\u00e9 vu et film\u00e9 sur une route\u2026","protected":false},"author":0,"featured_media":117851,"comment_status":"open","ping_status":"open","sticky":false,"template":"","format":"standard","meta":{"footnotes":""},"categories":[127,139],"tags":[],"class_list":["post-117978","post","type-post","status-publish","format-standard","has-post-thumbnail","hentry","category-nouvelles-de-voiture","category-style-de-vie-et-plaisir"],"acf":[],"yoast_head":"<!-- This site is optimized with the Yoast SEO plugin v21.2 - https:\/\/yoast.com\/wordpress\/plugins\/seo\/ -->\n<title>Vid\u00e9o : Un invit\u00e9 dans une MX-5 ouverte brave une temp\u00eate de neige - All cars news<\/title>\n<meta name=\"robots\" content=\"index, follow, max-snippet:-1, max-image-preview:large, max-video-preview:-1\" \/>\n<link rel=\"canonical\" href=\"https:\/\/all-car-news.com\/fr\/video-un-invite-dans-une-mx-5-ouverte-brave-une-tempete-de-neige\/\" \/>\n<meta property=\"og:locale\" content=\"fr_FR\" \/>\n<meta property=\"og:type\" content=\"article\" \/>\n<meta property=\"og:title\" content=\"Vid\u00e9o : Un invit\u00e9 dans une MX-5 ouverte brave une temp\u00eate de neige - All cars news\" \/>\n<meta property=\"og:description\" content=\"Toit ouvert Le conducteur d&#039;une - vraisemblablement de premi\u00e8re g\u00e9n\u00e9ration - MX-5 a \u00e9t\u00e9 vu et film\u00e9 sur une route enneig\u00e9e pr\u00e8s de Templeton, Massachusetts en Am\u00e9rique sur la Route 2. Il ne semble pas se soucier de savoir s&#039;il neige ou s&#039;il fait -10 degr\u00e9s Celsius, car il conduit simplement avec le toit ouvert. MDR [\u2026]\" \/>\n<meta property=\"og:url\" content=\"https:\/\/all-car-news.com\/fr\/video-un-invite-dans-une-mx-5-ouverte-brave-une-tempete-de-neige\/\" \/>\n<meta property=\"og:site_name\" content=\"All cars news\" \/>\n<meta property=\"article:published_time\" content=\"2022-03-08T12:46:41+00:00\" \/>\n<meta property=\"og:image\" content=\"https:\/\/all-car-news.com\/wp-content\/uploads\/2022\/03\/Header_mx5.jpg\" \/>\n\t<meta property=\"og:image:width\" content=\"1920\" \/>\n\t<meta property=\"og:image:height\" content=\"1080\" \/>\n\t<meta property=\"og:image:type\" content=\"image\/jpeg\" \/>\n<meta name=\"twitter:card\" content=\"summary_large_image\" \/>\n<meta name=\"twitter:label1\" content=\"Dur\u00e9e de lecture estim\u00e9e\" \/>\n\t<meta name=\"twitter:data1\" content=\"1 minute\" \/>\n<script type=\"application\/ld+json\" class=\"yoast-schema-graph\">{\"@context\":\"https:\/\/schema.org\",\"@graph\":[{\"@type\":\"Article\",\"@id\":\"https:\/\/all-car-news.com\/fr\/video-un-invite-dans-une-mx-5-ouverte-brave-une-tempete-de-neige\/#article\",\"isPartOf\":{\"@id\":\"https:\/\/all-car-news.com\/fr\/video-un-invite-dans-une-mx-5-ouverte-brave-une-tempete-de-neige\/\"},\"author\":{\"name\":\"\",\"@id\":\"\"},\"headline\":\"Vid\u00e9o : Un invit\u00e9 dans une MX-5 ouverte brave une temp\u00eate de neige\",\"datePublished\":\"2022-03-08T12:46:41+00:00\",\"dateModified\":\"2022-03-08T12:46:41+00:00\",\"mainEntityOfPage\":{\"@id\":\"https:\/\/all-car-news.com\/fr\/video-un-invite-dans-une-mx-5-ouverte-brave-une-tempete-de-neige\/\"},\"wordCount\":227,\"commentCount\":0,\"publisher\":{\"@id\":\"https:\/\/all-car-news.com\/fr\/#organization\"},\"articleSection\":[\"nouvelles de voiture\",\"Style de vie et plaisir\"],\"inLanguage\":\"fr-FR\",\"potentialAction\":[{\"@type\":\"CommentAction\",\"name\":\"Comment\",\"target\":[\"https:\/\/all-car-news.com\/fr\/video-un-invite-dans-une-mx-5-ouverte-brave-une-tempete-de-neige\/#respond\"]}]},{\"@type\":\"WebPage\",\"@id\":\"https:\/\/all-car-news.com\/fr\/video-un-invite-dans-une-mx-5-ouverte-brave-une-tempete-de-neige\/\",\"url\":\"https:\/\/all-car-news.com\/fr\/video-un-invite-dans-une-mx-5-ouverte-brave-une-tempete-de-neige\/\",\"name\":\"Vid\u00e9o : Un invit\u00e9 dans une MX-5 ouverte brave une temp\u00eate de neige - All cars news\",\"isPartOf\":{\"@id\":\"https:\/\/all-car-news.com\/fr\/#website\"},\"datePublished\":\"2022-03-08T12:46:41+00:00\",\"dateModified\":\"2022-03-08T12:46:41+00:00\",\"breadcrumb\":{\"@id\":\"https:\/\/all-car-news.com\/fr\/video-un-invite-dans-une-mx-5-ouverte-brave-une-tempete-de-neige\/#breadcrumb\"},\"inLanguage\":\"fr-FR\",\"potentialAction\":[{\"@type\":\"ReadAction\",\"target\":[\"https:\/\/all-car-news.com\/fr\/video-un-invite-dans-une-mx-5-ouverte-brave-une-tempete-de-neige\/\"]}]},{\"@type\":\"BreadcrumbList\",\"@id\":\"https:\/\/all-car-news.com\/fr\/video-un-invite-dans-une-mx-5-ouverte-brave-une-tempete-de-neige\/#breadcrumb\",\"itemListElement\":[{\"@type\":\"ListItem\",\"position\":1,\"name\":\"Home\",\"item\":\"https:\/\/all-car-news.com\/fr\/\"},{\"@type\":\"ListItem\",\"position\":2,\"name\":\"Vid\u00e9o : Un invit\u00e9 dans une MX-5 ouverte brave une temp\u00eate de neige\"}]},{\"@type\":\"WebSite\",\"@id\":\"https:\/\/all-car-news.com\/fr\/#website\",\"url\":\"https:\/\/all-car-news.com\/fr\/\",\"name\":\"All cars news\",\"description\":\"\",\"publisher\":{\"@id\":\"https:\/\/all-car-news.com\/fr\/#organization\"},\"potentialAction\":[{\"@type\":\"SearchAction\",\"target\":{\"@type\":\"EntryPoint\",\"urlTemplate\":\"https:\/\/all-car-news.com\/fr\/?s={search_term_string}\"},\"query-input\":\"required name=search_term_string\"}],\"inLanguage\":\"fr-FR\"},{\"@type\":\"Organization\",\"@id\":\"https:\/\/all-car-news.com\/fr\/#organization\",\"name\":\"All cars news\",\"url\":\"https:\/\/all-car-news.com\/fr\/\",\"logo\":{\"@type\":\"ImageObject\",\"inLanguage\":\"fr-FR\",\"@id\":\"https:\/\/all-car-news.com\/fr\/#\/schema\/logo\/image\/\",\"url\":\"https:\/\/all-car-news.com\/wp-content\/uploads\/2022\/02\/CMYK-AllCarNews_LANDSCAPE_300px-1.png\",\"contentUrl\":\"https:\/\/all-car-news.com\/wp-content\/uploads\/2022\/02\/CMYK-AllCarNews_LANDSCAPE_300px-1.png\",\"width\":300,\"height\":100,\"caption\":\"All cars news\"},\"image\":{\"@id\":\"https:\/\/all-car-news.com\/fr\/#\/schema\/logo\/image\/\"}}]}<\/script>\n<!-- \/ Yoast SEO plugin. -->","yoast_head_json":{"title":"Vid\u00e9o : Un invit\u00e9 dans une MX-5 ouverte brave une temp\u00eate de neige - All cars news","robots":{"index":"index","follow":"follow","max-snippet":"max-snippet:-1","max-image-preview":"max-image-preview:large","max-video-preview":"max-video-preview:-1"},"canonical":"https:\/\/all-car-news.com\/fr\/video-un-invite-dans-une-mx-5-ouverte-brave-une-tempete-de-neige\/","og_locale":"fr_FR","og_type":"article","og_title":"Vid\u00e9o : Un invit\u00e9 dans une MX-5 ouverte brave une temp\u00eate de neige - All cars news","og_description":"Toit ouvert Le conducteur d'une - vraisemblablement de premi\u00e8re g\u00e9n\u00e9ration - MX-5 a \u00e9t\u00e9 vu et film\u00e9 sur une route enneig\u00e9e pr\u00e8s de Templeton, Massachusetts en Am\u00e9rique sur la Route 2. Il ne semble pas se soucier de savoir s'il neige ou s'il fait -10 degr\u00e9s Celsius, car il conduit simplement avec le toit ouvert. MDR [\u2026]","og_url":"https:\/\/all-car-news.com\/fr\/video-un-invite-dans-une-mx-5-ouverte-brave-une-tempete-de-neige\/","og_site_name":"All cars news","article_published_time":"2022-03-08T12:46:41+00:00","og_image":[{"width":1920,"height":1080,"url":"https:\/\/all-car-news.com\/wp-content\/uploads\/2022\/03\/Header_mx5.jpg","type":"image\/jpeg"}],"twitter_card":"summary_large_image","twitter_misc":{"Dur\u00e9e de lecture estim\u00e9e":"1 minute"},"schema":{"@context":"https:\/\/schema.org","@graph":[{"@type":"Article","@id":"https:\/\/all-car-news.com\/fr\/video-un-invite-dans-une-mx-5-ouverte-brave-une-tempete-de-neige\/#article","isPartOf":{"@id":"https:\/\/all-car-news.com\/fr\/video-un-invite-dans-une-mx-5-ouverte-brave-une-tempete-de-neige\/"},"author":{"name":"","@id":""},"headline":"Vid\u00e9o : Un invit\u00e9 dans une MX-5 ouverte brave une temp\u00eate de neige","datePublished":"2022-03-08T12:46:41+00:00","dateModified":"2022-03-08T12:46:41+00:00","mainEntityOfPage":{"@id":"https:\/\/all-car-news.com\/fr\/video-un-invite-dans-une-mx-5-ouverte-brave-une-tempete-de-neige\/"},"wordCount":227,"commentCount":0,"publisher":{"@id":"https:\/\/all-car-news.com\/fr\/#organization"},"articleSection":["nouvelles de voiture","Style de vie et plaisir"],"inLanguage":"fr-FR","potentialAction":[{"@type":"CommentAction","name":"Comment","target":["https:\/\/all-car-news.com\/fr\/video-un-invite-dans-une-mx-5-ouverte-brave-une-tempete-de-neige\/#respond"]}]},{"@type":"WebPage","@id":"https:\/\/all-car-news.com\/fr\/video-un-invite-dans-une-mx-5-ouverte-brave-une-tempete-de-neige\/","url":"https:\/\/all-car-news.com\/fr\/video-un-invite-dans-une-mx-5-ouverte-brave-une-tempete-de-neige\/","name":"Vid\u00e9o : Un invit\u00e9 dans une MX-5 ouverte brave une temp\u00eate de neige - All cars news","isPartOf":{"@id":"https:\/\/all-car-news.com\/fr\/#website"},"datePublished":"2022-03-08T12:46:41+00:00","dateModified":"2022-03-08T12:46:41+00:00","breadcrumb":{"@id":"https:\/\/all-car-news.com\/fr\/video-un-invite-dans-une-mx-5-ouverte-brave-une-tempete-de-neige\/#breadcrumb"},"inLanguage":"fr-FR","potentialAction":[{"@type":"ReadAction","target":["https:\/\/all-car-news.com\/fr\/video-un-invite-dans-une-mx-5-ouverte-brave-une-tempete-de-neige\/"]}]},{"@type":"BreadcrumbList","@id":"https:\/\/all-car-news.com\/fr\/video-un-invite-dans-une-mx-5-ouverte-brave-une-tempete-de-neige\/#breadcrumb","itemListElement":[{"@type":"ListItem","position":1,"name":"Home","item":"https:\/\/all-car-news.com\/fr\/"},{"@type":"ListItem","position":2,"name":"Vid\u00e9o : Un invit\u00e9 dans une MX-5 ouverte brave une temp\u00eate de neige"}]},{"@type":"WebSite","@id":"https:\/\/all-car-news.com\/fr\/#website","url":"https:\/\/all-car-news.com\/fr\/","name":"All cars news","description":"","publisher":{"@id":"https:\/\/all-car-news.com\/fr\/#organization"},"potentialAction":[{"@type":"SearchAction","target":{"@type":"EntryPoint","urlTemplate":"https:\/\/all-car-news.com\/fr\/?s={search_term_string}"},"query-input":"required name=search_term_string"}],"inLanguage":"fr-FR"},{"@type":"Organization","@id":"https:\/\/all-car-news.com\/fr\/#organization","name":"All cars news","url":"https:\/\/all-car-news.com\/fr\/","logo":{"@type":"ImageObject","inLanguage":"fr-FR","@id":"https:\/\/all-car-news.com\/fr\/#\/schema\/logo\/image\/","url":"https:\/\/all-car-news.com\/wp-content\/uploads\/2022\/02\/CMYK-AllCarNews_LANDSCAPE_300px-1.png","contentUrl":"https:\/\/all-car-news.com\/wp-content\/uploads\/2022\/02\/CMYK-AllCarNews_LANDSCAPE_300px-1.png","width":300,"height":100,"caption":"All cars news"},"image":{"@id":"https:\/\/all-car-news.com\/fr\/#\/schema\/logo\/image\/"}}]}},"_links":{"self":[{"href":"https:\/\/all-car-news.com\/fr\/wp-json\/wp\/v2\/posts\/117978","targetHints":{"allow":["GET"]}}],"collection":[{"href":"https:\/\/all-car-news.com\/fr\/wp-json\/wp\/v2\/posts"}],"about":[{"href":"https:\/\/all-car-news.com\/fr\/wp-json\/wp\/v2\/types\/post"}],"replies":[{"embeddable":true,"href":"https:\/\/all-car-news.com\/fr\/wp-json\/wp\/v2\/comments?post=117978"}],"version-history":[{"count":0,"href":"https:\/\/all-car-news.com\/fr\/wp-json\/wp\/v2\/posts\/117978\/revisions"}],"wp:featuredmedia":[{"embeddable":true,"href":"https:\/\/all-car-news.com\/fr\/wp-json\/wp\/v2\/media\/117851"}],"wp:attachment":[{"href":"https:\/\/all-car-news.com\/fr\/wp-json\/wp\/v2\/media?parent=117978"}],"wp:term":[{"taxonomy":"category","embeddable":true,"href":"https:\/\/all-car-news.com\/fr\/wp-json\/wp\/v2\/categories?post=117978"},{"taxonomy":"post_tag","embeddable":true,"href":"https:\/\/all-car-news.com\/fr\/wp-json\/wp\/v2\/tags?post=117978"}],"curies":[{"name":"wp","href":"https:\/\/api.w.org\/{rel}","templated":true}]}}