{"id":117959,"date":"2022-03-08T12:46:38","date_gmt":"2022-03-08T12:46:38","guid":{"rendered":"https:\/\/all-car-news.com\/teslas-nest-plus-le-bienvenu-dans-les-lave-autos-allemands\/"},"modified":"2022-03-08T12:46:38","modified_gmt":"2022-03-08T12:46:38","slug":"teslas-nest-plus-le-bienvenu-dans-les-lave-autos-allemands","status":"publish","type":"post","link":"https:\/\/all-car-news.com\/fr\/teslas-nest-plus-le-bienvenu-dans-les-lave-autos-allemands\/","title":{"rendered":"Teslas n&rsquo;est plus le bienvenu dans les lave-autos allemands"},"content":{"rendered":"<\/p>\n<h2><strong>Lave-auto Tesla<\/strong><\/h2>\n<p>Plusieurs stations-service d&rsquo;Oldenburg, en Allemagne, refusent les Tesla dans leur lave-auto. Non pas parce que les voitures endommagent l&rsquo;\u00e9quipement de lavage, mais parce que les v\u00e9hicules \u00e9lectriques eux-m\u00eames endommagent. Plusieurs clients ont d\u00e9couvert qu&rsquo;apr\u00e8s une visite au lave-auto, leur Tesla \u00e9tait \u00e9galement devenue magnifiquement propre &#8211; mais humide &#8211; \u00e0 l&rsquo;int\u00e9rieur.<\/p>\n<h2>Qu&rsquo;est-ce qui ne va pas&nbsp;?<\/h2>\n<p>Le probl\u00e8me n&rsquo;est pas avec les fissures et les coutures ou les panneaux qui ne s&rsquo;adaptent pas correctement. C&rsquo;est \u00e0 cause du hayon et du hayon, qui s&rsquo;ouvrent parfois automatiquement pendant le lavage. Les brosses et les chiffons du lave-auto pourraient accidentellement les ouvrir, s&rsquo;ils touchent un certain capteur, causant des d\u00e9g\u00e2ts d&rsquo;eau importants. Les voitures \u00e9lectriques d&rsquo;autres marques sont toujours les bienvenues dans les lave-autos d&rsquo;Oldenbourg, car elles ne souffrent pas de ce probl\u00e8me. <\/p>\n<p><em>Le texte continue sous la photo<\/em><\/p>\n<figure class=\"wp-block-image size-full\"><img decoding=\"async\" loading=\"lazy\" width=\"800\" height=\"499\" src=\"https:\/\/autorai.nl\/wp-content\/uploads\/2019\/03\/Tesla-Model_S_UK-Version-2013.jpg\" alt=\"\" class=\"wp-image-63035\"><\/figure>\n<h2><strong>Une Tesla peut-elle passer par le lave-auto ?<\/strong><\/h2>\n<p>Selon le magazine allemand <a href=\"https:\/\/www.stern.de\/auto\/tesla-verbot--erste-waschanlagen-fuerchten-klagewelle-und-untersagen-einfahrt-31650298.html\" target=\"_blank\" rel=\"noreferrer noopener\">Stern<\/a> , cela ne va pas avec les anciennes versions du Model X et du Model S. Ceux-ci n&rsquo;ont pas le soi-disant \u00abmode lavage de voiture\u00bb. Les mod\u00e8les 3 et Y disposent de cette fonctionnalit\u00e9 depuis l&rsquo;ann\u00e9e derni\u00e8re, gr\u00e2ce \u00e0 une mise \u00e0 jour en direct. La fonction de lavage de voiture ferme toutes les vitres et le hayon. Toutes les portes sont \u00e9galement verrouill\u00e9es et les capteurs de stationnement sont d\u00e9sactiv\u00e9s.<\/p>\n<h2>Aucune garantie<\/h2>\n<p>Tesla conseille aux propri\u00e9taires de ne pas faire passer leur voiture dans un lave-auto automatique qui utilise des brosses. Selon la marque, il est pr\u00e9f\u00e9rable pour eux de conduire leur voiture dans une cabine de lavage et de laver leur voiture eux-m\u00eames. Si des dommages surviennent dans un lave-auto automatique, ils ne sont pas couverts par la garantie. <\/p>\n<p><a href=\"https:\/\/autorai.nl\/ontevreden-tesla-eigenaar-blaast-model-s-op-met-30-kilo-dynamiet\/\" target=\"_blank\" rel=\"noreferrer noopener\">Lisez aussi: Un propri\u00e9taire de Tesla m\u00e9content fait exploser la Model S avec 30 kilos de dynamite<\/a><\/p>\n<figure class=\"wp-block-embed is-type-video is-provider-youtube wp-block-embed-youtube wp-embed-aspect-16-9 wp-has-aspect-ratio\">\n<div class=\"wp-block-embed__wrapper\">\n<\/div>\n<\/figure>\n","protected":false},"excerpt":{"rendered":"Lave-auto Tesla Plusieurs stations-service \u00e0 Oldenburg, en Allemagne, refusent les Tesla dans leur lave-auto. Non pas parce que les voitures\u2026","protected":false},"author":0,"featured_media":117869,"comment_status":"open","ping_status":"open","sticky":false,"template":"","format":"standard","meta":{"footnotes":""},"categories":[127],"tags":[],"class_list":["post-117959","post","type-post","status-publish","format-standard","has-post-thumbnail","hentry","category-nouvelles-de-voiture"],"acf":[],"yoast_head":"<!-- This site is optimized with the Yoast SEO plugin v21.2 - https:\/\/yoast.com\/wordpress\/plugins\/seo\/ -->\n<title>Teslas n&#039;est plus le bienvenu dans les lave-autos allemands - All cars news<\/title>\n<meta name=\"robots\" content=\"index, follow, max-snippet:-1, max-image-preview:large, max-video-preview:-1\" \/>\n<link rel=\"canonical\" href=\"https:\/\/all-car-news.com\/fr\/teslas-nest-plus-le-bienvenu-dans-les-lave-autos-allemands\/\" \/>\n<meta property=\"og:locale\" content=\"fr_FR\" \/>\n<meta property=\"og:type\" content=\"article\" \/>\n<meta property=\"og:title\" content=\"Teslas n&#039;est plus le bienvenu dans les lave-autos allemands - All cars news\" \/>\n<meta property=\"og:description\" content=\"Lave-auto Tesla Plusieurs stations-service \u00e0 Oldenburg, en Allemagne, refusent les Tesla dans leur lave-auto. Non pas parce que les voitures endommagent l&#039;\u00e9quipement de lavage, mais parce que les v\u00e9hicules \u00e9lectriques eux-m\u00eames endommagent. Plusieurs clients ont d\u00e9couvert qu&#039;apr\u00e8s une visite au lave-auto, leur Tesla \u00e9tait \u00e9galement devenue magnifiquement propre - mais humide - \u00e0 l&#039;int\u00e9rieur. Quoi [\u2026]\" \/>\n<meta property=\"og:url\" content=\"https:\/\/all-car-news.com\/fr\/teslas-nest-plus-le-bienvenu-dans-les-lave-autos-allemands\/\" \/>\n<meta property=\"og:site_name\" content=\"All cars news\" \/>\n<meta property=\"article:published_time\" content=\"2022-03-08T12:46:38+00:00\" \/>\n<meta property=\"og:image\" content=\"https:\/\/all-car-news.com\/wp-content\/uploads\/2022\/03\/carwash-wasstraat.jpg\" \/>\n\t<meta property=\"og:image:width\" content=\"1600\" \/>\n\t<meta property=\"og:image:height\" content=\"1200\" \/>\n\t<meta property=\"og:image:type\" content=\"image\/jpeg\" \/>\n<meta name=\"twitter:card\" content=\"summary_large_image\" \/>\n<meta name=\"twitter:label1\" content=\"Dur\u00e9e de lecture estim\u00e9e\" \/>\n\t<meta name=\"twitter:data1\" content=\"2 minutes\" \/>\n<script type=\"application\/ld+json\" class=\"yoast-schema-graph\">{\"@context\":\"https:\/\/schema.org\",\"@graph\":[{\"@type\":\"Article\",\"@id\":\"https:\/\/all-car-news.com\/fr\/teslas-nest-plus-le-bienvenu-dans-les-lave-autos-allemands\/#article\",\"isPartOf\":{\"@id\":\"https:\/\/all-car-news.com\/fr\/teslas-nest-plus-le-bienvenu-dans-les-lave-autos-allemands\/\"},\"author\":{\"name\":\"\",\"@id\":\"\"},\"headline\":\"Teslas n&rsquo;est plus le bienvenu dans les lave-autos allemands\",\"datePublished\":\"2022-03-08T12:46:38+00:00\",\"dateModified\":\"2022-03-08T12:46:38+00:00\",\"mainEntityOfPage\":{\"@id\":\"https:\/\/all-car-news.com\/fr\/teslas-nest-plus-le-bienvenu-dans-les-lave-autos-allemands\/\"},\"wordCount\":325,\"commentCount\":0,\"publisher\":{\"@id\":\"https:\/\/all-car-news.com\/fr\/#organization\"},\"articleSection\":[\"nouvelles de voiture\"],\"inLanguage\":\"fr-FR\",\"potentialAction\":[{\"@type\":\"CommentAction\",\"name\":\"Comment\",\"target\":[\"https:\/\/all-car-news.com\/fr\/teslas-nest-plus-le-bienvenu-dans-les-lave-autos-allemands\/#respond\"]}]},{\"@type\":\"WebPage\",\"@id\":\"https:\/\/all-car-news.com\/fr\/teslas-nest-plus-le-bienvenu-dans-les-lave-autos-allemands\/\",\"url\":\"https:\/\/all-car-news.com\/fr\/teslas-nest-plus-le-bienvenu-dans-les-lave-autos-allemands\/\",\"name\":\"Teslas n'est plus le bienvenu dans les lave-autos allemands - All cars news\",\"isPartOf\":{\"@id\":\"https:\/\/all-car-news.com\/fr\/#website\"},\"datePublished\":\"2022-03-08T12:46:38+00:00\",\"dateModified\":\"2022-03-08T12:46:38+00:00\",\"breadcrumb\":{\"@id\":\"https:\/\/all-car-news.com\/fr\/teslas-nest-plus-le-bienvenu-dans-les-lave-autos-allemands\/#breadcrumb\"},\"inLanguage\":\"fr-FR\",\"potentialAction\":[{\"@type\":\"ReadAction\",\"target\":[\"https:\/\/all-car-news.com\/fr\/teslas-nest-plus-le-bienvenu-dans-les-lave-autos-allemands\/\"]}]},{\"@type\":\"BreadcrumbList\",\"@id\":\"https:\/\/all-car-news.com\/fr\/teslas-nest-plus-le-bienvenu-dans-les-lave-autos-allemands\/#breadcrumb\",\"itemListElement\":[{\"@type\":\"ListItem\",\"position\":1,\"name\":\"Home\",\"item\":\"https:\/\/all-car-news.com\/fr\/\"},{\"@type\":\"ListItem\",\"position\":2,\"name\":\"Teslas n&rsquo;est plus le bienvenu dans les lave-autos allemands\"}]},{\"@type\":\"WebSite\",\"@id\":\"https:\/\/all-car-news.com\/fr\/#website\",\"url\":\"https:\/\/all-car-news.com\/fr\/\",\"name\":\"All cars news\",\"description\":\"\",\"publisher\":{\"@id\":\"https:\/\/all-car-news.com\/fr\/#organization\"},\"potentialAction\":[{\"@type\":\"SearchAction\",\"target\":{\"@type\":\"EntryPoint\",\"urlTemplate\":\"https:\/\/all-car-news.com\/fr\/?s={search_term_string}\"},\"query-input\":\"required name=search_term_string\"}],\"inLanguage\":\"fr-FR\"},{\"@type\":\"Organization\",\"@id\":\"https:\/\/all-car-news.com\/fr\/#organization\",\"name\":\"All cars news\",\"url\":\"https:\/\/all-car-news.com\/fr\/\",\"logo\":{\"@type\":\"ImageObject\",\"inLanguage\":\"fr-FR\",\"@id\":\"https:\/\/all-car-news.com\/fr\/#\/schema\/logo\/image\/\",\"url\":\"https:\/\/all-car-news.com\/wp-content\/uploads\/2022\/02\/CMYK-AllCarNews_LANDSCAPE_300px-1.png\",\"contentUrl\":\"https:\/\/all-car-news.com\/wp-content\/uploads\/2022\/02\/CMYK-AllCarNews_LANDSCAPE_300px-1.png\",\"width\":300,\"height\":100,\"caption\":\"All cars news\"},\"image\":{\"@id\":\"https:\/\/all-car-news.com\/fr\/#\/schema\/logo\/image\/\"}}]}<\/script>\n<!-- \/ Yoast SEO plugin. -->","yoast_head_json":{"title":"Teslas n'est plus le bienvenu dans les lave-autos allemands - All cars news","robots":{"index":"index","follow":"follow","max-snippet":"max-snippet:-1","max-image-preview":"max-image-preview:large","max-video-preview":"max-video-preview:-1"},"canonical":"https:\/\/all-car-news.com\/fr\/teslas-nest-plus-le-bienvenu-dans-les-lave-autos-allemands\/","og_locale":"fr_FR","og_type":"article","og_title":"Teslas n'est plus le bienvenu dans les lave-autos allemands - All cars news","og_description":"Lave-auto Tesla Plusieurs stations-service \u00e0 Oldenburg, en Allemagne, refusent les Tesla dans leur lave-auto. Non pas parce que les voitures endommagent l'\u00e9quipement de lavage, mais parce que les v\u00e9hicules \u00e9lectriques eux-m\u00eames endommagent. Plusieurs clients ont d\u00e9couvert qu'apr\u00e8s une visite au lave-auto, leur Tesla \u00e9tait \u00e9galement devenue magnifiquement propre - mais humide - \u00e0 l'int\u00e9rieur. Quoi [\u2026]","og_url":"https:\/\/all-car-news.com\/fr\/teslas-nest-plus-le-bienvenu-dans-les-lave-autos-allemands\/","og_site_name":"All cars news","article_published_time":"2022-03-08T12:46:38+00:00","og_image":[{"width":1600,"height":1200,"url":"https:\/\/all-car-news.com\/wp-content\/uploads\/2022\/03\/carwash-wasstraat.jpg","type":"image\/jpeg"}],"twitter_card":"summary_large_image","twitter_misc":{"Dur\u00e9e de lecture estim\u00e9e":"2 minutes"},"schema":{"@context":"https:\/\/schema.org","@graph":[{"@type":"Article","@id":"https:\/\/all-car-news.com\/fr\/teslas-nest-plus-le-bienvenu-dans-les-lave-autos-allemands\/#article","isPartOf":{"@id":"https:\/\/all-car-news.com\/fr\/teslas-nest-plus-le-bienvenu-dans-les-lave-autos-allemands\/"},"author":{"name":"","@id":""},"headline":"Teslas n&rsquo;est plus le bienvenu dans les lave-autos allemands","datePublished":"2022-03-08T12:46:38+00:00","dateModified":"2022-03-08T12:46:38+00:00","mainEntityOfPage":{"@id":"https:\/\/all-car-news.com\/fr\/teslas-nest-plus-le-bienvenu-dans-les-lave-autos-allemands\/"},"wordCount":325,"commentCount":0,"publisher":{"@id":"https:\/\/all-car-news.com\/fr\/#organization"},"articleSection":["nouvelles de voiture"],"inLanguage":"fr-FR","potentialAction":[{"@type":"CommentAction","name":"Comment","target":["https:\/\/all-car-news.com\/fr\/teslas-nest-plus-le-bienvenu-dans-les-lave-autos-allemands\/#respond"]}]},{"@type":"WebPage","@id":"https:\/\/all-car-news.com\/fr\/teslas-nest-plus-le-bienvenu-dans-les-lave-autos-allemands\/","url":"https:\/\/all-car-news.com\/fr\/teslas-nest-plus-le-bienvenu-dans-les-lave-autos-allemands\/","name":"Teslas n'est plus le bienvenu dans les lave-autos allemands - All cars news","isPartOf":{"@id":"https:\/\/all-car-news.com\/fr\/#website"},"datePublished":"2022-03-08T12:46:38+00:00","dateModified":"2022-03-08T12:46:38+00:00","breadcrumb":{"@id":"https:\/\/all-car-news.com\/fr\/teslas-nest-plus-le-bienvenu-dans-les-lave-autos-allemands\/#breadcrumb"},"inLanguage":"fr-FR","potentialAction":[{"@type":"ReadAction","target":["https:\/\/all-car-news.com\/fr\/teslas-nest-plus-le-bienvenu-dans-les-lave-autos-allemands\/"]}]},{"@type":"BreadcrumbList","@id":"https:\/\/all-car-news.com\/fr\/teslas-nest-plus-le-bienvenu-dans-les-lave-autos-allemands\/#breadcrumb","itemListElement":[{"@type":"ListItem","position":1,"name":"Home","item":"https:\/\/all-car-news.com\/fr\/"},{"@type":"ListItem","position":2,"name":"Teslas n&rsquo;est plus le bienvenu dans les lave-autos allemands"}]},{"@type":"WebSite","@id":"https:\/\/all-car-news.com\/fr\/#website","url":"https:\/\/all-car-news.com\/fr\/","name":"All cars news","description":"","publisher":{"@id":"https:\/\/all-car-news.com\/fr\/#organization"},"potentialAction":[{"@type":"SearchAction","target":{"@type":"EntryPoint","urlTemplate":"https:\/\/all-car-news.com\/fr\/?s={search_term_string}"},"query-input":"required name=search_term_string"}],"inLanguage":"fr-FR"},{"@type":"Organization","@id":"https:\/\/all-car-news.com\/fr\/#organization","name":"All cars news","url":"https:\/\/all-car-news.com\/fr\/","logo":{"@type":"ImageObject","inLanguage":"fr-FR","@id":"https:\/\/all-car-news.com\/fr\/#\/schema\/logo\/image\/","url":"https:\/\/all-car-news.com\/wp-content\/uploads\/2022\/02\/CMYK-AllCarNews_LANDSCAPE_300px-1.png","contentUrl":"https:\/\/all-car-news.com\/wp-content\/uploads\/2022\/02\/CMYK-AllCarNews_LANDSCAPE_300px-1.png","width":300,"height":100,"caption":"All cars news"},"image":{"@id":"https:\/\/all-car-news.com\/fr\/#\/schema\/logo\/image\/"}}]}},"_links":{"self":[{"href":"https:\/\/all-car-news.com\/fr\/wp-json\/wp\/v2\/posts\/117959","targetHints":{"allow":["GET"]}}],"collection":[{"href":"https:\/\/all-car-news.com\/fr\/wp-json\/wp\/v2\/posts"}],"about":[{"href":"https:\/\/all-car-news.com\/fr\/wp-json\/wp\/v2\/types\/post"}],"replies":[{"embeddable":true,"href":"https:\/\/all-car-news.com\/fr\/wp-json\/wp\/v2\/comments?post=117959"}],"version-history":[{"count":0,"href":"https:\/\/all-car-news.com\/fr\/wp-json\/wp\/v2\/posts\/117959\/revisions"}],"wp:featuredmedia":[{"embeddable":true,"href":"https:\/\/all-car-news.com\/fr\/wp-json\/wp\/v2\/media\/117869"}],"wp:attachment":[{"href":"https:\/\/all-car-news.com\/fr\/wp-json\/wp\/v2\/media?parent=117959"}],"wp:term":[{"taxonomy":"category","embeddable":true,"href":"https:\/\/all-car-news.com\/fr\/wp-json\/wp\/v2\/categories?post=117959"},{"taxonomy":"post_tag","embeddable":true,"href":"https:\/\/all-car-news.com\/fr\/wp-json\/wp\/v2\/tags?post=117959"}],"curies":[{"name":"wp","href":"https:\/\/api.w.org\/{rel}","templated":true}]}}