{"id":116408,"date":"2022-02-20T07:56:49","date_gmt":"2022-02-20T07:56:49","guid":{"rendered":"https:\/\/all-car-news.com\/fuite-de-photos-et-de-videos-du-modele-de-pre-production-de-tesla-cybertruck\/"},"modified":"2022-02-20T07:56:49","modified_gmt":"2022-02-20T07:56:49","slug":"fuite-de-photos-et-de-videos-du-modele-de-pre-production-de-tesla-cybertruck","status":"publish","type":"post","link":"https:\/\/all-car-news.com\/fr\/fuite-de-photos-et-de-videos-du-modele-de-pre-production-de-tesla-cybertruck\/","title":{"rendered":"Fuite de photos et de vid\u00e9os du mod\u00e8le de pr\u00e9-production de Tesla Cybertruck"},"content":{"rendered":"<h2>Quand viendra le Tesla Cybertruck ?<\/h2>\n<p>Tesla continue de retarder la production du Cybertruck. Fin 2021, les premiers exemplaires devaient sortir des cha\u00eenes de la nouvelle usine Tesla d&rsquo;Austin, au Texas. Cependant, en ao\u00fbt 2021, la production a \u00e9t\u00e9 report\u00e9e \u00e0 2022, mais il semble maintenant que la production ne commencera qu&rsquo;au premier trimestre de 2023.<\/p>\n<p>Si la production commence r\u00e9ellement en 2023, cela ne signifie pas que tout le monde recevra son Cybertruck cette ann\u00e9e-l\u00e0. Plus d&rsquo;un million d&rsquo;int\u00e9ress\u00e9s ont d\u00e9sormais transf\u00e9r\u00e9 100 dollars \u00e0 Tesla, pour entrer dans la file d&rsquo;attente du Cybertruck. Si vous \u00eates en bas de la liste, ce n&rsquo;est probablement pas votre tour avant 2025 ou plus tard.<\/p>\n<p><img decoding=\"async\" onerror=\"this.src='https:\/\/autorai.nl\/wp-content\/uploads\/2018\/08\/Image-not-available.jpg'\" loading=\"lazy\" width=\"1140\" height=\"570\" class=\"alignnone size-content wp-image-82076\" src=\"https:\/\/autorai.nl\/wp-content\/uploads\/2019\/12\/Tesla-Cybertruck-1140x570.jpg\" alt=\"\" srcset=\"https:\/\/autorai.nl\/wp-content\/uploads\/2019\/12\/Tesla-Cybertruck-1140x570.jpg 1140w, https:\/\/autorai.nl\/wp-content\/uploads\/2019\/12\/Tesla-Cybertruck.jpg 1240w\" sizes=\"auto, (max-width: 1140px) 100vw, 1140px\"><\/p>\n<h2>Club des propri\u00e9taires de cybercamions<\/h2>\n<p>Malgr\u00e9 le fait que pr\u00e8s de trois ans apr\u00e8s son d\u00e9voilement, personne ne peut se dire fier propri\u00e9taire de Cybertruck, il existe d\u00e9j\u00e0 un v\u00e9ritable <a href=\"https:\/\/www.cybertruckownersclub.com\/forum\/threads\/cybertruck-photos-leaked-%F0%9F%93%B8.4660\/\" target=\"_blank\" rel=\"noopener\">Cybertruck Owners Club<\/a> en Am\u00e9rique. Les Am\u00e9ricains aiment juste arriver t\u00f4t. Des photos d&rsquo;un mod\u00e8le de pr\u00e9-production ont \u00e9t\u00e9 publi\u00e9es sur le forum Internet du club. Les photos ont probablement \u00e9t\u00e9 prises \u00e0 l&rsquo;usine Tesla d&rsquo;Austin.<\/p>\n<p><em>Le texte continue sous la photo<\/em><\/p>\n<p><img decoding=\"async\" onerror=\"this.src='https:\/\/autorai.nl\/wp-content\/uploads\/2018\/08\/Image-not-available.jpg'\" loading=\"lazy\" width=\"1140\" height=\"641\" class=\"alignnone size-content wp-image-115625\" src=\"https:\/\/autorai.nl\/wp-content\/uploads\/2022\/01\/Cybertruck1-1140x641.jpg\" alt=\"\" srcset=\"https:\/\/autorai.nl\/wp-content\/uploads\/2022\/01\/Cybertruck1-1140x641.jpg 1140w, https:\/\/autorai.nl\/wp-content\/uploads\/2022\/01\/Cybertruck1-1536x864.jpg 1536w, https:\/\/autorai.nl\/wp-content\/uploads\/2022\/01\/Cybertruck1.jpg 1600w\" sizes=\"auto, (max-width: 1140px) 100vw, 1140px\"><\/p>\n<h2>Petit fr\u00e8re?<\/h2>\n<p>La premi\u00e8re chose que l&rsquo;on remarque sur les photos est sa taille : il semble avoir un peu r\u00e9tr\u00e9ci. Le mod\u00e8le conceptuel \u00e9tait un mammouth sur roues, mais sur la photo ci-dessus &#8211; qui montre des employ\u00e9s de Tesla debout \u00e0 c\u00f4t\u00e9 de la voiture &#8211; il semble beaucoup plus petit. Bonne nouvelle pour les Europ\u00e9ens, car cela pourrait simplement signifier qu&rsquo;il peut prendre la route sous cette forme tout de suite. C&rsquo;est remarquable, Musk indiquait en 2021 que Tesla ne changerait pas la taille du pick-up. Musk a laiss\u00e9 entendre dans un tweet qu&rsquo;une <a href=\"https:\/\/zerauto.nl\/tesla-cybertruck-komt-toch-naar-europa\/\" target=\"_blank\" rel=\"noopener\">version europ\u00e9enne<\/a> plus petite viendrait un jour. \u00c9tudions-nous cela maintenant? Une vid\u00e9o a \u00e9galement \u00e9t\u00e9 publi\u00e9e sur Twitter dans laquelle quelqu&rsquo;un se prom\u00e8ne autour du Cybertruck.<\/p>\n<p><em>Cliquez sur le tweet si la vid\u00e9o ne d\u00e9marre pas <\/em><\/p>\n<blockquote class=\"twitter-tweet\" data-width=\"500\" data-dnt=\"true\">\n<p lang=\"en\" dir=\"ltr\">Un groupe Facebook a post\u00e9 cette vid\u00e9o <a href=\"https:\/\/twitter.com\/hashtag\/Cybertruck?src=hash&amp;ref_src=twsrc%5Etfw\">#Cybertruck<\/a> <a href=\"https:\/\/t.co\/m5kh9LzT8E\">pic.twitter.com\/m5kh9LzT8E<\/a><\/p>\n<p>\u2013 TheTeslaLife (@TheTeslaLife) <a href=\"https:\/\/twitter.com\/TheTeslaLife\/status\/1485616538988302336?ref_src=twsrc%5Etfw\">24 janvier 2022<\/a><\/p>\n<\/blockquote>\n<p><script async=\"\" src=\"https:\/\/platform.twitter.com\/widgets.js\" charset=\"utf-8\"><\/script><\/p>\n<h2>modifications<\/h2>\n<p>D&rsquo;autres caract\u00e9ristiques frappantes sont les nouvelles roues et un grand pare-chocs avant. Les poign\u00e9es de porte se distinguent par leur absence. Des r\u00e9troviseurs lat\u00e9raux et un gigantesque essuie-glace \u2013 qui repose verticalement contre le montant A \u2013 sont d\u00e9sormais pr\u00e9sents. Les cam\u00e9ras du syst\u00e8me de pilotage automatique sont int\u00e9gr\u00e9es dans les ailes.<\/p>\n<p><em>Le texte continue sous la photo<\/em><\/p>\n<div class=\"galery galery-0\">\n<figure>\n\t\t\t\t\t<span style=\"cursor: pointer\" data-src=\"https:\/\/autorai.nl\/wp-content\/uploads\/2022\/01\/FJ1sJ0PXMAM2XgE.jpg\" data-fancybox=\"galery-0\" title=\"\" itemscope=\"\" itemtype=\"https:\/\/schema.org\/ImageObject\"><br \/>\n\t\t\t\t\t\t\t<meta name=\"caption\" content=\"\"><img decoding=\"async\" width=\"360\" height=\"270\" src=\"https:\/\/autorai.nl\/wp-content\/uploads\/2022\/01\/FJ1sJ0PXMAM2XgE-360x270.jpg\" class=\"attachment-small size-small\" alt=\"\" loading=\"lazy\" itemprop=\"image\" srcset=\"https:\/\/autorai.nl\/wp-content\/uploads\/2022\/01\/FJ1sJ0PXMAM2XgE-360x270.jpg 360w, https:\/\/autorai.nl\/wp-content\/uploads\/2022\/01\/FJ1sJ0PXMAM2XgE-640x480.jpg 640w, https:\/\/autorai.nl\/wp-content\/uploads\/2022\/01\/FJ1sJ0PXMAM2XgE-1280x960.jpg 1280w, https:\/\/autorai.nl\/wp-content\/uploads\/2022\/01\/FJ1sJ0PXMAM2XgE-240x180.jpg 240w, https:\/\/autorai.nl\/wp-content\/uploads\/2022\/01\/FJ1sJ0PXMAM2XgE-960x720.jpg 960w, https:\/\/autorai.nl\/wp-content\/uploads\/2022\/01\/FJ1sJ0PXMAM2XgE-1536x1152.jpg 1536w, https:\/\/autorai.nl\/wp-content\/uploads\/2022\/01\/FJ1sJ0PXMAM2XgE-1140x855.jpg 1140w, https:\/\/autorai.nl\/wp-content\/uploads\/2022\/01\/FJ1sJ0PXMAM2XgE.jpg 1600w\" sizes=\"auto, (max-width: 360px) 100vw, 360px\"><i class=\"fa fa-search-plus\" aria-hidden=\"true\"><\/i><br \/>\n\t\t\t\t\t\t<\/span><br \/>\n\t\t\t\t\t<\/figure>\n<figure>\n\t\t\t\t\t<span style=\"cursor: pointer\" data-src=\"https:\/\/autorai.nl\/wp-content\/uploads\/2022\/01\/FJ17vIZUcAMnXR3.jpg\" data-fancybox=\"galery-0\" title=\"\" itemscope=\"\" itemtype=\"https:\/\/schema.org\/ImageObject\"><br \/>\n\t\t\t\t\t\t\t<meta name=\"caption\" content=\"\"><img decoding=\"async\" width=\"360\" height=\"270\" src=\"https:\/\/autorai.nl\/wp-content\/uploads\/2022\/01\/FJ17vIZUcAMnXR3-360x270.jpg\" class=\"attachment-small size-small\" alt=\"\" loading=\"lazy\" itemprop=\"image\" srcset=\"https:\/\/autorai.nl\/wp-content\/uploads\/2022\/01\/FJ17vIZUcAMnXR3-360x270.jpg 360w, https:\/\/autorai.nl\/wp-content\/uploads\/2022\/01\/FJ17vIZUcAMnXR3-640x480.jpg 640w, https:\/\/autorai.nl\/wp-content\/uploads\/2022\/01\/FJ17vIZUcAMnXR3-1280x960.jpg 1280w, https:\/\/autorai.nl\/wp-content\/uploads\/2022\/01\/FJ17vIZUcAMnXR3-240x180.jpg 240w, https:\/\/autorai.nl\/wp-content\/uploads\/2022\/01\/FJ17vIZUcAMnXR3-960x720.jpg 960w, https:\/\/autorai.nl\/wp-content\/uploads\/2022\/01\/FJ17vIZUcAMnXR3-1536x1152.jpg 1536w, https:\/\/autorai.nl\/wp-content\/uploads\/2022\/01\/FJ17vIZUcAMnXR3-1140x855.jpg 1140w, https:\/\/autorai.nl\/wp-content\/uploads\/2022\/01\/FJ17vIZUcAMnXR3.jpg 1600w\" sizes=\"auto, (max-width: 360px) 100vw, 360px\"><i class=\"fa fa-search-plus\" aria-hidden=\"true\"><\/i><br \/>\n\t\t\t\t\t\t<\/span><br \/>\n\t\t\t\t\t<\/figure>\n<div class=\"clear\"><\/div>\n<\/div>\n<p>Il y a un mois, le mod\u00e8le de pr\u00e9-production a \u00e9t\u00e9 rep\u00e9r\u00e9 par un drone sur la propre piste d&rsquo;essai de Tesla. Vous pouvez consulter les images du Cybertruck en action ci-dessous :<\/p>\n<p><iframe loading=\"lazy\" title=\"'Upated Look' Cybertruck Spotted On Tesla Test Track\" width=\"500\" height=\"281\" src=\"https:\/\/www.youtube.com\/embed\/o3JPQGjMDL0?feature=oembed\" frameborder=\"0\" allow=\"accelerometer; autoplay; clipboard-write; encrypted-media; gyroscope; picture-in-picture\" allowfullscreen=\"\"><\/iframe><\/p>\n<p>Photos : <a href=\"https:\/\/www.cybertruckownersclub.com\/forum\/threads\/cybertruck-photos-leaked-%F0%9F%93%B8.4660\/\" target=\"_blank\" rel=\"noopener\">Forum du club des propri\u00e9taires de Cybertruck<\/a><\/p>\n","protected":false},"excerpt":{"rendered":"Quand viendra le Tesla Cybertruck ? Tesla continue de retarder la production du Cybertruck. Fin 2021, les premiers exemplaires devaient\u2026","protected":false},"author":0,"featured_media":116109,"comment_status":"open","ping_status":"open","sticky":false,"template":"","format":"standard","meta":{"footnotes":""},"categories":[127],"tags":[],"class_list":["post-116408","post","type-post","status-publish","format-standard","has-post-thumbnail","hentry","category-nouvelles-de-voiture"],"acf":[],"yoast_head":"<!-- This site is optimized with the Yoast SEO plugin v21.2 - https:\/\/yoast.com\/wordpress\/plugins\/seo\/ -->\n<title>Fuite de photos et de vid\u00e9os du mod\u00e8le de pr\u00e9-production de Tesla Cybertruck - All cars news<\/title>\n<meta name=\"robots\" content=\"index, follow, max-snippet:-1, max-image-preview:large, max-video-preview:-1\" \/>\n<link rel=\"canonical\" href=\"https:\/\/all-car-news.com\/fr\/fuite-de-photos-et-de-videos-du-modele-de-pre-production-de-tesla-cybertruck\/\" \/>\n<meta property=\"og:locale\" content=\"fr_FR\" \/>\n<meta property=\"og:type\" content=\"article\" \/>\n<meta property=\"og:title\" content=\"Fuite de photos et de vid\u00e9os du mod\u00e8le de pr\u00e9-production de Tesla Cybertruck - All cars news\" \/>\n<meta property=\"og:description\" content=\"Quand viendra le Tesla Cybertruck ? Tesla continue de retarder la production du Cybertruck. Fin 2021, les premiers exemplaires devaient sortir des cha\u00eenes de la nouvelle usine Tesla d&#039;Austin, au Texas. Cependant, en ao\u00fbt 2021, la production a \u00e9t\u00e9 report\u00e9e \u00e0 2022, mais maintenant la production ne semble pas commencer avant le premier trimestre de 2023 [\u2026]\" \/>\n<meta property=\"og:url\" content=\"https:\/\/all-car-news.com\/fr\/fuite-de-photos-et-de-videos-du-modele-de-pre-production-de-tesla-cybertruck\/\" \/>\n<meta property=\"og:site_name\" content=\"All cars news\" \/>\n<meta property=\"article:published_time\" content=\"2022-02-20T07:56:49+00:00\" \/>\n<meta property=\"og:image\" content=\"https:\/\/all-car-news.com\/wp-content\/uploads\/2022\/01\/Cybertruck1.jpg\" \/>\n\t<meta property=\"og:image:width\" content=\"1600\" \/>\n\t<meta property=\"og:image:height\" content=\"900\" \/>\n\t<meta property=\"og:image:type\" content=\"image\/jpeg\" \/>\n<meta name=\"twitter:card\" content=\"summary_large_image\" \/>\n<meta name=\"twitter:label1\" content=\"Dur\u00e9e de lecture estim\u00e9e\" \/>\n\t<meta name=\"twitter:data1\" content=\"2 minutes\" \/>\n<script type=\"application\/ld+json\" class=\"yoast-schema-graph\">{\"@context\":\"https:\/\/schema.org\",\"@graph\":[{\"@type\":\"Article\",\"@id\":\"https:\/\/all-car-news.com\/fr\/fuite-de-photos-et-de-videos-du-modele-de-pre-production-de-tesla-cybertruck\/#article\",\"isPartOf\":{\"@id\":\"https:\/\/all-car-news.com\/fr\/fuite-de-photos-et-de-videos-du-modele-de-pre-production-de-tesla-cybertruck\/\"},\"author\":{\"name\":\"\",\"@id\":\"\"},\"headline\":\"Fuite de photos et de vid\u00e9os du mod\u00e8le de pr\u00e9-production de Tesla Cybertruck\",\"datePublished\":\"2022-02-20T07:56:49+00:00\",\"dateModified\":\"2022-02-20T07:56:49+00:00\",\"mainEntityOfPage\":{\"@id\":\"https:\/\/all-car-news.com\/fr\/fuite-de-photos-et-de-videos-du-modele-de-pre-production-de-tesla-cybertruck\/\"},\"wordCount\":487,\"commentCount\":0,\"publisher\":{\"@id\":\"https:\/\/all-car-news.com\/fr\/#organization\"},\"articleSection\":[\"nouvelles de voiture\"],\"inLanguage\":\"fr-FR\",\"potentialAction\":[{\"@type\":\"CommentAction\",\"name\":\"Comment\",\"target\":[\"https:\/\/all-car-news.com\/fr\/fuite-de-photos-et-de-videos-du-modele-de-pre-production-de-tesla-cybertruck\/#respond\"]}]},{\"@type\":\"WebPage\",\"@id\":\"https:\/\/all-car-news.com\/fr\/fuite-de-photos-et-de-videos-du-modele-de-pre-production-de-tesla-cybertruck\/\",\"url\":\"https:\/\/all-car-news.com\/fr\/fuite-de-photos-et-de-videos-du-modele-de-pre-production-de-tesla-cybertruck\/\",\"name\":\"Fuite de photos et de vid\u00e9os du mod\u00e8le de pr\u00e9-production de Tesla Cybertruck - All cars news\",\"isPartOf\":{\"@id\":\"https:\/\/all-car-news.com\/fr\/#website\"},\"datePublished\":\"2022-02-20T07:56:49+00:00\",\"dateModified\":\"2022-02-20T07:56:49+00:00\",\"breadcrumb\":{\"@id\":\"https:\/\/all-car-news.com\/fr\/fuite-de-photos-et-de-videos-du-modele-de-pre-production-de-tesla-cybertruck\/#breadcrumb\"},\"inLanguage\":\"fr-FR\",\"potentialAction\":[{\"@type\":\"ReadAction\",\"target\":[\"https:\/\/all-car-news.com\/fr\/fuite-de-photos-et-de-videos-du-modele-de-pre-production-de-tesla-cybertruck\/\"]}]},{\"@type\":\"BreadcrumbList\",\"@id\":\"https:\/\/all-car-news.com\/fr\/fuite-de-photos-et-de-videos-du-modele-de-pre-production-de-tesla-cybertruck\/#breadcrumb\",\"itemListElement\":[{\"@type\":\"ListItem\",\"position\":1,\"name\":\"Home\",\"item\":\"https:\/\/all-car-news.com\/fr\/\"},{\"@type\":\"ListItem\",\"position\":2,\"name\":\"Fuite de photos et de vid\u00e9os du mod\u00e8le de pr\u00e9-production de Tesla Cybertruck\"}]},{\"@type\":\"WebSite\",\"@id\":\"https:\/\/all-car-news.com\/fr\/#website\",\"url\":\"https:\/\/all-car-news.com\/fr\/\",\"name\":\"All cars news\",\"description\":\"\",\"publisher\":{\"@id\":\"https:\/\/all-car-news.com\/fr\/#organization\"},\"potentialAction\":[{\"@type\":\"SearchAction\",\"target\":{\"@type\":\"EntryPoint\",\"urlTemplate\":\"https:\/\/all-car-news.com\/fr\/?s={search_term_string}\"},\"query-input\":\"required name=search_term_string\"}],\"inLanguage\":\"fr-FR\"},{\"@type\":\"Organization\",\"@id\":\"https:\/\/all-car-news.com\/fr\/#organization\",\"name\":\"All cars news\",\"url\":\"https:\/\/all-car-news.com\/fr\/\",\"logo\":{\"@type\":\"ImageObject\",\"inLanguage\":\"fr-FR\",\"@id\":\"https:\/\/all-car-news.com\/fr\/#\/schema\/logo\/image\/\",\"url\":\"https:\/\/all-car-news.com\/wp-content\/uploads\/2022\/02\/CMYK-AllCarNews_LANDSCAPE_300px-1.png\",\"contentUrl\":\"https:\/\/all-car-news.com\/wp-content\/uploads\/2022\/02\/CMYK-AllCarNews_LANDSCAPE_300px-1.png\",\"width\":300,\"height\":100,\"caption\":\"All cars news\"},\"image\":{\"@id\":\"https:\/\/all-car-news.com\/fr\/#\/schema\/logo\/image\/\"}}]}<\/script>\n<!-- \/ Yoast SEO plugin. -->","yoast_head_json":{"title":"Fuite de photos et de vid\u00e9os du mod\u00e8le de pr\u00e9-production de Tesla Cybertruck - All cars news","robots":{"index":"index","follow":"follow","max-snippet":"max-snippet:-1","max-image-preview":"max-image-preview:large","max-video-preview":"max-video-preview:-1"},"canonical":"https:\/\/all-car-news.com\/fr\/fuite-de-photos-et-de-videos-du-modele-de-pre-production-de-tesla-cybertruck\/","og_locale":"fr_FR","og_type":"article","og_title":"Fuite de photos et de vid\u00e9os du mod\u00e8le de pr\u00e9-production de Tesla Cybertruck - All cars news","og_description":"Quand viendra le Tesla Cybertruck ? Tesla continue de retarder la production du Cybertruck. Fin 2021, les premiers exemplaires devaient sortir des cha\u00eenes de la nouvelle usine Tesla d'Austin, au Texas. Cependant, en ao\u00fbt 2021, la production a \u00e9t\u00e9 report\u00e9e \u00e0 2022, mais maintenant la production ne semble pas commencer avant le premier trimestre de 2023 [\u2026]","og_url":"https:\/\/all-car-news.com\/fr\/fuite-de-photos-et-de-videos-du-modele-de-pre-production-de-tesla-cybertruck\/","og_site_name":"All cars news","article_published_time":"2022-02-20T07:56:49+00:00","og_image":[{"width":1600,"height":900,"url":"https:\/\/all-car-news.com\/wp-content\/uploads\/2022\/01\/Cybertruck1.jpg","type":"image\/jpeg"}],"twitter_card":"summary_large_image","twitter_misc":{"Dur\u00e9e de lecture estim\u00e9e":"2 minutes"},"schema":{"@context":"https:\/\/schema.org","@graph":[{"@type":"Article","@id":"https:\/\/all-car-news.com\/fr\/fuite-de-photos-et-de-videos-du-modele-de-pre-production-de-tesla-cybertruck\/#article","isPartOf":{"@id":"https:\/\/all-car-news.com\/fr\/fuite-de-photos-et-de-videos-du-modele-de-pre-production-de-tesla-cybertruck\/"},"author":{"name":"","@id":""},"headline":"Fuite de photos et de vid\u00e9os du mod\u00e8le de pr\u00e9-production de Tesla Cybertruck","datePublished":"2022-02-20T07:56:49+00:00","dateModified":"2022-02-20T07:56:49+00:00","mainEntityOfPage":{"@id":"https:\/\/all-car-news.com\/fr\/fuite-de-photos-et-de-videos-du-modele-de-pre-production-de-tesla-cybertruck\/"},"wordCount":487,"commentCount":0,"publisher":{"@id":"https:\/\/all-car-news.com\/fr\/#organization"},"articleSection":["nouvelles de voiture"],"inLanguage":"fr-FR","potentialAction":[{"@type":"CommentAction","name":"Comment","target":["https:\/\/all-car-news.com\/fr\/fuite-de-photos-et-de-videos-du-modele-de-pre-production-de-tesla-cybertruck\/#respond"]}]},{"@type":"WebPage","@id":"https:\/\/all-car-news.com\/fr\/fuite-de-photos-et-de-videos-du-modele-de-pre-production-de-tesla-cybertruck\/","url":"https:\/\/all-car-news.com\/fr\/fuite-de-photos-et-de-videos-du-modele-de-pre-production-de-tesla-cybertruck\/","name":"Fuite de photos et de vid\u00e9os du mod\u00e8le de pr\u00e9-production de Tesla Cybertruck - All cars news","isPartOf":{"@id":"https:\/\/all-car-news.com\/fr\/#website"},"datePublished":"2022-02-20T07:56:49+00:00","dateModified":"2022-02-20T07:56:49+00:00","breadcrumb":{"@id":"https:\/\/all-car-news.com\/fr\/fuite-de-photos-et-de-videos-du-modele-de-pre-production-de-tesla-cybertruck\/#breadcrumb"},"inLanguage":"fr-FR","potentialAction":[{"@type":"ReadAction","target":["https:\/\/all-car-news.com\/fr\/fuite-de-photos-et-de-videos-du-modele-de-pre-production-de-tesla-cybertruck\/"]}]},{"@type":"BreadcrumbList","@id":"https:\/\/all-car-news.com\/fr\/fuite-de-photos-et-de-videos-du-modele-de-pre-production-de-tesla-cybertruck\/#breadcrumb","itemListElement":[{"@type":"ListItem","position":1,"name":"Home","item":"https:\/\/all-car-news.com\/fr\/"},{"@type":"ListItem","position":2,"name":"Fuite de photos et de vid\u00e9os du mod\u00e8le de pr\u00e9-production de Tesla Cybertruck"}]},{"@type":"WebSite","@id":"https:\/\/all-car-news.com\/fr\/#website","url":"https:\/\/all-car-news.com\/fr\/","name":"All cars news","description":"","publisher":{"@id":"https:\/\/all-car-news.com\/fr\/#organization"},"potentialAction":[{"@type":"SearchAction","target":{"@type":"EntryPoint","urlTemplate":"https:\/\/all-car-news.com\/fr\/?s={search_term_string}"},"query-input":"required name=search_term_string"}],"inLanguage":"fr-FR"},{"@type":"Organization","@id":"https:\/\/all-car-news.com\/fr\/#organization","name":"All cars news","url":"https:\/\/all-car-news.com\/fr\/","logo":{"@type":"ImageObject","inLanguage":"fr-FR","@id":"https:\/\/all-car-news.com\/fr\/#\/schema\/logo\/image\/","url":"https:\/\/all-car-news.com\/wp-content\/uploads\/2022\/02\/CMYK-AllCarNews_LANDSCAPE_300px-1.png","contentUrl":"https:\/\/all-car-news.com\/wp-content\/uploads\/2022\/02\/CMYK-AllCarNews_LANDSCAPE_300px-1.png","width":300,"height":100,"caption":"All cars news"},"image":{"@id":"https:\/\/all-car-news.com\/fr\/#\/schema\/logo\/image\/"}}]}},"_links":{"self":[{"href":"https:\/\/all-car-news.com\/fr\/wp-json\/wp\/v2\/posts\/116408","targetHints":{"allow":["GET"]}}],"collection":[{"href":"https:\/\/all-car-news.com\/fr\/wp-json\/wp\/v2\/posts"}],"about":[{"href":"https:\/\/all-car-news.com\/fr\/wp-json\/wp\/v2\/types\/post"}],"replies":[{"embeddable":true,"href":"https:\/\/all-car-news.com\/fr\/wp-json\/wp\/v2\/comments?post=116408"}],"version-history":[{"count":0,"href":"https:\/\/all-car-news.com\/fr\/wp-json\/wp\/v2\/posts\/116408\/revisions"}],"wp:featuredmedia":[{"embeddable":true,"href":"https:\/\/all-car-news.com\/fr\/wp-json\/wp\/v2\/media\/116109"}],"wp:attachment":[{"href":"https:\/\/all-car-news.com\/fr\/wp-json\/wp\/v2\/media?parent=116408"}],"wp:term":[{"taxonomy":"category","embeddable":true,"href":"https:\/\/all-car-news.com\/fr\/wp-json\/wp\/v2\/categories?post=116408"},{"taxonomy":"post_tag","embeddable":true,"href":"https:\/\/all-car-news.com\/fr\/wp-json\/wp\/v2\/tags?post=116408"}],"curies":[{"name":"wp","href":"https:\/\/api.w.org\/{rel}","templated":true}]}}