{"id":116321,"date":"2022-02-18T13:21:44","date_gmt":"2022-02-18T13:21:44","guid":{"rendered":"https:\/\/all-car-news.com\/suzuki-eparpille-les-accessoires\/"},"modified":"2022-02-18T13:21:44","modified_gmt":"2022-02-18T13:21:44","slug":"suzuki-eparpille-les-accessoires","status":"publish","type":"post","link":"https:\/\/all-car-news.com\/fr\/suzuki-eparpille-les-accessoires\/","title":{"rendered":"Suzuki \u00e9parpille les accessoires"},"content":{"rendered":"<p>Par exemple, il existe un Street Pack pour la Suzuki SV650. Le pack se compose d&rsquo;un \u00e9chappement Arrow, d&rsquo;un support de plaque d&rsquo;immatriculation court et de clignotants dynamiques \u00e0 LED. Un pack Street Xtreme a \u00e9t\u00e9 d\u00e9velopp\u00e9 pour les GSX-S950 et GSX-S1000. Cela comprend un \u00e9chappement Yoshimura, des poids de guidon, un support de plaque d&rsquo;immatriculation court, une housse de si\u00e8ge duo, des r\u00e9troviseurs \u00e9l\u00e9gants et des bobines. Pour le GSX-S950, il comprend \u00e9galement des clignotants dynamiques \u00e0 LED. Encore plus complet est le pack Street Xtreme +, qui contient tout du pack Street Xtreme, plus des curseurs de cadre et un si\u00e8ge de luxe avec le logo GSX-S.<\/p>\n<div class=\"galery galery-24536\">\n<figure>\n\t\t\t<a href=\"https:\/\/motorrai.nl\/wp-content\/uploads\/2022\/02\/GSX-S-950-XtremeSMALL.jpg\" data-fancybox=\"galery-24536\" title=\"\" itemscope=\"\" itemtype=\"https:\/\/schema.org\/ImageObject\"><br \/>\n\t\t\t\t<meta name=\"caption\" content=\"\"><img decoding=\"async\" src=\"https:\/\/motorrai.nl\/wp-content\/uploads\/2022\/02\/GSX-S-950-XtremeSMALL-360x270.jpg\" sizes=\"(min-width:992px) 570px, 50vw\" srcset=\"https:\/\/motorrai.nl\/wp-content\/uploads\/2022\/02\/GSX-S-950-XtremeSMALL-360x270.jpg 360w, https:\/\/motorrai.nl\/wp-content\/uploads\/2022\/02\/GSX-S-950-XtremeSMALL-640x480.jpg 640w,  \" alt=\"\" itemprop=\"image\"><i class=\"fa fa-search-plus\" aria-hidden=\"true\"><\/i><br \/>\n\t\t\t<\/a><br \/>\n\t\t<\/figure>\n<figure>\n\t\t\t<a href=\"https:\/\/motorrai.nl\/wp-content\/uploads\/2022\/02\/GSX-S-950-Xtreme-duoseatcoverSMALL.jpg\" data-fancybox=\"galery-24536\" title=\"\" itemscope=\"\" itemtype=\"https:\/\/schema.org\/ImageObject\"><br \/>\n\t\t\t\t<meta name=\"caption\" content=\"\"><img decoding=\"async\" src=\"https:\/\/motorrai.nl\/wp-content\/uploads\/2022\/02\/GSX-S-950-Xtreme-duoseatcoverSMALL-360x270.jpg\" sizes=\"(min-width:992px) 570px, 50vw\" srcset=\"https:\/\/motorrai.nl\/wp-content\/uploads\/2022\/02\/GSX-S-950-Xtreme-duoseatcoverSMALL-360x270.jpg 360w, https:\/\/motorrai.nl\/wp-content\/uploads\/2022\/02\/GSX-S-950-Xtreme-duoseatcoverSMALL-640x480.jpg 640w,  \" alt=\"\" itemprop=\"image\"><i class=\"fa fa-search-plus\" aria-hidden=\"true\"><\/i><br \/>\n\t\t\t<\/a><br \/>\n\t\t<\/figure>\n<figure>\n\t\t\t<a href=\"https:\/\/motorrai.nl\/wp-content\/uploads\/2022\/02\/GSX-S-950-Xtreme-MirrorSMALL.jpg\" data-fancybox=\"galery-24536\" title=\"\" itemscope=\"\" itemtype=\"https:\/\/schema.org\/ImageObject\"><br \/>\n\t\t\t\t<meta name=\"caption\" content=\"\"><img decoding=\"async\" src=\"https:\/\/motorrai.nl\/wp-content\/uploads\/2022\/02\/GSX-S-950-Xtreme-MirrorSMALL-360x270.jpg\" sizes=\"(min-width:992px) 570px, 50vw\" srcset=\"https:\/\/motorrai.nl\/wp-content\/uploads\/2022\/02\/GSX-S-950-Xtreme-MirrorSMALL-360x270.jpg 360w, https:\/\/motorrai.nl\/wp-content\/uploads\/2022\/02\/GSX-S-950-Xtreme-MirrorSMALL-640x480.jpg 640w,  \" alt=\"\" itemprop=\"image\"><i class=\"fa fa-search-plus\" aria-hidden=\"true\"><\/i><br \/>\n\t\t\t<\/a><br \/>\n\t\t<\/figure>\n<figure>\n\t\t\t<a href=\"https:\/\/motorrai.nl\/wp-content\/uploads\/2022\/02\/GSX-S-950-Xtreme-Yoshi-1SMALL.jpg\" data-fancybox=\"galery-24536\" title=\"\" itemscope=\"\" itemtype=\"https:\/\/schema.org\/ImageObject\"><br \/>\n\t\t\t\t<meta name=\"caption\" content=\"\"><img decoding=\"async\" src=\"https:\/\/motorrai.nl\/wp-content\/uploads\/2022\/02\/GSX-S-950-Xtreme-Yoshi-1SMALL-360x270.jpg\" sizes=\"(min-width:992px) 570px, 50vw\" srcset=\"https:\/\/motorrai.nl\/wp-content\/uploads\/2022\/02\/GSX-S-950-Xtreme-Yoshi-1SMALL-360x270.jpg 360w, https:\/\/motorrai.nl\/wp-content\/uploads\/2022\/02\/GSX-S-950-Xtreme-Yoshi-1SMALL-640x480.jpg 640w,  \" alt=\"\" itemprop=\"image\"><i class=\"fa fa-search-plus\" aria-hidden=\"true\"><\/i><br \/>\n\t\t\t<\/a><br \/>\n\t\t<\/figure>\n<figure>\n\t\t\t<a href=\"https:\/\/motorrai.nl\/wp-content\/uploads\/2022\/02\/GSX-S-950-Xtreme-buddy-1SMALL.jpg\" data-fancybox=\"galery-24536\" title=\"\" itemscope=\"\" itemtype=\"https:\/\/schema.org\/ImageObject\"><br \/>\n\t\t\t\t<meta name=\"caption\" content=\"\"><img decoding=\"async\" src=\"https:\/\/motorrai.nl\/wp-content\/uploads\/2022\/02\/GSX-S-950-Xtreme-buddy-1SMALL-360x270.jpg\" sizes=\"(min-width:992px) 570px, 50vw\" srcset=\"https:\/\/motorrai.nl\/wp-content\/uploads\/2022\/02\/GSX-S-950-Xtreme-buddy-1SMALL-360x270.jpg 360w, https:\/\/motorrai.nl\/wp-content\/uploads\/2022\/02\/GSX-S-950-Xtreme-buddy-1SMALL-640x480.jpg 640w,  \" alt=\"\" itemprop=\"image\"><i class=\"fa fa-search-plus\" aria-hidden=\"true\"><\/i><br \/>\n\t\t\t<\/a><br \/>\n\t\t<\/figure>\n<figure>\n\t\t\t<a href=\"https:\/\/motorrai.nl\/wp-content\/uploads\/2022\/02\/SV650-Street-ArrowSMALL.jpg\" data-fancybox=\"galery-24536\" title=\"\" itemscope=\"\" itemtype=\"https:\/\/schema.org\/ImageObject\"><br \/>\n\t\t\t\t<meta name=\"caption\" content=\"\"><img decoding=\"async\" src=\"https:\/\/motorrai.nl\/wp-content\/uploads\/2022\/02\/SV650-Street-ArrowSMALL-360x270.jpg\" sizes=\"(min-width:992px) 570px, 50vw\" srcset=\"https:\/\/motorrai.nl\/wp-content\/uploads\/2022\/02\/SV650-Street-ArrowSMALL-360x270.jpg 360w, https:\/\/motorrai.nl\/wp-content\/uploads\/2022\/02\/SV650-Street-ArrowSMALL-640x480.jpg 640w,  \" alt=\"\" itemprop=\"image\"><i class=\"fa fa-search-plus\" aria-hidden=\"true\"><\/i><br \/>\n\t\t\t<\/a><br \/>\n\t\t<\/figure>\n<figure>\n\t\t\t<a href=\"https:\/\/motorrai.nl\/wp-content\/uploads\/2022\/02\/SV650-StreetSMALL.jpg\" data-fancybox=\"galery-24536\" title=\"\" itemscope=\"\" itemtype=\"https:\/\/schema.org\/ImageObject\"><br \/>\n\t\t\t\t<meta name=\"caption\" content=\"\"><img decoding=\"async\" src=\"https:\/\/motorrai.nl\/wp-content\/uploads\/2022\/02\/SV650-StreetSMALL-360x270.jpg\" sizes=\"(min-width:992px) 570px, 50vw\" srcset=\"https:\/\/motorrai.nl\/wp-content\/uploads\/2022\/02\/SV650-StreetSMALL-360x270.jpg 360w, https:\/\/motorrai.nl\/wp-content\/uploads\/2022\/02\/SV650-StreetSMALL-640x480.jpg 640w,  \" alt=\"\" itemprop=\"image\"><i class=\"fa fa-search-plus\" aria-hidden=\"true\"><\/i><br \/>\n\t\t\t<\/a><br \/>\n\t\t<\/figure>\n<div class=\"clear\"><\/div>\n<\/div>\n<h2><strong>Ensembles de valises pour Suzuki GSX-S1000GT<\/strong><\/h2>\n<p>Deux packs sont disponibles pour la nouvelle GSX-S1000GT qui sera disponible chez le concessionnaire Suzuki fin f\u00e9vrier 2022 : GT et GT+. Le pack GT se compose de deux valises lat\u00e9rales d&rsquo;un volume de 36 litres chacune, de mat\u00e9riel de montage, de pi\u00e8ces de couleur et de serrures. Le pack GT+ ajoute des poign\u00e9es chauffantes, des bobines, un coussin de carburant et un pare-brise touring.<\/p>\n<h2><strong>Pack Touring pour V-Strom 650<\/strong><\/h2>\n<p>Trois forfaits sont disponibles pour le V-Strom 650A\/XTA. Le pack Touring regroupe trois accessoires appr\u00e9ci\u00e9s : un top case en plastique de 55 litres, une b\u00e9quille centrale et un support de navigation. De retour en force, le pack Black Rhino se compose cette ann\u00e9e d&rsquo;un ensemble complet de valises lat\u00e9rales Adventure (2x 30 litres), d&rsquo;une b\u00e9quille centrale, de pare-chocs et de poign\u00e9es chauffantes. Vous tirez le meilleur parti de la V-Strom 650A\/XTA avec le pack Adventure. Ce pack se compose d&rsquo;un ensemble complet de sacoches Adventure (2 valises lat\u00e9rales de 30 litres et top case de 45 litres), d&rsquo;une b\u00e9quille centrale, de pare-chocs, de poign\u00e9es chauffantes et de phares antibrouillard \u00e0 LED.<\/p>\n<div class=\"galery galery-24536\">\n<figure>\n\t\t\t<a href=\"https:\/\/motorrai.nl\/wp-content\/uploads\/2022\/02\/DL-650-AdventureSMALL-1600x1067.jpg\" data-fancybox=\"galery-24536\" title=\"\" itemscope=\"\" itemtype=\"https:\/\/schema.org\/ImageObject\"><br \/>\n\t\t\t\t<meta name=\"caption\" content=\"\"><img decoding=\"async\" src=\"https:\/\/motorrai.nl\/wp-content\/uploads\/2022\/02\/DL-650-AdventureSMALL-360x270.jpg\" sizes=\"(min-width:992px) 570px, 50vw\" srcset=\"https:\/\/motorrai.nl\/wp-content\/uploads\/2022\/02\/DL-650-AdventureSMALL-360x270.jpg 360w, https:\/\/motorrai.nl\/wp-content\/uploads\/2022\/02\/DL-650-AdventureSMALL-640x480.jpg 640w,  \" alt=\"\" itemprop=\"image\"><i class=\"fa fa-search-plus\" aria-hidden=\"true\"><\/i><br \/>\n\t\t\t<\/a><br \/>\n\t\t<\/figure>\n<figure>\n\t\t\t<a href=\"https:\/\/motorrai.nl\/wp-content\/uploads\/2022\/02\/DL-650-Black-Rhino-KoffersSMALL-1600x1067.jpg\" data-fancybox=\"galery-24536\" title=\"\" itemscope=\"\" itemtype=\"https:\/\/schema.org\/ImageObject\"><br \/>\n\t\t\t\t<meta name=\"caption\" content=\"\"><img decoding=\"async\" src=\"https:\/\/motorrai.nl\/wp-content\/uploads\/2022\/02\/DL-650-Black-Rhino-KoffersSMALL-360x270.jpg\" sizes=\"(min-width:992px) 570px, 50vw\" srcset=\"https:\/\/motorrai.nl\/wp-content\/uploads\/2022\/02\/DL-650-Black-Rhino-KoffersSMALL-360x270.jpg 360w, https:\/\/motorrai.nl\/wp-content\/uploads\/2022\/02\/DL-650-Black-Rhino-KoffersSMALL-640x480.jpg 640w,  \" alt=\"\" itemprop=\"image\"><i class=\"fa fa-search-plus\" aria-hidden=\"true\"><\/i><br \/>\n\t\t\t<\/a><br \/>\n\t\t<\/figure>\n<figure>\n\t\t\t<a href=\"https:\/\/motorrai.nl\/wp-content\/uploads\/2022\/02\/DL-650-Black-Rhino-middenbokSMALL-1600x1067.jpg\" data-fancybox=\"galery-24536\" title=\"\" itemscope=\"\" itemtype=\"https:\/\/schema.org\/ImageObject\"><br \/>\n\t\t\t\t<meta name=\"caption\" content=\"\"><img decoding=\"async\" src=\"https:\/\/motorrai.nl\/wp-content\/uploads\/2022\/02\/DL-650-Black-Rhino-middenbokSMALL-360x270.jpg\" sizes=\"(min-width:992px) 570px, 50vw\" srcset=\"https:\/\/motorrai.nl\/wp-content\/uploads\/2022\/02\/DL-650-Black-Rhino-middenbokSMALL-360x270.jpg 360w, https:\/\/motorrai.nl\/wp-content\/uploads\/2022\/02\/DL-650-Black-Rhino-middenbokSMALL-640x480.jpg 640w,  \" alt=\"\" itemprop=\"image\"><i class=\"fa fa-search-plus\" aria-hidden=\"true\"><\/i><br \/>\n\t\t\t<\/a><br \/>\n\t\t<\/figure>\n<figure>\n\t\t\t<a href=\"https:\/\/motorrai.nl\/wp-content\/uploads\/2022\/02\/Dl-650-Black-Rhino-ValbeugelSMALL-1600x1067.jpg\" data-fancybox=\"galery-24536\" title=\"\" itemscope=\"\" itemtype=\"https:\/\/schema.org\/ImageObject\"><br \/>\n\t\t\t\t<meta name=\"caption\" content=\"\"><img decoding=\"async\" src=\"https:\/\/motorrai.nl\/wp-content\/uploads\/2022\/02\/Dl-650-Black-Rhino-ValbeugelSMALL-360x270.jpg\" sizes=\"(min-width:992px) 570px, 50vw\" srcset=\"https:\/\/motorrai.nl\/wp-content\/uploads\/2022\/02\/Dl-650-Black-Rhino-ValbeugelSMALL-360x270.jpg 360w, https:\/\/motorrai.nl\/wp-content\/uploads\/2022\/02\/Dl-650-Black-Rhino-ValbeugelSMALL-640x480.jpg 640w,  \" alt=\"\" itemprop=\"image\"><i class=\"fa fa-search-plus\" aria-hidden=\"true\"><\/i><br \/>\n\t\t\t<\/a><br \/>\n\t\t<\/figure>\n<figure>\n\t\t\t<a href=\"https:\/\/motorrai.nl\/wp-content\/uploads\/2022\/02\/DL-650-Black-Rhino-verwarmingSMALL-1600x1067.jpg\" data-fancybox=\"galery-24536\" title=\"\" itemscope=\"\" itemtype=\"https:\/\/schema.org\/ImageObject\"><br \/>\n\t\t\t\t<meta name=\"caption\" content=\"\"><img decoding=\"async\" src=\"https:\/\/motorrai.nl\/wp-content\/uploads\/2022\/02\/DL-650-Black-Rhino-verwarmingSMALL-360x270.jpg\" sizes=\"(min-width:992px) 570px, 50vw\" srcset=\"https:\/\/motorrai.nl\/wp-content\/uploads\/2022\/02\/DL-650-Black-Rhino-verwarmingSMALL-360x270.jpg 360w, https:\/\/motorrai.nl\/wp-content\/uploads\/2022\/02\/DL-650-Black-Rhino-verwarmingSMALL-640x480.jpg 640w,  \" alt=\"\" itemprop=\"image\"><i class=\"fa fa-search-plus\" aria-hidden=\"true\"><\/i><br \/>\n\t\t\t<\/a><br \/>\n\t\t<\/figure>\n<figure>\n\t\t\t<a href=\"https:\/\/motorrai.nl\/wp-content\/uploads\/2022\/02\/DL-650-Black-Rhino-zijkoffer-detailSMALL-1600x1067.jpg\" data-fancybox=\"galery-24536\" title=\"\" itemscope=\"\" itemtype=\"https:\/\/schema.org\/ImageObject\"><br \/>\n\t\t\t\t<meta name=\"caption\" content=\"\"><img decoding=\"async\" src=\"https:\/\/motorrai.nl\/wp-content\/uploads\/2022\/02\/DL-650-Black-Rhino-zijkoffer-detailSMALL-360x270.jpg\" sizes=\"(min-width:992px) 570px, 50vw\" srcset=\"https:\/\/motorrai.nl\/wp-content\/uploads\/2022\/02\/DL-650-Black-Rhino-zijkoffer-detailSMALL-360x270.jpg 360w, https:\/\/motorrai.nl\/wp-content\/uploads\/2022\/02\/DL-650-Black-Rhino-zijkoffer-detailSMALL-640x480.jpg 640w,  \" alt=\"\" itemprop=\"image\"><i class=\"fa fa-search-plus\" aria-hidden=\"true\"><\/i><br \/>\n\t\t\t<\/a><br \/>\n\t\t<\/figure>\n<figure>\n\t\t\t<a href=\"https:\/\/motorrai.nl\/wp-content\/uploads\/2022\/02\/DL-650-Black-RhinoSMALL-1600x1067.jpg\" data-fancybox=\"galery-24536\" title=\"\" itemscope=\"\" itemtype=\"https:\/\/schema.org\/ImageObject\"><br \/>\n\t\t\t\t<meta name=\"caption\" content=\"\"><img decoding=\"async\" src=\"https:\/\/motorrai.nl\/wp-content\/uploads\/2022\/02\/DL-650-Black-RhinoSMALL-360x270.jpg\" sizes=\"(min-width:992px) 570px, 50vw\" srcset=\"https:\/\/motorrai.nl\/wp-content\/uploads\/2022\/02\/DL-650-Black-RhinoSMALL-360x270.jpg 360w, https:\/\/motorrai.nl\/wp-content\/uploads\/2022\/02\/DL-650-Black-RhinoSMALL-640x480.jpg 640w,  \" alt=\"\" itemprop=\"image\"><i class=\"fa fa-search-plus\" aria-hidden=\"true\"><\/i><br \/>\n\t\t\t<\/a><br \/>\n\t\t<\/figure>\n<figure>\n\t\t\t<a href=\"https:\/\/motorrai.nl\/wp-content\/uploads\/2022\/02\/Dl-650-Touring-GPS-houderSMALL-1600x1067.jpg\" data-fancybox=\"galery-24536\" title=\"\" itemscope=\"\" itemtype=\"https:\/\/schema.org\/ImageObject\"><br \/>\n\t\t\t\t<meta name=\"caption\" content=\"\"><img decoding=\"async\" src=\"https:\/\/motorrai.nl\/wp-content\/uploads\/2022\/02\/Dl-650-Touring-GPS-houderSMALL-360x270.jpg\" sizes=\"(min-width:992px) 570px, 50vw\" srcset=\"https:\/\/motorrai.nl\/wp-content\/uploads\/2022\/02\/Dl-650-Touring-GPS-houderSMALL-360x270.jpg 360w, https:\/\/motorrai.nl\/wp-content\/uploads\/2022\/02\/Dl-650-Touring-GPS-houderSMALL-640x480.jpg 640w,  \" alt=\"\" itemprop=\"image\"><i class=\"fa fa-search-plus\" aria-hidden=\"true\"><\/i><br \/>\n\t\t\t<\/a><br \/>\n\t\t<\/figure>\n<div class=\"clear\"><\/div>\n<\/div>\n<h2><strong>Trois packs pour V-Strom 1050<\/strong><\/h2>\n<p>Trois packs sont \u00e9galement disponibles pour la Suzuki V-Strom 1050A\/XTA. Le pack Touring pour la V-Strom 1050 se compose d&rsquo;un top case en plastique d&rsquo;un volume de 55 litres et d&rsquo;un support de navigation derri\u00e8re le pare-brise. Avec le pack Black Rhino, compos\u00e9 d&rsquo;un ensemble de valises lat\u00e9rales en aluminium noir (2x 37 litres) et de poign\u00e9es chauffantes, le V-Strom 1050 a tout de suite l&rsquo;air cool. Il devient encore plus complet avec le Pack Aventure. Avec l&rsquo;ensemble complet de valises en aluminium (2x valises lat\u00e9rales de 37 litres et top case de 38 litres), des poign\u00e9es chauffantes et un ensemble complet de phares antibrouillard \u00e0 LED, le V-Strom 1050 est pr\u00eat pour toutes les aventures.<\/p>\n<div class=\"galery galery-24536\">\n<figure>\n\t\t\t<a href=\"https:\/\/motorrai.nl\/wp-content\/uploads\/2022\/02\/DL-1050-AdventureSMALL.jpg\" data-fancybox=\"galery-24536\" title=\"\" itemscope=\"\" itemtype=\"https:\/\/schema.org\/ImageObject\"><br \/>\n\t\t\t\t<meta name=\"caption\" content=\"\"><img decoding=\"async\" src=\"https:\/\/motorrai.nl\/wp-content\/uploads\/2022\/02\/DL-1050-AdventureSMALL-360x270.jpg\" sizes=\"(min-width:992px) 570px, 50vw\" srcset=\"https:\/\/motorrai.nl\/wp-content\/uploads\/2022\/02\/DL-1050-AdventureSMALL-360x270.jpg 360w, https:\/\/motorrai.nl\/wp-content\/uploads\/2022\/02\/DL-1050-AdventureSMALL-640x480.jpg 640w,  \" alt=\"\" itemprop=\"image\"><i class=\"fa fa-search-plus\" aria-hidden=\"true\"><\/i><br \/>\n\t\t\t<\/a><br \/>\n\t\t<\/figure>\n<figure>\n\t\t\t<a href=\"https:\/\/motorrai.nl\/wp-content\/uploads\/2022\/02\/DL-1050-Black-Rhino-koffersSMALL-1600x1067.jpg\" data-fancybox=\"galery-24536\" title=\"\" itemscope=\"\" itemtype=\"https:\/\/schema.org\/ImageObject\"><br \/>\n\t\t\t\t<meta name=\"caption\" content=\"\"><img decoding=\"async\" src=\"https:\/\/motorrai.nl\/wp-content\/uploads\/2022\/02\/DL-1050-Black-Rhino-koffersSMALL-360x270.jpg\" sizes=\"(min-width:992px) 570px, 50vw\" srcset=\"https:\/\/motorrai.nl\/wp-content\/uploads\/2022\/02\/DL-1050-Black-Rhino-koffersSMALL-360x270.jpg 360w, https:\/\/motorrai.nl\/wp-content\/uploads\/2022\/02\/DL-1050-Black-Rhino-koffersSMALL-640x480.jpg 640w,  \" alt=\"\" itemprop=\"image\"><i class=\"fa fa-search-plus\" aria-hidden=\"true\"><\/i><br \/>\n\t\t\t<\/a><br \/>\n\t\t<\/figure>\n<figure>\n\t\t\t<a href=\"https:\/\/motorrai.nl\/wp-content\/uploads\/2022\/02\/DL-1050-Touring-GPS-steunSMALL.jpg\" data-fancybox=\"galery-24536\" title=\"\" itemscope=\"\" itemtype=\"https:\/\/schema.org\/ImageObject\"><br \/>\n\t\t\t\t<meta name=\"caption\" content=\"\"><img decoding=\"async\" src=\"https:\/\/motorrai.nl\/wp-content\/uploads\/2022\/02\/DL-1050-Touring-GPS-steunSMALL-360x270.jpg\" sizes=\"(min-width:992px) 570px, 50vw\" srcset=\"https:\/\/motorrai.nl\/wp-content\/uploads\/2022\/02\/DL-1050-Touring-GPS-steunSMALL-360x270.jpg 360w, https:\/\/motorrai.nl\/wp-content\/uploads\/2022\/02\/DL-1050-Touring-GPS-steunSMALL-640x480.jpg 640w,  \" alt=\"\" itemprop=\"image\"><i class=\"fa fa-search-plus\" aria-hidden=\"true\"><\/i><br \/>\n\t\t\t<\/a><br \/>\n\t\t<\/figure>\n<figure>\n\t\t\t<a href=\"https:\/\/motorrai.nl\/wp-content\/uploads\/2022\/02\/DL-1050-Touring-TopcaseSMALL-1600x1067.jpg\" data-fancybox=\"galery-24536\" title=\"\" itemscope=\"\" itemtype=\"https:\/\/schema.org\/ImageObject\"><br \/>\n\t\t\t\t<meta name=\"caption\" content=\"\"><img decoding=\"async\" src=\"https:\/\/motorrai.nl\/wp-content\/uploads\/2022\/02\/DL-1050-Touring-TopcaseSMALL-360x270.jpg\" sizes=\"(min-width:992px) 570px, 50vw\" srcset=\"https:\/\/motorrai.nl\/wp-content\/uploads\/2022\/02\/DL-1050-Touring-TopcaseSMALL-360x270.jpg 360w, https:\/\/motorrai.nl\/wp-content\/uploads\/2022\/02\/DL-1050-Touring-TopcaseSMALL-640x480.jpg 640w,  \" alt=\"\" itemprop=\"image\"><i class=\"fa fa-search-plus\" aria-hidden=\"true\"><\/i><br \/>\n\t\t\t<\/a><br \/>\n\t\t<\/figure>\n<figure>\n\t\t\t<a href=\"https:\/\/motorrai.nl\/wp-content\/uploads\/2022\/02\/Dl-1050-TouringSMALL.jpg\" data-fancybox=\"galery-24536\" title=\"\" itemscope=\"\" itemtype=\"https:\/\/schema.org\/ImageObject\"><br \/>\n\t\t\t\t<meta name=\"caption\" content=\"\"><img decoding=\"async\" src=\"https:\/\/motorrai.nl\/wp-content\/uploads\/2022\/02\/Dl-1050-TouringSMALL-360x270.jpg\" sizes=\"(min-width:992px) 570px, 50vw\" srcset=\"https:\/\/motorrai.nl\/wp-content\/uploads\/2022\/02\/Dl-1050-TouringSMALL-360x270.jpg 360w, https:\/\/motorrai.nl\/wp-content\/uploads\/2022\/02\/Dl-1050-TouringSMALL-640x480.jpg 640w,  \" alt=\"\" itemprop=\"image\"><i class=\"fa fa-search-plus\" aria-hidden=\"true\"><\/i><br \/>\n\t\t\t<\/a><br \/>\n\t\t<\/figure>\n<div class=\"clear\"><\/div>\n<\/div>\n<h2><strong>Disponibilit\u00e9 et prix<\/strong><\/h2>\n<p>Tous les forfaits peuvent \u00eatre command\u00e9s imm\u00e9diatement. Les prix et les images peuvent \u00eatre trouv\u00e9s sur <a href=\"https:\/\/www.suzuki.nl\/motoren\/accessoire-packs\/\">Suzuki.nl<\/a> .<\/p>\n","protected":false},"excerpt":{"rendered":"Par exemple, il existe un Street Pack pour la Suzuki SV650. Le pack se compose d'un \u00e9chappement Arrow, d'un support\u2026","protected":false},"author":0,"featured_media":116163,"comment_status":"open","ping_status":"open","sticky":false,"template":"","format":"standard","meta":{"footnotes":""},"categories":[127],"tags":[],"class_list":["post-116321","post","type-post","status-publish","format-standard","has-post-thumbnail","hentry","category-nouvelles-de-voiture"],"acf":[],"yoast_head":"<!-- This site is optimized with the Yoast SEO plugin v21.2 - https:\/\/yoast.com\/wordpress\/plugins\/seo\/ -->\n<title>Suzuki \u00e9parpille les accessoires - All cars news<\/title>\n<meta name=\"robots\" content=\"index, follow, max-snippet:-1, max-image-preview:large, max-video-preview:-1\" \/>\n<link rel=\"canonical\" href=\"https:\/\/all-car-news.com\/fr\/suzuki-eparpille-les-accessoires\/\" \/>\n<meta property=\"og:locale\" content=\"fr_FR\" \/>\n<meta property=\"og:type\" content=\"article\" \/>\n<meta property=\"og:title\" content=\"Suzuki \u00e9parpille les accessoires - All cars news\" \/>\n<meta property=\"og:description\" content=\"Par exemple, il existe un Street Pack pour la Suzuki SV650. Le pack se compose d&#039;un \u00e9chappement Arrow, d&#039;un support de plaque d&#039;immatriculation court et de clignotants dynamiques \u00e0 LED. Un pack Street Xtreme a \u00e9t\u00e9 d\u00e9velopp\u00e9 pour les GSX-S950 et GSX-S1000. Cela comprend un \u00e9chappement Yoshimura, des poids de guidon, un support de plaque d&#039;immatriculation court, une housse de si\u00e8ge duo, des r\u00e9troviseurs \u00e9l\u00e9gants et des bobines. Pour le GSX-S950, il comprend \u00e9galement dynamique [\u2026]\" \/>\n<meta property=\"og:url\" content=\"https:\/\/all-car-news.com\/fr\/suzuki-eparpille-les-accessoires\/\" \/>\n<meta property=\"og:site_name\" content=\"All cars news\" \/>\n<meta property=\"article:published_time\" content=\"2022-02-18T13:21:44+00:00\" \/>\n<meta property=\"og:image\" content=\"https:\/\/all-car-news.com\/wp-content\/uploads\/2022\/02\/DL-1050-AdventureSMALL.jpg\" \/>\n\t<meta property=\"og:image:width\" content=\"1600\" \/>\n\t<meta property=\"og:image:height\" content=\"1067\" \/>\n\t<meta property=\"og:image:type\" content=\"image\/jpeg\" \/>\n<meta name=\"twitter:card\" content=\"summary_large_image\" \/>\n<meta name=\"twitter:label1\" content=\"Dur\u00e9e de lecture estim\u00e9e\" \/>\n\t<meta name=\"twitter:data1\" content=\"2 minutes\" \/>\n<script type=\"application\/ld+json\" class=\"yoast-schema-graph\">{\"@context\":\"https:\/\/schema.org\",\"@graph\":[{\"@type\":\"Article\",\"@id\":\"https:\/\/all-car-news.com\/fr\/suzuki-eparpille-les-accessoires\/#article\",\"isPartOf\":{\"@id\":\"https:\/\/all-car-news.com\/fr\/suzuki-eparpille-les-accessoires\/\"},\"author\":{\"name\":\"\",\"@id\":\"\"},\"headline\":\"Suzuki \u00e9parpille les accessoires\",\"datePublished\":\"2022-02-18T13:21:44+00:00\",\"dateModified\":\"2022-02-18T13:21:44+00:00\",\"mainEntityOfPage\":{\"@id\":\"https:\/\/all-car-news.com\/fr\/suzuki-eparpille-les-accessoires\/\"},\"wordCount\":454,\"commentCount\":0,\"publisher\":{\"@id\":\"https:\/\/all-car-news.com\/fr\/#organization\"},\"articleSection\":[\"nouvelles de voiture\"],\"inLanguage\":\"fr-FR\",\"potentialAction\":[{\"@type\":\"CommentAction\",\"name\":\"Comment\",\"target\":[\"https:\/\/all-car-news.com\/fr\/suzuki-eparpille-les-accessoires\/#respond\"]}]},{\"@type\":\"WebPage\",\"@id\":\"https:\/\/all-car-news.com\/fr\/suzuki-eparpille-les-accessoires\/\",\"url\":\"https:\/\/all-car-news.com\/fr\/suzuki-eparpille-les-accessoires\/\",\"name\":\"Suzuki \u00e9parpille les accessoires - All cars news\",\"isPartOf\":{\"@id\":\"https:\/\/all-car-news.com\/fr\/#website\"},\"datePublished\":\"2022-02-18T13:21:44+00:00\",\"dateModified\":\"2022-02-18T13:21:44+00:00\",\"breadcrumb\":{\"@id\":\"https:\/\/all-car-news.com\/fr\/suzuki-eparpille-les-accessoires\/#breadcrumb\"},\"inLanguage\":\"fr-FR\",\"potentialAction\":[{\"@type\":\"ReadAction\",\"target\":[\"https:\/\/all-car-news.com\/fr\/suzuki-eparpille-les-accessoires\/\"]}]},{\"@type\":\"BreadcrumbList\",\"@id\":\"https:\/\/all-car-news.com\/fr\/suzuki-eparpille-les-accessoires\/#breadcrumb\",\"itemListElement\":[{\"@type\":\"ListItem\",\"position\":1,\"name\":\"Home\",\"item\":\"https:\/\/all-car-news.com\/fr\/\"},{\"@type\":\"ListItem\",\"position\":2,\"name\":\"Suzuki \u00e9parpille les accessoires\"}]},{\"@type\":\"WebSite\",\"@id\":\"https:\/\/all-car-news.com\/fr\/#website\",\"url\":\"https:\/\/all-car-news.com\/fr\/\",\"name\":\"All cars news\",\"description\":\"\",\"publisher\":{\"@id\":\"https:\/\/all-car-news.com\/fr\/#organization\"},\"potentialAction\":[{\"@type\":\"SearchAction\",\"target\":{\"@type\":\"EntryPoint\",\"urlTemplate\":\"https:\/\/all-car-news.com\/fr\/?s={search_term_string}\"},\"query-input\":\"required name=search_term_string\"}],\"inLanguage\":\"fr-FR\"},{\"@type\":\"Organization\",\"@id\":\"https:\/\/all-car-news.com\/fr\/#organization\",\"name\":\"All cars news\",\"url\":\"https:\/\/all-car-news.com\/fr\/\",\"logo\":{\"@type\":\"ImageObject\",\"inLanguage\":\"fr-FR\",\"@id\":\"https:\/\/all-car-news.com\/fr\/#\/schema\/logo\/image\/\",\"url\":\"https:\/\/all-car-news.com\/wp-content\/uploads\/2022\/02\/CMYK-AllCarNews_LANDSCAPE_300px-1.png\",\"contentUrl\":\"https:\/\/all-car-news.com\/wp-content\/uploads\/2022\/02\/CMYK-AllCarNews_LANDSCAPE_300px-1.png\",\"width\":300,\"height\":100,\"caption\":\"All cars news\"},\"image\":{\"@id\":\"https:\/\/all-car-news.com\/fr\/#\/schema\/logo\/image\/\"}}]}<\/script>\n<!-- \/ Yoast SEO plugin. -->","yoast_head_json":{"title":"Suzuki \u00e9parpille les accessoires - All cars news","robots":{"index":"index","follow":"follow","max-snippet":"max-snippet:-1","max-image-preview":"max-image-preview:large","max-video-preview":"max-video-preview:-1"},"canonical":"https:\/\/all-car-news.com\/fr\/suzuki-eparpille-les-accessoires\/","og_locale":"fr_FR","og_type":"article","og_title":"Suzuki \u00e9parpille les accessoires - All cars news","og_description":"Par exemple, il existe un Street Pack pour la Suzuki SV650. Le pack se compose d'un \u00e9chappement Arrow, d'un support de plaque d'immatriculation court et de clignotants dynamiques \u00e0 LED. Un pack Street Xtreme a \u00e9t\u00e9 d\u00e9velopp\u00e9 pour les GSX-S950 et GSX-S1000. Cela comprend un \u00e9chappement Yoshimura, des poids de guidon, un support de plaque d'immatriculation court, une housse de si\u00e8ge duo, des r\u00e9troviseurs \u00e9l\u00e9gants et des bobines. Pour le GSX-S950, il comprend \u00e9galement dynamique [\u2026]","og_url":"https:\/\/all-car-news.com\/fr\/suzuki-eparpille-les-accessoires\/","og_site_name":"All cars news","article_published_time":"2022-02-18T13:21:44+00:00","og_image":[{"width":1600,"height":1067,"url":"https:\/\/all-car-news.com\/wp-content\/uploads\/2022\/02\/DL-1050-AdventureSMALL.jpg","type":"image\/jpeg"}],"twitter_card":"summary_large_image","twitter_misc":{"Dur\u00e9e de lecture estim\u00e9e":"2 minutes"},"schema":{"@context":"https:\/\/schema.org","@graph":[{"@type":"Article","@id":"https:\/\/all-car-news.com\/fr\/suzuki-eparpille-les-accessoires\/#article","isPartOf":{"@id":"https:\/\/all-car-news.com\/fr\/suzuki-eparpille-les-accessoires\/"},"author":{"name":"","@id":""},"headline":"Suzuki \u00e9parpille les accessoires","datePublished":"2022-02-18T13:21:44+00:00","dateModified":"2022-02-18T13:21:44+00:00","mainEntityOfPage":{"@id":"https:\/\/all-car-news.com\/fr\/suzuki-eparpille-les-accessoires\/"},"wordCount":454,"commentCount":0,"publisher":{"@id":"https:\/\/all-car-news.com\/fr\/#organization"},"articleSection":["nouvelles de voiture"],"inLanguage":"fr-FR","potentialAction":[{"@type":"CommentAction","name":"Comment","target":["https:\/\/all-car-news.com\/fr\/suzuki-eparpille-les-accessoires\/#respond"]}]},{"@type":"WebPage","@id":"https:\/\/all-car-news.com\/fr\/suzuki-eparpille-les-accessoires\/","url":"https:\/\/all-car-news.com\/fr\/suzuki-eparpille-les-accessoires\/","name":"Suzuki \u00e9parpille les accessoires - All cars news","isPartOf":{"@id":"https:\/\/all-car-news.com\/fr\/#website"},"datePublished":"2022-02-18T13:21:44+00:00","dateModified":"2022-02-18T13:21:44+00:00","breadcrumb":{"@id":"https:\/\/all-car-news.com\/fr\/suzuki-eparpille-les-accessoires\/#breadcrumb"},"inLanguage":"fr-FR","potentialAction":[{"@type":"ReadAction","target":["https:\/\/all-car-news.com\/fr\/suzuki-eparpille-les-accessoires\/"]}]},{"@type":"BreadcrumbList","@id":"https:\/\/all-car-news.com\/fr\/suzuki-eparpille-les-accessoires\/#breadcrumb","itemListElement":[{"@type":"ListItem","position":1,"name":"Home","item":"https:\/\/all-car-news.com\/fr\/"},{"@type":"ListItem","position":2,"name":"Suzuki \u00e9parpille les accessoires"}]},{"@type":"WebSite","@id":"https:\/\/all-car-news.com\/fr\/#website","url":"https:\/\/all-car-news.com\/fr\/","name":"All cars news","description":"","publisher":{"@id":"https:\/\/all-car-news.com\/fr\/#organization"},"potentialAction":[{"@type":"SearchAction","target":{"@type":"EntryPoint","urlTemplate":"https:\/\/all-car-news.com\/fr\/?s={search_term_string}"},"query-input":"required name=search_term_string"}],"inLanguage":"fr-FR"},{"@type":"Organization","@id":"https:\/\/all-car-news.com\/fr\/#organization","name":"All cars news","url":"https:\/\/all-car-news.com\/fr\/","logo":{"@type":"ImageObject","inLanguage":"fr-FR","@id":"https:\/\/all-car-news.com\/fr\/#\/schema\/logo\/image\/","url":"https:\/\/all-car-news.com\/wp-content\/uploads\/2022\/02\/CMYK-AllCarNews_LANDSCAPE_300px-1.png","contentUrl":"https:\/\/all-car-news.com\/wp-content\/uploads\/2022\/02\/CMYK-AllCarNews_LANDSCAPE_300px-1.png","width":300,"height":100,"caption":"All cars news"},"image":{"@id":"https:\/\/all-car-news.com\/fr\/#\/schema\/logo\/image\/"}}]}},"_links":{"self":[{"href":"https:\/\/all-car-news.com\/fr\/wp-json\/wp\/v2\/posts\/116321","targetHints":{"allow":["GET"]}}],"collection":[{"href":"https:\/\/all-car-news.com\/fr\/wp-json\/wp\/v2\/posts"}],"about":[{"href":"https:\/\/all-car-news.com\/fr\/wp-json\/wp\/v2\/types\/post"}],"replies":[{"embeddable":true,"href":"https:\/\/all-car-news.com\/fr\/wp-json\/wp\/v2\/comments?post=116321"}],"version-history":[{"count":0,"href":"https:\/\/all-car-news.com\/fr\/wp-json\/wp\/v2\/posts\/116321\/revisions"}],"wp:featuredmedia":[{"embeddable":true,"href":"https:\/\/all-car-news.com\/fr\/wp-json\/wp\/v2\/media\/116163"}],"wp:attachment":[{"href":"https:\/\/all-car-news.com\/fr\/wp-json\/wp\/v2\/media?parent=116321"}],"wp:term":[{"taxonomy":"category","embeddable":true,"href":"https:\/\/all-car-news.com\/fr\/wp-json\/wp\/v2\/categories?post=116321"},{"taxonomy":"post_tag","embeddable":true,"href":"https:\/\/all-car-news.com\/fr\/wp-json\/wp\/v2\/tags?post=116321"}],"curies":[{"name":"wp","href":"https:\/\/api.w.org\/{rel}","templated":true}]}}