{"id":116309,"date":"2022-02-18T13:16:54","date_gmt":"2022-02-18T13:16:54","guid":{"rendered":"https:\/\/all-car-news.com\/cette-porsche-a-plus-de-1000-ch\/"},"modified":"2022-02-18T13:16:54","modified_gmt":"2022-02-18T13:16:54","slug":"cette-porsche-a-plus-de-1000-ch","status":"publish","type":"post","link":"https:\/\/all-car-news.com\/fr\/cette-porsche-a-plus-de-1000-ch\/","title":{"rendered":"Cette Porsche a plus de 1000 ch"},"content":{"rendered":"<h2>Porsche 911 997 GT3<\/h2>\n<p>La Porsche dans l&rsquo;annonce est une g\u00e9n\u00e9ration 997, que Porsche a produite de 2004 \u00e0 2012. La 911 d&rsquo;entr\u00e9e de gamme disposait alors de 345 ch et 390 Nm. Cette voiture particuli\u00e8re est sortie de la cha\u00eene de production en 2008 sous la forme d&rsquo;une GT3 blanche, la variante la plus rapide et la plus sportive de la 911, avec 415 ch et 405 Nm.<\/p>\n<h2>r\u00e9glage 9ff<\/h2>\n<p>Apparemment, 415 ch n&rsquo;\u00e9taient pas suffisants, car le premier propri\u00e9taire a confi\u00e9 la voiture \u00e0 9ff, un tuner Porsche sp\u00e9cialis\u00e9 \u00e0 Dortmund. L\u00e0, la 977 GT3 \u00e9tait \u00e9quip\u00e9e de pas moins de deux turbos refroidis par air, ce qui augmentait consid\u00e9rablement la puissance. Le dernier propri\u00e9taire a remplac\u00e9 les turbos refroidis par air par des turbos refroidis par eau, ce qui a donn\u00e9 une puissance impressionnante de 1 050 ch et 1 100 Nm. Cela permet \u00e0 la Porsche d&rsquo;atteindre 300 km\/h en 15 secondes. Vous pouvez faire varier la puissance de 800 ch \u00e0 1 bar de pression turbo \u00e0 1050 ch \u00e0 1,7 bar. Selon le vendeur, cette voiture se conduit comme une <a href=\"https:\/\/autorai.nl\/autotest-porsche-911-gt3-2021-review\/\" target=\"_blank\" rel=\"noopener\">GT3 \u00ab\u00a0normale\u00a0\u00bb<\/a> . Le plus, c&rsquo;est que vous pouvez changer de vitesse vous-m\u00eame avec une bo\u00eete de vitesses manuelle \u00e0 6 rapports !<\/p>\n<h2>Porsche Sport Classique<\/h2>\n<p>Le dernier propri\u00e9taire a \u00e9galement modifi\u00e9 l&rsquo;apparence, transformant la voiture en une Sport Classic, une version sp\u00e9ciale de la 997. Le relooking comprend les jantes Sport Classic de 19 pouces d&rsquo;origine, la queue de canard en fibre de carbone d&rsquo;origine et les rayures d&rsquo;origine. De plus, la voiture est peinte en Sport Classic Grey et \u00e9quip\u00e9e d&rsquo;une feuille xPel.<\/p>\n<p><em>Le texte continue sous l&rsquo;image.<\/em><\/p>\n<div class=\"galery shuffle galery-0\">\n<figure>\n\t\t\t\t\t<span style=\"cursor: pointer\" data-src=\"https:\/\/autorai.nl\/wp-content\/uploads\/2022\/02\/14199855_60-1600x1063.jpg\" data-fancybox=\"galery-0\" title=\"\" itemscope=\"\" itemtype=\"https:\/\/schema.org\/ImageObject\"><br \/>\n\t\t\t\t\t\t\t<meta name=\"caption\" content=\"\"><img decoding=\"async\" width=\"640\" height=\"480\" src=\"https:\/\/autorai.nl\/wp-content\/uploads\/2022\/02\/14199855_60-640x480.jpg\" class=\"attachment-medium size-medium\" alt=\"Porsche 997 GT3 9ff voorkant\" loading=\"lazy\" itemprop=\"image\" srcset=\"https:\/\/autorai.nl\/wp-content\/uploads\/2022\/02\/14199855_60-640x480.jpg 640w, https:\/\/autorai.nl\/wp-content\/uploads\/2022\/02\/14199855_60-1280x960.jpg 1280w, https:\/\/autorai.nl\/wp-content\/uploads\/2022\/02\/14199855_60-240x180.jpg 240w, https:\/\/autorai.nl\/wp-content\/uploads\/2022\/02\/14199855_60-960x720.jpg 960w, https:\/\/autorai.nl\/wp-content\/uploads\/2022\/02\/14199855_60-360x270.jpg 360w\" sizes=\"auto, (max-width: 640px) 100vw, 640px\"><i class=\"fa fa-search-plus\" aria-hidden=\"true\"><\/i><br \/>\n\t\t\t\t\t\t<\/span><br \/>\n\t\t\t\t\t<\/figure>\n<figure>\n\t\t\t\t\t<span style=\"cursor: pointer\" data-src=\"https:\/\/autorai.nl\/wp-content\/uploads\/2022\/02\/14199855_21-1-1600x1063.jpg\" data-fancybox=\"galery-0\" title=\"\" itemscope=\"\" itemtype=\"https:\/\/schema.org\/ImageObject\"><br \/>\n\t\t\t\t\t\t\t<meta name=\"caption\" content=\"\"><img decoding=\"async\" width=\"360\" height=\"270\" src=\"https:\/\/autorai.nl\/wp-content\/uploads\/2022\/02\/14199855_21-1-360x270.jpg\" class=\"attachment-small size-small\" alt=\"Porsche 997 GT3 9ff zijkant\" loading=\"lazy\" itemprop=\"image\" srcset=\"https:\/\/autorai.nl\/wp-content\/uploads\/2022\/02\/14199855_21-1-360x270.jpg 360w, https:\/\/autorai.nl\/wp-content\/uploads\/2022\/02\/14199855_21-1-640x480.jpg 640w, https:\/\/autorai.nl\/wp-content\/uploads\/2022\/02\/14199855_21-1-1280x960.jpg 1280w, https:\/\/autorai.nl\/wp-content\/uploads\/2022\/02\/14199855_21-1-240x180.jpg 240w, https:\/\/autorai.nl\/wp-content\/uploads\/2022\/02\/14199855_21-1-960x720.jpg 960w\" sizes=\"auto, (max-width: 360px) 100vw, 360px\"><i class=\"fa fa-search-plus\" aria-hidden=\"true\"><\/i><br \/>\n\t\t\t\t\t\t<\/span><br \/>\n\t\t\t\t\t<\/figure>\n<figure>\n\t\t\t\t\t<span style=\"cursor: pointer\" data-src=\"https:\/\/autorai.nl\/wp-content\/uploads\/2022\/02\/14199855_59-1600x1063.jpg\" data-fancybox=\"galery-0\" title=\"\" itemscope=\"\" itemtype=\"https:\/\/schema.org\/ImageObject\"><br \/>\n\t\t\t\t\t\t\t<meta name=\"caption\" content=\"\"><img decoding=\"async\" width=\"360\" height=\"270\" src=\"https:\/\/autorai.nl\/wp-content\/uploads\/2022\/02\/14199855_59-360x270.jpg\" class=\"attachment-small size-small\" alt=\"Porsche 997 GT3 9ff achterkant\" loading=\"lazy\" itemprop=\"image\" srcset=\"https:\/\/autorai.nl\/wp-content\/uploads\/2022\/02\/14199855_59-360x270.jpg 360w, https:\/\/autorai.nl\/wp-content\/uploads\/2022\/02\/14199855_59-640x480.jpg 640w, https:\/\/autorai.nl\/wp-content\/uploads\/2022\/02\/14199855_59-1280x960.jpg 1280w, https:\/\/autorai.nl\/wp-content\/uploads\/2022\/02\/14199855_59-240x180.jpg 240w, https:\/\/autorai.nl\/wp-content\/uploads\/2022\/02\/14199855_59-960x720.jpg 960w\" sizes=\"auto, (max-width: 360px) 100vw, 360px\"><i class=\"fa fa-search-plus\" aria-hidden=\"true\"><\/i><br \/>\n\t\t\t\t\t\t<\/span><br \/>\n\t\t\t\t\t<\/figure>\n<div class=\"clear\"><\/div>\n<\/div>\n<h2>Le prix<\/h2>\n<p>Cette sp\u00e9ciale 9ff Sport Classic de 1 050 ch n&rsquo;est pas bon march\u00e9. Pour devenir propri\u00e9taire de cette Porsche, vous payez un peu moins de 200 000 euros \u00e0 <a href=\"https:\/\/www.eenhuismanauto.nl\/occasions?url=https%3A%2F%2Fvoorraad.eenhuismanauto.nl%2Fporsche%2F911%2Fgt3-9ff-gturbo1000-1050pk1100nm-6-bak-sport-classic-one-off-compleet-nieuw-gebouwd-uniek-in-alle-opzichten%2F2008%2Focc14199855-f621715f%3Futm_source%3Dmarktplaats%26utm_medium%3Dreferral\" target=\"_blank\" rel=\"noopener\">Autobedrijf Huisman<\/a> \u00e0 Beilen, Drenthe. Cela fait une diff\u00e9rence que la voiture a r\u00e9cemment fait l&rsquo;objet d&rsquo;un entretien majeur \u00e0 9ff, ce qui vous permet d&rsquo;\u00e9conomiser les co\u00fbts, entre autres, du remplacement des plaquettes et des disques de frein.<\/p>\n<div class=\"galery shuffle galery-1\">\n<figure>\n\t\t\t\t\t<span style=\"cursor: pointer\" data-src=\"https:\/\/autorai.nl\/wp-content\/uploads\/2022\/02\/interieur1-1600x1063.jpg\" data-fancybox=\"galery-1\" title=\"\" itemscope=\"\" itemtype=\"https:\/\/schema.org\/ImageObject\"><br \/>\n\t\t\t\t\t\t\t<meta name=\"caption\" content=\"\"><img decoding=\"async\" width=\"640\" height=\"480\" src=\"https:\/\/autorai.nl\/wp-content\/uploads\/2022\/02\/interieur1-640x480.jpg\" class=\"attachment-medium size-medium\" alt=\"Porsche 997 GT3 9ff interieur\" loading=\"lazy\" itemprop=\"image\" srcset=\"https:\/\/autorai.nl\/wp-content\/uploads\/2022\/02\/interieur1-640x480.jpg 640w, https:\/\/autorai.nl\/wp-content\/uploads\/2022\/02\/interieur1-1280x960.jpg 1280w, https:\/\/autorai.nl\/wp-content\/uploads\/2022\/02\/interieur1-240x180.jpg 240w, https:\/\/autorai.nl\/wp-content\/uploads\/2022\/02\/interieur1-960x720.jpg 960w, https:\/\/autorai.nl\/wp-content\/uploads\/2022\/02\/interieur1-360x270.jpg 360w\" sizes=\"auto, (max-width: 640px) 100vw, 640px\"><i class=\"fa fa-search-plus\" aria-hidden=\"true\"><\/i><br \/>\n\t\t\t\t\t\t<\/span><br \/>\n\t\t\t\t\t<\/figure>\n<figure>\n\t\t\t\t\t<span style=\"cursor: pointer\" data-src=\"https:\/\/autorai.nl\/wp-content\/uploads\/2022\/02\/14199855_63-1-1600x1063.jpg\" data-fancybox=\"galery-1\" title=\"\" itemscope=\"\" itemtype=\"https:\/\/schema.org\/ImageObject\"><br \/>\n\t\t\t\t\t\t\t<meta name=\"caption\" content=\"\"><img decoding=\"async\" width=\"360\" height=\"270\" src=\"https:\/\/autorai.nl\/wp-content\/uploads\/2022\/02\/14199855_63-1-360x270.jpg\" class=\"attachment-small size-small\" alt=\"Porsche 997 GT3 9ff interieur2\" loading=\"lazy\" itemprop=\"image\" srcset=\"https:\/\/autorai.nl\/wp-content\/uploads\/2022\/02\/14199855_63-1-360x270.jpg 360w, https:\/\/autorai.nl\/wp-content\/uploads\/2022\/02\/14199855_63-1-640x480.jpg 640w, https:\/\/autorai.nl\/wp-content\/uploads\/2022\/02\/14199855_63-1-1280x960.jpg 1280w, https:\/\/autorai.nl\/wp-content\/uploads\/2022\/02\/14199855_63-1-240x180.jpg 240w, https:\/\/autorai.nl\/wp-content\/uploads\/2022\/02\/14199855_63-1-960x720.jpg 960w\" sizes=\"auto, (max-width: 360px) 100vw, 360px\"><i class=\"fa fa-search-plus\" aria-hidden=\"true\"><\/i><br \/>\n\t\t\t\t\t\t<\/span><br \/>\n\t\t\t\t\t<\/figure>\n<figure>\n\t\t\t\t\t<span style=\"cursor: pointer\" data-src=\"https:\/\/autorai.nl\/wp-content\/uploads\/2022\/02\/interieur2-1600x1063.jpg\" data-fancybox=\"galery-1\" title=\"\" itemscope=\"\" itemtype=\"https:\/\/schema.org\/ImageObject\"><br \/>\n\t\t\t\t\t\t\t<meta name=\"caption\" content=\"\"><img decoding=\"async\" width=\"360\" height=\"270\" src=\"https:\/\/autorai.nl\/wp-content\/uploads\/2022\/02\/interieur2-360x270.jpg\" class=\"attachment-small size-small\" alt=\"Porsche 997 GT3 9ff interieur3\" loading=\"lazy\" itemprop=\"image\" srcset=\"https:\/\/autorai.nl\/wp-content\/uploads\/2022\/02\/interieur2-360x270.jpg 360w, https:\/\/autorai.nl\/wp-content\/uploads\/2022\/02\/interieur2-640x480.jpg 640w, https:\/\/autorai.nl\/wp-content\/uploads\/2022\/02\/interieur2-1280x960.jpg 1280w, https:\/\/autorai.nl\/wp-content\/uploads\/2022\/02\/interieur2-240x180.jpg 240w, https:\/\/autorai.nl\/wp-content\/uploads\/2022\/02\/interieur2-960x720.jpg 960w\" sizes=\"auto, (max-width: 360px) 100vw, 360px\"><i class=\"fa fa-search-plus\" aria-hidden=\"true\"><\/i><br \/>\n\t\t\t\t\t\t<\/span><br \/>\n\t\t\t\t\t<\/figure>\n<figure>\n\t\t\t\t\t<span style=\"cursor: pointer\" data-src=\"https:\/\/autorai.nl\/wp-content\/uploads\/2022\/02\/14199855_50-1600x1063.jpg\" data-fancybox=\"galery-1\" title=\"\" itemscope=\"\" itemtype=\"https:\/\/schema.org\/ImageObject\"><br \/>\n\t\t\t\t\t\t\t<meta name=\"caption\" content=\"\"><img decoding=\"async\" width=\"640\" height=\"480\" src=\"https:\/\/autorai.nl\/wp-content\/uploads\/2022\/02\/14199855_50-640x480.jpg\" class=\"attachment-medium size-medium\" alt=\"Porsche 997 GT3 9ff achterkant\" loading=\"lazy\" itemprop=\"image\" srcset=\"https:\/\/autorai.nl\/wp-content\/uploads\/2022\/02\/14199855_50-640x480.jpg 640w, https:\/\/autorai.nl\/wp-content\/uploads\/2022\/02\/14199855_50-1280x960.jpg 1280w, https:\/\/autorai.nl\/wp-content\/uploads\/2022\/02\/14199855_50-240x180.jpg 240w, https:\/\/autorai.nl\/wp-content\/uploads\/2022\/02\/14199855_50-960x720.jpg 960w, https:\/\/autorai.nl\/wp-content\/uploads\/2022\/02\/14199855_50-360x270.jpg 360w\" sizes=\"auto, (max-width: 640px) 100vw, 640px\"><i class=\"fa fa-search-plus\" aria-hidden=\"true\"><\/i><br \/>\n\t\t\t\t\t\t<\/span><br \/>\n\t\t\t\t\t<\/figure>\n<figure>\n\t\t\t\t\t<span style=\"cursor: pointer\" data-src=\"https:\/\/autorai.nl\/wp-content\/uploads\/2022\/02\/14199855_44-1600x1063.jpg\" data-fancybox=\"galery-1\" title=\"\" itemscope=\"\" itemtype=\"https:\/\/schema.org\/ImageObject\"><br \/>\n\t\t\t\t\t\t\t<meta name=\"caption\" content=\"\"><img decoding=\"async\" width=\"360\" height=\"270\" src=\"https:\/\/autorai.nl\/wp-content\/uploads\/2022\/02\/14199855_44-360x270.jpg\" class=\"attachment-small size-small\" alt=\"Porsche 997 GT3 9ff velg\" loading=\"lazy\" itemprop=\"image\" srcset=\"https:\/\/autorai.nl\/wp-content\/uploads\/2022\/02\/14199855_44-360x270.jpg 360w, https:\/\/autorai.nl\/wp-content\/uploads\/2022\/02\/14199855_44-640x480.jpg 640w, https:\/\/autorai.nl\/wp-content\/uploads\/2022\/02\/14199855_44-1280x960.jpg 1280w, https:\/\/autorai.nl\/wp-content\/uploads\/2022\/02\/14199855_44-240x180.jpg 240w, https:\/\/autorai.nl\/wp-content\/uploads\/2022\/02\/14199855_44-960x720.jpg 960w\" sizes=\"auto, (max-width: 360px) 100vw, 360px\"><i class=\"fa fa-search-plus\" aria-hidden=\"true\"><\/i><br \/>\n\t\t\t\t\t\t<\/span><br \/>\n\t\t\t\t\t<\/figure>\n<figure>\n\t\t\t\t\t<span style=\"cursor: pointer\" data-src=\"https:\/\/autorai.nl\/wp-content\/uploads\/2022\/02\/14199855_69-1600x1063.jpg\" data-fancybox=\"galery-1\" title=\"\" itemscope=\"\" itemtype=\"https:\/\/schema.org\/ImageObject\"><br \/>\n\t\t\t\t\t\t\t<meta name=\"caption\" content=\"\"><img decoding=\"async\" width=\"360\" height=\"270\" src=\"https:\/\/autorai.nl\/wp-content\/uploads\/2022\/02\/14199855_69-360x270.jpg\" class=\"attachment-small size-small\" alt=\"Porsche 997 GT3 9ff motor\" loading=\"lazy\" itemprop=\"image\" srcset=\"https:\/\/autorai.nl\/wp-content\/uploads\/2022\/02\/14199855_69-360x270.jpg 360w, https:\/\/autorai.nl\/wp-content\/uploads\/2022\/02\/14199855_69-640x480.jpg 640w, https:\/\/autorai.nl\/wp-content\/uploads\/2022\/02\/14199855_69-1280x960.jpg 1280w, https:\/\/autorai.nl\/wp-content\/uploads\/2022\/02\/14199855_69-240x180.jpg 240w, https:\/\/autorai.nl\/wp-content\/uploads\/2022\/02\/14199855_69-960x720.jpg 960w\" sizes=\"auto, (max-width: 360px) 100vw, 360px\"><i class=\"fa fa-search-plus\" aria-hidden=\"true\"><\/i><br \/>\n\t\t\t\t\t\t<\/span><br \/>\n\t\t\t\t\t<\/figure>\n<div class=\"clear\"><\/div>\n<\/div>\n","protected":false},"excerpt":{"rendered":"Porsche 911 997 GT3 La Porsche dans l'annonce est de la g\u00e9n\u00e9ration 997, que Porsche a produite de 2004 \u00e0\u2026","protected":false},"author":0,"featured_media":116154,"comment_status":"open","ping_status":"open","sticky":false,"template":"","format":"standard","meta":{"footnotes":""},"categories":[127,139],"tags":[],"class_list":["post-116309","post","type-post","status-publish","format-standard","has-post-thumbnail","hentry","category-nouvelles-de-voiture","category-style-de-vie-et-plaisir"],"acf":[],"yoast_head":"<!-- This site is optimized with the Yoast SEO plugin v21.2 - https:\/\/yoast.com\/wordpress\/plugins\/seo\/ -->\n<title>Cette Porsche a plus de 1000 ch - All cars news<\/title>\n<meta name=\"robots\" content=\"index, follow, max-snippet:-1, max-image-preview:large, max-video-preview:-1\" \/>\n<link rel=\"canonical\" href=\"https:\/\/all-car-news.com\/fr\/cette-porsche-a-plus-de-1000-ch\/\" \/>\n<meta property=\"og:locale\" content=\"fr_FR\" \/>\n<meta property=\"og:type\" content=\"article\" \/>\n<meta property=\"og:title\" content=\"Cette Porsche a plus de 1000 ch - All cars news\" \/>\n<meta property=\"og:description\" content=\"Porsche 911 997 GT3 La Porsche dans l&#039;annonce est de la g\u00e9n\u00e9ration 997, que Porsche a produite de 2004 \u00e0 2012. La 911 d&#039;entr\u00e9e de gamme disposait alors de 345 ch et 390 Nm. Cette voiture particuli\u00e8re est sortie de la cha\u00eene de production en 2008 en tant que GT3 blanche, la variante plus rapide et plus sportive de la 911, avec 415 ch et [\u2026]\" \/>\n<meta property=\"og:url\" content=\"https:\/\/all-car-news.com\/fr\/cette-porsche-a-plus-de-1000-ch\/\" \/>\n<meta property=\"og:site_name\" content=\"All cars news\" \/>\n<meta property=\"article:published_time\" content=\"2022-02-18T13:16:54+00:00\" \/>\n<meta property=\"og:image\" content=\"https:\/\/all-car-news.com\/wp-content\/uploads\/2022\/02\/header.jpg\" \/>\n\t<meta property=\"og:image:width\" content=\"1920\" \/>\n\t<meta property=\"og:image:height\" content=\"1080\" \/>\n\t<meta property=\"og:image:type\" content=\"image\/jpeg\" \/>\n<meta name=\"twitter:card\" content=\"summary_large_image\" \/>\n<meta name=\"twitter:label1\" content=\"Dur\u00e9e de lecture estim\u00e9e\" \/>\n\t<meta name=\"twitter:data1\" content=\"2 minutes\" \/>\n<script type=\"application\/ld+json\" class=\"yoast-schema-graph\">{\"@context\":\"https:\/\/schema.org\",\"@graph\":[{\"@type\":\"Article\",\"@id\":\"https:\/\/all-car-news.com\/fr\/cette-porsche-a-plus-de-1000-ch\/#article\",\"isPartOf\":{\"@id\":\"https:\/\/all-car-news.com\/fr\/cette-porsche-a-plus-de-1000-ch\/\"},\"author\":{\"name\":\"\",\"@id\":\"\"},\"headline\":\"Cette Porsche a plus de 1000 ch\",\"datePublished\":\"2022-02-18T13:16:54+00:00\",\"dateModified\":\"2022-02-18T13:16:54+00:00\",\"mainEntityOfPage\":{\"@id\":\"https:\/\/all-car-news.com\/fr\/cette-porsche-a-plus-de-1000-ch\/\"},\"wordCount\":332,\"commentCount\":0,\"publisher\":{\"@id\":\"https:\/\/all-car-news.com\/fr\/#organization\"},\"articleSection\":[\"nouvelles de voiture\",\"Style de vie et plaisir\"],\"inLanguage\":\"fr-FR\",\"potentialAction\":[{\"@type\":\"CommentAction\",\"name\":\"Comment\",\"target\":[\"https:\/\/all-car-news.com\/fr\/cette-porsche-a-plus-de-1000-ch\/#respond\"]}]},{\"@type\":\"WebPage\",\"@id\":\"https:\/\/all-car-news.com\/fr\/cette-porsche-a-plus-de-1000-ch\/\",\"url\":\"https:\/\/all-car-news.com\/fr\/cette-porsche-a-plus-de-1000-ch\/\",\"name\":\"Cette Porsche a plus de 1000 ch - All cars news\",\"isPartOf\":{\"@id\":\"https:\/\/all-car-news.com\/fr\/#website\"},\"datePublished\":\"2022-02-18T13:16:54+00:00\",\"dateModified\":\"2022-02-18T13:16:54+00:00\",\"breadcrumb\":{\"@id\":\"https:\/\/all-car-news.com\/fr\/cette-porsche-a-plus-de-1000-ch\/#breadcrumb\"},\"inLanguage\":\"fr-FR\",\"potentialAction\":[{\"@type\":\"ReadAction\",\"target\":[\"https:\/\/all-car-news.com\/fr\/cette-porsche-a-plus-de-1000-ch\/\"]}]},{\"@type\":\"BreadcrumbList\",\"@id\":\"https:\/\/all-car-news.com\/fr\/cette-porsche-a-plus-de-1000-ch\/#breadcrumb\",\"itemListElement\":[{\"@type\":\"ListItem\",\"position\":1,\"name\":\"Home\",\"item\":\"https:\/\/all-car-news.com\/fr\/\"},{\"@type\":\"ListItem\",\"position\":2,\"name\":\"Cette Porsche a plus de 1000 ch\"}]},{\"@type\":\"WebSite\",\"@id\":\"https:\/\/all-car-news.com\/fr\/#website\",\"url\":\"https:\/\/all-car-news.com\/fr\/\",\"name\":\"All cars news\",\"description\":\"\",\"publisher\":{\"@id\":\"https:\/\/all-car-news.com\/fr\/#organization\"},\"potentialAction\":[{\"@type\":\"SearchAction\",\"target\":{\"@type\":\"EntryPoint\",\"urlTemplate\":\"https:\/\/all-car-news.com\/fr\/?s={search_term_string}\"},\"query-input\":\"required name=search_term_string\"}],\"inLanguage\":\"fr-FR\"},{\"@type\":\"Organization\",\"@id\":\"https:\/\/all-car-news.com\/fr\/#organization\",\"name\":\"All cars news\",\"url\":\"https:\/\/all-car-news.com\/fr\/\",\"logo\":{\"@type\":\"ImageObject\",\"inLanguage\":\"fr-FR\",\"@id\":\"https:\/\/all-car-news.com\/fr\/#\/schema\/logo\/image\/\",\"url\":\"https:\/\/all-car-news.com\/wp-content\/uploads\/2022\/02\/CMYK-AllCarNews_LANDSCAPE_300px-1.png\",\"contentUrl\":\"https:\/\/all-car-news.com\/wp-content\/uploads\/2022\/02\/CMYK-AllCarNews_LANDSCAPE_300px-1.png\",\"width\":300,\"height\":100,\"caption\":\"All cars news\"},\"image\":{\"@id\":\"https:\/\/all-car-news.com\/fr\/#\/schema\/logo\/image\/\"}}]}<\/script>\n<!-- \/ Yoast SEO plugin. -->","yoast_head_json":{"title":"Cette Porsche a plus de 1000 ch - All cars news","robots":{"index":"index","follow":"follow","max-snippet":"max-snippet:-1","max-image-preview":"max-image-preview:large","max-video-preview":"max-video-preview:-1"},"canonical":"https:\/\/all-car-news.com\/fr\/cette-porsche-a-plus-de-1000-ch\/","og_locale":"fr_FR","og_type":"article","og_title":"Cette Porsche a plus de 1000 ch - All cars news","og_description":"Porsche 911 997 GT3 La Porsche dans l'annonce est de la g\u00e9n\u00e9ration 997, que Porsche a produite de 2004 \u00e0 2012. La 911 d'entr\u00e9e de gamme disposait alors de 345 ch et 390 Nm. Cette voiture particuli\u00e8re est sortie de la cha\u00eene de production en 2008 en tant que GT3 blanche, la variante plus rapide et plus sportive de la 911, avec 415 ch et [\u2026]","og_url":"https:\/\/all-car-news.com\/fr\/cette-porsche-a-plus-de-1000-ch\/","og_site_name":"All cars news","article_published_time":"2022-02-18T13:16:54+00:00","og_image":[{"width":1920,"height":1080,"url":"https:\/\/all-car-news.com\/wp-content\/uploads\/2022\/02\/header.jpg","type":"image\/jpeg"}],"twitter_card":"summary_large_image","twitter_misc":{"Dur\u00e9e de lecture estim\u00e9e":"2 minutes"},"schema":{"@context":"https:\/\/schema.org","@graph":[{"@type":"Article","@id":"https:\/\/all-car-news.com\/fr\/cette-porsche-a-plus-de-1000-ch\/#article","isPartOf":{"@id":"https:\/\/all-car-news.com\/fr\/cette-porsche-a-plus-de-1000-ch\/"},"author":{"name":"","@id":""},"headline":"Cette Porsche a plus de 1000 ch","datePublished":"2022-02-18T13:16:54+00:00","dateModified":"2022-02-18T13:16:54+00:00","mainEntityOfPage":{"@id":"https:\/\/all-car-news.com\/fr\/cette-porsche-a-plus-de-1000-ch\/"},"wordCount":332,"commentCount":0,"publisher":{"@id":"https:\/\/all-car-news.com\/fr\/#organization"},"articleSection":["nouvelles de voiture","Style de vie et plaisir"],"inLanguage":"fr-FR","potentialAction":[{"@type":"CommentAction","name":"Comment","target":["https:\/\/all-car-news.com\/fr\/cette-porsche-a-plus-de-1000-ch\/#respond"]}]},{"@type":"WebPage","@id":"https:\/\/all-car-news.com\/fr\/cette-porsche-a-plus-de-1000-ch\/","url":"https:\/\/all-car-news.com\/fr\/cette-porsche-a-plus-de-1000-ch\/","name":"Cette Porsche a plus de 1000 ch - All cars news","isPartOf":{"@id":"https:\/\/all-car-news.com\/fr\/#website"},"datePublished":"2022-02-18T13:16:54+00:00","dateModified":"2022-02-18T13:16:54+00:00","breadcrumb":{"@id":"https:\/\/all-car-news.com\/fr\/cette-porsche-a-plus-de-1000-ch\/#breadcrumb"},"inLanguage":"fr-FR","potentialAction":[{"@type":"ReadAction","target":["https:\/\/all-car-news.com\/fr\/cette-porsche-a-plus-de-1000-ch\/"]}]},{"@type":"BreadcrumbList","@id":"https:\/\/all-car-news.com\/fr\/cette-porsche-a-plus-de-1000-ch\/#breadcrumb","itemListElement":[{"@type":"ListItem","position":1,"name":"Home","item":"https:\/\/all-car-news.com\/fr\/"},{"@type":"ListItem","position":2,"name":"Cette Porsche a plus de 1000 ch"}]},{"@type":"WebSite","@id":"https:\/\/all-car-news.com\/fr\/#website","url":"https:\/\/all-car-news.com\/fr\/","name":"All cars news","description":"","publisher":{"@id":"https:\/\/all-car-news.com\/fr\/#organization"},"potentialAction":[{"@type":"SearchAction","target":{"@type":"EntryPoint","urlTemplate":"https:\/\/all-car-news.com\/fr\/?s={search_term_string}"},"query-input":"required name=search_term_string"}],"inLanguage":"fr-FR"},{"@type":"Organization","@id":"https:\/\/all-car-news.com\/fr\/#organization","name":"All cars news","url":"https:\/\/all-car-news.com\/fr\/","logo":{"@type":"ImageObject","inLanguage":"fr-FR","@id":"https:\/\/all-car-news.com\/fr\/#\/schema\/logo\/image\/","url":"https:\/\/all-car-news.com\/wp-content\/uploads\/2022\/02\/CMYK-AllCarNews_LANDSCAPE_300px-1.png","contentUrl":"https:\/\/all-car-news.com\/wp-content\/uploads\/2022\/02\/CMYK-AllCarNews_LANDSCAPE_300px-1.png","width":300,"height":100,"caption":"All cars news"},"image":{"@id":"https:\/\/all-car-news.com\/fr\/#\/schema\/logo\/image\/"}}]}},"_links":{"self":[{"href":"https:\/\/all-car-news.com\/fr\/wp-json\/wp\/v2\/posts\/116309","targetHints":{"allow":["GET"]}}],"collection":[{"href":"https:\/\/all-car-news.com\/fr\/wp-json\/wp\/v2\/posts"}],"about":[{"href":"https:\/\/all-car-news.com\/fr\/wp-json\/wp\/v2\/types\/post"}],"replies":[{"embeddable":true,"href":"https:\/\/all-car-news.com\/fr\/wp-json\/wp\/v2\/comments?post=116309"}],"version-history":[{"count":0,"href":"https:\/\/all-car-news.com\/fr\/wp-json\/wp\/v2\/posts\/116309\/revisions"}],"wp:featuredmedia":[{"embeddable":true,"href":"https:\/\/all-car-news.com\/fr\/wp-json\/wp\/v2\/media\/116154"}],"wp:attachment":[{"href":"https:\/\/all-car-news.com\/fr\/wp-json\/wp\/v2\/media?parent=116309"}],"wp:term":[{"taxonomy":"category","embeddable":true,"href":"https:\/\/all-car-news.com\/fr\/wp-json\/wp\/v2\/categories?post=116309"},{"taxonomy":"post_tag","embeddable":true,"href":"https:\/\/all-car-news.com\/fr\/wp-json\/wp\/v2\/tags?post=116309"}],"curies":[{"name":"wp","href":"https:\/\/api.w.org\/{rel}","templated":true}]}}