{"id":116273,"date":"2022-02-18T13:03:45","date_gmt":"2022-02-18T13:03:45","guid":{"rendered":"https:\/\/all-car-news.com\/cette-voiture-a-hydrogene-neerlandaise-a-800-ch-et-rivalisera-avec-les-porsche-et-les-lamborghini\/"},"modified":"2022-02-18T13:03:45","modified_gmt":"2022-02-18T13:03:45","slug":"cette-voiture-a-hydrogene-neerlandaise-a-800-ch-et-rivalisera-avec-les-porsche-et-les-lamborghini","status":"publish","type":"post","link":"https:\/\/all-car-news.com\/fr\/cette-voiture-a-hydrogene-neerlandaise-a-800-ch-et-rivalisera-avec-les-porsche-et-les-lamborghini\/","title":{"rendered":"Cette voiture \u00e0 hydrog\u00e8ne n\u00e9erlandaise a 800 ch et rivalisera avec les Porsche et les Lamborghini"},"content":{"rendered":"<h2>voiture \u00e0 hydrog\u00e8ne<\/h2>\n<p>L&rsquo;\u00e9quipe Forze Hydrogen Racing est compos\u00e9e de 60 \u00e9tudiants de l&rsquo;Universit\u00e9 technique de Delft. L&rsquo;\u00e9quipe construit des coureurs \u00e0 hydrog\u00e8ne depuis 2007. Tout a commenc\u00e9 avec un kart \u00e0 hydrog\u00e8ne, mais en 2015, Jan Lammers a d\u00e9j\u00e0 \u00e9tabli le record du tour pour les voitures \u00e0 hydrog\u00e8ne au N\u00fcrburgring dans une voiture Forze Racing : la Forze VI. En 2019, l&rsquo;\u00e9quipe a affront\u00e9 les meilleures voitures GT dans le Supercar Challenge sur le circuit TT d&rsquo;Assen et a m\u00eame pris la deuxi\u00e8me place.<\/p>\n<p><em>Le texte continue sous les photos<\/em><\/p>\n<div class=\"galery shuffle galery-0\">\n<figure>\n\t\t\t\t\t<span style=\"cursor: pointer\" data-src=\"https:\/\/autorai.nl\/wp-content\/uploads\/2022\/01\/Forze-I-910x610-1.jpg\" data-fancybox=\"galery-0\" title=\"\" itemscope=\"\" itemtype=\"https:\/\/schema.org\/ImageObject\"><br \/>\n\t\t\t\t\t\t\t<meta name=\"caption\" content=\"\"><img decoding=\"async\" width=\"640\" height=\"480\" src=\"https:\/\/autorai.nl\/wp-content\/uploads\/2022\/01\/Forze-I-910x610-1-640x480.jpg\" class=\"attachment-medium size-medium\" alt=\"\" loading=\"lazy\" itemprop=\"image\" srcset=\"https:\/\/autorai.nl\/wp-content\/uploads\/2022\/01\/Forze-I-910x610-1-640x480.jpg 640w, https:\/\/autorai.nl\/wp-content\/uploads\/2022\/01\/Forze-I-910x610-1-240x180.jpg 240w, https:\/\/autorai.nl\/wp-content\/uploads\/2022\/01\/Forze-I-910x610-1-360x270.jpg 360w\" sizes=\"auto, (max-width: 640px) 100vw, 640px\"><i class=\"fa fa-search-plus\" aria-hidden=\"true\"><\/i><br \/>\n\t\t\t\t\t\t<\/span><br \/>\n\t\t\t\t\t<\/figure>\n<figure>\n\t\t\t\t\t<span style=\"cursor: pointer\" data-src=\"https:\/\/autorai.nl\/wp-content\/uploads\/2022\/01\/waterstof.jpg\" data-fancybox=\"galery-0\" title=\"\" itemscope=\"\" itemtype=\"https:\/\/schema.org\/ImageObject\"><br \/>\n\t\t\t\t\t\t\t<meta name=\"caption\" content=\"\"><img decoding=\"async\" width=\"360\" height=\"270\" src=\"https:\/\/autorai.nl\/wp-content\/uploads\/2022\/01\/waterstof-360x270.jpg\" class=\"attachment-small size-small\" alt=\"\" loading=\"lazy\" itemprop=\"image\" srcset=\"https:\/\/autorai.nl\/wp-content\/uploads\/2022\/01\/waterstof-360x270.jpg 360w, https:\/\/autorai.nl\/wp-content\/uploads\/2022\/01\/waterstof-640x480.jpg 640w, https:\/\/autorai.nl\/wp-content\/uploads\/2022\/01\/waterstof-240x180.jpg 240w\" sizes=\"auto, (max-width: 360px) 100vw, 360px\"><i class=\"fa fa-search-plus\" aria-hidden=\"true\"><\/i><br \/>\n\t\t\t\t\t\t<\/span><br \/>\n\t\t\t\t\t<\/figure>\n<figure>\n\t\t\t\t\t<span style=\"cursor: pointer\" data-src=\"https:\/\/autorai.nl\/wp-content\/uploads\/2022\/01\/24hNbr18_0097079TU_TU-1-1-750x500-1.jpg\" data-fancybox=\"galery-0\" title=\"\" itemscope=\"\" itemtype=\"https:\/\/schema.org\/ImageObject\"><br \/>\n\t\t\t\t\t\t\t<meta name=\"caption\" content=\"\"><img decoding=\"async\" width=\"360\" height=\"270\" src=\"https:\/\/autorai.nl\/wp-content\/uploads\/2022\/01\/24hNbr18_0097079TU_TU-1-1-750x500-1-360x270.jpg\" class=\"attachment-small size-small\" alt=\"\" loading=\"lazy\" itemprop=\"image\" srcset=\"https:\/\/autorai.nl\/wp-content\/uploads\/2022\/01\/24hNbr18_0097079TU_TU-1-1-750x500-1-360x270.jpg 360w, https:\/\/autorai.nl\/wp-content\/uploads\/2022\/01\/24hNbr18_0097079TU_TU-1-1-750x500-1-640x480.jpg 640w, https:\/\/autorai.nl\/wp-content\/uploads\/2022\/01\/24hNbr18_0097079TU_TU-1-1-750x500-1-240x180.jpg 240w\" sizes=\"auto, (max-width: 360px) 100vw, 360px\"><i class=\"fa fa-search-plus\" aria-hidden=\"true\"><\/i><br \/>\n\t\t\t\t\t\t<\/span><br \/>\n\t\t\t\t\t<\/figure>\n<div class=\"clear\"><\/div>\n<\/div>\n<h2>Forze IX<\/h2>\n<p>Il est maintenant temps pour un nouveau coureur : le Forze IX. La derni\u00e8re cr\u00e9ation a \u00e9t\u00e9 d\u00e9voil\u00e9e sur la jet\u00e9e en mer du Nord pr\u00e8s de Scheveningen. Tout est question d&rsquo;eau avec cette voiture de course. Le groupe motopropulseur de la voiture \u00e0 hydrog\u00e8ne fonctionne comme suit : l&rsquo;hydrog\u00e8ne des r\u00e9servoirs est mis en r\u00e9action chimique avec l&rsquo;oxyg\u00e8ne dans une pile \u00e0 combustible, cr\u00e9ant de l&rsquo;eau et de l&rsquo;\u00e9lectricit\u00e9. La voiture utilise cette \u00e9lectricit\u00e9 pour alimenter ses moteurs \u00e9lectriques et l&rsquo;eau quitte la voiture par un \u00e9chappement.<\/p>\n<h2>800 ch<\/h2>\n<p>Le Forze IX a une puissance de pointe de plus de 800 ch, en partie gr\u00e2ce \u00e0 une double pile \u00e0 combustible et \u00e0 une super batterie qui peut donner une grosse \u00ab\u00a0pouss\u00e9e d&rsquo;adr\u00e9naline\u00a0\u00bb. En cons\u00e9quence, la voiture a une vitesse de pointe de 300 km\/h, ce qui signifie qu&rsquo;elle peut rivaliser sur la piste avec les voitures GT de Ferrari, Lamborghini et Mercedes-Benz, entre autres.<\/p>\n<p><img decoding=\"async\" onerror=\"this.src='https:\/\/autorai.nl\/wp-content\/uploads\/2018\/08\/Image-not-available.jpg'\" loading=\"lazy\" width=\"1140\" height=\"760\" class=\"alignnone size-content wp-image-115569\" src=\"https:\/\/autorai.nl\/wp-content\/uploads\/2022\/01\/forze-forzeix-2-1-1140x760.jpg\" alt=\"\" srcset=\"https:\/\/autorai.nl\/wp-content\/uploads\/2022\/01\/forze-forzeix-2-1-1140x760.jpg 1140w, https:\/\/autorai.nl\/wp-content\/uploads\/2022\/01\/forze-forzeix-2-1.jpg 1200w\" sizes=\"auto, (max-width: 1140px) 100vw, 1140px\"><\/p>\n<h2><strong>L&rsquo;hydrog\u00e8ne est-il l&rsquo;avenir ?<\/strong><\/h2>\n<p>L&rsquo;\u00e9quipe d&rsquo;\u00e9tudiants de la TU Delft a deux objectifs : ils veulent montrer la puissance de la technologie de l&rsquo;hydrog\u00e8ne durable par la course et ils veulent \u00e9ventuellement participer aux 24 Heures du Mans. \u00ab\u00a0C&rsquo;est de cela qu&rsquo;il s&rsquo;agit en fin de compte\u00a0\u00bb, d\u00e9clare Coen Tonnaer, team manager de Forze&nbsp;: \u00ab\u00a0Nous voulons inspirer les gens \u00e0 adopter l&rsquo;hydrog\u00e8ne comme alternative aux carburants fossiles et montrer qu&rsquo;il n&rsquo;est pas inf\u00e9rieur aux voitures de course conventionnelles sur la piste\u00a0\u00bb.<\/p>\n<p>Le d\u00e9veloppement du Forze IX a pris plus de deux ans. La prochaine \u00e9tape pour l&rsquo;\u00e9quipe consiste \u00e0 tester davantage tous les syst\u00e8mes afin que le coureur \u00e0 hydrog\u00e8ne puisse prendre la piste le plus rapidement possible. Regardez la vid\u00e9o de pr\u00e9sentation du Forze IX ci-dessous :<\/p>\n<p><iframe loading=\"lazy\" title=\"Forze IX Reveal - De Pier, Scheveningen | Forze Hydrogen Racing\" width=\"500\" height=\"281\" src=\"https:\/\/www.youtube.com\/embed\/Wr-_djMzrsw?feature=oembed\" frameborder=\"0\" allow=\"accelerometer; autoplay; clipboard-write; encrypted-media; gyroscope; picture-in-picture\" allowfullscreen=\"\"><\/iframe><\/p>\n","protected":false},"excerpt":{"rendered":"Voiture \u00e0 hydrog\u00e8ne L'\u00e9quipe Forze Hydrogen Racing est compos\u00e9e de 60 \u00e9tudiants de l'Universit\u00e9 technique de Delft. L'\u00e9quipe construit des\u2026","protected":false},"author":0,"featured_media":116115,"comment_status":"open","ping_status":"open","sticky":false,"template":"","format":"standard","meta":{"footnotes":""},"categories":[131,127,133],"tags":[],"class_list":["post-116273","post","type-post","status-publish","format-standard","has-post-thumbnail","hentry","category-fond","category-nouvelles-de-voiture","category-sport-automobile"],"acf":[],"yoast_head":"<!-- This site is optimized with the Yoast SEO plugin v21.2 - https:\/\/yoast.com\/wordpress\/plugins\/seo\/ -->\n<title>Cette voiture \u00e0 hydrog\u00e8ne n\u00e9erlandaise a 800 ch et rivalisera avec les Porsche et les Lamborghini - All cars news<\/title>\n<meta name=\"robots\" content=\"index, follow, max-snippet:-1, max-image-preview:large, max-video-preview:-1\" \/>\n<link rel=\"canonical\" href=\"https:\/\/all-car-news.com\/fr\/cette-voiture-a-hydrogene-neerlandaise-a-800-ch-et-rivalisera-avec-les-porsche-et-les-lamborghini\/\" \/>\n<meta property=\"og:locale\" content=\"fr_FR\" \/>\n<meta property=\"og:type\" content=\"article\" \/>\n<meta property=\"og:title\" content=\"Cette voiture \u00e0 hydrog\u00e8ne n\u00e9erlandaise a 800 ch et rivalisera avec les Porsche et les Lamborghini - All cars news\" \/>\n<meta property=\"og:description\" content=\"Voiture \u00e0 hydrog\u00e8ne L&#039;\u00e9quipe Forze Hydrogen Racing est compos\u00e9e de 60 \u00e9tudiants de l&#039;Universit\u00e9 technique de Delft. L&#039;\u00e9quipe construit des coureurs \u00e0 hydrog\u00e8ne depuis 2007. Tout a commenc\u00e9 avec un kart \u00e0 hydrog\u00e8ne, mais en 2015, Jan Lammers a d\u00e9j\u00e0 \u00e9tabli le record du tour pour les voitures \u00e0 hydrog\u00e8ne au N\u00fcrburgring dans une voiture Forze Racing : la Forze VI. En 2019, l\u2019\u00e9quipe a pris le [\u2026]\" \/>\n<meta property=\"og:url\" content=\"https:\/\/all-car-news.com\/fr\/cette-voiture-a-hydrogene-neerlandaise-a-800-ch-et-rivalisera-avec-les-porsche-et-les-lamborghini\/\" \/>\n<meta property=\"og:site_name\" content=\"All cars news\" \/>\n<meta property=\"article:published_time\" content=\"2022-02-18T13:03:45+00:00\" \/>\n<meta property=\"og:image\" content=\"https:\/\/all-car-news.com\/wp-content\/uploads\/2022\/01\/forze-forzeix-2-1.jpg\" \/>\n\t<meta property=\"og:image:width\" content=\"1200\" \/>\n\t<meta property=\"og:image:height\" content=\"800\" \/>\n\t<meta property=\"og:image:type\" content=\"image\/jpeg\" \/>\n<meta name=\"twitter:card\" content=\"summary_large_image\" \/>\n<meta name=\"twitter:label1\" content=\"Dur\u00e9e de lecture estim\u00e9e\" \/>\n\t<meta name=\"twitter:data1\" content=\"2 minutes\" \/>\n<script type=\"application\/ld+json\" class=\"yoast-schema-graph\">{\"@context\":\"https:\/\/schema.org\",\"@graph\":[{\"@type\":\"Article\",\"@id\":\"https:\/\/all-car-news.com\/fr\/cette-voiture-a-hydrogene-neerlandaise-a-800-ch-et-rivalisera-avec-les-porsche-et-les-lamborghini\/#article\",\"isPartOf\":{\"@id\":\"https:\/\/all-car-news.com\/fr\/cette-voiture-a-hydrogene-neerlandaise-a-800-ch-et-rivalisera-avec-les-porsche-et-les-lamborghini\/\"},\"author\":{\"name\":\"\",\"@id\":\"\"},\"headline\":\"Cette voiture \u00e0 hydrog\u00e8ne n\u00e9erlandaise a 800 ch et rivalisera avec les Porsche et les Lamborghini\",\"datePublished\":\"2022-02-18T13:03:45+00:00\",\"dateModified\":\"2022-02-18T13:03:45+00:00\",\"mainEntityOfPage\":{\"@id\":\"https:\/\/all-car-news.com\/fr\/cette-voiture-a-hydrogene-neerlandaise-a-800-ch-et-rivalisera-avec-les-porsche-et-les-lamborghini\/\"},\"wordCount\":412,\"commentCount\":0,\"publisher\":{\"@id\":\"https:\/\/all-car-news.com\/fr\/#organization\"},\"articleSection\":[\"Fond\",\"nouvelles de voiture\",\"Sport automobile\"],\"inLanguage\":\"fr-FR\",\"potentialAction\":[{\"@type\":\"CommentAction\",\"name\":\"Comment\",\"target\":[\"https:\/\/all-car-news.com\/fr\/cette-voiture-a-hydrogene-neerlandaise-a-800-ch-et-rivalisera-avec-les-porsche-et-les-lamborghini\/#respond\"]}]},{\"@type\":\"WebPage\",\"@id\":\"https:\/\/all-car-news.com\/fr\/cette-voiture-a-hydrogene-neerlandaise-a-800-ch-et-rivalisera-avec-les-porsche-et-les-lamborghini\/\",\"url\":\"https:\/\/all-car-news.com\/fr\/cette-voiture-a-hydrogene-neerlandaise-a-800-ch-et-rivalisera-avec-les-porsche-et-les-lamborghini\/\",\"name\":\"Cette voiture \u00e0 hydrog\u00e8ne n\u00e9erlandaise a 800 ch et rivalisera avec les Porsche et les Lamborghini - All cars news\",\"isPartOf\":{\"@id\":\"https:\/\/all-car-news.com\/fr\/#website\"},\"datePublished\":\"2022-02-18T13:03:45+00:00\",\"dateModified\":\"2022-02-18T13:03:45+00:00\",\"breadcrumb\":{\"@id\":\"https:\/\/all-car-news.com\/fr\/cette-voiture-a-hydrogene-neerlandaise-a-800-ch-et-rivalisera-avec-les-porsche-et-les-lamborghini\/#breadcrumb\"},\"inLanguage\":\"fr-FR\",\"potentialAction\":[{\"@type\":\"ReadAction\",\"target\":[\"https:\/\/all-car-news.com\/fr\/cette-voiture-a-hydrogene-neerlandaise-a-800-ch-et-rivalisera-avec-les-porsche-et-les-lamborghini\/\"]}]},{\"@type\":\"BreadcrumbList\",\"@id\":\"https:\/\/all-car-news.com\/fr\/cette-voiture-a-hydrogene-neerlandaise-a-800-ch-et-rivalisera-avec-les-porsche-et-les-lamborghini\/#breadcrumb\",\"itemListElement\":[{\"@type\":\"ListItem\",\"position\":1,\"name\":\"Home\",\"item\":\"https:\/\/all-car-news.com\/fr\/\"},{\"@type\":\"ListItem\",\"position\":2,\"name\":\"Cette voiture \u00e0 hydrog\u00e8ne n\u00e9erlandaise a 800 ch et rivalisera avec les Porsche et les Lamborghini\"}]},{\"@type\":\"WebSite\",\"@id\":\"https:\/\/all-car-news.com\/fr\/#website\",\"url\":\"https:\/\/all-car-news.com\/fr\/\",\"name\":\"All cars news\",\"description\":\"\",\"publisher\":{\"@id\":\"https:\/\/all-car-news.com\/fr\/#organization\"},\"potentialAction\":[{\"@type\":\"SearchAction\",\"target\":{\"@type\":\"EntryPoint\",\"urlTemplate\":\"https:\/\/all-car-news.com\/fr\/?s={search_term_string}\"},\"query-input\":\"required name=search_term_string\"}],\"inLanguage\":\"fr-FR\"},{\"@type\":\"Organization\",\"@id\":\"https:\/\/all-car-news.com\/fr\/#organization\",\"name\":\"All cars news\",\"url\":\"https:\/\/all-car-news.com\/fr\/\",\"logo\":{\"@type\":\"ImageObject\",\"inLanguage\":\"fr-FR\",\"@id\":\"https:\/\/all-car-news.com\/fr\/#\/schema\/logo\/image\/\",\"url\":\"https:\/\/all-car-news.com\/wp-content\/uploads\/2022\/02\/CMYK-AllCarNews_LANDSCAPE_300px-1.png\",\"contentUrl\":\"https:\/\/all-car-news.com\/wp-content\/uploads\/2022\/02\/CMYK-AllCarNews_LANDSCAPE_300px-1.png\",\"width\":300,\"height\":100,\"caption\":\"All cars news\"},\"image\":{\"@id\":\"https:\/\/all-car-news.com\/fr\/#\/schema\/logo\/image\/\"}}]}<\/script>\n<!-- \/ Yoast SEO plugin. -->","yoast_head_json":{"title":"Cette voiture \u00e0 hydrog\u00e8ne n\u00e9erlandaise a 800 ch et rivalisera avec les Porsche et les Lamborghini - All cars news","robots":{"index":"index","follow":"follow","max-snippet":"max-snippet:-1","max-image-preview":"max-image-preview:large","max-video-preview":"max-video-preview:-1"},"canonical":"https:\/\/all-car-news.com\/fr\/cette-voiture-a-hydrogene-neerlandaise-a-800-ch-et-rivalisera-avec-les-porsche-et-les-lamborghini\/","og_locale":"fr_FR","og_type":"article","og_title":"Cette voiture \u00e0 hydrog\u00e8ne n\u00e9erlandaise a 800 ch et rivalisera avec les Porsche et les Lamborghini - All cars news","og_description":"Voiture \u00e0 hydrog\u00e8ne L'\u00e9quipe Forze Hydrogen Racing est compos\u00e9e de 60 \u00e9tudiants de l'Universit\u00e9 technique de Delft. L'\u00e9quipe construit des coureurs \u00e0 hydrog\u00e8ne depuis 2007. Tout a commenc\u00e9 avec un kart \u00e0 hydrog\u00e8ne, mais en 2015, Jan Lammers a d\u00e9j\u00e0 \u00e9tabli le record du tour pour les voitures \u00e0 hydrog\u00e8ne au N\u00fcrburgring dans une voiture Forze Racing : la Forze VI. En 2019, l\u2019\u00e9quipe a pris le [\u2026]","og_url":"https:\/\/all-car-news.com\/fr\/cette-voiture-a-hydrogene-neerlandaise-a-800-ch-et-rivalisera-avec-les-porsche-et-les-lamborghini\/","og_site_name":"All cars news","article_published_time":"2022-02-18T13:03:45+00:00","og_image":[{"width":1200,"height":800,"url":"https:\/\/all-car-news.com\/wp-content\/uploads\/2022\/01\/forze-forzeix-2-1.jpg","type":"image\/jpeg"}],"twitter_card":"summary_large_image","twitter_misc":{"Dur\u00e9e de lecture estim\u00e9e":"2 minutes"},"schema":{"@context":"https:\/\/schema.org","@graph":[{"@type":"Article","@id":"https:\/\/all-car-news.com\/fr\/cette-voiture-a-hydrogene-neerlandaise-a-800-ch-et-rivalisera-avec-les-porsche-et-les-lamborghini\/#article","isPartOf":{"@id":"https:\/\/all-car-news.com\/fr\/cette-voiture-a-hydrogene-neerlandaise-a-800-ch-et-rivalisera-avec-les-porsche-et-les-lamborghini\/"},"author":{"name":"","@id":""},"headline":"Cette voiture \u00e0 hydrog\u00e8ne n\u00e9erlandaise a 800 ch et rivalisera avec les Porsche et les Lamborghini","datePublished":"2022-02-18T13:03:45+00:00","dateModified":"2022-02-18T13:03:45+00:00","mainEntityOfPage":{"@id":"https:\/\/all-car-news.com\/fr\/cette-voiture-a-hydrogene-neerlandaise-a-800-ch-et-rivalisera-avec-les-porsche-et-les-lamborghini\/"},"wordCount":412,"commentCount":0,"publisher":{"@id":"https:\/\/all-car-news.com\/fr\/#organization"},"articleSection":["Fond","nouvelles de voiture","Sport automobile"],"inLanguage":"fr-FR","potentialAction":[{"@type":"CommentAction","name":"Comment","target":["https:\/\/all-car-news.com\/fr\/cette-voiture-a-hydrogene-neerlandaise-a-800-ch-et-rivalisera-avec-les-porsche-et-les-lamborghini\/#respond"]}]},{"@type":"WebPage","@id":"https:\/\/all-car-news.com\/fr\/cette-voiture-a-hydrogene-neerlandaise-a-800-ch-et-rivalisera-avec-les-porsche-et-les-lamborghini\/","url":"https:\/\/all-car-news.com\/fr\/cette-voiture-a-hydrogene-neerlandaise-a-800-ch-et-rivalisera-avec-les-porsche-et-les-lamborghini\/","name":"Cette voiture \u00e0 hydrog\u00e8ne n\u00e9erlandaise a 800 ch et rivalisera avec les Porsche et les Lamborghini - All cars news","isPartOf":{"@id":"https:\/\/all-car-news.com\/fr\/#website"},"datePublished":"2022-02-18T13:03:45+00:00","dateModified":"2022-02-18T13:03:45+00:00","breadcrumb":{"@id":"https:\/\/all-car-news.com\/fr\/cette-voiture-a-hydrogene-neerlandaise-a-800-ch-et-rivalisera-avec-les-porsche-et-les-lamborghini\/#breadcrumb"},"inLanguage":"fr-FR","potentialAction":[{"@type":"ReadAction","target":["https:\/\/all-car-news.com\/fr\/cette-voiture-a-hydrogene-neerlandaise-a-800-ch-et-rivalisera-avec-les-porsche-et-les-lamborghini\/"]}]},{"@type":"BreadcrumbList","@id":"https:\/\/all-car-news.com\/fr\/cette-voiture-a-hydrogene-neerlandaise-a-800-ch-et-rivalisera-avec-les-porsche-et-les-lamborghini\/#breadcrumb","itemListElement":[{"@type":"ListItem","position":1,"name":"Home","item":"https:\/\/all-car-news.com\/fr\/"},{"@type":"ListItem","position":2,"name":"Cette voiture \u00e0 hydrog\u00e8ne n\u00e9erlandaise a 800 ch et rivalisera avec les Porsche et les Lamborghini"}]},{"@type":"WebSite","@id":"https:\/\/all-car-news.com\/fr\/#website","url":"https:\/\/all-car-news.com\/fr\/","name":"All cars news","description":"","publisher":{"@id":"https:\/\/all-car-news.com\/fr\/#organization"},"potentialAction":[{"@type":"SearchAction","target":{"@type":"EntryPoint","urlTemplate":"https:\/\/all-car-news.com\/fr\/?s={search_term_string}"},"query-input":"required name=search_term_string"}],"inLanguage":"fr-FR"},{"@type":"Organization","@id":"https:\/\/all-car-news.com\/fr\/#organization","name":"All cars news","url":"https:\/\/all-car-news.com\/fr\/","logo":{"@type":"ImageObject","inLanguage":"fr-FR","@id":"https:\/\/all-car-news.com\/fr\/#\/schema\/logo\/image\/","url":"https:\/\/all-car-news.com\/wp-content\/uploads\/2022\/02\/CMYK-AllCarNews_LANDSCAPE_300px-1.png","contentUrl":"https:\/\/all-car-news.com\/wp-content\/uploads\/2022\/02\/CMYK-AllCarNews_LANDSCAPE_300px-1.png","width":300,"height":100,"caption":"All cars news"},"image":{"@id":"https:\/\/all-car-news.com\/fr\/#\/schema\/logo\/image\/"}}]}},"_links":{"self":[{"href":"https:\/\/all-car-news.com\/fr\/wp-json\/wp\/v2\/posts\/116273","targetHints":{"allow":["GET"]}}],"collection":[{"href":"https:\/\/all-car-news.com\/fr\/wp-json\/wp\/v2\/posts"}],"about":[{"href":"https:\/\/all-car-news.com\/fr\/wp-json\/wp\/v2\/types\/post"}],"replies":[{"embeddable":true,"href":"https:\/\/all-car-news.com\/fr\/wp-json\/wp\/v2\/comments?post=116273"}],"version-history":[{"count":0,"href":"https:\/\/all-car-news.com\/fr\/wp-json\/wp\/v2\/posts\/116273\/revisions"}],"wp:featuredmedia":[{"embeddable":true,"href":"https:\/\/all-car-news.com\/fr\/wp-json\/wp\/v2\/media\/116115"}],"wp:attachment":[{"href":"https:\/\/all-car-news.com\/fr\/wp-json\/wp\/v2\/media?parent=116273"}],"wp:term":[{"taxonomy":"category","embeddable":true,"href":"https:\/\/all-car-news.com\/fr\/wp-json\/wp\/v2\/categories?post=116273"},{"taxonomy":"post_tag","embeddable":true,"href":"https:\/\/all-car-news.com\/fr\/wp-json\/wp\/v2\/tags?post=116273"}],"curies":[{"name":"wp","href":"https:\/\/api.w.org\/{rel}","templated":true}]}}