{"id":162717,"date":"2026-04-28T13:33:34","date_gmt":"2026-04-28T13:33:34","guid":{"rendered":"https:\/\/all-car-news.com\/audi-q4-e-tron-renovado-interior-completamente-revisado\/"},"modified":"2026-04-28T13:33:34","modified_gmt":"2026-04-28T13:33:34","slug":"audi-q4-e-tron-renovado-interior-completamente-revisado","status":"publish","type":"post","link":"https:\/\/all-car-news.com\/es\/audi-q4-e-tron-renovado-interior-completamente-revisado\/","title":{"rendered":"Audi Q4 e-tron renovado: interior completamente revisado"},"content":{"rendered":"<h2 class=\"wp-block-heading\">Cadenas cinem\u00e1ticas Audi Q4 e-tron 2026<\/h2>\n<p>Se han actualizado las cadenas cinem\u00e1ticas del Audi Q4 e-tron. Se puede elegir entre tres variantes: 150 kW (204 CV), 210 kW (286 CV) -ambas con tracci\u00f3n trasera- y 250 kW (340 CV) combinada con tracci\u00f3n total quattro. Gracias a un motor el\u00e9ctrico, el actualizado Q4 Sportback e-tron tiene ahora una autonom\u00eda de hasta 592 kil\u00f3metros (WLTP). Adem\u00e1s, se ha aumentado la capacidad de carga r\u00e1pida de 175 kW a 185 kW, acortando las paradas de carga. As\u00ed, el paquete de bater\u00edas se carga ahora del 10% al 80% en unos 28 minutos, y se pueden recargar unos 185 kil\u00f3metros de autonom\u00eda en 10 minutos. Adem\u00e1s, el paquete de bater\u00edas se puede acondicionar autom\u00e1tica o manualmente para el rendimiento de la carga.     <\/p>\n<h2 class=\"wp-block-heading\">Como SUV y Sportback<\/h2>\n<p>Audi ofrece el Q4 e-tron actualizado como SUV y Sportback, cada uno con dos paquetes de bater\u00edas a elegir: 63 kWh brutos (59 kWh netos) y 82 kWh brutos (77 kWh netos). Los modelos con tracci\u00f3n integral quattro tienen un peso de remolque de hasta 1.800 kg (+400 kg). <\/p>\n<h2 class=\"wp-block-heading\">Interior completamente nuevo<\/h2>\n<p>El nuevo interior del Audi Q4 e-tron ha cambiado en t\u00e9rminos de confort y versatilidad. Por ejemplo, al igual que otros modelos Audi, ahora dispone del \u00abescenario digital\u00bb, una pantalla con un cuadro de instrumentos de 11,9 pulgadas y una pantalla t\u00e1ctil MMI de 12,8 pulgadas que muestra informaci\u00f3n. Tambi\u00e9n est\u00e1 disponible opcionalmente una pantalla de 12 pulgadas para el acompa\u00f1ante. Con el sistema One Connected Infotainment, las funciones de confort y entretenimiento se personalizan, mientras que el asistente Audi puede controlar las funciones del veh\u00edculo mediante comandos de voz. La integraci\u00f3n ChatGPT permite a los ocupantes recuperar informaci\u00f3n y comunicarse con el coche.    <\/p>\n<figure class=\"wp-block-image size-large\"><img loading=\"lazy\" decoding=\"async\" width=\"1280\" height=\"720\" src=\"https:\/\/autorai.nl\/wp-content\/uploads\/2026\/04\/audi-q4-etron-2026-facelift-foto1-1280x720.jpg\" alt=\"Interior Audi Q4 e-tron\" class=\"wp-image-219734\"><figcaption class=\"wp-element-caption\">Interior Audi Q4 e-tron<\/figcaption><\/figure>\n<h2 class=\"wp-block-heading\">Iluminaci\u00f3n de ambiente<\/h2>\n<p>El confort y el ambiente se complementan con la iluminaci\u00f3n de interacci\u00f3n, una nueva consola central y dos cargadores de inducci\u00f3n refrigerados para smartphones, cada uno con 15 vatios de potencia. El dise\u00f1o interior \u00abSoftwrap\u00bb, que se extiende desde las puertas a lo ancho del salpicadero, define el aspecto del espacio. <\/p>\n<h2 class=\"wp-block-heading\">Alivio<\/h2>\n<p>Audi tambi\u00e9n ha actualizado la iluminaci\u00f3n del renovado Q4 e-tron. Delante, las luces diurnas LED digitales (opcionales) con tecnolog\u00eda segmentada crean firmas luminosas digitales seleccionables a trav\u00e9s del HMI. Las luces traseras digitales OLED de segunda generaci\u00f3n (opcionales) cambian la funcionalidad y son un elemento de dise\u00f1o.  <\/p>\n<figure class=\"wp-block-image size-large\"><img loading=\"lazy\" decoding=\"async\" width=\"1280\" height=\"720\" src=\"https:\/\/autorai.nl\/wp-content\/uploads\/2026\/04\/audi-q4-etron-2026-facelift-foto11-1280x720.jpg\" alt=\"De izquierda a derecha: Q4 Sportback e-tron en Verde salvia metalizado, Q4 e-tron en Gris lavanda.\" class=\"wp-image-219731\"><figcaption class=\"wp-element-caption\">De izquierda a derecha: Q4 Sportback e-tron en Verde salvia metalizado, Q4 e-tron en Gris lavanda.<\/figcaption><\/figure>\n<h2 class=\"wp-block-heading\">Carga bidireccional<\/h2>\n<p>Adem\u00e1s, el Audi Q4 e-tron es el primer modelo de Audi que admite la carga bidireccional. De este modo, su paquete de bater\u00edas puede tanto recibir energ\u00eda de la red como devolverla a dispositivos externos. La funci\u00f3n Vehicle-to-Load (V2L) permite, por ejemplo, cargar e-bikes a trav\u00e9s de una toma de corriente en el maletero o utilizando un adaptador en el puerto de carga.  <\/p>\n<figure class=\"wp-block-image size-large\"><img loading=\"lazy\" decoding=\"async\" width=\"1280\" height=\"720\" src=\"https:\/\/autorai.nl\/wp-content\/uploads\/2026\/04\/audi-q4-etron-2026-facelift-foto7-1280x720.jpg\" alt=\"Gris lavanda, Veh\u00edculo-carga (V2L)\" class=\"wp-image-219727\"><figcaption class=\"wp-element-caption\">Gris lavanda, Veh\u00edculo-carga (V2L)<\/figcaption><\/figure>\n<h2 class=\"wp-block-heading\">Sistemas de asistencia a la conducci\u00f3n<\/h2>\n<p>Dependiendo de la especificaci\u00f3n del coche, est\u00e1n disponibles los paquetes Tech, Tech Plus y Tech Pro. En el lanzamiento al mercado, los siguientes sistemas son de serie: sistema de aparcamiento plus con indicador de distancia, control de crucero (incluido limitador de velocidad) con preparaci\u00f3n para el control de crucero adaptativo, aviso de salida de carril con asistente de emergencia, reconocimiento de se\u00f1ales de tr\u00e1fico, alerta de atenci\u00f3n y fatiga con monitorizaci\u00f3n del conductor, y asistente delantero activo (incluye asistente de viraje y giro, asistente de tr\u00e1fico cruzado delantero y asistente de frenada de emergencia delantera). Entre las funciones opcionales se incluyen el aparcamiento entrenado, el asistente de aparcamiento plus y cuatro c\u00e1maras de visi\u00f3n perif\u00e9rica gran angular. El reconocimiento de se\u00f1ales de tr\u00e1fico ahora tambi\u00e9n muestra se\u00f1ales de advertencia, como las de prioridad y las que advierten de obras, peatones, animales y pasos a nivel.   <\/p>\n<h2 class=\"wp-block-heading\">Lanzamiento al mercado del renovado Audi Q4 e-tron<\/h2>\n<p>Los modelos actualizados del Audi Q4 podr\u00e1n encargarse en Holanda a partir de mediados de mayo, y las primeras entregas est\u00e1n previstas para el verano de 2026. Antes del lanzamiento en Holanda se anunciar\u00e1 m\u00e1s informaci\u00f3n, especificaciones y precios. <\/p>\n<p><a href=\"https:\/\/content.presspage.com\/uploads\/1442\/9c0921ee-8870-473e-824d-1e45f15f87f4\/800_audiq4e-tron1-4.jpg?10000\"><\/a><a href=\"https:\/\/nieuws.audi.nl\/vernieuwde-audi-q4-e-tron-premium-upgrade-voor-een-elektrische-bestseller\/\"><\/a><a href=\"https:\/\/content.presspage.com\/uploads\/1442\/68dfe0f8-5684-425d-b19a-0ffcccb97764\/1920_audiq4e-tron7-2.jpg?10000\"><\/a><\/p>\n","protected":false},"excerpt":{"rendered":"Cadenas cinem\u00e1ticas Audi Q4 e-tron 2026 Se han actualizado las cadenas cinem\u00e1ticas del Audi Q4 e-tron. Se puede elegir entre&hellip;","protected":false},"author":0,"featured_media":162605,"comment_status":"","ping_status":"open","sticky":false,"template":"","format":"standard","meta":{"footnotes":""},"categories":[126],"tags":[],"class_list":["post-162717","post","type-post","status-publish","format-standard","has-post-thumbnail","hentry","category-noticias-de-autos"],"acf":[],"yoast_head":"<!-- This site is optimized with the Yoast SEO plugin v21.2 - https:\/\/yoast.com\/wordpress\/plugins\/seo\/ -->\n<title>Audi Q4 e-tron renovado: interior completamente revisado - All cars news<\/title>\n<meta name=\"robots\" content=\"index, follow, max-snippet:-1, max-image-preview:large, max-video-preview:-1\" \/>\n<link rel=\"canonical\" href=\"https:\/\/all-car-news.com\/es\/audi-q4-e-tron-renovado-interior-completamente-revisado\/\" \/>\n<meta property=\"og:locale\" content=\"es_ES\" \/>\n<meta property=\"og:type\" content=\"article\" \/>\n<meta property=\"og:title\" content=\"Audi Q4 e-tron renovado: interior completamente revisado - All cars news\" \/>\n<meta property=\"og:description\" content=\"Cadenas cinem\u00e1ticas Audi Q4 e-tron 2026 Se han actualizado las cadenas cinem\u00e1ticas del Audi Q4 e-tron. Se puede elegir entre tres variantes: 150 kW (204 CV), 210 kW (286 CV) -ambas con tracci\u00f3n trasera- y 250 kW (340 CV) combinadas con tracci\u00f3n total quattro. Gracias a un motor el\u00e9ctrico, el actualizado Q4 Sportback e-tron tiene ahora una autonom\u00eda [...]\" \/>\n<meta property=\"og:url\" content=\"https:\/\/all-car-news.com\/es\/audi-q4-e-tron-renovado-interior-completamente-revisado\/\" \/>\n<meta property=\"og:site_name\" content=\"All cars news\" \/>\n<meta property=\"article:published_time\" content=\"2026-04-28T13:33:34+00:00\" \/>\n<meta property=\"og:image\" content=\"https:\/\/autorai.nl\/wp-content\/uploads\/2026\/04\/audi-q4-etron-2026-facelift-foto1-1280x720.jpg\" \/>\n<meta name=\"twitter:card\" content=\"summary_large_image\" \/>\n<meta name=\"twitter:label1\" content=\"Tiempo de lectura\" \/>\n\t<meta name=\"twitter:data1\" content=\"4 minutos\" \/>\n<script type=\"application\/ld+json\" class=\"yoast-schema-graph\">{\"@context\":\"https:\/\/schema.org\",\"@graph\":[{\"@type\":\"Article\",\"@id\":\"https:\/\/all-car-news.com\/es\/audi-q4-e-tron-renovado-interior-completamente-revisado\/#article\",\"isPartOf\":{\"@id\":\"https:\/\/all-car-news.com\/es\/audi-q4-e-tron-renovado-interior-completamente-revisado\/\"},\"author\":{\"name\":\"\",\"@id\":\"\"},\"headline\":\"Audi Q4 e-tron renovado: interior completamente revisado\",\"datePublished\":\"2026-04-28T13:33:34+00:00\",\"dateModified\":\"2026-04-28T13:33:34+00:00\",\"mainEntityOfPage\":{\"@id\":\"https:\/\/all-car-news.com\/es\/audi-q4-e-tron-renovado-interior-completamente-revisado\/\"},\"wordCount\":722,\"publisher\":{\"@id\":\"https:\/\/all-car-news.com\/es\/#organization\"},\"articleSection\":[\"noticias de autos\"],\"inLanguage\":\"es\"},{\"@type\":\"WebPage\",\"@id\":\"https:\/\/all-car-news.com\/es\/audi-q4-e-tron-renovado-interior-completamente-revisado\/\",\"url\":\"https:\/\/all-car-news.com\/es\/audi-q4-e-tron-renovado-interior-completamente-revisado\/\",\"name\":\"Audi Q4 e-tron renovado: interior completamente revisado - All cars news\",\"isPartOf\":{\"@id\":\"https:\/\/all-car-news.com\/es\/#website\"},\"datePublished\":\"2026-04-28T13:33:34+00:00\",\"dateModified\":\"2026-04-28T13:33:34+00:00\",\"breadcrumb\":{\"@id\":\"https:\/\/all-car-news.com\/es\/audi-q4-e-tron-renovado-interior-completamente-revisado\/#breadcrumb\"},\"inLanguage\":\"es\",\"potentialAction\":[{\"@type\":\"ReadAction\",\"target\":[\"https:\/\/all-car-news.com\/es\/audi-q4-e-tron-renovado-interior-completamente-revisado\/\"]}]},{\"@type\":\"BreadcrumbList\",\"@id\":\"https:\/\/all-car-news.com\/es\/audi-q4-e-tron-renovado-interior-completamente-revisado\/#breadcrumb\",\"itemListElement\":[{\"@type\":\"ListItem\",\"position\":1,\"name\":\"Home\",\"item\":\"https:\/\/all-car-news.com\/es\/\"},{\"@type\":\"ListItem\",\"position\":2,\"name\":\"Audi Q4 e-tron renovado: interior completamente revisado\"}]},{\"@type\":\"WebSite\",\"@id\":\"https:\/\/all-car-news.com\/es\/#website\",\"url\":\"https:\/\/all-car-news.com\/es\/\",\"name\":\"All cars news\",\"description\":\"\",\"publisher\":{\"@id\":\"https:\/\/all-car-news.com\/es\/#organization\"},\"potentialAction\":[{\"@type\":\"SearchAction\",\"target\":{\"@type\":\"EntryPoint\",\"urlTemplate\":\"https:\/\/all-car-news.com\/es\/?s={search_term_string}\"},\"query-input\":\"required name=search_term_string\"}],\"inLanguage\":\"es\"},{\"@type\":\"Organization\",\"@id\":\"https:\/\/all-car-news.com\/es\/#organization\",\"name\":\"All cars news\",\"url\":\"https:\/\/all-car-news.com\/es\/\",\"logo\":{\"@type\":\"ImageObject\",\"inLanguage\":\"es\",\"@id\":\"https:\/\/all-car-news.com\/es\/#\/schema\/logo\/image\/\",\"url\":\"https:\/\/all-car-news.com\/wp-content\/uploads\/2022\/02\/CMYK-AllCarNews_LANDSCAPE_300px-1.png\",\"contentUrl\":\"https:\/\/all-car-news.com\/wp-content\/uploads\/2022\/02\/CMYK-AllCarNews_LANDSCAPE_300px-1.png\",\"width\":300,\"height\":100,\"caption\":\"All cars news\"},\"image\":{\"@id\":\"https:\/\/all-car-news.com\/es\/#\/schema\/logo\/image\/\"}}]}<\/script>\n<!-- \/ Yoast SEO plugin. -->","yoast_head_json":{"title":"Audi Q4 e-tron renovado: interior completamente revisado - All cars news","robots":{"index":"index","follow":"follow","max-snippet":"max-snippet:-1","max-image-preview":"max-image-preview:large","max-video-preview":"max-video-preview:-1"},"canonical":"https:\/\/all-car-news.com\/es\/audi-q4-e-tron-renovado-interior-completamente-revisado\/","og_locale":"es_ES","og_type":"article","og_title":"Audi Q4 e-tron renovado: interior completamente revisado - All cars news","og_description":"Cadenas cinem\u00e1ticas Audi Q4 e-tron 2026 Se han actualizado las cadenas cinem\u00e1ticas del Audi Q4 e-tron. Se puede elegir entre tres variantes: 150 kW (204 CV), 210 kW (286 CV) -ambas con tracci\u00f3n trasera- y 250 kW (340 CV) combinadas con tracci\u00f3n total quattro. Gracias a un motor el\u00e9ctrico, el actualizado Q4 Sportback e-tron tiene ahora una autonom\u00eda [...]","og_url":"https:\/\/all-car-news.com\/es\/audi-q4-e-tron-renovado-interior-completamente-revisado\/","og_site_name":"All cars news","article_published_time":"2026-04-28T13:33:34+00:00","og_image":[{"url":"https:\/\/autorai.nl\/wp-content\/uploads\/2026\/04\/audi-q4-etron-2026-facelift-foto1-1280x720.jpg"}],"twitter_card":"summary_large_image","twitter_misc":{"Tiempo de lectura":"4 minutos"},"schema":{"@context":"https:\/\/schema.org","@graph":[{"@type":"Article","@id":"https:\/\/all-car-news.com\/es\/audi-q4-e-tron-renovado-interior-completamente-revisado\/#article","isPartOf":{"@id":"https:\/\/all-car-news.com\/es\/audi-q4-e-tron-renovado-interior-completamente-revisado\/"},"author":{"name":"","@id":""},"headline":"Audi Q4 e-tron renovado: interior completamente revisado","datePublished":"2026-04-28T13:33:34+00:00","dateModified":"2026-04-28T13:33:34+00:00","mainEntityOfPage":{"@id":"https:\/\/all-car-news.com\/es\/audi-q4-e-tron-renovado-interior-completamente-revisado\/"},"wordCount":722,"publisher":{"@id":"https:\/\/all-car-news.com\/es\/#organization"},"articleSection":["noticias de autos"],"inLanguage":"es"},{"@type":"WebPage","@id":"https:\/\/all-car-news.com\/es\/audi-q4-e-tron-renovado-interior-completamente-revisado\/","url":"https:\/\/all-car-news.com\/es\/audi-q4-e-tron-renovado-interior-completamente-revisado\/","name":"Audi Q4 e-tron renovado: interior completamente revisado - All cars news","isPartOf":{"@id":"https:\/\/all-car-news.com\/es\/#website"},"datePublished":"2026-04-28T13:33:34+00:00","dateModified":"2026-04-28T13:33:34+00:00","breadcrumb":{"@id":"https:\/\/all-car-news.com\/es\/audi-q4-e-tron-renovado-interior-completamente-revisado\/#breadcrumb"},"inLanguage":"es","potentialAction":[{"@type":"ReadAction","target":["https:\/\/all-car-news.com\/es\/audi-q4-e-tron-renovado-interior-completamente-revisado\/"]}]},{"@type":"BreadcrumbList","@id":"https:\/\/all-car-news.com\/es\/audi-q4-e-tron-renovado-interior-completamente-revisado\/#breadcrumb","itemListElement":[{"@type":"ListItem","position":1,"name":"Home","item":"https:\/\/all-car-news.com\/es\/"},{"@type":"ListItem","position":2,"name":"Audi Q4 e-tron renovado: interior completamente revisado"}]},{"@type":"WebSite","@id":"https:\/\/all-car-news.com\/es\/#website","url":"https:\/\/all-car-news.com\/es\/","name":"All cars news","description":"","publisher":{"@id":"https:\/\/all-car-news.com\/es\/#organization"},"potentialAction":[{"@type":"SearchAction","target":{"@type":"EntryPoint","urlTemplate":"https:\/\/all-car-news.com\/es\/?s={search_term_string}"},"query-input":"required name=search_term_string"}],"inLanguage":"es"},{"@type":"Organization","@id":"https:\/\/all-car-news.com\/es\/#organization","name":"All cars news","url":"https:\/\/all-car-news.com\/es\/","logo":{"@type":"ImageObject","inLanguage":"es","@id":"https:\/\/all-car-news.com\/es\/#\/schema\/logo\/image\/","url":"https:\/\/all-car-news.com\/wp-content\/uploads\/2022\/02\/CMYK-AllCarNews_LANDSCAPE_300px-1.png","contentUrl":"https:\/\/all-car-news.com\/wp-content\/uploads\/2022\/02\/CMYK-AllCarNews_LANDSCAPE_300px-1.png","width":300,"height":100,"caption":"All cars news"},"image":{"@id":"https:\/\/all-car-news.com\/es\/#\/schema\/logo\/image\/"}}]}},"_links":{"self":[{"href":"https:\/\/all-car-news.com\/es\/wp-json\/wp\/v2\/posts\/162717","targetHints":{"allow":["GET"]}}],"collection":[{"href":"https:\/\/all-car-news.com\/es\/wp-json\/wp\/v2\/posts"}],"about":[{"href":"https:\/\/all-car-news.com\/es\/wp-json\/wp\/v2\/types\/post"}],"replies":[{"embeddable":true,"href":"https:\/\/all-car-news.com\/es\/wp-json\/wp\/v2\/comments?post=162717"}],"version-history":[{"count":0,"href":"https:\/\/all-car-news.com\/es\/wp-json\/wp\/v2\/posts\/162717\/revisions"}],"wp:featuredmedia":[{"embeddable":true,"href":"https:\/\/all-car-news.com\/es\/wp-json\/wp\/v2\/media\/162605"}],"wp:attachment":[{"href":"https:\/\/all-car-news.com\/es\/wp-json\/wp\/v2\/media?parent=162717"}],"wp:term":[{"taxonomy":"category","embeddable":true,"href":"https:\/\/all-car-news.com\/es\/wp-json\/wp\/v2\/categories?post=162717"},{"taxonomy":"post_tag","embeddable":true,"href":"https:\/\/all-car-news.com\/es\/wp-json\/wp\/v2\/tags?post=162717"}],"curies":[{"name":"wp","href":"https:\/\/api.w.org\/{rel}","templated":true}]}}