{"id":162713,"date":"2026-04-28T08:08:10","date_gmt":"2026-04-28T08:08:10","guid":{"rendered":"https:\/\/all-car-news.com\/el-porsche-cayenne-coupe-electrico-resulta-mucho-mas-economico\/"},"modified":"2026-04-28T08:08:10","modified_gmt":"2026-04-28T08:08:10","slug":"el-porsche-cayenne-coupe-electrico-resulta-mucho-mas-economico","status":"publish","type":"post","link":"https:\/\/all-car-news.com\/es\/el-porsche-cayenne-coupe-electrico-resulta-mucho-mas-economico\/","title":{"rendered":"El Porsche Cayenne Coup\u00e9 El\u00e9ctrico resulta mucho m\u00e1s econ\u00f3mico"},"content":{"rendered":"<h2 class=\"wp-block-heading\">Techo inclinado<\/h2>\n<p>\u00abLa l\u00ednea del techo, suavemente inclinada, cae con elegancia sobre los anchos hombros del coche y confiere al Cayenne Coup\u00e9 El\u00e9ctrico un aspecto rotundamente deportivo\u00bb, dice Thomas Stopka, Jefe de Dise\u00f1o Exterior de Style Porsche. \u00abEl aler\u00f3n trasero adaptable se integra armoniosamente en la carrocer\u00eda, mientras que la forma en que la luneta trasera est\u00e1 encastrada y empotrada con menos costuras crea un aspecto fluido y moderno.\u00bb <\/p>\n<h2 class=\"wp-block-heading\">Mayor autonom\u00eda para el Porsche Cayenne Coup\u00e9 El\u00e9ctrico<\/h2>\n<p>La forma coup\u00e9 con su l\u00ednea de techo inclinada ayuda a reducir a\u00fan m\u00e1s la resistencia aerodin\u00e1mica. Con 0,23, el valor Cw del Cayenne Coup\u00e9 El\u00e9ctrico es, por tanto, inferior al del SUV (Cw = 0,25), lo que beneficia a su autonom\u00eda. Por tanto, la autonom\u00eda combinada WLTP del Cayenne Coup\u00e9 El\u00e9ctrico ha aumentado hasta 18 kil\u00f3metros, hasta un m\u00e1ximo de 669 kil\u00f3metros, seg\u00fan el modelo. El sistema Porsche de Aerodin\u00e1mica Activa incluye elementos como salidas de aire de refrigeraci\u00f3n m\u00f3viles y un aler\u00f3n trasero adaptativo.   <\/p>\n<figure class=\"wp-block-image size-large\"><img loading=\"lazy\" decoding=\"async\" width=\"1280\" height=\"720\" src=\"https:\/\/autorai.nl\/wp-content\/uploads\/2026\/04\/porsche-cayenne-coupe-s-2026-foto5-1280x720.jpg\" alt=\"Porsche Cayenne Coup\u00e9 S 2026\" class=\"wp-image-219692\"><figcaption class=\"wp-element-caption\">Porsche Cayenne Coup\u00e9 S 2026<\/figcaption><\/figure>\n<h2 class=\"wp-block-heading\">Dimensiones<\/h2>\n<p>Con 4.985 mil\u00edmetros de longitud y 1.980 mm de anchura (sin contar los retrovisores), el Cayenne Coup\u00e9 El\u00e9ctrico tiene la misma longitud y anchura que el Cayenne El\u00e9ctrico. El punto m\u00e1s alto del coche es s\u00f3lo 24 mm m\u00e1s bajo, a 1.650 mm. El maletero tiene una capacidad de 534  <sup> <\/sup>hasta 1.347 litros. Tambi\u00e9n hay un maletero con otros 90 litros de capacidad. El asiento trasero -disponible como biplaza o en disposici\u00f3n 2+1- es regulable el\u00e9ctricamente en dos sentidos. Como en el SUV, hay disponible un enganche para remolque y una capacidad de remolque de hasta 3,5 toneladas. Tambi\u00e9n hay disponible un paquete todoterreno.    <\/p>\n<figure class=\"wp-block-image size-large\"><img loading=\"lazy\" decoding=\"async\" width=\"1280\" height=\"720\" src=\"https:\/\/autorai.nl\/wp-content\/uploads\/2026\/04\/porsche-cayenne-coupe-s-2026-foto4-1280x720.jpg\" alt=\"Porsche Cayenne Coup\u00e9 S 2026\" class=\"wp-image-219691\"><figcaption class=\"wp-element-caption\">Porsche Cayenne Coup\u00e9 S 2026<\/figcaption><\/figure>\n<h2 class=\"wp-block-heading\">Tres versiones diferentes<\/h2>\n<p>En su lanzamiento, el Cayenne Coup\u00e9 El\u00e9ctrico est\u00e1 disponible en tres variantes de propulsi\u00f3n diferentes:<\/p>\n<ul class=\"wp-block-list\">\n<li><strong>Cayenne Coup\u00e9 El\u00e9ctrico <\/strong>con 300 kW (408 CV), potencia overboost con Launch Control 325 kW (442 CV), 0-100 km\/h en 4,8 segundos, velocidad m\u00e1xima 230 km\/h<\/li>\n<li><strong>Cayenne S Coup\u00e9 El\u00e9ctrico <\/strong>con 400 kW (544 CV), potencia overboost con Launch Control 490 kW (666 CV), 0-100 km\/h en 3,8 segundos, velocidad m\u00e1xima 250 km\/h<\/li>\n<li><strong>Cayenne Turbo Coup\u00e9 El\u00e9ctrico <\/strong>con 630 kW (857 CV), potencia overboost con Launch Control 850 kW (1.156 CV), 0-100 km\/h en 2,5 segundos, velocidad m\u00e1xima 260 km\/h<\/li>\n<\/ul>\n<h2 class=\"wp-block-heading\">Suspensi\u00f3n neum\u00e1tica adaptativa de serie<\/h2>\n<p>Los sistemas de suspensi\u00f3n disponibles coinciden con los de las versiones SUV. El Cayenne Coup\u00e9 incorpora de serie la suspensi\u00f3n neum\u00e1tica adaptativa con Porsche Active Suspension Management (PASM). El sistema de suspensi\u00f3n activa Porsche Active Ride est\u00e1 disponible opcionalmente para el Cayenne S Coup\u00e9 El\u00e9ctrico y el Cayenne Turbo Coup\u00e9 El\u00e9ctrico. La direcci\u00f3n del eje trasero con un \u00e1ngulo de giro de hasta cinco grados est\u00e1 disponible opcionalmente para todas las versiones.   <\/p>\n<h2 class=\"wp-block-heading\">Carga r\u00e1pida de hasta 400 kW<\/h2>\n<p>Gracias a la tecnolog\u00eda de 800 voltios, el Cayenne Coup\u00e9 El\u00e9ctrico carga hasta 390 kW con un cargador r\u00e1pido adecuado e incluso hasta 400 kW en condiciones espec\u00edficas. El cargador de a bordo de serie ofrece velocidades de carga de CA de hasta 11 kW; opcionalmente hay disponible un cargador de 22 kW. <\/p>\n<figure class=\"wp-block-image size-large\"><img loading=\"lazy\" decoding=\"async\" width=\"1280\" height=\"720\" src=\"https:\/\/autorai.nl\/wp-content\/uploads\/2026\/04\/porsche-cayenne-turbo-coupe-2026-foto2-1280x720.jpg\" alt=\"Porsche Cayenne Turbo Coup\u00e9 2026\" class=\"wp-image-219686\"><figcaption class=\"wp-element-caption\">Porsche Cayenne Turbo Coup\u00e9 2026<\/figcaption><\/figure>\n<h2 class=\"wp-block-heading\">Interior Porsche Cayenne Coup\u00e9 El\u00e9ctrico<\/h2>\n<p>El Cayenne Coup\u00e9 El\u00e9ctrico adopta la Porsche Driver Experience del SUV, ofreciendo un concepto de control digital y centrado en el conductor con una gran superficie de pantalla y un cuadro de instrumentos totalmente digital, el Flow Display central. Adem\u00e1s, se puede pedir como opci\u00f3n una pantalla para el acompa\u00f1ante y un head-up display AR. Los mandos digitales y anal\u00f3gicos se complementan a la perfecci\u00f3n y est\u00e1n optimizados ergon\u00f3micamente. Con Porsche Digital Interaction, se hace hincapi\u00e9 en la individualizaci\u00f3n y el manejo intuitivo. Las funciones personalizables, los temas de pantalla personalizables y la integraci\u00f3n de aplicaciones de terceros garantizan una experiencia de usuario conectada y configurable individualmente.    <\/p>\n<p>Con el techo panor\u00e1mico de cristal fijo -opcional con Control de Luz Variable, una pel\u00edcula de cristales l\u00edquidos conmutable el\u00e9ctricamente- y el Paquete Sport Chrono, el equipamiento de serie del Cayenne Coup\u00e9 El\u00e9ctrico es a\u00fan m\u00e1s completo que el del SUV.  <\/p>\n<h2 class=\"wp-block-heading\">Paquete deportivo ligero<\/h2>\n<p>Tambi\u00e9n est\u00e1 disponible como opci\u00f3n un paquete deportivo ligero espec\u00edfico para el Coup\u00e9. Dependiendo de la versi\u00f3n elegida, reduce el peso del coche en 17,6 kg. El paquete incluye un techo ligero de carbono, inserciones deportivas de carbono, llantas especiales de 22 pulgadas y neum\u00e1ticos de alto rendimiento. En el interior se pueden encontrar elementos deportivos, como las bandas centrales de los asientos tapizadas en tejido cl\u00e1sico con dibujo de Pepita, el revestimiento del techo Race-Tex y las superficies de carbono con estructura abierta. Como opci\u00f3n, el <em>Paquete Deportivo Ligero<\/em> tambi\u00e9n puede combinarse con tapicer\u00eda de cuero negro y una disposici\u00f3n 2+1 en la parte trasera.    <\/p>\n<h3 class=\"wp-block-heading\">Precios Cayenne Coup\u00e9 El\u00e9ctrico<\/h3>\n<ul class=\"wp-block-list\">\n<li>Porsche Cayenne Coup\u00e9 El\u00e9ctrico: 113.900<\/li>\n<li>Porsche Cayenne S Coup\u00e9 El\u00e9ctrico: 135.600 euros<\/li>\n<li>Porsche Cayenne Turbo Coup\u00e9 El\u00e9ctrico: 174.400<\/li>\n<\/ul>\n<p>Todas las versiones pueden encargarse a partir de hoy en los Centros Porsche holandeses.<\/p>\n<\/p>\n<p><a href=\"https:\/\/content.presspage.com\/uploads\/1439\/bf56b3f9-c908-46ec-b7a8-d0146a67582f\/800_cayennescoupeelectric3.jpg?10000\"><\/a><\/p>\n","protected":false},"excerpt":{"rendered":"L\u00ednea del techo descendente \"La l\u00ednea del techo, suavemente inclinada, cae con elegancia sobre los anchos hombros del coche y&hellip;","protected":false},"author":0,"featured_media":162629,"comment_status":"","ping_status":"open","sticky":false,"template":"","format":"standard","meta":{"footnotes":""},"categories":[126],"tags":[],"class_list":["post-162713","post","type-post","status-publish","format-standard","has-post-thumbnail","hentry","category-noticias-de-autos"],"acf":[],"yoast_head":"<!-- This site is optimized with the Yoast SEO plugin v21.2 - https:\/\/yoast.com\/wordpress\/plugins\/seo\/ -->\n<title>El Porsche Cayenne Coup\u00e9 El\u00e9ctrico resulta mucho m\u00e1s econ\u00f3mico - All cars news<\/title>\n<meta name=\"robots\" content=\"index, follow, max-snippet:-1, max-image-preview:large, max-video-preview:-1\" \/>\n<link rel=\"canonical\" href=\"https:\/\/all-car-news.com\/es\/el-porsche-cayenne-coupe-electrico-resulta-mucho-mas-economico\/\" \/>\n<meta property=\"og:locale\" content=\"es_ES\" \/>\n<meta property=\"og:type\" content=\"article\" \/>\n<meta property=\"og:title\" content=\"El Porsche Cayenne Coup\u00e9 El\u00e9ctrico resulta mucho m\u00e1s econ\u00f3mico - All cars news\" \/>\n<meta property=\"og:description\" content=\"L\u00ednea del techo descendente &quot;La l\u00ednea del techo, suavemente inclinada, cae con elegancia sobre los anchos hombros del coche y confiere al Cayenne Coup\u00e9 El\u00e9ctrico un aspecto rotundamente deportivo&quot;, dice Thomas Stopka, Jefe de Dise\u00f1o Exterior de Style Porsche. &quot;El aler\u00f3n trasero adaptable se integra armoniosamente en la carrocer\u00eda, mientras que la forma en que est\u00e1 incrustada la luneta trasera, con menos costuras y [...]\" \/>\n<meta property=\"og:url\" content=\"https:\/\/all-car-news.com\/es\/el-porsche-cayenne-coupe-electrico-resulta-mucho-mas-economico\/\" \/>\n<meta property=\"og:site_name\" content=\"All cars news\" \/>\n<meta property=\"article:published_time\" content=\"2026-04-28T08:08:10+00:00\" \/>\n<meta property=\"og:image\" content=\"https:\/\/autorai.nl\/wp-content\/uploads\/2026\/04\/porsche-cayenne-coupe-s-2026-foto5-1280x720.jpg\" \/>\n<meta name=\"twitter:card\" content=\"summary_large_image\" \/>\n<meta name=\"twitter:label1\" content=\"Tiempo de lectura\" \/>\n\t<meta name=\"twitter:data1\" content=\"4 minutos\" \/>\n<script type=\"application\/ld+json\" class=\"yoast-schema-graph\">{\"@context\":\"https:\/\/schema.org\",\"@graph\":[{\"@type\":\"Article\",\"@id\":\"https:\/\/all-car-news.com\/es\/el-porsche-cayenne-coupe-electrico-resulta-mucho-mas-economico\/#article\",\"isPartOf\":{\"@id\":\"https:\/\/all-car-news.com\/es\/el-porsche-cayenne-coupe-electrico-resulta-mucho-mas-economico\/\"},\"author\":{\"name\":\"\",\"@id\":\"\"},\"headline\":\"El Porsche Cayenne Coup\u00e9 El\u00e9ctrico resulta mucho m\u00e1s econ\u00f3mico\",\"datePublished\":\"2026-04-28T08:08:10+00:00\",\"dateModified\":\"2026-04-28T08:08:10+00:00\",\"mainEntityOfPage\":{\"@id\":\"https:\/\/all-car-news.com\/es\/el-porsche-cayenne-coupe-electrico-resulta-mucho-mas-economico\/\"},\"wordCount\":874,\"publisher\":{\"@id\":\"https:\/\/all-car-news.com\/es\/#organization\"},\"articleSection\":[\"noticias de autos\"],\"inLanguage\":\"es\"},{\"@type\":\"WebPage\",\"@id\":\"https:\/\/all-car-news.com\/es\/el-porsche-cayenne-coupe-electrico-resulta-mucho-mas-economico\/\",\"url\":\"https:\/\/all-car-news.com\/es\/el-porsche-cayenne-coupe-electrico-resulta-mucho-mas-economico\/\",\"name\":\"El Porsche Cayenne Coup\u00e9 El\u00e9ctrico resulta mucho m\u00e1s econ\u00f3mico - All cars news\",\"isPartOf\":{\"@id\":\"https:\/\/all-car-news.com\/es\/#website\"},\"datePublished\":\"2026-04-28T08:08:10+00:00\",\"dateModified\":\"2026-04-28T08:08:10+00:00\",\"breadcrumb\":{\"@id\":\"https:\/\/all-car-news.com\/es\/el-porsche-cayenne-coupe-electrico-resulta-mucho-mas-economico\/#breadcrumb\"},\"inLanguage\":\"es\",\"potentialAction\":[{\"@type\":\"ReadAction\",\"target\":[\"https:\/\/all-car-news.com\/es\/el-porsche-cayenne-coupe-electrico-resulta-mucho-mas-economico\/\"]}]},{\"@type\":\"BreadcrumbList\",\"@id\":\"https:\/\/all-car-news.com\/es\/el-porsche-cayenne-coupe-electrico-resulta-mucho-mas-economico\/#breadcrumb\",\"itemListElement\":[{\"@type\":\"ListItem\",\"position\":1,\"name\":\"Home\",\"item\":\"https:\/\/all-car-news.com\/es\/\"},{\"@type\":\"ListItem\",\"position\":2,\"name\":\"El Porsche Cayenne Coup\u00e9 El\u00e9ctrico resulta mucho m\u00e1s econ\u00f3mico\"}]},{\"@type\":\"WebSite\",\"@id\":\"https:\/\/all-car-news.com\/es\/#website\",\"url\":\"https:\/\/all-car-news.com\/es\/\",\"name\":\"All cars news\",\"description\":\"\",\"publisher\":{\"@id\":\"https:\/\/all-car-news.com\/es\/#organization\"},\"potentialAction\":[{\"@type\":\"SearchAction\",\"target\":{\"@type\":\"EntryPoint\",\"urlTemplate\":\"https:\/\/all-car-news.com\/es\/?s={search_term_string}\"},\"query-input\":\"required name=search_term_string\"}],\"inLanguage\":\"es\"},{\"@type\":\"Organization\",\"@id\":\"https:\/\/all-car-news.com\/es\/#organization\",\"name\":\"All cars news\",\"url\":\"https:\/\/all-car-news.com\/es\/\",\"logo\":{\"@type\":\"ImageObject\",\"inLanguage\":\"es\",\"@id\":\"https:\/\/all-car-news.com\/es\/#\/schema\/logo\/image\/\",\"url\":\"https:\/\/all-car-news.com\/wp-content\/uploads\/2022\/02\/CMYK-AllCarNews_LANDSCAPE_300px-1.png\",\"contentUrl\":\"https:\/\/all-car-news.com\/wp-content\/uploads\/2022\/02\/CMYK-AllCarNews_LANDSCAPE_300px-1.png\",\"width\":300,\"height\":100,\"caption\":\"All cars news\"},\"image\":{\"@id\":\"https:\/\/all-car-news.com\/es\/#\/schema\/logo\/image\/\"}}]}<\/script>\n<!-- \/ Yoast SEO plugin. -->","yoast_head_json":{"title":"El Porsche Cayenne Coup\u00e9 El\u00e9ctrico resulta mucho m\u00e1s econ\u00f3mico - All cars news","robots":{"index":"index","follow":"follow","max-snippet":"max-snippet:-1","max-image-preview":"max-image-preview:large","max-video-preview":"max-video-preview:-1"},"canonical":"https:\/\/all-car-news.com\/es\/el-porsche-cayenne-coupe-electrico-resulta-mucho-mas-economico\/","og_locale":"es_ES","og_type":"article","og_title":"El Porsche Cayenne Coup\u00e9 El\u00e9ctrico resulta mucho m\u00e1s econ\u00f3mico - All cars news","og_description":"L\u00ednea del techo descendente \"La l\u00ednea del techo, suavemente inclinada, cae con elegancia sobre los anchos hombros del coche y confiere al Cayenne Coup\u00e9 El\u00e9ctrico un aspecto rotundamente deportivo\", dice Thomas Stopka, Jefe de Dise\u00f1o Exterior de Style Porsche. \"El aler\u00f3n trasero adaptable se integra armoniosamente en la carrocer\u00eda, mientras que la forma en que est\u00e1 incrustada la luneta trasera, con menos costuras y [...]","og_url":"https:\/\/all-car-news.com\/es\/el-porsche-cayenne-coupe-electrico-resulta-mucho-mas-economico\/","og_site_name":"All cars news","article_published_time":"2026-04-28T08:08:10+00:00","og_image":[{"url":"https:\/\/autorai.nl\/wp-content\/uploads\/2026\/04\/porsche-cayenne-coupe-s-2026-foto5-1280x720.jpg"}],"twitter_card":"summary_large_image","twitter_misc":{"Tiempo de lectura":"4 minutos"},"schema":{"@context":"https:\/\/schema.org","@graph":[{"@type":"Article","@id":"https:\/\/all-car-news.com\/es\/el-porsche-cayenne-coupe-electrico-resulta-mucho-mas-economico\/#article","isPartOf":{"@id":"https:\/\/all-car-news.com\/es\/el-porsche-cayenne-coupe-electrico-resulta-mucho-mas-economico\/"},"author":{"name":"","@id":""},"headline":"El Porsche Cayenne Coup\u00e9 El\u00e9ctrico resulta mucho m\u00e1s econ\u00f3mico","datePublished":"2026-04-28T08:08:10+00:00","dateModified":"2026-04-28T08:08:10+00:00","mainEntityOfPage":{"@id":"https:\/\/all-car-news.com\/es\/el-porsche-cayenne-coupe-electrico-resulta-mucho-mas-economico\/"},"wordCount":874,"publisher":{"@id":"https:\/\/all-car-news.com\/es\/#organization"},"articleSection":["noticias de autos"],"inLanguage":"es"},{"@type":"WebPage","@id":"https:\/\/all-car-news.com\/es\/el-porsche-cayenne-coupe-electrico-resulta-mucho-mas-economico\/","url":"https:\/\/all-car-news.com\/es\/el-porsche-cayenne-coupe-electrico-resulta-mucho-mas-economico\/","name":"El Porsche Cayenne Coup\u00e9 El\u00e9ctrico resulta mucho m\u00e1s econ\u00f3mico - All cars news","isPartOf":{"@id":"https:\/\/all-car-news.com\/es\/#website"},"datePublished":"2026-04-28T08:08:10+00:00","dateModified":"2026-04-28T08:08:10+00:00","breadcrumb":{"@id":"https:\/\/all-car-news.com\/es\/el-porsche-cayenne-coupe-electrico-resulta-mucho-mas-economico\/#breadcrumb"},"inLanguage":"es","potentialAction":[{"@type":"ReadAction","target":["https:\/\/all-car-news.com\/es\/el-porsche-cayenne-coupe-electrico-resulta-mucho-mas-economico\/"]}]},{"@type":"BreadcrumbList","@id":"https:\/\/all-car-news.com\/es\/el-porsche-cayenne-coupe-electrico-resulta-mucho-mas-economico\/#breadcrumb","itemListElement":[{"@type":"ListItem","position":1,"name":"Home","item":"https:\/\/all-car-news.com\/es\/"},{"@type":"ListItem","position":2,"name":"El Porsche Cayenne Coup\u00e9 El\u00e9ctrico resulta mucho m\u00e1s econ\u00f3mico"}]},{"@type":"WebSite","@id":"https:\/\/all-car-news.com\/es\/#website","url":"https:\/\/all-car-news.com\/es\/","name":"All cars news","description":"","publisher":{"@id":"https:\/\/all-car-news.com\/es\/#organization"},"potentialAction":[{"@type":"SearchAction","target":{"@type":"EntryPoint","urlTemplate":"https:\/\/all-car-news.com\/es\/?s={search_term_string}"},"query-input":"required name=search_term_string"}],"inLanguage":"es"},{"@type":"Organization","@id":"https:\/\/all-car-news.com\/es\/#organization","name":"All cars news","url":"https:\/\/all-car-news.com\/es\/","logo":{"@type":"ImageObject","inLanguage":"es","@id":"https:\/\/all-car-news.com\/es\/#\/schema\/logo\/image\/","url":"https:\/\/all-car-news.com\/wp-content\/uploads\/2022\/02\/CMYK-AllCarNews_LANDSCAPE_300px-1.png","contentUrl":"https:\/\/all-car-news.com\/wp-content\/uploads\/2022\/02\/CMYK-AllCarNews_LANDSCAPE_300px-1.png","width":300,"height":100,"caption":"All cars news"},"image":{"@id":"https:\/\/all-car-news.com\/es\/#\/schema\/logo\/image\/"}}]}},"_links":{"self":[{"href":"https:\/\/all-car-news.com\/es\/wp-json\/wp\/v2\/posts\/162713","targetHints":{"allow":["GET"]}}],"collection":[{"href":"https:\/\/all-car-news.com\/es\/wp-json\/wp\/v2\/posts"}],"about":[{"href":"https:\/\/all-car-news.com\/es\/wp-json\/wp\/v2\/types\/post"}],"replies":[{"embeddable":true,"href":"https:\/\/all-car-news.com\/es\/wp-json\/wp\/v2\/comments?post=162713"}],"version-history":[{"count":0,"href":"https:\/\/all-car-news.com\/es\/wp-json\/wp\/v2\/posts\/162713\/revisions"}],"wp:featuredmedia":[{"embeddable":true,"href":"https:\/\/all-car-news.com\/es\/wp-json\/wp\/v2\/media\/162629"}],"wp:attachment":[{"href":"https:\/\/all-car-news.com\/es\/wp-json\/wp\/v2\/media?parent=162713"}],"wp:term":[{"taxonomy":"category","embeddable":true,"href":"https:\/\/all-car-news.com\/es\/wp-json\/wp\/v2\/categories?post=162713"},{"taxonomy":"post_tag","embeddable":true,"href":"https:\/\/all-car-news.com\/es\/wp-json\/wp\/v2\/tags?post=162713"}],"curies":[{"name":"wp","href":"https:\/\/api.w.org\/{rel}","templated":true}]}}