{"id":162678,"date":"2026-04-28T10:53:17","date_gmt":"2026-04-28T10:53:17","guid":{"rendered":"https:\/\/all-car-news.com\/el-ano-del-facelift-cuenta-mas-que-el-ano-del-modelo-a-la-hora-de-pedir-piezas\/"},"modified":"2026-04-29T13:21:44","modified_gmt":"2026-04-29T13:21:44","slug":"el-ano-del-facelift-cuenta-mas-que-el-ano-del-modelo-a-la-hora-de-pedir-piezas","status":"publish","type":"post","link":"https:\/\/all-car-news.com\/es\/el-ano-del-facelift-cuenta-mas-que-el-ano-del-modelo-a-la-hora-de-pedir-piezas\/","title":{"rendered":"El a\u00f1o del facelift cuenta m\u00e1s que el a\u00f1o del modelo a la hora de pedir piezas"},"content":{"rendered":"<p>Dos coches pueden compartir el mismo nombre y a\u00f1o de modelo y, sin embargo, necesitar piezas completamente distintas. La causa es casi siempre un facelift, la actualizaci\u00f3n provisional que la mayor\u00eda de los fabricantes aplican a mitad del ciclo de vida de un modelo. Quienes no conocen el l\u00edmite del facelift de su veh\u00edculo se arriesgan a pedir una pieza que parece la correcta, pero que sencillamente no encaja.  <\/p>\n<h2 class=\"wp-block-heading\">\u00bfQu\u00e9 cambia con un lifting facial?&nbsp;<\/h2>\n<p>Un lavado de cara rara vez consiste s\u00f3lo en un nuevo dise\u00f1o del parachoques. Fabricantes &nbsp;renueva&nbsp;en&nbsp;a&nbsp;lifting facial&nbsp;normalmente&nbsp;varios&nbsp;sistemas&nbsp;al mismo tiempo:&nbsp;faros&nbsp;y&nbsp;luces traseras&nbsp;Consigue&nbsp;a&nbsp;nuevo&nbsp;dise\u00f1o&nbsp;con&nbsp;otros&nbsp;tipos de enchufe&nbsp;y&nbsp;M\u00f3dulos LED,&nbsp;frontal y&nbsp;parachoques traseros&nbsp;Consigue&nbsp;modificado&nbsp;puntos de enganche&nbsp;y&nbsp;otros&nbsp;configuraciones de los sensores&nbsp;para&nbsp;ayuda al aparcamiento&nbsp;y&nbsp;adaptativo&nbsp;crucero&nbsp;control,&nbsp;mazos de cables&nbsp;para&nbsp;iluminaci\u00f3n,&nbsp;c\u00e1maras&nbsp;y&nbsp;sensores de aparcamiento&nbsp;escribe a&nbsp;de nuevo&nbsp;Layouted, y variantes de la ECU&nbsp;ser&nbsp;actualizado&nbsp;con&nbsp;versiones de software&nbsp;esos&nbsp;concretamente&nbsp;son para la versi\u00f3n mejorada.&nbsp;<\/p>\n<p>Que&nbsp;tiene&nbsp;impacto directo en la sustituibilidad de los componentes.&nbsp;A&nbsp;faro&nbsp;de&nbsp;a&nbsp;modelo pre-facelift&nbsp;se adapta a&nbsp;no&nbsp;necesariamente en&nbsp;a&nbsp;modelo post-lifting facial,&nbsp;tambi\u00e9n&nbsp;aunque las dimensiones exteriores son id\u00e9nticas.&nbsp;Perfiles de enchufe,&nbsp;clips de montaje&nbsp;y la comunicaci\u00f3n por bus CAN&nbsp;entre&nbsp;L\u00e1mpara y unidad de control de la carrocer\u00eda cambiadas.&nbsp;Qu\u00e9&nbsp;de ah\u00ed&nbsp;fuera de&nbsp;mira&nbsp;como&nbsp;mismo&nbsp;parte,&nbsp;requiere&nbsp;A nivel de componente, un grupo de n\u00fameros de pieza diferente.&nbsp;<\/p>\n<p>C\u00f3mo&nbsp;m\u00e1s recientes&nbsp;el&nbsp;veh\u00edculo,&nbsp;c\u00f3mo&nbsp;m\u00e1s grande&nbsp;el&nbsp;oportunidad&nbsp;que&nbsp;a&nbsp;lifting facial&nbsp;tambi\u00e9n&nbsp;electr\u00f3nico&nbsp;ajustes&nbsp;trae&nbsp;esos&nbsp;no&nbsp;son visibles en el exterior. Los modernos sistemas de asistencia al conductor, los faros adaptativos y los sistemas de c\u00e1maras integrados hacen que la frontera del lavado de cara sea t\u00e9cnicamente m\u00e1s radical que hace 20 a\u00f1os.&nbsp;<\/p>\n<h2 class=\"wp-block-heading\">Mismo nombre de modelo, tres coches diferentes&nbsp;<\/h2>\n<p><strong>VW Golf Mk7 y Mk7.5<\/strong>&nbsp;<\/p>\n<p>Golf&nbsp;caliente&nbsp;Golf,&nbsp;independientemente de&nbsp;o&nbsp;el&nbsp;implica un modelo de 2014 o de 2018.&nbsp;Pero&nbsp;El Golf Mk7 (2012-2017) y el Golf Mk7.5 (2017-2021)&nbsp;su&nbsp;qu\u00e9&nbsp;preocupaciones&nbsp;el&nbsp;secci\u00f3n delantera, la&nbsp;luces traseras&nbsp;y&nbsp;a&nbsp;n\u00famero&nbsp;mazos de cables dos coches sustancialmente diferentes.&nbsp;Frente&nbsp;portadores de parachoques,&nbsp;marcos de parrilla&nbsp;y las unidades de luces diurnas LED no son intercambiables en toda la l\u00ednea facelift.&nbsp;Qui\u00e9n&nbsp;pedidos&nbsp;Basado en \u00abGolf 7&nbsp;sin&nbsp;Mk7 o Mk7.5 a&nbsp;especificar, asume un riesgo considerable.&nbsp;<\/p>\n<p>La frontera del lifting&nbsp;para&nbsp;Las mentiras del Golf Mk7.5&nbsp;en&nbsp;fecha de producci\u00f3n&nbsp;Julio de 2017 &#8211; no con el modelo del a\u00f1o 2017.&nbsp;A&nbsp;coche utilizado en&nbsp;Enero&nbsp;2017&nbsp;era&nbsp;inscrito, es&nbsp;normalmente&nbsp;a&nbsp;Mk7;&nbsp;a&nbsp;Lata de coches de septiembre de 2017&nbsp;muy bien ser un Mk7.5. El a\u00f1o del modelo por s\u00ed solo no lo dice. &nbsp;<\/p>\n<p><strong>BMW E90 serie 3 LCI<\/strong>&nbsp;<\/p>\n<p>BMW&nbsp;menciona&nbsp;Son actualizaciones del lavado de cara LCI (Impulso del Ciclo de Vida).&nbsp;Para&nbsp;La berlina E90 de la serie 3&nbsp;apareci\u00f3&nbsp;el ICL en el&nbsp;verano&nbsp;desde 2008 &#8211;&nbsp;pero&nbsp;para&nbsp;el E91 familiar y el E92 coup\u00e9 un poco m\u00e1s tarde, en 2009. En&nbsp;faros&nbsp;su&nbsp;no&nbsp;intercambiables&nbsp;por encima del l\u00edmite LCI:&nbsp;pre-LCI&nbsp;usado&nbsp;proyectores hal\u00f3genos&nbsp;con&nbsp;a&nbsp;concretamente&nbsp;dise\u00f1o de tap\u00f3n, la versi\u00f3n LCI proyectores Bi-Xen\u00f3n con un diferente.&nbsp;Luces traseras,&nbsp;carcasas de retrovisores&nbsp;y&nbsp;cierta&nbsp;Las piezas del revestimiento interior tampoco son intercambiables.&nbsp;<\/p>\n<p>Muchos&nbsp;usado&nbsp;Piezas E90&nbsp;escribe a&nbsp;en l\u00ednea&nbsp;simplemente&nbsp;ofrecido como \u00abE90\u00bb, sin menci\u00f3n del estatus LCI.&nbsp;Qui\u00e9n&nbsp;su&nbsp;fecha de producci\u00f3n&nbsp;no&nbsp;sabe,&nbsp;corre&nbsp;el&nbsp;riesgo&nbsp;a&nbsp;faro&nbsp;en&nbsp;comprar&nbsp;esos&nbsp;geom\u00e9trico&nbsp;en el&nbsp;abriendo&nbsp;encaja,&nbsp;pero&nbsp;ni&nbsp;el&nbsp;derecha&nbsp;enchufe&nbsp;tiene&nbsp;ni admite el perfil correcto de comunicaci\u00f3n con la ECU.&nbsp;<\/p>\n<p><strong>Audi A4 B8 y B8.5<\/strong>&nbsp;<\/p>\n<p>El Audi A4 B8 (2007-2012) y el&nbsp;facelifted&nbsp;B8.5 (2012-2016) comparten la&nbsp;carrocer\u00eda b\u00e1sica,&nbsp;pero&nbsp;delantera y trasera se han modificado sustancialmente.&nbsp;Faros&nbsp;su&nbsp;no&nbsp;mutua&nbsp;intercambiables, y los insertos de los parachoques tienen diferentes puntos de montaje. En las plataformas de segunda mano, muchas piezas se ofrecen simplemente como \u00abAudi A4\u00bb, sin denominaci\u00f3n B8 o B8.5.  El precio puede ser correcto, el n\u00famero de la pieza puede parecer razonable y, sin embargo, la pieza no encaja.&nbsp;<\/p>\n<h2 class=\"wp-block-heading\">La fecha de producci\u00f3n es m\u00e1s precisa que el a\u00f1o del modelo&nbsp;<\/h2>\n<p>A\u00f1o del modelo&nbsp;es&nbsp;un concepto de venta, no t\u00e9cnico.&nbsp;A&nbsp;coche catalogado como \u00aba\u00f1o modelo&nbsp;2017&#8242;&nbsp;es&nbsp;vendido, el&nbsp;f\u00e1brica&nbsp;en diciembre de 2016 o en octubre de 2017&nbsp;tienen&nbsp;abandonado&nbsp;&#8211; y la transici\u00f3n del lifting encuentra&nbsp;siempre&nbsp;ubicaci\u00f3n&nbsp;en&nbsp;a&nbsp;espec\u00edfico&nbsp;fecha de producci\u00f3n&nbsp;o l\u00edmite de n\u00famero de bastidor, no en un a\u00f1o natural.&nbsp;<\/p>\n<p>En&nbsp;m\u00e1s&nbsp;fiable&nbsp;m\u00e9todo&nbsp;es&nbsp;el&nbsp;lee&nbsp;de la&nbsp;fecha de producci\u00f3n&nbsp;de&nbsp;la placa de caracter\u00edsticas en el montante de la puerta del pilar B.&nbsp;abeja&nbsp;casi&nbsp;todos&nbsp;Europea&nbsp;coches&nbsp;estado&nbsp;aqu\u00ed el&nbsp;fecha de producci\u00f3n&nbsp;con el mes y el a\u00f1o. Con esa fecha &nbsp;busca en&nbsp;tu&nbsp;a continuaci\u00f3n&nbsp;sube el l\u00edmite del lifting&nbsp;para&nbsp;el&nbsp;espec\u00edfico&nbsp;y el modelo&nbsp;estilo corporal&nbsp;&#8211; y&nbsp;utiliza&nbsp;tu&nbsp;que como&nbsp;delimitaci\u00f3n&nbsp;en lugar del a\u00f1o del modelo.&nbsp;<\/p>\n<p>Para&nbsp;Modelos BMW es&nbsp;el&nbsp;intervalo del n\u00famero de chasis&nbsp;adem\u00e1s&nbsp;\u00fatil,&nbsp;porque&nbsp;la transici\u00f3n a la ICV&nbsp;no&nbsp;siempre&nbsp;precisa&nbsp;en&nbsp;a&nbsp;fecha l\u00edmite de producci\u00f3n&nbsp;ca\u00eddas,&nbsp;sino en un bloque de n\u00fameros de serie espec\u00edfico. Los descodificadores del VIN del fabricante o los sitios independientes de comprobaci\u00f3n del VIN confirman la versi\u00f3n de fabricaci\u00f3n y la semana de producci\u00f3n en menos de un minuto. &nbsp;<\/p>\n<p>De este modo&nbsp;es&nbsp;el&nbsp;bien&nbsp;en&nbsp;conoce&nbsp;que&nbsp;c\u00f3digos&nbsp;como \u00abB8\u00bb y \u00abB8.5\u00bb.&nbsp;en&nbsp;Audi, o \u00abMk7\u00bb y \u00abMk7.5&nbsp;en&nbsp;Volkswagen, no son denominaciones oficiales del fabricante. Son convenciones del mercado. El fabricante se comunica internamente mediante intervalos de fechas de producci\u00f3n y bloques de n\u00fameros de chasis.  &nbsp;Qui\u00e9n&nbsp;piezas&nbsp;busca&nbsp;sobre la base de esos&nbsp;convenciones de mercado&nbsp;sin&nbsp;fecha de producci\u00f3n&nbsp;en&nbsp;saber,&nbsp;trabaja con una referencia incompleta.&nbsp;<\/p>\n<h2 class=\"wp-block-heading\">Piezas de segunda mano: donde m\u00e1s golpea la confusi\u00f3n del lifting facial&nbsp;<\/h2>\n<p>El problema del lavado de cara se deja sentir con mayor intensidad en el mercado de coches usados. Los que compran piezas de coches usados&nbsp;<a href=\"https:\/\/www.autoparts24.nl\/\" target=\"_blank\" rel=\"noreferrer noopener\">buscar a trav\u00e9s de Autoparts24<\/a> o&nbsp;a&nbsp;otros&nbsp;especializado&nbsp;chatarrero, tiene sentido&nbsp;a&nbsp;el&nbsp;N\u00famero OEM&nbsp;de&nbsp;el&nbsp;original&nbsp;pieza&nbsp;como&nbsp;principal&nbsp;par\u00e1metro de b\u00fasqueda&nbsp;en&nbsp;utiliza&nbsp;&#8211; y&nbsp;no&nbsp;el nombre del modelo o el a\u00f1o del modelo.&nbsp;<\/p>\n<p>Nuevo&nbsp;piezas&nbsp;escribe a&nbsp;normalmente&nbsp;mediante VIN controlado&nbsp;sistemas de cat\u00e1logo&nbsp;entregado,&nbsp;donde se incorpora autom\u00e1ticamente el l\u00edmite del lifting.&nbsp;abeja&nbsp;segunda mano&nbsp;piezas&nbsp;&#8211; derivado de&nbsp;desguaces de coches, online&nbsp;mercados&nbsp;o&nbsp;especializado&nbsp;comerciantes&nbsp;&#8211;&nbsp;es&nbsp;el&nbsp;Descripci\u00f3n del cat\u00e1logo determinada por el vendedor. Troquel &nbsp;menciona&nbsp;largo&nbsp;no&nbsp;siempre&nbsp;o&nbsp;a&nbsp;pieza&nbsp;de&nbsp;a&nbsp;origen pre o post lifting facial,&nbsp;tarde&nbsp;son&nbsp;la fecha de fabricaci\u00f3n del veh\u00edculo donante.&nbsp;<\/p>\n<p>En&nbsp;pr\u00e1ctico&nbsp;consejos:&nbsp;pregunta&nbsp;en&nbsp;duda&nbsp;siempre&nbsp;el&nbsp;N\u00famero OEM a partir de&nbsp;el&nbsp;ofrece&nbsp;parte, y&nbsp;compara&nbsp;que&nbsp;con&nbsp;el&nbsp;n\u00famero de&nbsp;el&nbsp;pieza que quieres sustituir.&nbsp;Ven a&nbsp;ellos&nbsp;coinciden, entonces&nbsp;se adapta a&nbsp;el&nbsp;pieza&nbsp;&#8211;&nbsp;independientemente de&nbsp;c\u00f3mo&nbsp;el vendedor describe el modelo.&nbsp;<\/p>\n<h2 class=\"wp-block-heading\">El n\u00famero OEM como m\u00e9todo de b\u00fasqueda infalible&nbsp;<\/h2>\n<p>El n\u00famero OEM (fabricante de equipos originales) es el n\u00famero del fabricante de la pieza exacta que lleva tu veh\u00edculo. Est\u00e1 vinculado inequ\u00edvocamente a un componente concreto, no a un nombre de modelo, un a\u00f1o de modelo o una variante de carrocer\u00eda.&nbsp;<\/p>\n<p>En&nbsp;m\u00e9todo de trabajo&nbsp;es&nbsp;simple:&nbsp;lee&nbsp;el&nbsp;N\u00famero de OEM a partir de&nbsp;el&nbsp;existente&nbsp;pieza&nbsp;&#8211;&nbsp;impreso&nbsp;en&nbsp;el&nbsp;pieza&nbsp;t\u00fa mismo&nbsp;o&nbsp;disponible&nbsp;a trav\u00e9s de la&nbsp;cat\u00e1logo de piezas&nbsp;por el fabricante&nbsp;con&nbsp;Consulta VIN&nbsp;&#8211; y busca ese n\u00famero exacto.&nbsp;A&nbsp;faro&nbsp;para&nbsp;el Golf Mk7 y&nbsp;a&nbsp;para&nbsp;el Mk7.5&nbsp;tienen&nbsp;dos&nbsp;diferentes n\u00fameros OEM,&nbsp;tambi\u00e9n&nbsp;al&nbsp;fit&nbsp;aparentemente en el mismo orificio. El n\u00famero delata la generaci\u00f3n, el nombre del modelo no. &nbsp;<\/p>\n<p>En caso de duda sobre el n\u00famero OEM correcto, el cat\u00e1logo oficial de piezas del fabricante es el punto de partida m\u00e1s fiable. BMW (ETK), Mercedes-Benz (EPC) y Volkswagen &nbsp;Grupo&nbsp;(ETKA)&nbsp;oferta&nbsp;online basado en VIN&nbsp;cat\u00e1logos&nbsp;a&nbsp;esos&nbsp;el&nbsp;exacta&nbsp;n\u00famero de pieza&nbsp;para&nbsp;el&nbsp;espec\u00edfico&nbsp;veh\u00edculo&nbsp;incluyendo la versi\u00f3n facelift y el intervalo de fechas de producci\u00f3n.&nbsp;<\/p>\n","protected":false},"excerpt":{"rendered":"Dos coches pueden compartir el mismo nombre y a\u00f1o de modelo y, sin embargo, necesitar piezas completamente distintas. La causa&hellip;","protected":false},"author":0,"featured_media":162667,"comment_status":"closed","ping_status":"open","sticky":false,"template":"","format":"standard","meta":{"footnotes":""},"categories":[126],"tags":[],"class_list":["post-162678","post","type-post","status-publish","format-standard","has-post-thumbnail","hentry","category-noticias-de-autos"],"acf":[],"yoast_head":"<!-- This site is optimized with the Yoast SEO plugin v21.2 - https:\/\/yoast.com\/wordpress\/plugins\/seo\/ -->\n<title>El a\u00f1o del facelift cuenta m\u00e1s que el a\u00f1o del modelo a la hora de pedir piezas - All cars news<\/title>\n<meta name=\"robots\" content=\"index, follow, max-snippet:-1, max-image-preview:large, max-video-preview:-1\" \/>\n<link rel=\"canonical\" href=\"https:\/\/all-car-news.com\/es\/el-ano-del-facelift-cuenta-mas-que-el-ano-del-modelo-a-la-hora-de-pedir-piezas\/\" \/>\n<meta property=\"og:locale\" content=\"es_ES\" \/>\n<meta property=\"og:type\" content=\"article\" \/>\n<meta property=\"og:title\" content=\"El a\u00f1o del facelift cuenta m\u00e1s que el a\u00f1o del modelo a la hora de pedir piezas - All cars news\" \/>\n<meta property=\"og:description\" content=\"Dos coches pueden compartir el mismo nombre y a\u00f1o de modelo y, sin embargo, necesitar piezas completamente distintas. La causa es casi siempre un facelift, la actualizaci\u00f3n provisional que la mayor\u00eda de los fabricantes aplican a mitad del ciclo de vida de un modelo. Los que no conocen el l\u00edmite del facelift de su veh\u00edculo se arriesgan a pedir una pieza que parece [...]\" \/>\n<meta property=\"og:url\" content=\"https:\/\/all-car-news.com\/es\/el-ano-del-facelift-cuenta-mas-que-el-ano-del-modelo-a-la-hora-de-pedir-piezas\/\" \/>\n<meta property=\"og:site_name\" content=\"All cars news\" \/>\n<meta property=\"article:published_time\" content=\"2026-04-28T10:53:17+00:00\" \/>\n<meta property=\"article:modified_time\" content=\"2026-04-29T13:21:44+00:00\" \/>\n<meta property=\"og:image\" content=\"https:\/\/all-car-news.com\/wp-content\/uploads\/2026\/04\/Audi-A4-A5-40-TFSI-45-TFSI-1.jpg\" \/>\n\t<meta property=\"og:image:width\" content=\"1920\" \/>\n\t<meta property=\"og:image:height\" content=\"1200\" \/>\n\t<meta property=\"og:image:type\" content=\"image\/jpeg\" \/>\n<meta name=\"twitter:card\" content=\"summary_large_image\" \/>\n<meta name=\"twitter:label1\" content=\"Tiempo de lectura\" \/>\n\t<meta name=\"twitter:data1\" content=\"10 minutos\" \/>\n<script type=\"application\/ld+json\" class=\"yoast-schema-graph\">{\"@context\":\"https:\/\/schema.org\",\"@graph\":[{\"@type\":\"Article\",\"@id\":\"https:\/\/all-car-news.com\/es\/el-ano-del-facelift-cuenta-mas-que-el-ano-del-modelo-a-la-hora-de-pedir-piezas\/#article\",\"isPartOf\":{\"@id\":\"https:\/\/all-car-news.com\/es\/el-ano-del-facelift-cuenta-mas-que-el-ano-del-modelo-a-la-hora-de-pedir-piezas\/\"},\"author\":{\"name\":\"\",\"@id\":\"\"},\"headline\":\"El a\u00f1o del facelift cuenta m\u00e1s que el a\u00f1o del modelo a la hora de pedir piezas\",\"datePublished\":\"2026-04-28T10:53:17+00:00\",\"dateModified\":\"2026-04-29T13:21:44+00:00\",\"mainEntityOfPage\":{\"@id\":\"https:\/\/all-car-news.com\/es\/el-ano-del-facelift-cuenta-mas-que-el-ano-del-modelo-a-la-hora-de-pedir-piezas\/\"},\"wordCount\":1957,\"publisher\":{\"@id\":\"https:\/\/all-car-news.com\/es\/#organization\"},\"articleSection\":[\"noticias de autos\"],\"inLanguage\":\"es\"},{\"@type\":\"WebPage\",\"@id\":\"https:\/\/all-car-news.com\/es\/el-ano-del-facelift-cuenta-mas-que-el-ano-del-modelo-a-la-hora-de-pedir-piezas\/\",\"url\":\"https:\/\/all-car-news.com\/es\/el-ano-del-facelift-cuenta-mas-que-el-ano-del-modelo-a-la-hora-de-pedir-piezas\/\",\"name\":\"El a\u00f1o del facelift cuenta m\u00e1s que el a\u00f1o del modelo a la hora de pedir piezas - All cars news\",\"isPartOf\":{\"@id\":\"https:\/\/all-car-news.com\/es\/#website\"},\"datePublished\":\"2026-04-28T10:53:17+00:00\",\"dateModified\":\"2026-04-29T13:21:44+00:00\",\"breadcrumb\":{\"@id\":\"https:\/\/all-car-news.com\/es\/el-ano-del-facelift-cuenta-mas-que-el-ano-del-modelo-a-la-hora-de-pedir-piezas\/#breadcrumb\"},\"inLanguage\":\"es\",\"potentialAction\":[{\"@type\":\"ReadAction\",\"target\":[\"https:\/\/all-car-news.com\/es\/el-ano-del-facelift-cuenta-mas-que-el-ano-del-modelo-a-la-hora-de-pedir-piezas\/\"]}]},{\"@type\":\"BreadcrumbList\",\"@id\":\"https:\/\/all-car-news.com\/es\/el-ano-del-facelift-cuenta-mas-que-el-ano-del-modelo-a-la-hora-de-pedir-piezas\/#breadcrumb\",\"itemListElement\":[{\"@type\":\"ListItem\",\"position\":1,\"name\":\"Home\",\"item\":\"https:\/\/all-car-news.com\/es\/\"},{\"@type\":\"ListItem\",\"position\":2,\"name\":\"El a\u00f1o del facelift cuenta m\u00e1s que el a\u00f1o del modelo a la hora de pedir piezas\"}]},{\"@type\":\"WebSite\",\"@id\":\"https:\/\/all-car-news.com\/es\/#website\",\"url\":\"https:\/\/all-car-news.com\/es\/\",\"name\":\"All cars news\",\"description\":\"\",\"publisher\":{\"@id\":\"https:\/\/all-car-news.com\/es\/#organization\"},\"potentialAction\":[{\"@type\":\"SearchAction\",\"target\":{\"@type\":\"EntryPoint\",\"urlTemplate\":\"https:\/\/all-car-news.com\/es\/?s={search_term_string}\"},\"query-input\":\"required name=search_term_string\"}],\"inLanguage\":\"es\"},{\"@type\":\"Organization\",\"@id\":\"https:\/\/all-car-news.com\/es\/#organization\",\"name\":\"All cars news\",\"url\":\"https:\/\/all-car-news.com\/es\/\",\"logo\":{\"@type\":\"ImageObject\",\"inLanguage\":\"es\",\"@id\":\"https:\/\/all-car-news.com\/es\/#\/schema\/logo\/image\/\",\"url\":\"https:\/\/all-car-news.com\/wp-content\/uploads\/2022\/02\/CMYK-AllCarNews_LANDSCAPE_300px-1.png\",\"contentUrl\":\"https:\/\/all-car-news.com\/wp-content\/uploads\/2022\/02\/CMYK-AllCarNews_LANDSCAPE_300px-1.png\",\"width\":300,\"height\":100,\"caption\":\"All cars news\"},\"image\":{\"@id\":\"https:\/\/all-car-news.com\/es\/#\/schema\/logo\/image\/\"}}]}<\/script>\n<!-- \/ Yoast SEO plugin. -->","yoast_head_json":{"title":"El a\u00f1o del facelift cuenta m\u00e1s que el a\u00f1o del modelo a la hora de pedir piezas - All cars news","robots":{"index":"index","follow":"follow","max-snippet":"max-snippet:-1","max-image-preview":"max-image-preview:large","max-video-preview":"max-video-preview:-1"},"canonical":"https:\/\/all-car-news.com\/es\/el-ano-del-facelift-cuenta-mas-que-el-ano-del-modelo-a-la-hora-de-pedir-piezas\/","og_locale":"es_ES","og_type":"article","og_title":"El a\u00f1o del facelift cuenta m\u00e1s que el a\u00f1o del modelo a la hora de pedir piezas - All cars news","og_description":"Dos coches pueden compartir el mismo nombre y a\u00f1o de modelo y, sin embargo, necesitar piezas completamente distintas. La causa es casi siempre un facelift, la actualizaci\u00f3n provisional que la mayor\u00eda de los fabricantes aplican a mitad del ciclo de vida de un modelo. Los que no conocen el l\u00edmite del facelift de su veh\u00edculo se arriesgan a pedir una pieza que parece [...]","og_url":"https:\/\/all-car-news.com\/es\/el-ano-del-facelift-cuenta-mas-que-el-ano-del-modelo-a-la-hora-de-pedir-piezas\/","og_site_name":"All cars news","article_published_time":"2026-04-28T10:53:17+00:00","article_modified_time":"2026-04-29T13:21:44+00:00","og_image":[{"width":1920,"height":1200,"url":"https:\/\/all-car-news.com\/wp-content\/uploads\/2026\/04\/Audi-A4-A5-40-TFSI-45-TFSI-1.jpg","type":"image\/jpeg"}],"twitter_card":"summary_large_image","twitter_misc":{"Tiempo de lectura":"10 minutos"},"schema":{"@context":"https:\/\/schema.org","@graph":[{"@type":"Article","@id":"https:\/\/all-car-news.com\/es\/el-ano-del-facelift-cuenta-mas-que-el-ano-del-modelo-a-la-hora-de-pedir-piezas\/#article","isPartOf":{"@id":"https:\/\/all-car-news.com\/es\/el-ano-del-facelift-cuenta-mas-que-el-ano-del-modelo-a-la-hora-de-pedir-piezas\/"},"author":{"name":"","@id":""},"headline":"El a\u00f1o del facelift cuenta m\u00e1s que el a\u00f1o del modelo a la hora de pedir piezas","datePublished":"2026-04-28T10:53:17+00:00","dateModified":"2026-04-29T13:21:44+00:00","mainEntityOfPage":{"@id":"https:\/\/all-car-news.com\/es\/el-ano-del-facelift-cuenta-mas-que-el-ano-del-modelo-a-la-hora-de-pedir-piezas\/"},"wordCount":1957,"publisher":{"@id":"https:\/\/all-car-news.com\/es\/#organization"},"articleSection":["noticias de autos"],"inLanguage":"es"},{"@type":"WebPage","@id":"https:\/\/all-car-news.com\/es\/el-ano-del-facelift-cuenta-mas-que-el-ano-del-modelo-a-la-hora-de-pedir-piezas\/","url":"https:\/\/all-car-news.com\/es\/el-ano-del-facelift-cuenta-mas-que-el-ano-del-modelo-a-la-hora-de-pedir-piezas\/","name":"El a\u00f1o del facelift cuenta m\u00e1s que el a\u00f1o del modelo a la hora de pedir piezas - All cars news","isPartOf":{"@id":"https:\/\/all-car-news.com\/es\/#website"},"datePublished":"2026-04-28T10:53:17+00:00","dateModified":"2026-04-29T13:21:44+00:00","breadcrumb":{"@id":"https:\/\/all-car-news.com\/es\/el-ano-del-facelift-cuenta-mas-que-el-ano-del-modelo-a-la-hora-de-pedir-piezas\/#breadcrumb"},"inLanguage":"es","potentialAction":[{"@type":"ReadAction","target":["https:\/\/all-car-news.com\/es\/el-ano-del-facelift-cuenta-mas-que-el-ano-del-modelo-a-la-hora-de-pedir-piezas\/"]}]},{"@type":"BreadcrumbList","@id":"https:\/\/all-car-news.com\/es\/el-ano-del-facelift-cuenta-mas-que-el-ano-del-modelo-a-la-hora-de-pedir-piezas\/#breadcrumb","itemListElement":[{"@type":"ListItem","position":1,"name":"Home","item":"https:\/\/all-car-news.com\/es\/"},{"@type":"ListItem","position":2,"name":"El a\u00f1o del facelift cuenta m\u00e1s que el a\u00f1o del modelo a la hora de pedir piezas"}]},{"@type":"WebSite","@id":"https:\/\/all-car-news.com\/es\/#website","url":"https:\/\/all-car-news.com\/es\/","name":"All cars news","description":"","publisher":{"@id":"https:\/\/all-car-news.com\/es\/#organization"},"potentialAction":[{"@type":"SearchAction","target":{"@type":"EntryPoint","urlTemplate":"https:\/\/all-car-news.com\/es\/?s={search_term_string}"},"query-input":"required name=search_term_string"}],"inLanguage":"es"},{"@type":"Organization","@id":"https:\/\/all-car-news.com\/es\/#organization","name":"All cars news","url":"https:\/\/all-car-news.com\/es\/","logo":{"@type":"ImageObject","inLanguage":"es","@id":"https:\/\/all-car-news.com\/es\/#\/schema\/logo\/image\/","url":"https:\/\/all-car-news.com\/wp-content\/uploads\/2022\/02\/CMYK-AllCarNews_LANDSCAPE_300px-1.png","contentUrl":"https:\/\/all-car-news.com\/wp-content\/uploads\/2022\/02\/CMYK-AllCarNews_LANDSCAPE_300px-1.png","width":300,"height":100,"caption":"All cars news"},"image":{"@id":"https:\/\/all-car-news.com\/es\/#\/schema\/logo\/image\/"}}]}},"_links":{"self":[{"href":"https:\/\/all-car-news.com\/es\/wp-json\/wp\/v2\/posts\/162678","targetHints":{"allow":["GET"]}}],"collection":[{"href":"https:\/\/all-car-news.com\/es\/wp-json\/wp\/v2\/posts"}],"about":[{"href":"https:\/\/all-car-news.com\/es\/wp-json\/wp\/v2\/types\/post"}],"replies":[{"embeddable":true,"href":"https:\/\/all-car-news.com\/es\/wp-json\/wp\/v2\/comments?post=162678"}],"version-history":[{"count":1,"href":"https:\/\/all-car-news.com\/es\/wp-json\/wp\/v2\/posts\/162678\/revisions"}],"predecessor-version":[{"id":162679,"href":"https:\/\/all-car-news.com\/es\/wp-json\/wp\/v2\/posts\/162678\/revisions\/162679"}],"wp:featuredmedia":[{"embeddable":true,"href":"https:\/\/all-car-news.com\/es\/wp-json\/wp\/v2\/media\/162667"}],"wp:attachment":[{"href":"https:\/\/all-car-news.com\/es\/wp-json\/wp\/v2\/media?parent=162678"}],"wp:term":[{"taxonomy":"category","embeddable":true,"href":"https:\/\/all-car-news.com\/es\/wp-json\/wp\/v2\/categories?post=162678"},{"taxonomy":"post_tag","embeddable":true,"href":"https:\/\/all-car-news.com\/es\/wp-json\/wp\/v2\/tags?post=162678"}],"curies":[{"name":"wp","href":"https:\/\/api.w.org\/{rel}","templated":true}]}}