{"id":162677,"date":"2026-04-28T15:13:45","date_gmt":"2026-04-28T15:13:45","guid":{"rendered":"https:\/\/all-car-news.com\/este-hombre-con-bigote-demasiado-mono-tuvo-un-gran-impacto-en-el-panorama-automovilistico\/"},"modified":"2026-04-28T15:13:45","modified_gmt":"2026-04-28T15:13:45","slug":"este-hombre-con-bigote-demasiado-mono-tuvo-un-gran-impacto-en-el-panorama-automovilistico","status":"publish","type":"post","link":"https:\/\/all-car-news.com\/es\/este-hombre-con-bigote-demasiado-mono-tuvo-un-gran-impacto-en-el-panorama-automovilistico\/","title":{"rendered":"Este hombre con bigote demasiado mono tuvo un gran impacto en el panorama automovil\u00edstico"},"content":{"rendered":"<h2 class=\"wp-block-heading\">Anonima Lombarda Fabbrica Automobili<\/h2>\n<p>El ingeniero y empresario Nicola Romeo, nacido en N\u00e1poles, se estableci\u00f3 en Mil\u00e1n. En 1915, se hizo cargo de Anonima Lombarda Fabbrica Automobili, o A.L.F.A. -una empresa que se hab\u00eda fundado el 24 de junio de 1910- y, tras la I Guerra Mundial, dio a la empresa de Portello una nueva misi\u00f3n: una visi\u00f3n muy concreta que tendr\u00eda \u00e9xito, destinada a dise\u00f1ar y producir \u00abcoches de turismo deportivos\u00bb de alta calidad y a desempe\u00f1ar un papel destacado en las competiciones internacionales. <\/p>\n<h2 class=\"wp-block-heading\">Colaboraci\u00f3n con Vittorio Jano y Enzo Ferrari<\/h2>\n<p>Nicola Romeo ve\u00eda la participaci\u00f3n en el automovilismo como un medio para alcanzar dos objetivos principales: promover los coches de serie y desarrollar la pericia tecnol\u00f3gica en la pista de carreras, antes de transferir las soluciones t\u00e9cnicas m\u00e1s eficaces a los \u00abcoches de turismo\u00bb. Romeo tuvo la inteligencia y la perspicacia de trabajar con hombres de talento excepcional, entre los que destacan Vittorio Jano y Enzo Ferrari. <\/p>\n<figure class=\"wp-block-image size-full\"><img loading=\"lazy\" decoding=\"async\" width=\"1240\" height=\"530\" src=\"https:\/\/autorai.nl\/wp-content\/uploads\/2026\/04\/150yearsagoNicolaRomeowasbornthemanattheoriginsofAlfaRomeo.jpg\" alt=\"\" class=\"wp-image-219746\"><\/figure>\n<h2 class=\"wp-block-heading\">Targa Florio 1923<\/h2>\n<p>Su \u00e9xito en la Targa Florio de 1923, la primera de verdadera importancia para Alfa Romeo, no bast\u00f3 a Nicola Romeo para establecer definitivamente el Biscione en las carreras. Por ello, fue Enzo Ferrari quien, a instancias de Romeo, llev\u00f3 a Mil\u00e1n a Vittorio Jano: el hombre que dise\u00f1ar\u00eda el Grand Prix \u00abP2\u00bb, el coche con el que Alfa Romeo alcanz\u00f3 la cima del deporte internacional gracias a sus victorias. Gracias en parte a los triunfos deportivos del P2, Jano se convertir\u00eda m\u00e1s tarde en director t\u00e9cnico y unos a\u00f1os m\u00e1s tarde dise\u00f1ar\u00eda primero el \u00ab6C\u00bb y luego el mundialmente famoso \u00ab8C\u00bb.  <\/p>\n<h2 class=\"wp-block-heading\">El hombre que entreg\u00f3 su alma al Biscione<\/h2>\n<p>Todo empez\u00f3 el 28 de abril de 1876, cuando Nicola Romeo naci\u00f3 en Sant&#8217;Antimo, cerca de N\u00e1poles, en el seno de una familia numerosa de medios modestos. A pesar de las dificultades econ\u00f3micas, el joven emprendedor prosigui\u00f3 sus estudios y se licenci\u00f3 en ingenier\u00eda civil y el\u00e9ctrica en N\u00e1poles y Lieja (B\u00e9lgica). Vivi\u00f3 alg\u00fan tiempo en Francia y Alemania, y luego trabaj\u00f3 para empresas brit\u00e1nicas y estadounidenses en el sector ferroviario. En 1906, fund\u00f3 su propia empresa, \u00abIng. Nicola Romeo &amp; C.\u00bb, en Mil\u00e1n, importando m\u00e1quinas desmontadas de Estados Unidos para proyectos de ingenier\u00eda civil.   <\/p>\n<figure class=\"wp-block-image size-large\"><img loading=\"lazy\" decoding=\"async\" width=\"1280\" height=\"720\" src=\"https:\/\/autorai.nl\/wp-content\/uploads\/2026\/04\/NicolaRomeoAlfaRomeoP2-1280x720.jpg\" alt=\"\" class=\"wp-image-219745\"><\/figure>\n<h2 class=\"wp-block-heading\">Inicio en la agricultura y el sector ferroviario<\/h2>\n<p>Durante la Primera Guerra Mundial, Romeo ampli\u00f3 su negocio con nuevos socios y se hizo cargo de A.L.F.A., que acababa de quebrar, e inici\u00f3 la producci\u00f3n para el esfuerzo b\u00e9lico. La aventura enriqueci\u00f3 a Romeo y en 1918 abri\u00f3 la empresa a nuevos capitales, cambi\u00f3 el nombre por el de \u00abSociet\u00e0 Anonima Italiana Nicola Romeo &amp; C.\u00bb y reorient\u00f3 de nuevo la producci\u00f3n, esta vez hacia los sectores agr\u00edcola y ferroviario. Apenas un a\u00f1o despu\u00e9s, se introdujo tambi\u00e9n en el sector del autom\u00f3vil.  <\/p>\n<h2 class=\"wp-block-heading\">Absorci\u00f3n por los bancos<\/h2>\n<p>A finales de 1921, el gobierno, a trav\u00e9s de los bancos, tom\u00f3 el control de Alfa Romeo, marcando una nueva etapa para la empresa. Nicola Romeo sigui\u00f3 siendo director general y gui\u00f3 la transici\u00f3n con su experiencia. Dimiti\u00f3 en 1928 y en 1929 fue nombrado senador del Reino, un prestigioso reconocimiento por su contribuci\u00f3n a la industria italiana. Muri\u00f3 el 15 de agosto de 1938 en Magreglio, donde se hab\u00eda retirado con su mujer y sus siete hijos, dejando tras de s\u00ed el recuerdo de una figura decidida y visionaria de la industria italiana.   <\/p>\n<h2 class=\"wp-block-heading\">Alfa Romeo<\/h2>\n<p>Hoy, los coches dise\u00f1ados y desarrollados durante el legendario periodo dirigido por Nicola Romeo siguen brillando, fascinando (y rugiendo) en el Museo Alfa Romeo de Arese y en eventos internacionales. Son testigos de una \u00e9poca de la historia del autom\u00f3vil que hizo historia. <\/p>\n","protected":false},"excerpt":{"rendered":"Anonima Lombarda Fabbrica Automobili El ingeniero y empresario Nicola Romeo, nacido en N\u00e1poles, se estableci\u00f3 en Mil\u00e1n. En 1915, se&hellip;","protected":false},"author":0,"featured_media":162661,"comment_status":"","ping_status":"open","sticky":false,"template":"","format":"standard","meta":{"footnotes":""},"categories":[129,126],"tags":[],"class_list":["post-162677","post","type-post","status-publish","format-standard","has-post-thumbnail","hentry","category-fondo","category-noticias-de-autos"],"acf":[],"yoast_head":"<!-- This site is optimized with the Yoast SEO plugin v21.2 - https:\/\/yoast.com\/wordpress\/plugins\/seo\/ -->\n<title>Este hombre con bigote demasiado mono tuvo un gran impacto en el panorama automovil\u00edstico - All cars news<\/title>\n<meta name=\"robots\" content=\"index, follow, max-snippet:-1, max-image-preview:large, max-video-preview:-1\" \/>\n<link rel=\"canonical\" href=\"https:\/\/all-car-news.com\/es\/este-hombre-con-bigote-demasiado-mono-tuvo-un-gran-impacto-en-el-panorama-automovilistico\/\" \/>\n<meta property=\"og:locale\" content=\"es_ES\" \/>\n<meta property=\"og:type\" content=\"article\" \/>\n<meta property=\"og:title\" content=\"Este hombre con bigote demasiado mono tuvo un gran impacto en el panorama automovil\u00edstico - All cars news\" \/>\n<meta property=\"og:description\" content=\"Anonima Lombarda Fabbrica Automobili El ingeniero y empresario Nicola Romeo, nacido en N\u00e1poles, se estableci\u00f3 en Mil\u00e1n. En 1915, se hizo cargo de Anonima Lombarda Fabbrica Automobili, o A.L.F.A. -empresa que hab\u00eda sido fundada el 24 de junio de 1910- y, tras la Primera Guerra Mundial, dio a la empresa con sede en Portello una nueva misi\u00f3n: crear [...]\" \/>\n<meta property=\"og:url\" content=\"https:\/\/all-car-news.com\/es\/este-hombre-con-bigote-demasiado-mono-tuvo-un-gran-impacto-en-el-panorama-automovilistico\/\" \/>\n<meta property=\"og:site_name\" content=\"All cars news\" \/>\n<meta property=\"article:published_time\" content=\"2026-04-28T15:13:45+00:00\" \/>\n<meta property=\"og:image\" content=\"https:\/\/autorai.nl\/wp-content\/uploads\/2026\/04\/150yearsagoNicolaRomeowasbornthemanattheoriginsofAlfaRomeo.jpg\" \/>\n<meta name=\"twitter:card\" content=\"summary_large_image\" \/>\n<meta name=\"twitter:label1\" content=\"Tiempo de lectura\" \/>\n\t<meta name=\"twitter:data1\" content=\"3 minutos\" \/>\n<script type=\"application\/ld+json\" class=\"yoast-schema-graph\">{\"@context\":\"https:\/\/schema.org\",\"@graph\":[{\"@type\":\"Article\",\"@id\":\"https:\/\/all-car-news.com\/es\/este-hombre-con-bigote-demasiado-mono-tuvo-un-gran-impacto-en-el-panorama-automovilistico\/#article\",\"isPartOf\":{\"@id\":\"https:\/\/all-car-news.com\/es\/este-hombre-con-bigote-demasiado-mono-tuvo-un-gran-impacto-en-el-panorama-automovilistico\/\"},\"author\":{\"name\":\"\",\"@id\":\"\"},\"headline\":\"Este hombre con bigote demasiado mono tuvo un gran impacto en el panorama automovil\u00edstico\",\"datePublished\":\"2026-04-28T15:13:45+00:00\",\"dateModified\":\"2026-04-28T15:13:45+00:00\",\"mainEntityOfPage\":{\"@id\":\"https:\/\/all-car-news.com\/es\/este-hombre-con-bigote-demasiado-mono-tuvo-un-gran-impacto-en-el-panorama-automovilistico\/\"},\"wordCount\":659,\"publisher\":{\"@id\":\"https:\/\/all-car-news.com\/es\/#organization\"},\"articleSection\":[\"Fondo\",\"noticias de autos\"],\"inLanguage\":\"es\"},{\"@type\":\"WebPage\",\"@id\":\"https:\/\/all-car-news.com\/es\/este-hombre-con-bigote-demasiado-mono-tuvo-un-gran-impacto-en-el-panorama-automovilistico\/\",\"url\":\"https:\/\/all-car-news.com\/es\/este-hombre-con-bigote-demasiado-mono-tuvo-un-gran-impacto-en-el-panorama-automovilistico\/\",\"name\":\"Este hombre con bigote demasiado mono tuvo un gran impacto en el panorama automovil\u00edstico - All cars news\",\"isPartOf\":{\"@id\":\"https:\/\/all-car-news.com\/es\/#website\"},\"datePublished\":\"2026-04-28T15:13:45+00:00\",\"dateModified\":\"2026-04-28T15:13:45+00:00\",\"breadcrumb\":{\"@id\":\"https:\/\/all-car-news.com\/es\/este-hombre-con-bigote-demasiado-mono-tuvo-un-gran-impacto-en-el-panorama-automovilistico\/#breadcrumb\"},\"inLanguage\":\"es\",\"potentialAction\":[{\"@type\":\"ReadAction\",\"target\":[\"https:\/\/all-car-news.com\/es\/este-hombre-con-bigote-demasiado-mono-tuvo-un-gran-impacto-en-el-panorama-automovilistico\/\"]}]},{\"@type\":\"BreadcrumbList\",\"@id\":\"https:\/\/all-car-news.com\/es\/este-hombre-con-bigote-demasiado-mono-tuvo-un-gran-impacto-en-el-panorama-automovilistico\/#breadcrumb\",\"itemListElement\":[{\"@type\":\"ListItem\",\"position\":1,\"name\":\"Home\",\"item\":\"https:\/\/all-car-news.com\/es\/\"},{\"@type\":\"ListItem\",\"position\":2,\"name\":\"Este hombre con bigote demasiado mono tuvo un gran impacto en el panorama automovil\u00edstico\"}]},{\"@type\":\"WebSite\",\"@id\":\"https:\/\/all-car-news.com\/es\/#website\",\"url\":\"https:\/\/all-car-news.com\/es\/\",\"name\":\"All cars news\",\"description\":\"\",\"publisher\":{\"@id\":\"https:\/\/all-car-news.com\/es\/#organization\"},\"potentialAction\":[{\"@type\":\"SearchAction\",\"target\":{\"@type\":\"EntryPoint\",\"urlTemplate\":\"https:\/\/all-car-news.com\/es\/?s={search_term_string}\"},\"query-input\":\"required name=search_term_string\"}],\"inLanguage\":\"es\"},{\"@type\":\"Organization\",\"@id\":\"https:\/\/all-car-news.com\/es\/#organization\",\"name\":\"All cars news\",\"url\":\"https:\/\/all-car-news.com\/es\/\",\"logo\":{\"@type\":\"ImageObject\",\"inLanguage\":\"es\",\"@id\":\"https:\/\/all-car-news.com\/es\/#\/schema\/logo\/image\/\",\"url\":\"https:\/\/all-car-news.com\/wp-content\/uploads\/2022\/02\/CMYK-AllCarNews_LANDSCAPE_300px-1.png\",\"contentUrl\":\"https:\/\/all-car-news.com\/wp-content\/uploads\/2022\/02\/CMYK-AllCarNews_LANDSCAPE_300px-1.png\",\"width\":300,\"height\":100,\"caption\":\"All cars news\"},\"image\":{\"@id\":\"https:\/\/all-car-news.com\/es\/#\/schema\/logo\/image\/\"}}]}<\/script>\n<!-- \/ Yoast SEO plugin. -->","yoast_head_json":{"title":"Este hombre con bigote demasiado mono tuvo un gran impacto en el panorama automovil\u00edstico - All cars news","robots":{"index":"index","follow":"follow","max-snippet":"max-snippet:-1","max-image-preview":"max-image-preview:large","max-video-preview":"max-video-preview:-1"},"canonical":"https:\/\/all-car-news.com\/es\/este-hombre-con-bigote-demasiado-mono-tuvo-un-gran-impacto-en-el-panorama-automovilistico\/","og_locale":"es_ES","og_type":"article","og_title":"Este hombre con bigote demasiado mono tuvo un gran impacto en el panorama automovil\u00edstico - All cars news","og_description":"Anonima Lombarda Fabbrica Automobili El ingeniero y empresario Nicola Romeo, nacido en N\u00e1poles, se estableci\u00f3 en Mil\u00e1n. En 1915, se hizo cargo de Anonima Lombarda Fabbrica Automobili, o A.L.F.A. -empresa que hab\u00eda sido fundada el 24 de junio de 1910- y, tras la Primera Guerra Mundial, dio a la empresa con sede en Portello una nueva misi\u00f3n: crear [...]","og_url":"https:\/\/all-car-news.com\/es\/este-hombre-con-bigote-demasiado-mono-tuvo-un-gran-impacto-en-el-panorama-automovilistico\/","og_site_name":"All cars news","article_published_time":"2026-04-28T15:13:45+00:00","og_image":[{"url":"https:\/\/autorai.nl\/wp-content\/uploads\/2026\/04\/150yearsagoNicolaRomeowasbornthemanattheoriginsofAlfaRomeo.jpg"}],"twitter_card":"summary_large_image","twitter_misc":{"Tiempo de lectura":"3 minutos"},"schema":{"@context":"https:\/\/schema.org","@graph":[{"@type":"Article","@id":"https:\/\/all-car-news.com\/es\/este-hombre-con-bigote-demasiado-mono-tuvo-un-gran-impacto-en-el-panorama-automovilistico\/#article","isPartOf":{"@id":"https:\/\/all-car-news.com\/es\/este-hombre-con-bigote-demasiado-mono-tuvo-un-gran-impacto-en-el-panorama-automovilistico\/"},"author":{"name":"","@id":""},"headline":"Este hombre con bigote demasiado mono tuvo un gran impacto en el panorama automovil\u00edstico","datePublished":"2026-04-28T15:13:45+00:00","dateModified":"2026-04-28T15:13:45+00:00","mainEntityOfPage":{"@id":"https:\/\/all-car-news.com\/es\/este-hombre-con-bigote-demasiado-mono-tuvo-un-gran-impacto-en-el-panorama-automovilistico\/"},"wordCount":659,"publisher":{"@id":"https:\/\/all-car-news.com\/es\/#organization"},"articleSection":["Fondo","noticias de autos"],"inLanguage":"es"},{"@type":"WebPage","@id":"https:\/\/all-car-news.com\/es\/este-hombre-con-bigote-demasiado-mono-tuvo-un-gran-impacto-en-el-panorama-automovilistico\/","url":"https:\/\/all-car-news.com\/es\/este-hombre-con-bigote-demasiado-mono-tuvo-un-gran-impacto-en-el-panorama-automovilistico\/","name":"Este hombre con bigote demasiado mono tuvo un gran impacto en el panorama automovil\u00edstico - All cars news","isPartOf":{"@id":"https:\/\/all-car-news.com\/es\/#website"},"datePublished":"2026-04-28T15:13:45+00:00","dateModified":"2026-04-28T15:13:45+00:00","breadcrumb":{"@id":"https:\/\/all-car-news.com\/es\/este-hombre-con-bigote-demasiado-mono-tuvo-un-gran-impacto-en-el-panorama-automovilistico\/#breadcrumb"},"inLanguage":"es","potentialAction":[{"@type":"ReadAction","target":["https:\/\/all-car-news.com\/es\/este-hombre-con-bigote-demasiado-mono-tuvo-un-gran-impacto-en-el-panorama-automovilistico\/"]}]},{"@type":"BreadcrumbList","@id":"https:\/\/all-car-news.com\/es\/este-hombre-con-bigote-demasiado-mono-tuvo-un-gran-impacto-en-el-panorama-automovilistico\/#breadcrumb","itemListElement":[{"@type":"ListItem","position":1,"name":"Home","item":"https:\/\/all-car-news.com\/es\/"},{"@type":"ListItem","position":2,"name":"Este hombre con bigote demasiado mono tuvo un gran impacto en el panorama automovil\u00edstico"}]},{"@type":"WebSite","@id":"https:\/\/all-car-news.com\/es\/#website","url":"https:\/\/all-car-news.com\/es\/","name":"All cars news","description":"","publisher":{"@id":"https:\/\/all-car-news.com\/es\/#organization"},"potentialAction":[{"@type":"SearchAction","target":{"@type":"EntryPoint","urlTemplate":"https:\/\/all-car-news.com\/es\/?s={search_term_string}"},"query-input":"required name=search_term_string"}],"inLanguage":"es"},{"@type":"Organization","@id":"https:\/\/all-car-news.com\/es\/#organization","name":"All cars news","url":"https:\/\/all-car-news.com\/es\/","logo":{"@type":"ImageObject","inLanguage":"es","@id":"https:\/\/all-car-news.com\/es\/#\/schema\/logo\/image\/","url":"https:\/\/all-car-news.com\/wp-content\/uploads\/2022\/02\/CMYK-AllCarNews_LANDSCAPE_300px-1.png","contentUrl":"https:\/\/all-car-news.com\/wp-content\/uploads\/2022\/02\/CMYK-AllCarNews_LANDSCAPE_300px-1.png","width":300,"height":100,"caption":"All cars news"},"image":{"@id":"https:\/\/all-car-news.com\/es\/#\/schema\/logo\/image\/"}}]}},"_links":{"self":[{"href":"https:\/\/all-car-news.com\/es\/wp-json\/wp\/v2\/posts\/162677","targetHints":{"allow":["GET"]}}],"collection":[{"href":"https:\/\/all-car-news.com\/es\/wp-json\/wp\/v2\/posts"}],"about":[{"href":"https:\/\/all-car-news.com\/es\/wp-json\/wp\/v2\/types\/post"}],"replies":[{"embeddable":true,"href":"https:\/\/all-car-news.com\/es\/wp-json\/wp\/v2\/comments?post=162677"}],"version-history":[{"count":0,"href":"https:\/\/all-car-news.com\/es\/wp-json\/wp\/v2\/posts\/162677\/revisions"}],"wp:featuredmedia":[{"embeddable":true,"href":"https:\/\/all-car-news.com\/es\/wp-json\/wp\/v2\/media\/162661"}],"wp:attachment":[{"href":"https:\/\/all-car-news.com\/es\/wp-json\/wp\/v2\/media?parent=162677"}],"wp:term":[{"taxonomy":"category","embeddable":true,"href":"https:\/\/all-car-news.com\/es\/wp-json\/wp\/v2\/categories?post=162677"},{"taxonomy":"post_tag","embeddable":true,"href":"https:\/\/all-car-news.com\/es\/wp-json\/wp\/v2\/tags?post=162677"}],"curies":[{"name":"wp","href":"https:\/\/api.w.org\/{rel}","templated":true}]}}