{"id":162670,"date":"2026-04-29T12:58:29","date_gmt":"2026-04-29T12:58:29","guid":{"rendered":"https:\/\/all-car-news.com\/identificacion-de-volkswagen-el-polo-cuesta-a-partir-de-25-000-euros-pero-quieres-esa-version-basica\/"},"modified":"2026-04-29T12:58:29","modified_gmt":"2026-04-29T12:58:29","slug":"identificacion-de-volkswagen-el-polo-cuesta-a-partir-de-25-000-euros-pero-quieres-esa-version-basica","status":"publish","type":"post","link":"https:\/\/all-car-news.com\/es\/identificacion-de-volkswagen-el-polo-cuesta-a-partir-de-25-000-euros-pero-quieres-esa-version-basica\/","title":{"rendered":"Identificaci\u00f3n de Volkswagen. El Polo cuesta a partir de 25.000 euros, pero \u00bfquieres esa versi\u00f3n b\u00e1sica?"},"content":{"rendered":"<h2 class=\"wp-block-heading\">Identificaci\u00f3n de Volkswagen. Polo: Puro Positivo<\/h2>\n<p>El Volkswagen ID. El Polo es el primer modelo de producci\u00f3n moldeado seg\u00fan el nuevo lenguaje de dise\u00f1o de Volkswagen, conocido internamente como \u00abPure Positive\u00bb. El equipo de dise\u00f1o, dirigido por Andreas Mindt, opt\u00f3 por un aspecto reconocible y accesible. El dise\u00f1o se hace eco de modelos anteriores de la marca, con sutiles referencias a coches ic\u00f3nicos del pasado. Por ejemplo, el pilar C est\u00e1 inspirado en el del Golf de primera generaci\u00f3n. La parte delantera parece amable y despejada, mientras que la trasera da una impresi\u00f3n de solidez. El conjunto conforma un dise\u00f1o claramente acorde con la identidad de Volkswagen y, al mismo tiempo, encaja en los tiempos actuales.     <\/p>\n<h2 class=\"wp-block-heading\">Plataforma EIA<\/h2>\n<p>Bajo la piel, el ID. Polo utiliza la plataforma MEB+, una evoluci\u00f3n de la plataforma el\u00e9ctrica modular de Volkswagen. Esta plataforma permite un uso m\u00e1s eficiente del espacio disponible. A pesar de sus compactas dimensiones exteriores, el coche ofrece un espacio interior relativamente amplio. Esto se aprecia, entre otras cosas, en el maletero, que tiene una capacidad de 441 litros. El coche mide 4.053 mil\u00edmetros de longitud, 1.816 mil\u00edmetros de anchura y 1.530 mil\u00edmetros de altura. La distancia entre ejes es de 2.600 mil\u00edmetros, lo que aumenta el espacio interior.      <\/p>\n<figure class=\"wp-block-table is-style-stripes\">\n<table class=\"has-fixed-layout\">\n<tbody>\n<tr>\n<td colspan=\"2\"><strong>Datos t\u00e9cnicos<\/strong><\/td>\n<\/tr>\n<tr>\n<td><strong>Tracci\u00f3n<\/strong><\/td>\n<td>MEB+, tracci\u00f3n delantera<\/td>\n<\/tr>\n<tr>\n<td><strong>Longitud\/anchura\/altura\/ distancia entre ejes<\/strong><\/td>\n<td>4.053\/1.816\/1.530\/2.600 mm<\/td>\n<\/tr>\n<tr>\n<td><strong>Peso en orden de marcha UE m\u00edn. <\/strong><\/td>\n<td>desde 1.568 kg (37 kWh)\/desde 1.576 kg (52 kWh)<\/td>\n<\/tr>\n<\/tbody>\n<\/table>\n<\/figure>\n<figure class=\"wp-block-image size-large\"><img loading=\"lazy\" decoding=\"async\" width=\"1280\" height=\"720\" src=\"https:\/\/autorai.nl\/wp-content\/uploads\/2026\/04\/volkswagen-id-polo-2026-onthulling-foto3-1280x720.jpg\" alt=\"Volkswagen ID.Polo\" class=\"wp-image-219827\"><figcaption class=\"wp-element-caption\">Volkswagen ID.Polo<\/figcaption><\/figure>\n<h2 class=\"wp-block-heading\">Interior Volkswagen ID. Polo<\/h2>\n<p>El nuevo lenguaje de dise\u00f1o tambi\u00e9n se ha implementado en el interior. Volkswagen ha elegido una disposici\u00f3n que resulta familiar de inmediato. Los botones y diales f\u00edsicos desempe\u00f1an un papel importante. Garantizan que muchas funciones puedan manejarse f\u00e1cilmente y sin distracciones. Al mismo tiempo, se ha prestado atenci\u00f3n a los elementos digitales, como las pantallas situadas en una l\u00ednea visual. Un detalle llamativo es la llamada \u00abpantalla retro\u00bb, cuyo dise\u00f1o remite a los instrumentos de los modelos Volkswagen m\u00e1s antiguos. Tambi\u00e9n est\u00e1 el ID. Light, una banda luminosa que proporciona informaci\u00f3n sobre, por ejemplo, la navegaci\u00f3n y las advertencias. No s\u00f3lo recorre el salpicadero, sino que tambi\u00e9n est\u00e1 incorporada en las puertas.        <\/p>\n<figure class=\"wp-block-image size-large\"><img loading=\"lazy\" decoding=\"async\" width=\"1280\" height=\"720\" src=\"https:\/\/autorai.nl\/wp-content\/uploads\/2026\/04\/volkswagen-id-polo-2026-onthulling-foto21-1280x720.jpg\" alt=\"Interior Volkswagen ID.Polo\" class=\"wp-image-219845\"><figcaption class=\"wp-element-caption\">Interior Volkswagen ID.Polo<\/figcaption><\/figure>\n<h2 class=\"wp-block-heading\">Trenes motrices<\/h2>\n<p>El ID. Polo estar\u00e1 disponible con distintas cadenas cinem\u00e1ticas. Los compradores podr\u00e1n elegir entre potencias de 85 kW (116 CV), 99 kW (135 CV) y 155 kW (211 CV). M\u00e1s adelante habr\u00e1 una variante GTI con 166 kW (226 CV). Todas las versiones incorporan un paquete de bater\u00edas desarrollado espec\u00edficamente para este modelo. Las versiones b\u00e1sicas de 85 kW y 99 kW incorporan una bater\u00eda de 37 kWh (netos), basada en la tecnolog\u00eda LFP. Se puede cargar en cargadores r\u00e1pidos de hasta 90 kW. Seg\u00fan cifras preliminares, es posible una autonom\u00eda de hasta 329 kil\u00f3metros seg\u00fan el ciclo WLTP.       <\/p>\n<h2 class=\"wp-block-heading\">52 kWh NMC<\/h2>\n<p>Las variantes m\u00e1s potentes disponen de un paquete de bater\u00edas de 52 kWh (netos), basado en la tecnolog\u00eda NMC. Con ello se consigue una autonom\u00eda de hasta unos 454 kil\u00f3metros, tambi\u00e9n seg\u00fan datos preliminares WLTP. La potencia m\u00e1xima de carga r\u00e1pida es de 105 kW. Aunque sobre el papel no parece excepcionalmente alta, la curva de carga desempe\u00f1a un papel importante. Con una velocidad de carga relativamente constante, la bater\u00eda puede cargarse del 10% al 80% en unos 24 minutos.    <\/p>\n<figure class=\"wp-block-image size-large\"><img loading=\"lazy\" decoding=\"async\" width=\"1280\" height=\"720\" src=\"https:\/\/autorai.nl\/wp-content\/uploads\/2026\/04\/volkswagen-id-polo-2026-onthulling-foto10-1280x720.jpg\" alt=\"\" class=\"wp-image-219834\"><\/figure>\n<h2 class=\"wp-block-heading\">Funci\u00f3n veh\u00edculo-carga<\/h2>\n<p>Adem\u00e1s de las cadenas cinem\u00e1ticas, el ID. Polo tambi\u00e9n ofrece varias caracter\u00edsticas tecnol\u00f3gicas que contribuyen al uso cotidiano. Un ejemplo es la funci\u00f3n Veh\u00edculo a Carga, que permite alimentar dispositivos externos. Piensa en una bicicleta el\u00e9ctrica o un ordenador port\u00e1til. Los sistemas de asistencia a la conducci\u00f3n tambi\u00e9n est\u00e1n presentes, como el Asistente de Viaje Conectado. Este sistema utiliza datos en l\u00ednea y puede reconocer sem\u00e1foros, entre otras cosas. Adem\u00e1s, es posible la conducci\u00f3n monopedal, en la que el coche puede manejarse en gran medida con el pedal del acelerador. Dependiendo de la versi\u00f3n, el ID. Polo tambi\u00e9n puede arrastrar un remolque de hasta 1.200 kg.        <\/p>\n<h2 class=\"wp-block-heading\">Tendencia, Vida y Estilo<\/h2>\n<p>Volkswagen ofrece el ID. Polo en tres acabados conocidos: Trend, Life y Style. La <strong>versi\u00f3n Trend<\/strong> constituye la base y ya est\u00e1 equipada con una serie de caracter\u00edsticas pr\u00e1cticas y orientadas al confort. Piensa en faros LED con asistente de luz de carretera, un cuadro de instrumentos digital, un sistema de infoentretenimiento con pantalla de 10 pulgadas y aire acondicionado autom\u00e1tico. Los sensores de aparcamiento traseros y varios sistemas de asistencia al conductor tambi\u00e9n vienen de serie.    <\/p>\n<p>La <strong>versi\u00f3n Life<\/strong> a\u00f1ade caracter\u00edsticas adicionales en t\u00e9rminos de confort y comodidad. Por ejemplo, esta versi\u00f3n cuenta con Control de Crucero Adaptativo, c\u00e1mara de visi\u00f3n trasera y sensores de aparcamiento delanteros adicionales. Tambi\u00e9n se incluyen funciones digitales como la integraci\u00f3n de smartphones mediante Apple CarPlay y Android Auto. Tambi\u00e9n hay un piso de maletero variable, que aumenta la practicidad.   <\/p>\n<p>La <strong>versi\u00f3n Style<\/strong> se centra m\u00e1s en el acabado y el equipamiento extra. Esta versi\u00f3n incluye faros LED matriciales, luces traseras LED 3D y un logotipo iluminado delante y detr\u00e1s. Las llantas de aleaci\u00f3n de 17 pulgadas tambi\u00e9n forman parte del equipamiento de serie. El interior cuenta con asientos deportivos, iluminaci\u00f3n ambiental y elementos de confort adicionales, como calefacci\u00f3n en los asientos y el volante y climatizador autom\u00e1tico de dos zonas.   <\/p>\n<figure class=\"wp-block-image size-large\"><img loading=\"lazy\" decoding=\"async\" width=\"1280\" height=\"720\" src=\"https:\/\/autorai.nl\/wp-content\/uploads\/2026\/04\/volkswagen-id-polo-2026-onthulling-foto28-1280x720.jpg\" alt=\"Volkswagen ID.Polo\" class=\"wp-image-219852\"><figcaption class=\"wp-element-caption\">Volkswagen ID.Polo<\/figcaption><\/figure>\n<h2 class=\"wp-block-heading\">Paquetes adicionales<\/h2>\n<p>Para los que quieren opciones extra, Volkswagen ofrece paquetes adicionales. \u00c9stos se centran en la tecnolog\u00eda y el confort. Por ejemplo, hay disponible un sistema de audio Harman Kardon con varios altavoces y un subwoofer. Un techo panor\u00e1mico tambi\u00e9n est\u00e1 entre las opciones. Una opci\u00f3n destacada en este segmento es la funci\u00f3n de masaje para los asientos delanteros, que son de ajuste el\u00e9ctrico.    <\/p>\n<h2 class=\"wp-block-heading\">Versi\u00f3n b\u00e1sica Volkswagen ID. \u00bfPolo una buena elecci\u00f3n? <\/h2>\n<p>La gran pregunta: \u00bfquieres la versi\u00f3n base del Volkswagen ID. Polo? \u00bfO ser\u00eda mejor que ahorraras para una variante con un pack de bater\u00edas m\u00e1s grande? \u00bfCu\u00e1l es la mejor opci\u00f3n? La versi\u00f3n base suena atractiva sobre el papel, pero tienes que verla en el contexto adecuado. Al fin y al cabo, la diferencia entre LFP y NMC aqu\u00ed determina c\u00f3mo utilizas el coche en la pr\u00e1ctica.     <\/p>\n<p>La versi\u00f3n b\u00e1sica con 37 kWh y bater\u00eda LFP es especialmente interesante si utilizas el coche como muchos holandeses: viajes cortos, desplazamientos al trabajo, compras, salidas ocasionales. En este caso, obtienes unos 329 kil\u00f3metros de autonom\u00eda, un precio de compra relativamente m\u00e1s bajo y la qu\u00edmica LFP (robusta, duradera, impunemente recargable al 100%). La LFP tambi\u00e9n es menos propensa al desgaste a largo plazo. Pero tambi\u00e9n tiene inconvenientes, como una menor densidad energ\u00e9tica y, por tanto, una menor autonom\u00eda. La bater\u00eda m\u00e1s peque\u00f1a est\u00e1 bien si conduces poco o puedes cargarla en casa\/trabajo.    <\/p>\n<p>A continuaci\u00f3n, la bater\u00eda NCM de 52 kWh, m\u00e1s cara. Esto cambia el coche por completo. En este caso obtienes hasta 454 kil\u00f3metros de autonom\u00eda, m\u00e1s potencia y el coche es m\u00e1s utilizable para viajes m\u00e1s largos. La tecnolog\u00eda NMC tiene una mayor densidad energ\u00e9tica y ofrece mejores prestaciones, pero no puedes cargar impunemente al 100%. En otras palabras, la bater\u00eda es ligeramente m\u00e1s susceptible a la degradaci\u00f3n cuando se carga al 100% estructuralmente (por lo que cargar al 80-90% m\u00e1s a menudo es mejor). La versi\u00f3n base no es necesariamente \u00abla elecci\u00f3n equivocada\u00bb, sino una elecci\u00f3n consciente.     <\/p>\n<h2 class=\"wp-block-heading\">Garant\u00eda<\/h2>\n<p>En t\u00e9rminos de servicio y garant\u00eda, el ID. Polo sigue la l\u00ednea de otros modelos el\u00e9ctricos de Volkswagen. El coche viene con cinco a\u00f1os de servicio. El paquete de bater\u00edas est\u00e1 garantizado durante ocho a\u00f1os o un m\u00e1ximo de 160.000 kil\u00f3metros. Adem\u00e1s, dispone de asistencia en carretera en Europa, disponible d\u00eda y noche. En caso de problema t\u00e9cnico, se presta asistencia en pocas horas.     <\/p>\n<h2 class=\"wp-block-heading\">Fabricado en Espa\u00f1a<\/h2>\n<p>El desarrollo y dise\u00f1o del ID. Polo tuvo lugar en Wolfsburgo, mientras que la producci\u00f3n se realiza en Espa\u00f1a. De este modo, Volkswagen combina la ingenier\u00eda alemana con la capacidad de producci\u00f3n europea. Con esta nueva variante el\u00e9ctrica del Polo, la marca apuesta por un modelo que responde a la creciente demanda de coches el\u00e9ctricos compactos, sin renunciar a las caracter\u00edsticas que el nombre Polo ha ido acumulando a lo largo de los a\u00f1os.   <\/p><\/p>\n","protected":false},"excerpt":{"rendered":"Identificaci\u00f3n de Volkswagen. Polo: Puro Positivo El Volkswagen ID. Polo es el primer modelo de producci\u00f3n dise\u00f1ado seg\u00fan el nuevo&hellip;","protected":false},"author":0,"featured_media":162643,"comment_status":"","ping_status":"open","sticky":false,"template":"","format":"standard","meta":{"footnotes":""},"categories":[126],"tags":[],"class_list":["post-162670","post","type-post","status-publish","format-standard","has-post-thumbnail","hentry","category-noticias-de-autos"],"acf":[],"yoast_head":"<!-- This site is optimized with the Yoast SEO plugin v21.2 - https:\/\/yoast.com\/wordpress\/plugins\/seo\/ -->\n<title>Identificaci\u00f3n de Volkswagen. El Polo cuesta a partir de 25.000 euros, pero \u00bfquieres esa versi\u00f3n b\u00e1sica? - All cars news<\/title>\n<meta name=\"robots\" content=\"index, follow, max-snippet:-1, max-image-preview:large, max-video-preview:-1\" \/>\n<link rel=\"canonical\" href=\"https:\/\/all-car-news.com\/es\/identificacion-de-volkswagen-el-polo-cuesta-a-partir-de-25-000-euros-pero-quieres-esa-version-basica\/\" \/>\n<meta property=\"og:locale\" content=\"es_ES\" \/>\n<meta property=\"og:type\" content=\"article\" \/>\n<meta property=\"og:title\" content=\"Identificaci\u00f3n de Volkswagen. El Polo cuesta a partir de 25.000 euros, pero \u00bfquieres esa versi\u00f3n b\u00e1sica? - All cars news\" \/>\n<meta property=\"og:description\" content=\"Identificaci\u00f3n de Volkswagen. Polo: Puro Positivo El Volkswagen ID. Polo es el primer modelo de producci\u00f3n dise\u00f1ado seg\u00fan el nuevo lenguaje de dise\u00f1o de Volkswagen, conocido internamente como &quot;Puro Positivo&quot;. El equipo de dise\u00f1o, dirigido por Andreas Mindt, opt\u00f3 por un aspecto reconocible y accesible. El dise\u00f1o sigue la l\u00ednea de los modelos anteriores de la marca, con sutiles [...]\" \/>\n<meta property=\"og:url\" content=\"https:\/\/all-car-news.com\/es\/identificacion-de-volkswagen-el-polo-cuesta-a-partir-de-25-000-euros-pero-quieres-esa-version-basica\/\" \/>\n<meta property=\"og:site_name\" content=\"All cars news\" \/>\n<meta property=\"article:published_time\" content=\"2026-04-29T12:58:29+00:00\" \/>\n<meta property=\"og:image\" content=\"https:\/\/autorai.nl\/wp-content\/uploads\/2026\/04\/volkswagen-id-polo-2026-onthulling-foto3-1280x720.jpg\" \/>\n<meta name=\"twitter:card\" content=\"summary_large_image\" \/>\n<meta name=\"twitter:label1\" content=\"Tiempo de lectura\" \/>\n\t<meta name=\"twitter:data1\" content=\"7 minutos\" \/>\n<script type=\"application\/ld+json\" class=\"yoast-schema-graph\">{\"@context\":\"https:\/\/schema.org\",\"@graph\":[{\"@type\":\"Article\",\"@id\":\"https:\/\/all-car-news.com\/es\/identificacion-de-volkswagen-el-polo-cuesta-a-partir-de-25-000-euros-pero-quieres-esa-version-basica\/#article\",\"isPartOf\":{\"@id\":\"https:\/\/all-car-news.com\/es\/identificacion-de-volkswagen-el-polo-cuesta-a-partir-de-25-000-euros-pero-quieres-esa-version-basica\/\"},\"author\":{\"name\":\"\",\"@id\":\"\"},\"headline\":\"Identificaci\u00f3n de Volkswagen. El Polo cuesta a partir de 25.000 euros, pero \u00bfquieres esa versi\u00f3n b\u00e1sica?\",\"datePublished\":\"2026-04-29T12:58:29+00:00\",\"dateModified\":\"2026-04-29T12:58:29+00:00\",\"mainEntityOfPage\":{\"@id\":\"https:\/\/all-car-news.com\/es\/identificacion-de-volkswagen-el-polo-cuesta-a-partir-de-25-000-euros-pero-quieres-esa-version-basica\/\"},\"wordCount\":1495,\"publisher\":{\"@id\":\"https:\/\/all-car-news.com\/es\/#organization\"},\"articleSection\":[\"noticias de autos\"],\"inLanguage\":\"es\"},{\"@type\":\"WebPage\",\"@id\":\"https:\/\/all-car-news.com\/es\/identificacion-de-volkswagen-el-polo-cuesta-a-partir-de-25-000-euros-pero-quieres-esa-version-basica\/\",\"url\":\"https:\/\/all-car-news.com\/es\/identificacion-de-volkswagen-el-polo-cuesta-a-partir-de-25-000-euros-pero-quieres-esa-version-basica\/\",\"name\":\"Identificaci\u00f3n de Volkswagen. El Polo cuesta a partir de 25.000 euros, pero \u00bfquieres esa versi\u00f3n b\u00e1sica? - All cars news\",\"isPartOf\":{\"@id\":\"https:\/\/all-car-news.com\/es\/#website\"},\"datePublished\":\"2026-04-29T12:58:29+00:00\",\"dateModified\":\"2026-04-29T12:58:29+00:00\",\"breadcrumb\":{\"@id\":\"https:\/\/all-car-news.com\/es\/identificacion-de-volkswagen-el-polo-cuesta-a-partir-de-25-000-euros-pero-quieres-esa-version-basica\/#breadcrumb\"},\"inLanguage\":\"es\",\"potentialAction\":[{\"@type\":\"ReadAction\",\"target\":[\"https:\/\/all-car-news.com\/es\/identificacion-de-volkswagen-el-polo-cuesta-a-partir-de-25-000-euros-pero-quieres-esa-version-basica\/\"]}]},{\"@type\":\"BreadcrumbList\",\"@id\":\"https:\/\/all-car-news.com\/es\/identificacion-de-volkswagen-el-polo-cuesta-a-partir-de-25-000-euros-pero-quieres-esa-version-basica\/#breadcrumb\",\"itemListElement\":[{\"@type\":\"ListItem\",\"position\":1,\"name\":\"Home\",\"item\":\"https:\/\/all-car-news.com\/es\/\"},{\"@type\":\"ListItem\",\"position\":2,\"name\":\"Identificaci\u00f3n de Volkswagen. El Polo cuesta a partir de 25.000 euros, pero \u00bfquieres esa versi\u00f3n b\u00e1sica?\"}]},{\"@type\":\"WebSite\",\"@id\":\"https:\/\/all-car-news.com\/es\/#website\",\"url\":\"https:\/\/all-car-news.com\/es\/\",\"name\":\"All cars news\",\"description\":\"\",\"publisher\":{\"@id\":\"https:\/\/all-car-news.com\/es\/#organization\"},\"potentialAction\":[{\"@type\":\"SearchAction\",\"target\":{\"@type\":\"EntryPoint\",\"urlTemplate\":\"https:\/\/all-car-news.com\/es\/?s={search_term_string}\"},\"query-input\":\"required name=search_term_string\"}],\"inLanguage\":\"es\"},{\"@type\":\"Organization\",\"@id\":\"https:\/\/all-car-news.com\/es\/#organization\",\"name\":\"All cars news\",\"url\":\"https:\/\/all-car-news.com\/es\/\",\"logo\":{\"@type\":\"ImageObject\",\"inLanguage\":\"es\",\"@id\":\"https:\/\/all-car-news.com\/es\/#\/schema\/logo\/image\/\",\"url\":\"https:\/\/all-car-news.com\/wp-content\/uploads\/2022\/02\/CMYK-AllCarNews_LANDSCAPE_300px-1.png\",\"contentUrl\":\"https:\/\/all-car-news.com\/wp-content\/uploads\/2022\/02\/CMYK-AllCarNews_LANDSCAPE_300px-1.png\",\"width\":300,\"height\":100,\"caption\":\"All cars news\"},\"image\":{\"@id\":\"https:\/\/all-car-news.com\/es\/#\/schema\/logo\/image\/\"}}]}<\/script>\n<!-- \/ Yoast SEO plugin. -->","yoast_head_json":{"title":"Identificaci\u00f3n de Volkswagen. El Polo cuesta a partir de 25.000 euros, pero \u00bfquieres esa versi\u00f3n b\u00e1sica? - All cars news","robots":{"index":"index","follow":"follow","max-snippet":"max-snippet:-1","max-image-preview":"max-image-preview:large","max-video-preview":"max-video-preview:-1"},"canonical":"https:\/\/all-car-news.com\/es\/identificacion-de-volkswagen-el-polo-cuesta-a-partir-de-25-000-euros-pero-quieres-esa-version-basica\/","og_locale":"es_ES","og_type":"article","og_title":"Identificaci\u00f3n de Volkswagen. El Polo cuesta a partir de 25.000 euros, pero \u00bfquieres esa versi\u00f3n b\u00e1sica? - All cars news","og_description":"Identificaci\u00f3n de Volkswagen. Polo: Puro Positivo El Volkswagen ID. Polo es el primer modelo de producci\u00f3n dise\u00f1ado seg\u00fan el nuevo lenguaje de dise\u00f1o de Volkswagen, conocido internamente como \"Puro Positivo\". El equipo de dise\u00f1o, dirigido por Andreas Mindt, opt\u00f3 por un aspecto reconocible y accesible. El dise\u00f1o sigue la l\u00ednea de los modelos anteriores de la marca, con sutiles [...]","og_url":"https:\/\/all-car-news.com\/es\/identificacion-de-volkswagen-el-polo-cuesta-a-partir-de-25-000-euros-pero-quieres-esa-version-basica\/","og_site_name":"All cars news","article_published_time":"2026-04-29T12:58:29+00:00","og_image":[{"url":"https:\/\/autorai.nl\/wp-content\/uploads\/2026\/04\/volkswagen-id-polo-2026-onthulling-foto3-1280x720.jpg"}],"twitter_card":"summary_large_image","twitter_misc":{"Tiempo de lectura":"7 minutos"},"schema":{"@context":"https:\/\/schema.org","@graph":[{"@type":"Article","@id":"https:\/\/all-car-news.com\/es\/identificacion-de-volkswagen-el-polo-cuesta-a-partir-de-25-000-euros-pero-quieres-esa-version-basica\/#article","isPartOf":{"@id":"https:\/\/all-car-news.com\/es\/identificacion-de-volkswagen-el-polo-cuesta-a-partir-de-25-000-euros-pero-quieres-esa-version-basica\/"},"author":{"name":"","@id":""},"headline":"Identificaci\u00f3n de Volkswagen. El Polo cuesta a partir de 25.000 euros, pero \u00bfquieres esa versi\u00f3n b\u00e1sica?","datePublished":"2026-04-29T12:58:29+00:00","dateModified":"2026-04-29T12:58:29+00:00","mainEntityOfPage":{"@id":"https:\/\/all-car-news.com\/es\/identificacion-de-volkswagen-el-polo-cuesta-a-partir-de-25-000-euros-pero-quieres-esa-version-basica\/"},"wordCount":1495,"publisher":{"@id":"https:\/\/all-car-news.com\/es\/#organization"},"articleSection":["noticias de autos"],"inLanguage":"es"},{"@type":"WebPage","@id":"https:\/\/all-car-news.com\/es\/identificacion-de-volkswagen-el-polo-cuesta-a-partir-de-25-000-euros-pero-quieres-esa-version-basica\/","url":"https:\/\/all-car-news.com\/es\/identificacion-de-volkswagen-el-polo-cuesta-a-partir-de-25-000-euros-pero-quieres-esa-version-basica\/","name":"Identificaci\u00f3n de Volkswagen. El Polo cuesta a partir de 25.000 euros, pero \u00bfquieres esa versi\u00f3n b\u00e1sica? - All cars news","isPartOf":{"@id":"https:\/\/all-car-news.com\/es\/#website"},"datePublished":"2026-04-29T12:58:29+00:00","dateModified":"2026-04-29T12:58:29+00:00","breadcrumb":{"@id":"https:\/\/all-car-news.com\/es\/identificacion-de-volkswagen-el-polo-cuesta-a-partir-de-25-000-euros-pero-quieres-esa-version-basica\/#breadcrumb"},"inLanguage":"es","potentialAction":[{"@type":"ReadAction","target":["https:\/\/all-car-news.com\/es\/identificacion-de-volkswagen-el-polo-cuesta-a-partir-de-25-000-euros-pero-quieres-esa-version-basica\/"]}]},{"@type":"BreadcrumbList","@id":"https:\/\/all-car-news.com\/es\/identificacion-de-volkswagen-el-polo-cuesta-a-partir-de-25-000-euros-pero-quieres-esa-version-basica\/#breadcrumb","itemListElement":[{"@type":"ListItem","position":1,"name":"Home","item":"https:\/\/all-car-news.com\/es\/"},{"@type":"ListItem","position":2,"name":"Identificaci\u00f3n de Volkswagen. El Polo cuesta a partir de 25.000 euros, pero \u00bfquieres esa versi\u00f3n b\u00e1sica?"}]},{"@type":"WebSite","@id":"https:\/\/all-car-news.com\/es\/#website","url":"https:\/\/all-car-news.com\/es\/","name":"All cars news","description":"","publisher":{"@id":"https:\/\/all-car-news.com\/es\/#organization"},"potentialAction":[{"@type":"SearchAction","target":{"@type":"EntryPoint","urlTemplate":"https:\/\/all-car-news.com\/es\/?s={search_term_string}"},"query-input":"required name=search_term_string"}],"inLanguage":"es"},{"@type":"Organization","@id":"https:\/\/all-car-news.com\/es\/#organization","name":"All cars news","url":"https:\/\/all-car-news.com\/es\/","logo":{"@type":"ImageObject","inLanguage":"es","@id":"https:\/\/all-car-news.com\/es\/#\/schema\/logo\/image\/","url":"https:\/\/all-car-news.com\/wp-content\/uploads\/2022\/02\/CMYK-AllCarNews_LANDSCAPE_300px-1.png","contentUrl":"https:\/\/all-car-news.com\/wp-content\/uploads\/2022\/02\/CMYK-AllCarNews_LANDSCAPE_300px-1.png","width":300,"height":100,"caption":"All cars news"},"image":{"@id":"https:\/\/all-car-news.com\/es\/#\/schema\/logo\/image\/"}}]}},"_links":{"self":[{"href":"https:\/\/all-car-news.com\/es\/wp-json\/wp\/v2\/posts\/162670","targetHints":{"allow":["GET"]}}],"collection":[{"href":"https:\/\/all-car-news.com\/es\/wp-json\/wp\/v2\/posts"}],"about":[{"href":"https:\/\/all-car-news.com\/es\/wp-json\/wp\/v2\/types\/post"}],"replies":[{"embeddable":true,"href":"https:\/\/all-car-news.com\/es\/wp-json\/wp\/v2\/comments?post=162670"}],"version-history":[{"count":0,"href":"https:\/\/all-car-news.com\/es\/wp-json\/wp\/v2\/posts\/162670\/revisions"}],"wp:featuredmedia":[{"embeddable":true,"href":"https:\/\/all-car-news.com\/es\/wp-json\/wp\/v2\/media\/162643"}],"wp:attachment":[{"href":"https:\/\/all-car-news.com\/es\/wp-json\/wp\/v2\/media?parent=162670"}],"wp:term":[{"taxonomy":"category","embeddable":true,"href":"https:\/\/all-car-news.com\/es\/wp-json\/wp\/v2\/categories?post=162670"},{"taxonomy":"post_tag","embeddable":true,"href":"https:\/\/all-car-news.com\/es\/wp-json\/wp\/v2\/tags?post=162670"}],"curies":[{"name":"wp","href":"https:\/\/api.w.org\/{rel}","templated":true}]}}