{"id":162631,"date":"2026-04-28T13:09:52","date_gmt":"2026-04-28T13:09:52","guid":{"rendered":"https:\/\/all-car-news.com\/el-caterham-seven-miami-edicion-especial-encaja-bien-en-la-colorida-miami\/"},"modified":"2026-04-28T13:09:52","modified_gmt":"2026-04-28T13:09:52","slug":"el-caterham-seven-miami-edicion-especial-encaja-bien-en-la-colorida-miami","status":"publish","type":"post","link":"https:\/\/all-car-news.com\/es\/el-caterham-seven-miami-edicion-especial-encaja-bien-en-la-colorida-miami\/","title":{"rendered":"El Caterham Seven Miami Edici\u00f3n Especial encaja bien en la colorida Miami"},"content":{"rendered":"<h2 class=\"wp-block-heading\">Paleta de colores frescos<\/h2>\n<p>El aspecto de esta edici\u00f3n especial deja poco a la imaginaci\u00f3n y se reconoce al instante por la pintura Aqua a medida. Esta fresca paleta de colores se combina con un paquete de calcoman\u00edas dise\u00f1ado espec\u00edficamente para este modelo en rosa vibrante y blanco. Como guinda del pastel, la parte trasera del coche luce el ic\u00f3nico gui\u00f3n de Miami y la silueta del circuito de carreras. Esta est\u00e9tica se traslada impecablemente al interior, donde el logotipo de Miami est\u00e1 bordado en los reposacabezas y una placa numerada en el salpicadero subraya la exclusividad del ejemplar.   <\/p>\n<h2 class=\"wp-block-heading\">Motor atmosf\u00e9rico Ford Duratec de 2,0 litros<\/h2>\n<p>Bajo el cap\u00f3 hay ingenier\u00eda pura que es todo placer de conducci\u00f3n y prestaciones. La Edici\u00f3n Especial Miami est\u00e1 propulsada por un motor Ford Duratec atmosf\u00e9rico de 2,0 litros que entrega 210 CV a 7.600 rpm. Gracias al peso extremadamente bajo del coche, esto da como resultado una impresionante relaci\u00f3n peso-potencia de 375 CV por tonelada. Acoplado a una caja de cambios manual de cinco velocidades, el Caterham alcanza los 100 kil\u00f3metros por hora en s\u00f3lo 3,8 segundos, con una velocidad m\u00e1xima de unos 218 km\/h.   <\/p>\n<figure class=\"wp-block-image size-large\"><img loading=\"lazy\" decoding=\"async\" width=\"1280\" height=\"720\" src=\"https:\/\/autorai.nl\/wp-content\/uploads\/2026\/04\/Caterham-Seven-Miami-Special-Edition-2026-foto12-1280x720.jpg\" alt=\"Caterham Seven Miami Edici\u00f3n Especial\" class=\"wp-image-219719\"><figcaption class=\"wp-element-caption\">Caterham Seven Miami Edici\u00f3n Especial<\/figcaption><\/figure>\n<h2 class=\"wp-block-heading\">Modelo Seven construido a mano<\/h2>\n<p>La construcci\u00f3n de cada coche sigue siendo un proceso artesanal. Como es habitual en los <a href=\"https:\/\/autorai.nl\/fabrieksbezoek-caterham-cars-de-geboorteplaats-van-de-iconische-seven\/\">modelos Seven construidos a mano<\/a>, una segunda placa en el vano motor contiene los nombres y firmas de los dos ingenieros que ensamblaron el coche en la f\u00e1brica brit\u00e1nica. Trevor Steel, Vicepresidente Senior de Operaciones de Caterham, subraya que Miami se ha convertido en un centro mundial del automovilismo de \u00e9lite y de la cultura de los coches de lujo, por lo que es el lugar ideal para la presentaci\u00f3n de este coche.  <\/p>\n<h2 class=\"wp-block-heading\">Doce piezas<\/h2>\n<p>Para los verdaderos coleccionistas, las posibilidades de hacerse con un ejemplar son escasas, pero presentes. Caterham s\u00f3lo va a fabricar un total de 12 unidades de esta edici\u00f3n, de las cuales 10 estar\u00e1n a la venta a trav\u00e9s de su red de concesionarios en EE.UU. La introducci\u00f3n de este modelo coincide con la continua expansi\u00f3n de Caterham en EE.UU., reforzada recientemente con el nombramiento de Walt Grace Vintage como nuevo concesionario en Miami y una asociaci\u00f3n con el exclusivo Precision Drive Club.  <\/p>\n","protected":false},"excerpt":{"rendered":"Fresca paleta de colores El aspecto de esta edici\u00f3n especial deja poco a la imaginaci\u00f3n y se reconoce al instante&hellip;","protected":false},"author":0,"featured_media":162611,"comment_status":"","ping_status":"open","sticky":false,"template":"","format":"standard","meta":{"footnotes":""},"categories":[126],"tags":[],"class_list":["post-162631","post","type-post","status-publish","format-standard","has-post-thumbnail","hentry","category-noticias-de-autos"],"acf":[],"yoast_head":"<!-- This site is optimized with the Yoast SEO plugin v21.2 - https:\/\/yoast.com\/wordpress\/plugins\/seo\/ -->\n<title>El Caterham Seven Miami Edici\u00f3n Especial encaja bien en la colorida Miami - All cars news<\/title>\n<meta name=\"robots\" content=\"index, follow, max-snippet:-1, max-image-preview:large, max-video-preview:-1\" \/>\n<link rel=\"canonical\" href=\"https:\/\/all-car-news.com\/es\/el-caterham-seven-miami-edicion-especial-encaja-bien-en-la-colorida-miami\/\" \/>\n<meta property=\"og:locale\" content=\"es_ES\" \/>\n<meta property=\"og:type\" content=\"article\" \/>\n<meta property=\"og:title\" content=\"El Caterham Seven Miami Edici\u00f3n Especial encaja bien en la colorida Miami - All cars news\" \/>\n<meta property=\"og:description\" content=\"Fresca paleta de colores El aspecto de esta edici\u00f3n especial deja poco a la imaginaci\u00f3n y se reconoce al instante por la pintura Aqua hecha a medida. Esta fresca paleta de colores se combina con un paquete de calcoman\u00edas dise\u00f1ado espec\u00edficamente para este modelo en Rosa Vibrante y blanco. Como guinda del pastel, la parte trasera del coche presenta [...]\" \/>\n<meta property=\"og:url\" content=\"https:\/\/all-car-news.com\/es\/el-caterham-seven-miami-edicion-especial-encaja-bien-en-la-colorida-miami\/\" \/>\n<meta property=\"og:site_name\" content=\"All cars news\" \/>\n<meta property=\"article:published_time\" content=\"2026-04-28T13:09:52+00:00\" \/>\n<meta property=\"og:image\" content=\"https:\/\/autorai.nl\/wp-content\/uploads\/2026\/04\/Caterham-Seven-Miami-Special-Edition-2026-foto12-1280x720.jpg\" \/>\n<meta name=\"twitter:card\" content=\"summary_large_image\" \/>\n<meta name=\"twitter:label1\" content=\"Tiempo de lectura\" \/>\n\t<meta name=\"twitter:data1\" content=\"2 minutos\" \/>\n<script type=\"application\/ld+json\" class=\"yoast-schema-graph\">{\"@context\":\"https:\/\/schema.org\",\"@graph\":[{\"@type\":\"Article\",\"@id\":\"https:\/\/all-car-news.com\/es\/el-caterham-seven-miami-edicion-especial-encaja-bien-en-la-colorida-miami\/#article\",\"isPartOf\":{\"@id\":\"https:\/\/all-car-news.com\/es\/el-caterham-seven-miami-edicion-especial-encaja-bien-en-la-colorida-miami\/\"},\"author\":{\"name\":\"\",\"@id\":\"\"},\"headline\":\"El Caterham Seven Miami Edici\u00f3n Especial encaja bien en la colorida Miami\",\"datePublished\":\"2026-04-28T13:09:52+00:00\",\"dateModified\":\"2026-04-28T13:09:52+00:00\",\"mainEntityOfPage\":{\"@id\":\"https:\/\/all-car-news.com\/es\/el-caterham-seven-miami-edicion-especial-encaja-bien-en-la-colorida-miami\/\"},\"wordCount\":409,\"publisher\":{\"@id\":\"https:\/\/all-car-news.com\/es\/#organization\"},\"articleSection\":[\"noticias de autos\"],\"inLanguage\":\"es\"},{\"@type\":\"WebPage\",\"@id\":\"https:\/\/all-car-news.com\/es\/el-caterham-seven-miami-edicion-especial-encaja-bien-en-la-colorida-miami\/\",\"url\":\"https:\/\/all-car-news.com\/es\/el-caterham-seven-miami-edicion-especial-encaja-bien-en-la-colorida-miami\/\",\"name\":\"El Caterham Seven Miami Edici\u00f3n Especial encaja bien en la colorida Miami - All cars news\",\"isPartOf\":{\"@id\":\"https:\/\/all-car-news.com\/es\/#website\"},\"datePublished\":\"2026-04-28T13:09:52+00:00\",\"dateModified\":\"2026-04-28T13:09:52+00:00\",\"breadcrumb\":{\"@id\":\"https:\/\/all-car-news.com\/es\/el-caterham-seven-miami-edicion-especial-encaja-bien-en-la-colorida-miami\/#breadcrumb\"},\"inLanguage\":\"es\",\"potentialAction\":[{\"@type\":\"ReadAction\",\"target\":[\"https:\/\/all-car-news.com\/es\/el-caterham-seven-miami-edicion-especial-encaja-bien-en-la-colorida-miami\/\"]}]},{\"@type\":\"BreadcrumbList\",\"@id\":\"https:\/\/all-car-news.com\/es\/el-caterham-seven-miami-edicion-especial-encaja-bien-en-la-colorida-miami\/#breadcrumb\",\"itemListElement\":[{\"@type\":\"ListItem\",\"position\":1,\"name\":\"Home\",\"item\":\"https:\/\/all-car-news.com\/es\/\"},{\"@type\":\"ListItem\",\"position\":2,\"name\":\"El Caterham Seven Miami Edici\u00f3n Especial encaja bien en la colorida Miami\"}]},{\"@type\":\"WebSite\",\"@id\":\"https:\/\/all-car-news.com\/es\/#website\",\"url\":\"https:\/\/all-car-news.com\/es\/\",\"name\":\"All cars news\",\"description\":\"\",\"publisher\":{\"@id\":\"https:\/\/all-car-news.com\/es\/#organization\"},\"potentialAction\":[{\"@type\":\"SearchAction\",\"target\":{\"@type\":\"EntryPoint\",\"urlTemplate\":\"https:\/\/all-car-news.com\/es\/?s={search_term_string}\"},\"query-input\":\"required name=search_term_string\"}],\"inLanguage\":\"es\"},{\"@type\":\"Organization\",\"@id\":\"https:\/\/all-car-news.com\/es\/#organization\",\"name\":\"All cars news\",\"url\":\"https:\/\/all-car-news.com\/es\/\",\"logo\":{\"@type\":\"ImageObject\",\"inLanguage\":\"es\",\"@id\":\"https:\/\/all-car-news.com\/es\/#\/schema\/logo\/image\/\",\"url\":\"https:\/\/all-car-news.com\/wp-content\/uploads\/2022\/02\/CMYK-AllCarNews_LANDSCAPE_300px-1.png\",\"contentUrl\":\"https:\/\/all-car-news.com\/wp-content\/uploads\/2022\/02\/CMYK-AllCarNews_LANDSCAPE_300px-1.png\",\"width\":300,\"height\":100,\"caption\":\"All cars news\"},\"image\":{\"@id\":\"https:\/\/all-car-news.com\/es\/#\/schema\/logo\/image\/\"}}]}<\/script>\n<!-- \/ Yoast SEO plugin. -->","yoast_head_json":{"title":"El Caterham Seven Miami Edici\u00f3n Especial encaja bien en la colorida Miami - All cars news","robots":{"index":"index","follow":"follow","max-snippet":"max-snippet:-1","max-image-preview":"max-image-preview:large","max-video-preview":"max-video-preview:-1"},"canonical":"https:\/\/all-car-news.com\/es\/el-caterham-seven-miami-edicion-especial-encaja-bien-en-la-colorida-miami\/","og_locale":"es_ES","og_type":"article","og_title":"El Caterham Seven Miami Edici\u00f3n Especial encaja bien en la colorida Miami - All cars news","og_description":"Fresca paleta de colores El aspecto de esta edici\u00f3n especial deja poco a la imaginaci\u00f3n y se reconoce al instante por la pintura Aqua hecha a medida. Esta fresca paleta de colores se combina con un paquete de calcoman\u00edas dise\u00f1ado espec\u00edficamente para este modelo en Rosa Vibrante y blanco. Como guinda del pastel, la parte trasera del coche presenta [...]","og_url":"https:\/\/all-car-news.com\/es\/el-caterham-seven-miami-edicion-especial-encaja-bien-en-la-colorida-miami\/","og_site_name":"All cars news","article_published_time":"2026-04-28T13:09:52+00:00","og_image":[{"url":"https:\/\/autorai.nl\/wp-content\/uploads\/2026\/04\/Caterham-Seven-Miami-Special-Edition-2026-foto12-1280x720.jpg"}],"twitter_card":"summary_large_image","twitter_misc":{"Tiempo de lectura":"2 minutos"},"schema":{"@context":"https:\/\/schema.org","@graph":[{"@type":"Article","@id":"https:\/\/all-car-news.com\/es\/el-caterham-seven-miami-edicion-especial-encaja-bien-en-la-colorida-miami\/#article","isPartOf":{"@id":"https:\/\/all-car-news.com\/es\/el-caterham-seven-miami-edicion-especial-encaja-bien-en-la-colorida-miami\/"},"author":{"name":"","@id":""},"headline":"El Caterham Seven Miami Edici\u00f3n Especial encaja bien en la colorida Miami","datePublished":"2026-04-28T13:09:52+00:00","dateModified":"2026-04-28T13:09:52+00:00","mainEntityOfPage":{"@id":"https:\/\/all-car-news.com\/es\/el-caterham-seven-miami-edicion-especial-encaja-bien-en-la-colorida-miami\/"},"wordCount":409,"publisher":{"@id":"https:\/\/all-car-news.com\/es\/#organization"},"articleSection":["noticias de autos"],"inLanguage":"es"},{"@type":"WebPage","@id":"https:\/\/all-car-news.com\/es\/el-caterham-seven-miami-edicion-especial-encaja-bien-en-la-colorida-miami\/","url":"https:\/\/all-car-news.com\/es\/el-caterham-seven-miami-edicion-especial-encaja-bien-en-la-colorida-miami\/","name":"El Caterham Seven Miami Edici\u00f3n Especial encaja bien en la colorida Miami - All cars news","isPartOf":{"@id":"https:\/\/all-car-news.com\/es\/#website"},"datePublished":"2026-04-28T13:09:52+00:00","dateModified":"2026-04-28T13:09:52+00:00","breadcrumb":{"@id":"https:\/\/all-car-news.com\/es\/el-caterham-seven-miami-edicion-especial-encaja-bien-en-la-colorida-miami\/#breadcrumb"},"inLanguage":"es","potentialAction":[{"@type":"ReadAction","target":["https:\/\/all-car-news.com\/es\/el-caterham-seven-miami-edicion-especial-encaja-bien-en-la-colorida-miami\/"]}]},{"@type":"BreadcrumbList","@id":"https:\/\/all-car-news.com\/es\/el-caterham-seven-miami-edicion-especial-encaja-bien-en-la-colorida-miami\/#breadcrumb","itemListElement":[{"@type":"ListItem","position":1,"name":"Home","item":"https:\/\/all-car-news.com\/es\/"},{"@type":"ListItem","position":2,"name":"El Caterham Seven Miami Edici\u00f3n Especial encaja bien en la colorida Miami"}]},{"@type":"WebSite","@id":"https:\/\/all-car-news.com\/es\/#website","url":"https:\/\/all-car-news.com\/es\/","name":"All cars news","description":"","publisher":{"@id":"https:\/\/all-car-news.com\/es\/#organization"},"potentialAction":[{"@type":"SearchAction","target":{"@type":"EntryPoint","urlTemplate":"https:\/\/all-car-news.com\/es\/?s={search_term_string}"},"query-input":"required name=search_term_string"}],"inLanguage":"es"},{"@type":"Organization","@id":"https:\/\/all-car-news.com\/es\/#organization","name":"All cars news","url":"https:\/\/all-car-news.com\/es\/","logo":{"@type":"ImageObject","inLanguage":"es","@id":"https:\/\/all-car-news.com\/es\/#\/schema\/logo\/image\/","url":"https:\/\/all-car-news.com\/wp-content\/uploads\/2022\/02\/CMYK-AllCarNews_LANDSCAPE_300px-1.png","contentUrl":"https:\/\/all-car-news.com\/wp-content\/uploads\/2022\/02\/CMYK-AllCarNews_LANDSCAPE_300px-1.png","width":300,"height":100,"caption":"All cars news"},"image":{"@id":"https:\/\/all-car-news.com\/es\/#\/schema\/logo\/image\/"}}]}},"_links":{"self":[{"href":"https:\/\/all-car-news.com\/es\/wp-json\/wp\/v2\/posts\/162631","targetHints":{"allow":["GET"]}}],"collection":[{"href":"https:\/\/all-car-news.com\/es\/wp-json\/wp\/v2\/posts"}],"about":[{"href":"https:\/\/all-car-news.com\/es\/wp-json\/wp\/v2\/types\/post"}],"replies":[{"embeddable":true,"href":"https:\/\/all-car-news.com\/es\/wp-json\/wp\/v2\/comments?post=162631"}],"version-history":[{"count":0,"href":"https:\/\/all-car-news.com\/es\/wp-json\/wp\/v2\/posts\/162631\/revisions"}],"wp:featuredmedia":[{"embeddable":true,"href":"https:\/\/all-car-news.com\/es\/wp-json\/wp\/v2\/media\/162611"}],"wp:attachment":[{"href":"https:\/\/all-car-news.com\/es\/wp-json\/wp\/v2\/media?parent=162631"}],"wp:term":[{"taxonomy":"category","embeddable":true,"href":"https:\/\/all-car-news.com\/es\/wp-json\/wp\/v2\/categories?post=162631"},{"taxonomy":"post_tag","embeddable":true,"href":"https:\/\/all-car-news.com\/es\/wp-json\/wp\/v2\/tags?post=162631"}],"curies":[{"name":"wp","href":"https:\/\/api.w.org\/{rel}","templated":true}]}}