{"id":162598,"date":"2026-04-24T16:42:39","date_gmt":"2026-04-24T16:42:39","guid":{"rendered":"https:\/\/all-car-news.com\/nuevo-jaecoo-8-con-siete-personas-entre-rejas\/"},"modified":"2026-04-24T16:42:39","modified_gmt":"2026-04-24T16:42:39","slug":"nuevo-jaecoo-8-con-siete-personas-entre-rejas","status":"publish","type":"post","link":"https:\/\/all-car-news.com\/es\/nuevo-jaecoo-8-con-siete-personas-entre-rejas\/","title":{"rendered":"Nuevo Jaecoo 8: con siete personas entre rejas"},"content":{"rendered":"<p>El Jaecoo 8 es el nuevo buque insignia de la marca china Omoda Jaecoo, que se presenta como una marca con dos caras. Seg\u00fan sus fabricantes, Omoda se dirige a un p\u00fablico m\u00e1s joven con modelos de aspecto futurista, mientras que los SUV de Jaecoo tienen un aspecto m\u00e1s robusto y aventurero. <\/p>\n<p>Tras el Jaecoo 5 y el Jaecoo 7, la gama se ampl\u00eda ahora en el extremo superior con el gran Jaecoo 8, con siete plazas (opcionales) y una potente cadena cinem\u00e1tica. Este SUV h\u00edbrido enchufable est\u00e1 propulsado por un motor de gasolina 1.5 T-GDI ayudado por tres motores el\u00e9ctricos. Juntos, env\u00edan hasta 315 kW (428 CV) de potencia y 580 Nm de par a las ruedas, dando a esta berlina familiar de 4,82 m de longitud un despegue explosivo. Gracias al motor el\u00e9ctrico del eje trasero, el Jaecoo 8 tambi\u00e9n tiene tracci\u00f3n a las cuatro ruedas de serie.   <\/p>\n<p><strong>LEE TAMBI\u00c9N: <a href=\"https:\/\/autorai.nl\/review-jaecoo-7-2025-eerste-kennismaking\/\" target=\"_blank\" rel=\"noreferrer noopener\">Examen de conducir &#8211; Jaecoo 7 SHS-P<\/a><\/strong><\/p>\n<h2 class=\"wp-block-heading\"><strong>134 km el\u00e9ctricos<\/strong><\/h2>\n<p>Una de las caracter\u00edsticas clave del coche es su bater\u00eda, con una capacidad de 34,4 kWh. Con ella, puede recorrer una distancia de hasta 134 kil\u00f3metros totalmente el\u00e9ctrico. Y junto con un dep\u00f3sito lleno de gasolina, te\u00f3ricamente se puede recorrer una distancia de m\u00e1s de mil kil\u00f3metros sin parar. Aunque en la pr\u00e1ctica es casi imposible.   <\/p>\n<p>La gran bater\u00eda del Jaecoo 8 garantiza que la mayor\u00eda de los conductores puedan realizar todos sus trayectos diarios de forma totalmente el\u00e9ctrica, siempre que puedas cargar en alg\u00fan sitio todos los d\u00edas. O puedes conducir durante mucho tiempo en modo h\u00edbrido econ\u00f3mico, en el que el motor de gasolina recibe un apoyo \u00f3ptimo. En parte debido a esto, el consumo medio de gasolina del Jaecoo 8 est\u00e1 fijado en 2,1 l\/100 km seg\u00fan el WLTP.  <\/p>\n<h2 class=\"wp-block-heading\"><strong>\u00bfMucho por poco?<\/strong><\/h2>\n<p>Fundamentalmente, el Jaecoo 8 comparte muchas similitudes con el Omoda 9, que caus\u00f3 una impresi\u00f3n sorprendentemente buena con sus materiales, mano de obra y calidad de construcci\u00f3n. No parece que vaya a ser diferente con el Jaecoo 8, aunque queda por ver si el precio es acorde. <\/p>\n<p>En cuanto al equipamiento, el Jaecoo 8 cuenta al menos con dos pantallas de 12,3 pulgadas, un sistema de infoentretenimiento con procesador Qualcomm 8155, Apple CarPlay y Android Auto inal\u00e1mbricos, un completo sistema de c\u00e1maras con ayuda al aparcamiento y un head-up display. Tambi\u00e9n dispone de calefacci\u00f3n y ventilaci\u00f3n en los asientos, funci\u00f3n de masaje, techo solar panor\u00e1mico y un sistema de audio con 14 altavoces. <\/p>\n<p>Se espera que los primeros ejemplares del Jaecoo 8 lleguen a los concesionarios holandeses en mayo de 2026. A\u00fan no se conocen los precios, pero conociendo a Omoda Jaecoo, el Jaecoo 8 tendr\u00e1 un precio competitivo. <\/p>\n","protected":false},"excerpt":{"rendered":"El Jaecoo 8 es el nuevo buque insignia de la marca china Omoda Jaecoo, que se presenta como una marca&hellip;","protected":false},"author":0,"featured_media":162589,"comment_status":"","ping_status":"open","sticky":false,"template":"","format":"standard","meta":{"footnotes":""},"categories":[126],"tags":[],"class_list":["post-162598","post","type-post","status-publish","format-standard","has-post-thumbnail","hentry","category-noticias-de-autos"],"acf":[],"yoast_head":"<!-- This site is optimized with the Yoast SEO plugin v21.2 - https:\/\/yoast.com\/wordpress\/plugins\/seo\/ -->\n<title>Nuevo Jaecoo 8: con siete personas entre rejas - All cars news<\/title>\n<meta name=\"robots\" content=\"index, follow, max-snippet:-1, max-image-preview:large, max-video-preview:-1\" \/>\n<link rel=\"canonical\" href=\"https:\/\/all-car-news.com\/es\/nuevo-jaecoo-8-con-siete-personas-entre-rejas\/\" \/>\n<meta property=\"og:locale\" content=\"es_ES\" \/>\n<meta property=\"og:type\" content=\"article\" \/>\n<meta property=\"og:title\" content=\"Nuevo Jaecoo 8: con siete personas entre rejas - All cars news\" \/>\n<meta property=\"og:description\" content=\"El Jaecoo 8 es el nuevo buque insignia de la marca china Omoda Jaecoo, que se presenta como una marca con dos caras. Seg\u00fan sus fabricantes, Omoda se dirige a un p\u00fablico m\u00e1s joven con modelos de aspecto futurista, mientras que los SUV de Jaecoo tienen un aspecto m\u00e1s robusto y aventurero. Tras el Jaecoo 5 y el Jaecoo 7 [...]\" \/>\n<meta property=\"og:url\" content=\"https:\/\/all-car-news.com\/es\/nuevo-jaecoo-8-con-siete-personas-entre-rejas\/\" \/>\n<meta property=\"og:site_name\" content=\"All cars news\" \/>\n<meta property=\"article:published_time\" content=\"2026-04-24T16:42:39+00:00\" \/>\n<meta name=\"twitter:card\" content=\"summary_large_image\" \/>\n<meta name=\"twitter:label1\" content=\"Tiempo de lectura\" \/>\n\t<meta name=\"twitter:data1\" content=\"2 minutos\" \/>\n<script type=\"application\/ld+json\" class=\"yoast-schema-graph\">{\"@context\":\"https:\/\/schema.org\",\"@graph\":[{\"@type\":\"Article\",\"@id\":\"https:\/\/all-car-news.com\/es\/nuevo-jaecoo-8-con-siete-personas-entre-rejas\/#article\",\"isPartOf\":{\"@id\":\"https:\/\/all-car-news.com\/es\/nuevo-jaecoo-8-con-siete-personas-entre-rejas\/\"},\"author\":{\"name\":\"\",\"@id\":\"\"},\"headline\":\"Nuevo Jaecoo 8: con siete personas entre rejas\",\"datePublished\":\"2026-04-24T16:42:39+00:00\",\"dateModified\":\"2026-04-24T16:42:39+00:00\",\"mainEntityOfPage\":{\"@id\":\"https:\/\/all-car-news.com\/es\/nuevo-jaecoo-8-con-siete-personas-entre-rejas\/\"},\"wordCount\":467,\"publisher\":{\"@id\":\"https:\/\/all-car-news.com\/es\/#organization\"},\"articleSection\":[\"noticias de autos\"],\"inLanguage\":\"es\"},{\"@type\":\"WebPage\",\"@id\":\"https:\/\/all-car-news.com\/es\/nuevo-jaecoo-8-con-siete-personas-entre-rejas\/\",\"url\":\"https:\/\/all-car-news.com\/es\/nuevo-jaecoo-8-con-siete-personas-entre-rejas\/\",\"name\":\"Nuevo Jaecoo 8: con siete personas entre rejas - All cars news\",\"isPartOf\":{\"@id\":\"https:\/\/all-car-news.com\/es\/#website\"},\"datePublished\":\"2026-04-24T16:42:39+00:00\",\"dateModified\":\"2026-04-24T16:42:39+00:00\",\"breadcrumb\":{\"@id\":\"https:\/\/all-car-news.com\/es\/nuevo-jaecoo-8-con-siete-personas-entre-rejas\/#breadcrumb\"},\"inLanguage\":\"es\",\"potentialAction\":[{\"@type\":\"ReadAction\",\"target\":[\"https:\/\/all-car-news.com\/es\/nuevo-jaecoo-8-con-siete-personas-entre-rejas\/\"]}]},{\"@type\":\"BreadcrumbList\",\"@id\":\"https:\/\/all-car-news.com\/es\/nuevo-jaecoo-8-con-siete-personas-entre-rejas\/#breadcrumb\",\"itemListElement\":[{\"@type\":\"ListItem\",\"position\":1,\"name\":\"Home\",\"item\":\"https:\/\/all-car-news.com\/es\/\"},{\"@type\":\"ListItem\",\"position\":2,\"name\":\"Nuevo Jaecoo 8: con siete personas entre rejas\"}]},{\"@type\":\"WebSite\",\"@id\":\"https:\/\/all-car-news.com\/es\/#website\",\"url\":\"https:\/\/all-car-news.com\/es\/\",\"name\":\"All cars news\",\"description\":\"\",\"publisher\":{\"@id\":\"https:\/\/all-car-news.com\/es\/#organization\"},\"potentialAction\":[{\"@type\":\"SearchAction\",\"target\":{\"@type\":\"EntryPoint\",\"urlTemplate\":\"https:\/\/all-car-news.com\/es\/?s={search_term_string}\"},\"query-input\":\"required name=search_term_string\"}],\"inLanguage\":\"es\"},{\"@type\":\"Organization\",\"@id\":\"https:\/\/all-car-news.com\/es\/#organization\",\"name\":\"All cars news\",\"url\":\"https:\/\/all-car-news.com\/es\/\",\"logo\":{\"@type\":\"ImageObject\",\"inLanguage\":\"es\",\"@id\":\"https:\/\/all-car-news.com\/es\/#\/schema\/logo\/image\/\",\"url\":\"https:\/\/all-car-news.com\/wp-content\/uploads\/2022\/02\/CMYK-AllCarNews_LANDSCAPE_300px-1.png\",\"contentUrl\":\"https:\/\/all-car-news.com\/wp-content\/uploads\/2022\/02\/CMYK-AllCarNews_LANDSCAPE_300px-1.png\",\"width\":300,\"height\":100,\"caption\":\"All cars news\"},\"image\":{\"@id\":\"https:\/\/all-car-news.com\/es\/#\/schema\/logo\/image\/\"}}]}<\/script>\n<!-- \/ Yoast SEO plugin. -->","yoast_head_json":{"title":"Nuevo Jaecoo 8: con siete personas entre rejas - All cars news","robots":{"index":"index","follow":"follow","max-snippet":"max-snippet:-1","max-image-preview":"max-image-preview:large","max-video-preview":"max-video-preview:-1"},"canonical":"https:\/\/all-car-news.com\/es\/nuevo-jaecoo-8-con-siete-personas-entre-rejas\/","og_locale":"es_ES","og_type":"article","og_title":"Nuevo Jaecoo 8: con siete personas entre rejas - All cars news","og_description":"El Jaecoo 8 es el nuevo buque insignia de la marca china Omoda Jaecoo, que se presenta como una marca con dos caras. Seg\u00fan sus fabricantes, Omoda se dirige a un p\u00fablico m\u00e1s joven con modelos de aspecto futurista, mientras que los SUV de Jaecoo tienen un aspecto m\u00e1s robusto y aventurero. Tras el Jaecoo 5 y el Jaecoo 7 [...]","og_url":"https:\/\/all-car-news.com\/es\/nuevo-jaecoo-8-con-siete-personas-entre-rejas\/","og_site_name":"All cars news","article_published_time":"2026-04-24T16:42:39+00:00","twitter_card":"summary_large_image","twitter_misc":{"Tiempo de lectura":"2 minutos"},"schema":{"@context":"https:\/\/schema.org","@graph":[{"@type":"Article","@id":"https:\/\/all-car-news.com\/es\/nuevo-jaecoo-8-con-siete-personas-entre-rejas\/#article","isPartOf":{"@id":"https:\/\/all-car-news.com\/es\/nuevo-jaecoo-8-con-siete-personas-entre-rejas\/"},"author":{"name":"","@id":""},"headline":"Nuevo Jaecoo 8: con siete personas entre rejas","datePublished":"2026-04-24T16:42:39+00:00","dateModified":"2026-04-24T16:42:39+00:00","mainEntityOfPage":{"@id":"https:\/\/all-car-news.com\/es\/nuevo-jaecoo-8-con-siete-personas-entre-rejas\/"},"wordCount":467,"publisher":{"@id":"https:\/\/all-car-news.com\/es\/#organization"},"articleSection":["noticias de autos"],"inLanguage":"es"},{"@type":"WebPage","@id":"https:\/\/all-car-news.com\/es\/nuevo-jaecoo-8-con-siete-personas-entre-rejas\/","url":"https:\/\/all-car-news.com\/es\/nuevo-jaecoo-8-con-siete-personas-entre-rejas\/","name":"Nuevo Jaecoo 8: con siete personas entre rejas - All cars news","isPartOf":{"@id":"https:\/\/all-car-news.com\/es\/#website"},"datePublished":"2026-04-24T16:42:39+00:00","dateModified":"2026-04-24T16:42:39+00:00","breadcrumb":{"@id":"https:\/\/all-car-news.com\/es\/nuevo-jaecoo-8-con-siete-personas-entre-rejas\/#breadcrumb"},"inLanguage":"es","potentialAction":[{"@type":"ReadAction","target":["https:\/\/all-car-news.com\/es\/nuevo-jaecoo-8-con-siete-personas-entre-rejas\/"]}]},{"@type":"BreadcrumbList","@id":"https:\/\/all-car-news.com\/es\/nuevo-jaecoo-8-con-siete-personas-entre-rejas\/#breadcrumb","itemListElement":[{"@type":"ListItem","position":1,"name":"Home","item":"https:\/\/all-car-news.com\/es\/"},{"@type":"ListItem","position":2,"name":"Nuevo Jaecoo 8: con siete personas entre rejas"}]},{"@type":"WebSite","@id":"https:\/\/all-car-news.com\/es\/#website","url":"https:\/\/all-car-news.com\/es\/","name":"All cars news","description":"","publisher":{"@id":"https:\/\/all-car-news.com\/es\/#organization"},"potentialAction":[{"@type":"SearchAction","target":{"@type":"EntryPoint","urlTemplate":"https:\/\/all-car-news.com\/es\/?s={search_term_string}"},"query-input":"required name=search_term_string"}],"inLanguage":"es"},{"@type":"Organization","@id":"https:\/\/all-car-news.com\/es\/#organization","name":"All cars news","url":"https:\/\/all-car-news.com\/es\/","logo":{"@type":"ImageObject","inLanguage":"es","@id":"https:\/\/all-car-news.com\/es\/#\/schema\/logo\/image\/","url":"https:\/\/all-car-news.com\/wp-content\/uploads\/2022\/02\/CMYK-AllCarNews_LANDSCAPE_300px-1.png","contentUrl":"https:\/\/all-car-news.com\/wp-content\/uploads\/2022\/02\/CMYK-AllCarNews_LANDSCAPE_300px-1.png","width":300,"height":100,"caption":"All cars news"},"image":{"@id":"https:\/\/all-car-news.com\/es\/#\/schema\/logo\/image\/"}}]}},"_links":{"self":[{"href":"https:\/\/all-car-news.com\/es\/wp-json\/wp\/v2\/posts\/162598","targetHints":{"allow":["GET"]}}],"collection":[{"href":"https:\/\/all-car-news.com\/es\/wp-json\/wp\/v2\/posts"}],"about":[{"href":"https:\/\/all-car-news.com\/es\/wp-json\/wp\/v2\/types\/post"}],"replies":[{"embeddable":true,"href":"https:\/\/all-car-news.com\/es\/wp-json\/wp\/v2\/comments?post=162598"}],"version-history":[{"count":0,"href":"https:\/\/all-car-news.com\/es\/wp-json\/wp\/v2\/posts\/162598\/revisions"}],"wp:featuredmedia":[{"embeddable":true,"href":"https:\/\/all-car-news.com\/es\/wp-json\/wp\/v2\/media\/162589"}],"wp:attachment":[{"href":"https:\/\/all-car-news.com\/es\/wp-json\/wp\/v2\/media?parent=162598"}],"wp:term":[{"taxonomy":"category","embeddable":true,"href":"https:\/\/all-car-news.com\/es\/wp-json\/wp\/v2\/categories?post=162598"},{"taxonomy":"post_tag","embeddable":true,"href":"https:\/\/all-car-news.com\/es\/wp-json\/wp\/v2\/tags?post=162598"}],"curies":[{"name":"wp","href":"https:\/\/api.w.org\/{rel}","templated":true}]}}