{"id":162596,"date":"2026-04-24T11:07:00","date_gmt":"2026-04-24T11:07:00","guid":{"rendered":"https:\/\/all-car-news.com\/el-icar-v27-llegara-a-holanda-este-ano\/"},"modified":"2026-04-24T11:07:00","modified_gmt":"2026-04-24T11:07:00","slug":"el-icar-v27-llegara-a-holanda-este-ano","status":"publish","type":"post","link":"https:\/\/all-car-news.com\/es\/el-icar-v27-llegara-a-holanda-este-ano\/","title":{"rendered":"El iCar V27 llegar\u00e1 a Holanda este a\u00f1o"},"content":{"rendered":"<p>iCar es una submarca del grupo chino Chery Automobile, conocido por el Omoda Jaecoo, entre otros. Este verano, Chery tambi\u00e9n llegar\u00e1 a Holanda con su propia marca y una gama de SUV h\u00edbridos, por lo que ahora se ha anunciado otro reci\u00e9n llegado. Est\u00e1 claro que Chery Automobile tiene grandes ambiciones en Europa.  <\/p>\n<figure class=\"wp-block-image size-full\"><img loading=\"lazy\" decoding=\"async\" width=\"962\" height=\"605\" src=\"https:\/\/autorai.nl\/wp-content\/uploads\/2026\/04\/iCar_V27_1.jpg\" alt=\"\" class=\"wp-image-219656\"><\/figure>\n<p>El primer modelo que se presenta en Holanda es el iCar V27, un todoterreno con un dise\u00f1o que recuerda mucho al del Toyota Land Cruiser. El V27 mide casi cinco metros de largo e incorpora la tecnolog\u00eda REEV (Range-Extender Electric Vehicle). En ella, un motor turbo de gasolina de 1,5 litros act\u00faa como generador para la cadena cinem\u00e1tica el\u00e9ctrica.  <\/p>\n<p>El iCar V27 se espera en los Pa\u00edses Bajos en el cuarto trimestre de 2026. M\u00e1s adelante le seguir\u00e1n m\u00e1s modelos de iCar, todos ellos construidos sobre plataformas de Chery que incluyen funciones conectadas, sistemas inteligentes de asistencia a la conducci\u00f3n y tecnolog\u00eda impulsada por IA. <\/p>\n<figure class=\"wp-block-image size-large\"><img loading=\"lazy\" decoding=\"async\" width=\"1280\" height=\"720\" src=\"https:\/\/autorai.nl\/wp-content\/uploads\/2026\/04\/iCar_V27_3-1280x720.jpg\" alt=\"\" class=\"wp-image-219657\"><\/figure>\n","protected":false},"excerpt":{"rendered":"iCar es una submarca del grupo chino Chery Automobile, conocido por el Omoda Jaecoo, entre otros. Este verano, Chery tambi\u00e9n&hellip;","protected":false},"author":0,"featured_media":162595,"comment_status":"","ping_status":"open","sticky":false,"template":"","format":"standard","meta":{"footnotes":""},"categories":[126],"tags":[],"class_list":["post-162596","post","type-post","status-publish","format-standard","has-post-thumbnail","hentry","category-noticias-de-autos"],"acf":[],"yoast_head":"<!-- This site is optimized with the Yoast SEO plugin v21.2 - https:\/\/yoast.com\/wordpress\/plugins\/seo\/ -->\n<title>El iCar V27 llegar\u00e1 a Holanda este a\u00f1o - All cars news<\/title>\n<meta name=\"robots\" content=\"index, follow, max-snippet:-1, max-image-preview:large, max-video-preview:-1\" \/>\n<link rel=\"canonical\" href=\"https:\/\/all-car-news.com\/es\/el-icar-v27-llegara-a-holanda-este-ano\/\" \/>\n<meta property=\"og:locale\" content=\"es_ES\" \/>\n<meta property=\"og:type\" content=\"article\" \/>\n<meta property=\"og:title\" content=\"El iCar V27 llegar\u00e1 a Holanda este a\u00f1o - All cars news\" \/>\n<meta property=\"og:description\" content=\"iCar es una submarca del grupo chino Chery Automobile, conocido por el Omoda Jaecoo, entre otros. Este verano, Chery tambi\u00e9n llegar\u00e1 a Holanda con su propia marca y una gama de SUV h\u00edbridos, por lo que ahora se ha anunciado otro reci\u00e9n llegado. Est\u00e1 claro que Chery Automobile tiene grandes ambiciones en Europa. El primer modelo que llegar\u00e1 a [...]\" \/>\n<meta property=\"og:url\" content=\"https:\/\/all-car-news.com\/es\/el-icar-v27-llegara-a-holanda-este-ano\/\" \/>\n<meta property=\"og:site_name\" content=\"All cars news\" \/>\n<meta property=\"article:published_time\" content=\"2026-04-24T11:07:00+00:00\" \/>\n<meta property=\"og:image\" content=\"https:\/\/autorai.nl\/wp-content\/uploads\/2026\/04\/iCar_V27_1.jpg\" \/>\n<meta name=\"twitter:card\" content=\"summary_large_image\" \/>\n<meta name=\"twitter:label1\" content=\"Tiempo de lectura\" \/>\n\t<meta name=\"twitter:data1\" content=\"1 minuto\" \/>\n<script type=\"application\/ld+json\" class=\"yoast-schema-graph\">{\"@context\":\"https:\/\/schema.org\",\"@graph\":[{\"@type\":\"Article\",\"@id\":\"https:\/\/all-car-news.com\/es\/el-icar-v27-llegara-a-holanda-este-ano\/#article\",\"isPartOf\":{\"@id\":\"https:\/\/all-car-news.com\/es\/el-icar-v27-llegara-a-holanda-este-ano\/\"},\"author\":{\"name\":\"\",\"@id\":\"\"},\"headline\":\"El iCar V27 llegar\u00e1 a Holanda este a\u00f1o\",\"datePublished\":\"2026-04-24T11:07:00+00:00\",\"dateModified\":\"2026-04-24T11:07:00+00:00\",\"mainEntityOfPage\":{\"@id\":\"https:\/\/all-car-news.com\/es\/el-icar-v27-llegara-a-holanda-este-ano\/\"},\"wordCount\":179,\"publisher\":{\"@id\":\"https:\/\/all-car-news.com\/es\/#organization\"},\"articleSection\":[\"noticias de autos\"],\"inLanguage\":\"es\"},{\"@type\":\"WebPage\",\"@id\":\"https:\/\/all-car-news.com\/es\/el-icar-v27-llegara-a-holanda-este-ano\/\",\"url\":\"https:\/\/all-car-news.com\/es\/el-icar-v27-llegara-a-holanda-este-ano\/\",\"name\":\"El iCar V27 llegar\u00e1 a Holanda este a\u00f1o - All cars news\",\"isPartOf\":{\"@id\":\"https:\/\/all-car-news.com\/es\/#website\"},\"datePublished\":\"2026-04-24T11:07:00+00:00\",\"dateModified\":\"2026-04-24T11:07:00+00:00\",\"breadcrumb\":{\"@id\":\"https:\/\/all-car-news.com\/es\/el-icar-v27-llegara-a-holanda-este-ano\/#breadcrumb\"},\"inLanguage\":\"es\",\"potentialAction\":[{\"@type\":\"ReadAction\",\"target\":[\"https:\/\/all-car-news.com\/es\/el-icar-v27-llegara-a-holanda-este-ano\/\"]}]},{\"@type\":\"BreadcrumbList\",\"@id\":\"https:\/\/all-car-news.com\/es\/el-icar-v27-llegara-a-holanda-este-ano\/#breadcrumb\",\"itemListElement\":[{\"@type\":\"ListItem\",\"position\":1,\"name\":\"Home\",\"item\":\"https:\/\/all-car-news.com\/es\/\"},{\"@type\":\"ListItem\",\"position\":2,\"name\":\"El iCar V27 llegar\u00e1 a Holanda este a\u00f1o\"}]},{\"@type\":\"WebSite\",\"@id\":\"https:\/\/all-car-news.com\/es\/#website\",\"url\":\"https:\/\/all-car-news.com\/es\/\",\"name\":\"All cars news\",\"description\":\"\",\"publisher\":{\"@id\":\"https:\/\/all-car-news.com\/es\/#organization\"},\"potentialAction\":[{\"@type\":\"SearchAction\",\"target\":{\"@type\":\"EntryPoint\",\"urlTemplate\":\"https:\/\/all-car-news.com\/es\/?s={search_term_string}\"},\"query-input\":\"required name=search_term_string\"}],\"inLanguage\":\"es\"},{\"@type\":\"Organization\",\"@id\":\"https:\/\/all-car-news.com\/es\/#organization\",\"name\":\"All cars news\",\"url\":\"https:\/\/all-car-news.com\/es\/\",\"logo\":{\"@type\":\"ImageObject\",\"inLanguage\":\"es\",\"@id\":\"https:\/\/all-car-news.com\/es\/#\/schema\/logo\/image\/\",\"url\":\"https:\/\/all-car-news.com\/wp-content\/uploads\/2022\/02\/CMYK-AllCarNews_LANDSCAPE_300px-1.png\",\"contentUrl\":\"https:\/\/all-car-news.com\/wp-content\/uploads\/2022\/02\/CMYK-AllCarNews_LANDSCAPE_300px-1.png\",\"width\":300,\"height\":100,\"caption\":\"All cars news\"},\"image\":{\"@id\":\"https:\/\/all-car-news.com\/es\/#\/schema\/logo\/image\/\"}}]}<\/script>\n<!-- \/ Yoast SEO plugin. -->","yoast_head_json":{"title":"El iCar V27 llegar\u00e1 a Holanda este a\u00f1o - All cars news","robots":{"index":"index","follow":"follow","max-snippet":"max-snippet:-1","max-image-preview":"max-image-preview:large","max-video-preview":"max-video-preview:-1"},"canonical":"https:\/\/all-car-news.com\/es\/el-icar-v27-llegara-a-holanda-este-ano\/","og_locale":"es_ES","og_type":"article","og_title":"El iCar V27 llegar\u00e1 a Holanda este a\u00f1o - All cars news","og_description":"iCar es una submarca del grupo chino Chery Automobile, conocido por el Omoda Jaecoo, entre otros. Este verano, Chery tambi\u00e9n llegar\u00e1 a Holanda con su propia marca y una gama de SUV h\u00edbridos, por lo que ahora se ha anunciado otro reci\u00e9n llegado. Est\u00e1 claro que Chery Automobile tiene grandes ambiciones en Europa. El primer modelo que llegar\u00e1 a [...]","og_url":"https:\/\/all-car-news.com\/es\/el-icar-v27-llegara-a-holanda-este-ano\/","og_site_name":"All cars news","article_published_time":"2026-04-24T11:07:00+00:00","og_image":[{"url":"https:\/\/autorai.nl\/wp-content\/uploads\/2026\/04\/iCar_V27_1.jpg"}],"twitter_card":"summary_large_image","twitter_misc":{"Tiempo de lectura":"1 minuto"},"schema":{"@context":"https:\/\/schema.org","@graph":[{"@type":"Article","@id":"https:\/\/all-car-news.com\/es\/el-icar-v27-llegara-a-holanda-este-ano\/#article","isPartOf":{"@id":"https:\/\/all-car-news.com\/es\/el-icar-v27-llegara-a-holanda-este-ano\/"},"author":{"name":"","@id":""},"headline":"El iCar V27 llegar\u00e1 a Holanda este a\u00f1o","datePublished":"2026-04-24T11:07:00+00:00","dateModified":"2026-04-24T11:07:00+00:00","mainEntityOfPage":{"@id":"https:\/\/all-car-news.com\/es\/el-icar-v27-llegara-a-holanda-este-ano\/"},"wordCount":179,"publisher":{"@id":"https:\/\/all-car-news.com\/es\/#organization"},"articleSection":["noticias de autos"],"inLanguage":"es"},{"@type":"WebPage","@id":"https:\/\/all-car-news.com\/es\/el-icar-v27-llegara-a-holanda-este-ano\/","url":"https:\/\/all-car-news.com\/es\/el-icar-v27-llegara-a-holanda-este-ano\/","name":"El iCar V27 llegar\u00e1 a Holanda este a\u00f1o - All cars news","isPartOf":{"@id":"https:\/\/all-car-news.com\/es\/#website"},"datePublished":"2026-04-24T11:07:00+00:00","dateModified":"2026-04-24T11:07:00+00:00","breadcrumb":{"@id":"https:\/\/all-car-news.com\/es\/el-icar-v27-llegara-a-holanda-este-ano\/#breadcrumb"},"inLanguage":"es","potentialAction":[{"@type":"ReadAction","target":["https:\/\/all-car-news.com\/es\/el-icar-v27-llegara-a-holanda-este-ano\/"]}]},{"@type":"BreadcrumbList","@id":"https:\/\/all-car-news.com\/es\/el-icar-v27-llegara-a-holanda-este-ano\/#breadcrumb","itemListElement":[{"@type":"ListItem","position":1,"name":"Home","item":"https:\/\/all-car-news.com\/es\/"},{"@type":"ListItem","position":2,"name":"El iCar V27 llegar\u00e1 a Holanda este a\u00f1o"}]},{"@type":"WebSite","@id":"https:\/\/all-car-news.com\/es\/#website","url":"https:\/\/all-car-news.com\/es\/","name":"All cars news","description":"","publisher":{"@id":"https:\/\/all-car-news.com\/es\/#organization"},"potentialAction":[{"@type":"SearchAction","target":{"@type":"EntryPoint","urlTemplate":"https:\/\/all-car-news.com\/es\/?s={search_term_string}"},"query-input":"required name=search_term_string"}],"inLanguage":"es"},{"@type":"Organization","@id":"https:\/\/all-car-news.com\/es\/#organization","name":"All cars news","url":"https:\/\/all-car-news.com\/es\/","logo":{"@type":"ImageObject","inLanguage":"es","@id":"https:\/\/all-car-news.com\/es\/#\/schema\/logo\/image\/","url":"https:\/\/all-car-news.com\/wp-content\/uploads\/2022\/02\/CMYK-AllCarNews_LANDSCAPE_300px-1.png","contentUrl":"https:\/\/all-car-news.com\/wp-content\/uploads\/2022\/02\/CMYK-AllCarNews_LANDSCAPE_300px-1.png","width":300,"height":100,"caption":"All cars news"},"image":{"@id":"https:\/\/all-car-news.com\/es\/#\/schema\/logo\/image\/"}}]}},"_links":{"self":[{"href":"https:\/\/all-car-news.com\/es\/wp-json\/wp\/v2\/posts\/162596","targetHints":{"allow":["GET"]}}],"collection":[{"href":"https:\/\/all-car-news.com\/es\/wp-json\/wp\/v2\/posts"}],"about":[{"href":"https:\/\/all-car-news.com\/es\/wp-json\/wp\/v2\/types\/post"}],"replies":[{"embeddable":true,"href":"https:\/\/all-car-news.com\/es\/wp-json\/wp\/v2\/comments?post=162596"}],"version-history":[{"count":0,"href":"https:\/\/all-car-news.com\/es\/wp-json\/wp\/v2\/posts\/162596\/revisions"}],"wp:featuredmedia":[{"embeddable":true,"href":"https:\/\/all-car-news.com\/es\/wp-json\/wp\/v2\/media\/162595"}],"wp:attachment":[{"href":"https:\/\/all-car-news.com\/es\/wp-json\/wp\/v2\/media?parent=162596"}],"wp:term":[{"taxonomy":"category","embeddable":true,"href":"https:\/\/all-car-news.com\/es\/wp-json\/wp\/v2\/categories?post=162596"},{"taxonomy":"post_tag","embeddable":true,"href":"https:\/\/all-car-news.com\/es\/wp-json\/wp\/v2\/tags?post=162596"}],"curies":[{"name":"wp","href":"https:\/\/api.w.org\/{rel}","templated":true}]}}