{"id":161278,"date":"2026-02-11T08:12:21","date_gmt":"2026-02-11T08:12:21","guid":{"rendered":"https:\/\/all-car-news.com\/dacia-vamos-a-dar-pasos-de-gigante\/"},"modified":"2026-02-11T08:12:21","modified_gmt":"2026-02-11T08:12:21","slug":"dacia-vamos-a-dar-pasos-de-gigante","status":"publish","type":"post","link":"https:\/\/all-car-news.com\/es\/dacia-vamos-a-dar-pasos-de-gigante\/","title":{"rendered":"Dacia: \u00abVamos a dar pasos de gigante\u00bb"},"content":{"rendered":"<h2 class=\"wp-block-heading\">Dacia, el ca\u00f1\u00f3n de ventas del Grupo Renault<\/h2>\n<p>Dacia se vende muy bien. En 2025, la marca vendi\u00f3 697.408 coches, un 3,1% m\u00e1s que en 2024. En Europa, la marca tiene una cuota de mercado del 7,9% y eso se debe en parte al \u00e9xito del Sandero. Ese modelo ha sido el m\u00e1s vendido a particulares en Europa desde 2017, es decir, a clientes que compran un coche con su propio dinero. En 2025, Dacia vendi\u00f3 289.295 unidades en todo el mundo. Luego est\u00e1 el Dacia Spring El\u00e9ctrico, el VE m\u00e1s popular del segmento A, con 35.034 matriculaciones en 2025. En realidad, podr\u00eda decirse que todos los modelos de Dacia se venden bien. El Jogger (73.695 unidades), el Duster (193.974 coches) y el Bigster (67.573 unidades) obtuvieron muy buenos resultados en 2025.       <\/p>\n<h2 class=\"wp-block-heading\">Segmento C<\/h2>\n<p>Para Dacia, el Bigster es un modelo especial, ya que con \u00e9l Dacia opera en el segmento C. De hecho, el Bigster es la personificaci\u00f3n del movimiento de subida de gama que est\u00e1 experimentando Dacia en la actualidad. Dacia est\u00e1 madurando cada vez m\u00e1s. El \u00e9xito del Bigster en el segmento C sabe a m\u00e1s. Blok explica hacia d\u00f3nde van las cosas con Dacia. \u00abEl Duster ve a Dacia como un SUV del segmento B. El Bigster es un SUV del segmento C. En este \u00faltimo segmento, queremos crecer m\u00e1s. Por eso vamos a presentar un nuevo modelo en el segmento C\u00bb, dice Blok.     <\/p>\n<figure class=\"wp-block-image size-full\"><img loading=\"lazy\" decoding=\"async\" width=\"1920\" height=\"1440\" src=\"https:\/\/autorai.nl\/wp-content\/uploads\/2026\/02\/boudewijn-blok-dacia-managing-director-nederland-fotografie-bart-oostvogels-autorai-foto3.jpg\" alt=\"Boudewijn Blok, Director de Marca de Dacia en el Grupo Renault Pa\u00edses Bajos Fotograf\u00eda: Bart Oostvogels - AutoRAI.nl\" class=\"wp-image-216147\"><figcaption class=\"wp-element-caption\">Boudewijn Blok, Director de Marca de Dacia en el Grupo Renault Pa\u00edses Bajos &#8211; Fotograf\u00eda: Bart Oostvogels &#8211; <em>AutoRAI.nl<\/em><\/figcaption><\/figure>\n<h2 class=\"wp-block-heading\">Nombre en clave C-NEO<\/h2>\n<p>Entrevistas anteriores con Patrice L\u00e9vy-Bencheton, Vicepresidente de Dacia Product Performance, ya revelaron que Dacia est\u00e1 desarrollando este modelo bajo el nombre en clave C-NEO. El nombre de producci\u00f3n se desv\u00eda l\u00f3gicamente. Seg\u00fan L\u00e9vy-Bencheton, el nuevo modelo del segmento C de Dacia se situar\u00e1 entre el Duster y el Bigster y se lanzar\u00e1 al mercado en 2027. Dacia quiere dar al modelo un aspecto todoterreno. Los primeros informes hablan de un coche tipo crossover. Ser\u00eda una opci\u00f3n l\u00f3gica, ya que el mercado lo exige.     <\/p>\n<p>Al parecer, Dacia aspira a un precio de partida de unos 26.000 euros, pero Blok no puede confirmarlo ni desmentirlo. \u00abEl segmento C es uno de los m\u00e1s estrat\u00e9gicos del mercado europeo, as\u00ed que es importante que sigamos creciendo en \u00e9l, sin perder de vista tambi\u00e9n los segmentos B y A\u00bb. <\/p>\n<h2 class=\"wp-block-heading\">Nuevo VE del segmento A<\/h2>\n<p>Un pilar clave de Dacia es seguir electrificando su gama de modelos. \u00abDentro de tres a\u00f1os, tendremos un BEV en los segmentos principales. Es decir, en los segmentos A, B y C\u00bb, afirma Blok. Todav\u00eda no puede decir qu\u00e9 modelos est\u00e1n en proyecto. Si miramos la gama de Dacia, el Sandero y el Duster son grandes \u00e9xitos. As\u00ed que no te sorprendas con un Sandero El\u00e9ctrico o un Duster El\u00e9ctrico. Lo que Dacia ya ha confirmado es que habr\u00e1 un nuevo VE del segmento A en el mercado, basado en la nueva generaci\u00f3n del Renault Twingo. A nivel t\u00e9cnico, las diferencias son peque\u00f1as. En t\u00e9rminos de dise\u00f1o, por el contrario, son grandes. El coche de Dacia tendr\u00e1 un dise\u00f1o completamente distinto, tanto por dentro como por fuera. Cuenta con el aspecto sencillo de Dacia, con parachoques duros.         <\/p>\n<h2 class=\"wp-block-heading\">Especificaciones Renault Twingo<\/h2>\n<p>Se espera que el precio sea inferior al del Twingo. As\u00ed que cuenta con unos 20.000 euros. A efectos de imagen, el Renault Twingo mide 3,79 metros de largo, tiene cinco puertas, un motor el\u00e9ctrico de 52 kW (80 CV) y la friolera de 360 litros de maletero. Gracias a una bater\u00eda LFP de 27,5 kWh, el Twingo puede recorrer hasta 262 kil\u00f3metros con una carga completa de electricidad. El Twingo incluye de serie un cargador de corriente alterna de 6,6 kW, y opcionalmente un cargador de corriente alterna de 11 kW y un cargador de corriente continua de 50 kW. Por cierto, el Renault Twingo E-Tech El\u00e9ctrico cuesta 20.990 euros. El coche dispone de asientos traseros deslizantes y abatibles, conectividad para smartphone mediante openR link y asistente de aparcamiento trasero. Puedes elegir entre seis colores.       <\/p>\n<figure class=\"wp-block-image size-full\"><img loading=\"lazy\" decoding=\"async\" width=\"1920\" height=\"1440\" src=\"https:\/\/autorai.nl\/wp-content\/uploads\/2026\/02\/boudewijn-blok-dacia-managing-director-nederland-fotografie-bart-oostvogels-autorai-foto2.jpg\" alt=\"Boudewijn Blok, Director de Marca de Dacia en el Grupo Renault Pa\u00edses Bajos Fotograf\u00eda: Bart Oostvogels - AutoRAI.nl\" class=\"wp-image-216146\"><figcaption class=\"wp-element-caption\">Boudewijn Blok, Director de Marca de Dacia en el Grupo Renault Pa\u00edses Bajos &#8211; Fotograf\u00eda: Bart Oostvogels &#8211; <em>AutoRAI.nl<\/em><\/figcaption><\/figure>\n<h2 class=\"wp-block-heading\">Temporalmente dos VE del segmento A<\/h2>\n<p>Blok puede confirmar que la actual generaci\u00f3n del Dacia Spring permanecer\u00e1 en la gama despu\u00e9s de la introducci\u00f3n del nuevo veh\u00edculo el\u00e9ctrico del segmento A de Dacia. \u00abEn primer lugar, seguir\u00e1n coexistiendo en la gama\u00bb, explica. Sin embargo, se espera que el Primavera, tal y como lo conocemos hoy, desaparezca del mercado, dejando que el nuevo VE peque\u00f1o se quede solo con el imperio del segmento A. Dacia vender\u00e1 as\u00ed dos VE del segmento A a principios de 2027. \u00bfCanibalismo? De eso no hay duda, seg\u00fan Blok. \u00abPodemos ofrecer una buena evoluci\u00f3n al grupo objetivo. Dentro del Grupo Renault, habr\u00e1 diversificaci\u00f3n entre el grupo objetivo del Twingo y el grupo objetivo del sucesor del Primavera\u00bb.      <\/p>\n<h2 class=\"wp-block-heading\">Dacia en cinco a\u00f1os<\/h2>\n<p>\u00bfD\u00f3nde estar\u00e1 Dacia dentro de cinco a\u00f1os? Blok: \u00abPara entonces habremos dado un gran paso, sobre todo con lo que est\u00e1 por venir en el futuro. Tambi\u00e9n tenemos que hacerlo con la normativa europea, porque 2030 es una fecha l\u00edmite inamovible para ampliar la gama con modelos el\u00e9ctricos. Creo que podemos conseguir un crecimiento muy constante con los modelos adecuados, viendo el \u00e9xito del Bigster en Holanda, la conciencia de marca que sigue creciendo y el giro positivo de nuestra imagen. Dacia es cada vez m\u00e1s madura. La calidad de Dacia tambi\u00e9n est\u00e1 por todas partes. La imagen es buena y lo que tambi\u00e9n ayuda a Dacia es la normativa europea ADAS. Como resultado, los modelos Dacia se benefician autom\u00e1ticamente de todos los ADAS disponibles en el Grupo Renault. Esto tiene un enorme impacto positivo en nuestra marca, sobre todo porque tambi\u00e9n queremos seguir siendo muy competitivos en t\u00e9rminos de precio. Dacia se ha convertido en un actor serio en los \u00faltimos a\u00f1os y veo que ese desarrollo seguir\u00e1 creciendo\u00bb. <\/p>\n<\/p>\n<figure class=\"wp-block-embed is-type-video is-provider-youtube wp-block-embed-youtube wp-embed-aspect-16-9 wp-has-aspect-ratio\">\n<div class=\"wp-block-embed__wrapper\">\n<\/div>\n<\/figure>\n","protected":false},"excerpt":{"rendered":"Dacia, el ca\u00f1\u00f3n de ventas del Grupo Renault Dacia se vende muy bien. En 2025, la marca vendi\u00f3 697.408 coches,&hellip;","protected":false},"author":0,"featured_media":161179,"comment_status":"","ping_status":"open","sticky":false,"template":"","format":"standard","meta":{"footnotes":""},"categories":[218,129,126],"tags":[],"class_list":["post-161278","post","type-post","status-publish","format-standard","has-post-thumbnail","hentry","category-entrevista","category-fondo","category-noticias-de-autos"],"acf":[],"yoast_head":"<!-- This site is optimized with the Yoast SEO plugin v21.2 - https:\/\/yoast.com\/wordpress\/plugins\/seo\/ -->\n<title>Dacia: &quot;Vamos a dar pasos de gigante&quot; - All cars news<\/title>\n<meta name=\"robots\" content=\"index, follow, max-snippet:-1, max-image-preview:large, max-video-preview:-1\" \/>\n<link rel=\"canonical\" href=\"https:\/\/all-car-news.com\/es\/dacia-vamos-a-dar-pasos-de-gigante\/\" \/>\n<meta property=\"og:locale\" content=\"es_ES\" \/>\n<meta property=\"og:type\" content=\"article\" \/>\n<meta property=\"og:title\" content=\"Dacia: &quot;Vamos a dar pasos de gigante&quot; - All cars news\" \/>\n<meta property=\"og:description\" content=\"Dacia, el ca\u00f1\u00f3n de ventas del Grupo Renault Dacia se vende muy bien. En 2025, la marca vendi\u00f3 697.408 coches, un 3,1% m\u00e1s que en 2024. En Europa, la marca tiene una cuota de mercado del 7,9%, lo que se debe en parte al \u00e9xito del Sandero. Ese modelo ha sido el m\u00e1s vendido [...] desde 2017.\" \/>\n<meta property=\"og:url\" content=\"https:\/\/all-car-news.com\/es\/dacia-vamos-a-dar-pasos-de-gigante\/\" \/>\n<meta property=\"og:site_name\" content=\"All cars news\" \/>\n<meta property=\"article:published_time\" content=\"2026-02-11T08:12:21+00:00\" \/>\n<meta property=\"og:image\" content=\"https:\/\/autorai.nl\/wp-content\/uploads\/2026\/02\/boudewijn-blok-dacia-managing-director-nederland-fotografie-bart-oostvogels-autorai-foto3.jpg\" \/>\n<meta name=\"twitter:card\" content=\"summary_large_image\" \/>\n<meta name=\"twitter:label1\" content=\"Tiempo de lectura\" \/>\n\t<meta name=\"twitter:data1\" content=\"5 minutos\" \/>\n<script type=\"application\/ld+json\" class=\"yoast-schema-graph\">{\"@context\":\"https:\/\/schema.org\",\"@graph\":[{\"@type\":\"Article\",\"@id\":\"https:\/\/all-car-news.com\/es\/dacia-vamos-a-dar-pasos-de-gigante\/#article\",\"isPartOf\":{\"@id\":\"https:\/\/all-car-news.com\/es\/dacia-vamos-a-dar-pasos-de-gigante\/\"},\"author\":{\"name\":\"\",\"@id\":\"\"},\"headline\":\"Dacia: \u00abVamos a dar pasos de gigante\u00bb\",\"datePublished\":\"2026-02-11T08:12:21+00:00\",\"dateModified\":\"2026-02-11T08:12:21+00:00\",\"mainEntityOfPage\":{\"@id\":\"https:\/\/all-car-news.com\/es\/dacia-vamos-a-dar-pasos-de-gigante\/\"},\"wordCount\":1035,\"publisher\":{\"@id\":\"https:\/\/all-car-news.com\/es\/#organization\"},\"articleSection\":[\"Entrevista\",\"Fondo\",\"noticias de autos\"],\"inLanguage\":\"es\"},{\"@type\":\"WebPage\",\"@id\":\"https:\/\/all-car-news.com\/es\/dacia-vamos-a-dar-pasos-de-gigante\/\",\"url\":\"https:\/\/all-car-news.com\/es\/dacia-vamos-a-dar-pasos-de-gigante\/\",\"name\":\"Dacia: \\\"Vamos a dar pasos de gigante\\\" - All cars news\",\"isPartOf\":{\"@id\":\"https:\/\/all-car-news.com\/es\/#website\"},\"datePublished\":\"2026-02-11T08:12:21+00:00\",\"dateModified\":\"2026-02-11T08:12:21+00:00\",\"breadcrumb\":{\"@id\":\"https:\/\/all-car-news.com\/es\/dacia-vamos-a-dar-pasos-de-gigante\/#breadcrumb\"},\"inLanguage\":\"es\",\"potentialAction\":[{\"@type\":\"ReadAction\",\"target\":[\"https:\/\/all-car-news.com\/es\/dacia-vamos-a-dar-pasos-de-gigante\/\"]}]},{\"@type\":\"BreadcrumbList\",\"@id\":\"https:\/\/all-car-news.com\/es\/dacia-vamos-a-dar-pasos-de-gigante\/#breadcrumb\",\"itemListElement\":[{\"@type\":\"ListItem\",\"position\":1,\"name\":\"Home\",\"item\":\"https:\/\/all-car-news.com\/es\/\"},{\"@type\":\"ListItem\",\"position\":2,\"name\":\"Dacia: \u00abVamos a dar pasos de gigante\u00bb\"}]},{\"@type\":\"WebSite\",\"@id\":\"https:\/\/all-car-news.com\/es\/#website\",\"url\":\"https:\/\/all-car-news.com\/es\/\",\"name\":\"All cars news\",\"description\":\"\",\"publisher\":{\"@id\":\"https:\/\/all-car-news.com\/es\/#organization\"},\"potentialAction\":[{\"@type\":\"SearchAction\",\"target\":{\"@type\":\"EntryPoint\",\"urlTemplate\":\"https:\/\/all-car-news.com\/es\/?s={search_term_string}\"},\"query-input\":\"required name=search_term_string\"}],\"inLanguage\":\"es\"},{\"@type\":\"Organization\",\"@id\":\"https:\/\/all-car-news.com\/es\/#organization\",\"name\":\"All cars news\",\"url\":\"https:\/\/all-car-news.com\/es\/\",\"logo\":{\"@type\":\"ImageObject\",\"inLanguage\":\"es\",\"@id\":\"https:\/\/all-car-news.com\/es\/#\/schema\/logo\/image\/\",\"url\":\"https:\/\/all-car-news.com\/wp-content\/uploads\/2022\/02\/CMYK-AllCarNews_LANDSCAPE_300px-1.png\",\"contentUrl\":\"https:\/\/all-car-news.com\/wp-content\/uploads\/2022\/02\/CMYK-AllCarNews_LANDSCAPE_300px-1.png\",\"width\":300,\"height\":100,\"caption\":\"All cars news\"},\"image\":{\"@id\":\"https:\/\/all-car-news.com\/es\/#\/schema\/logo\/image\/\"}}]}<\/script>\n<!-- \/ Yoast SEO plugin. -->","yoast_head_json":{"title":"Dacia: \"Vamos a dar pasos de gigante\" - All cars news","robots":{"index":"index","follow":"follow","max-snippet":"max-snippet:-1","max-image-preview":"max-image-preview:large","max-video-preview":"max-video-preview:-1"},"canonical":"https:\/\/all-car-news.com\/es\/dacia-vamos-a-dar-pasos-de-gigante\/","og_locale":"es_ES","og_type":"article","og_title":"Dacia: \"Vamos a dar pasos de gigante\" - All cars news","og_description":"Dacia, el ca\u00f1\u00f3n de ventas del Grupo Renault Dacia se vende muy bien. En 2025, la marca vendi\u00f3 697.408 coches, un 3,1% m\u00e1s que en 2024. En Europa, la marca tiene una cuota de mercado del 7,9%, lo que se debe en parte al \u00e9xito del Sandero. Ese modelo ha sido el m\u00e1s vendido [...] desde 2017.","og_url":"https:\/\/all-car-news.com\/es\/dacia-vamos-a-dar-pasos-de-gigante\/","og_site_name":"All cars news","article_published_time":"2026-02-11T08:12:21+00:00","og_image":[{"url":"https:\/\/autorai.nl\/wp-content\/uploads\/2026\/02\/boudewijn-blok-dacia-managing-director-nederland-fotografie-bart-oostvogels-autorai-foto3.jpg"}],"twitter_card":"summary_large_image","twitter_misc":{"Tiempo de lectura":"5 minutos"},"schema":{"@context":"https:\/\/schema.org","@graph":[{"@type":"Article","@id":"https:\/\/all-car-news.com\/es\/dacia-vamos-a-dar-pasos-de-gigante\/#article","isPartOf":{"@id":"https:\/\/all-car-news.com\/es\/dacia-vamos-a-dar-pasos-de-gigante\/"},"author":{"name":"","@id":""},"headline":"Dacia: \u00abVamos a dar pasos de gigante\u00bb","datePublished":"2026-02-11T08:12:21+00:00","dateModified":"2026-02-11T08:12:21+00:00","mainEntityOfPage":{"@id":"https:\/\/all-car-news.com\/es\/dacia-vamos-a-dar-pasos-de-gigante\/"},"wordCount":1035,"publisher":{"@id":"https:\/\/all-car-news.com\/es\/#organization"},"articleSection":["Entrevista","Fondo","noticias de autos"],"inLanguage":"es"},{"@type":"WebPage","@id":"https:\/\/all-car-news.com\/es\/dacia-vamos-a-dar-pasos-de-gigante\/","url":"https:\/\/all-car-news.com\/es\/dacia-vamos-a-dar-pasos-de-gigante\/","name":"Dacia: \"Vamos a dar pasos de gigante\" - All cars news","isPartOf":{"@id":"https:\/\/all-car-news.com\/es\/#website"},"datePublished":"2026-02-11T08:12:21+00:00","dateModified":"2026-02-11T08:12:21+00:00","breadcrumb":{"@id":"https:\/\/all-car-news.com\/es\/dacia-vamos-a-dar-pasos-de-gigante\/#breadcrumb"},"inLanguage":"es","potentialAction":[{"@type":"ReadAction","target":["https:\/\/all-car-news.com\/es\/dacia-vamos-a-dar-pasos-de-gigante\/"]}]},{"@type":"BreadcrumbList","@id":"https:\/\/all-car-news.com\/es\/dacia-vamos-a-dar-pasos-de-gigante\/#breadcrumb","itemListElement":[{"@type":"ListItem","position":1,"name":"Home","item":"https:\/\/all-car-news.com\/es\/"},{"@type":"ListItem","position":2,"name":"Dacia: \u00abVamos a dar pasos de gigante\u00bb"}]},{"@type":"WebSite","@id":"https:\/\/all-car-news.com\/es\/#website","url":"https:\/\/all-car-news.com\/es\/","name":"All cars news","description":"","publisher":{"@id":"https:\/\/all-car-news.com\/es\/#organization"},"potentialAction":[{"@type":"SearchAction","target":{"@type":"EntryPoint","urlTemplate":"https:\/\/all-car-news.com\/es\/?s={search_term_string}"},"query-input":"required name=search_term_string"}],"inLanguage":"es"},{"@type":"Organization","@id":"https:\/\/all-car-news.com\/es\/#organization","name":"All cars news","url":"https:\/\/all-car-news.com\/es\/","logo":{"@type":"ImageObject","inLanguage":"es","@id":"https:\/\/all-car-news.com\/es\/#\/schema\/logo\/image\/","url":"https:\/\/all-car-news.com\/wp-content\/uploads\/2022\/02\/CMYK-AllCarNews_LANDSCAPE_300px-1.png","contentUrl":"https:\/\/all-car-news.com\/wp-content\/uploads\/2022\/02\/CMYK-AllCarNews_LANDSCAPE_300px-1.png","width":300,"height":100,"caption":"All cars news"},"image":{"@id":"https:\/\/all-car-news.com\/es\/#\/schema\/logo\/image\/"}}]}},"_links":{"self":[{"href":"https:\/\/all-car-news.com\/es\/wp-json\/wp\/v2\/posts\/161278","targetHints":{"allow":["GET"]}}],"collection":[{"href":"https:\/\/all-car-news.com\/es\/wp-json\/wp\/v2\/posts"}],"about":[{"href":"https:\/\/all-car-news.com\/es\/wp-json\/wp\/v2\/types\/post"}],"replies":[{"embeddable":true,"href":"https:\/\/all-car-news.com\/es\/wp-json\/wp\/v2\/comments?post=161278"}],"version-history":[{"count":0,"href":"https:\/\/all-car-news.com\/es\/wp-json\/wp\/v2\/posts\/161278\/revisions"}],"wp:featuredmedia":[{"embeddable":true,"href":"https:\/\/all-car-news.com\/es\/wp-json\/wp\/v2\/media\/161179"}],"wp:attachment":[{"href":"https:\/\/all-car-news.com\/es\/wp-json\/wp\/v2\/media?parent=161278"}],"wp:term":[{"taxonomy":"category","embeddable":true,"href":"https:\/\/all-car-news.com\/es\/wp-json\/wp\/v2\/categories?post=161278"},{"taxonomy":"post_tag","embeddable":true,"href":"https:\/\/all-car-news.com\/es\/wp-json\/wp\/v2\/tags?post=161278"}],"curies":[{"name":"wp","href":"https:\/\/api.w.org\/{rel}","templated":true}]}}