{"id":160643,"date":"2026-01-06T16:10:21","date_gmt":"2026-01-06T16:10:21","guid":{"rendered":"https:\/\/all-car-news.com\/verge-ts-pro-con-600-km-de-autonomia\/"},"modified":"2026-01-06T16:10:21","modified_gmt":"2026-01-06T16:10:21","slug":"verge-ts-pro-con-600-km-de-autonomia","status":"publish","type":"post","link":"https:\/\/all-car-news.com\/es\/verge-ts-pro-con-600-km-de-autonomia\/","title":{"rendered":"Verge TS Pro con 600 km de autonom\u00eda"},"content":{"rendered":"<p>La nueva Verge TS Pro incorpora numerosas actualizaciones que llevan las caracter\u00edsticas t\u00e9cnicas y la experiencia de uso de la bicicleta a un nivel completamente nuevo. Lo m\u00e1s destacado del nuevo modelo es la aplicaci\u00f3n de la nueva generaci\u00f3n del famoso motor sin buje de Verge: el Motor Donut 2.0. Esto proporciona un rendimiento sin precedentes con un 50% menos de peso.  <\/p>\n<p><img decoding=\"async\" loading=\"lazy\" width=\"1140\" height=\"641\" class=\"alignnone size-medium wp-image-29162\" src=\"https:\/\/motorrai.nl\/wp-content\/uploads\/2026\/01\/2262886-1140x641.webp\" alt=\"\"><\/p>\n<h2>Motor el\u00e9ctrico sin buje de Verge<\/h2>\n<p>La Verge TS Pro es el modelo m\u00e1s popular del fabricante finland\u00e9s de motos el\u00e9ctricas Verge Motorcycles, cuya producci\u00f3n en serie comenz\u00f3 en 2023. La Verge TS Pro actualizada subraya la gran experiencia t\u00e9cnica de la empresa. Esta moto est\u00e1 equipada ahora con un motor Donut sin bujes m\u00e1s ligero y una nueva bater\u00eda de estado s\u00f3lido.  <\/p>\n<h2>\u00a1140 CV y 1.000 Nm!<\/h2>\n<p>En el coraz\u00f3n de la redise\u00f1ada Verge TS Pro est\u00e1 el distintivo y patentado Motor Donut 2.0, que ha sido radicalmente redise\u00f1ado. Este motor ofrece la misma impresionante potencia de 140 CV y un par motor de 1.000 Nm. Pero es un 50% m\u00e1s ligero. Esto hace que la moto sea m\u00e1s ligera en su conjunto (peso total 230 kg) y mejora significativamente la eficiencia, la estabilidad y el control. El sprint de 0 a 100 km\/h se cubre en s\u00f3lo 3,5 segundos.    <\/p>\n<p><img decoding=\"async\" loading=\"lazy\" width=\"1100\" height=\"619\" class=\"alignnone size-full wp-image-26684\" src=\"https:\/\/motorrai.nl\/wp-content\/uploads\/2023\/01\/Verge-TS-10.jpg\" alt=\"\"><\/p>\n<h2>Verge carga a la velocidad del rayo<\/h2>\n<p>Con una bater\u00eda de estado s\u00f3lido mejorada y potente de 20,2 kWh o 33 kWh, la Verge TS Pro establece un nuevo est\u00e1ndar para las motos el\u00e9ctricas. Esta bater\u00eda ofrece una autonom\u00eda de hasta 350 km o hasta 600 km. Se puede cargar al 80% en diez minutos con la carga r\u00e1pida. Su avanzada tecnolog\u00eda de control garantiza no s\u00f3lo una carga m\u00e1s eficiente, sino tambi\u00e9n una mejor gesti\u00f3n t\u00e9rmica y energ\u00e9tica. La moto admite la carga CCS en Europa.    <\/p>\n<h2>Grandes pantallas<\/h2>\n<p>La redise\u00f1ada Verge TS Pro incorpora pantallas m\u00e1s grandes y claras, que informan mejor al ciclista sobre el estado de la moto, el entorno y las alertas. La interfaz de usuario es m\u00e1s intuitiva y muestra una gama m\u00e1s amplia de datos de conducci\u00f3n. La conectividad mejorada y la tecnolog\u00eda Bluetooth integrada tambi\u00e9n forman parte de la \u00faltima HMI Verge TS Pro.  <\/p>\n<p><img decoding=\"async\" loading=\"lazy\" width=\"1100\" height=\"619\" class=\"alignnone size-full wp-image-26683\" src=\"https:\/\/motorrai.nl\/wp-content\/uploads\/2023\/01\/Verge-TS-9.jpg\" alt=\"\"><\/p>\n<h2>Actualizaciones de software<\/h2>\n<p>La plataforma Starmatter desarrollada por Verge combina actualizaciones de software, tecnolog\u00eda de sensores, inteligencia artificial y una interfaz de usuario avanzada. Permite actualizaciones autom\u00e1ticas por aire (OTA), lo que permite a los usuarios de Verge recibir nuevas funciones y mejoras de rendimiento sin esfuerzo. <\/p>\n<h2>Funciones de actualizaci\u00f3n<\/h2>\n<p>El hardware interno actualizado de la moto permite activar nuevas funciones sin modificaciones f\u00edsicas, manteniendo la moto preparada para el futuro y actualizada durante todo su ciclo de vida. La plataforma Starmatter est\u00e1 dise\u00f1ada tanto para uso m\u00f3vil como de escritorio. <\/p>\n<p><img decoding=\"async\" loading=\"lazy\" width=\"760\" height=\"1140\" class=\"alignnone size-medium wp-image-29163\" src=\"https:\/\/motorrai.nl\/wp-content\/uploads\/2026\/01\/Verge-TS-Pro-at-CES23_2-1-760x1140.jpg\" alt=\"\"><\/p>\n<h2>Comentarios de los clientes<\/h2>\n<p>En los \u00faltimos a\u00f1os, Verge ha recopilado informaci\u00f3n y opiniones de numerosos viajes de prueba con clientes. Sobre esta base, se han revisado la suspensi\u00f3n y la amortiguaci\u00f3n de la moto. La sensaci\u00f3n de conducci\u00f3n y el manejo se han mejorado a\u00fan m\u00e1s y el \u00e1ngulo del asiento se ha ajustado a 25 grados, lo que da como resultado una posici\u00f3n de conducci\u00f3n m\u00e1s c\u00f3moda y ergon\u00f3mica.  <\/p>\n<h2>\u00bfPuedo comprar el Verge TS Pro?<\/h2>\n<p>La moto Verge a\u00fan no est\u00e1 disponible en ning\u00fan concesionario de Holanda, pero puedes verla a trav\u00e9s de su sitio web y hay concesionarios en Oberhausen y Hamburgo donde tambi\u00e9n puedes probarla. Enlace al sitio web: www.vergemotorcycles.com\/gl_en\/ts-pro\/. <\/p>\n<p>&nbsp;<\/p>\n<p>&nbsp;<\/p>\n","protected":false},"excerpt":{"rendered":"La nueva Verge TS Pro incorpora numerosas actualizaciones que llevan las caracter\u00edsticas t\u00e9cnicas y la experiencia de uso de la&hellip;","protected":false},"author":0,"featured_media":160630,"comment_status":"","ping_status":"open","sticky":false,"template":"","format":"standard","meta":{"footnotes":""},"categories":[126],"tags":[],"class_list":["post-160643","post","type-post","status-publish","format-standard","has-post-thumbnail","hentry","category-noticias-de-autos"],"acf":[],"yoast_head":"<!-- This site is optimized with the Yoast SEO plugin v21.2 - https:\/\/yoast.com\/wordpress\/plugins\/seo\/ -->\n<title>Verge TS Pro con 600 km de autonom\u00eda - All cars news<\/title>\n<meta name=\"robots\" content=\"index, follow, max-snippet:-1, max-image-preview:large, max-video-preview:-1\" \/>\n<link rel=\"canonical\" href=\"https:\/\/all-car-news.com\/es\/verge-ts-pro-con-600-km-de-autonomia\/\" \/>\n<meta property=\"og:locale\" content=\"es_ES\" \/>\n<meta property=\"og:type\" content=\"article\" \/>\n<meta property=\"og:title\" content=\"Verge TS Pro con 600 km de autonom\u00eda - All cars news\" \/>\n<meta property=\"og:description\" content=\"La nueva Verge TS Pro incorpora numerosas actualizaciones que llevan las caracter\u00edsticas t\u00e9cnicas y la experiencia de uso de la bicicleta a un nivel completamente nuevo. Lo m\u00e1s destacado del nuevo modelo es la aplicaci\u00f3n de la nueva generaci\u00f3n del famoso motor sin buje de Verge: el Motor Donut 2.0. Esto proporciona un rendimiento sin precedentes con un 50% menos de [...]\" \/>\n<meta property=\"og:url\" content=\"https:\/\/all-car-news.com\/es\/verge-ts-pro-con-600-km-de-autonomia\/\" \/>\n<meta property=\"og:site_name\" content=\"All cars news\" \/>\n<meta property=\"article:published_time\" content=\"2026-01-06T16:10:21+00:00\" \/>\n<meta property=\"og:image\" content=\"https:\/\/motorrai.nl\/wp-content\/uploads\/2026\/01\/2262886-1140x641.webp\" \/>\n<meta name=\"twitter:card\" content=\"summary_large_image\" \/>\n<meta name=\"twitter:label1\" content=\"Tiempo de lectura\" \/>\n\t<meta name=\"twitter:data1\" content=\"3 minutos\" \/>\n<script type=\"application\/ld+json\" class=\"yoast-schema-graph\">{\"@context\":\"https:\/\/schema.org\",\"@graph\":[{\"@type\":\"Article\",\"@id\":\"https:\/\/all-car-news.com\/es\/verge-ts-pro-con-600-km-de-autonomia\/#article\",\"isPartOf\":{\"@id\":\"https:\/\/all-car-news.com\/es\/verge-ts-pro-con-600-km-de-autonomia\/\"},\"author\":{\"name\":\"\",\"@id\":\"\"},\"headline\":\"Verge TS Pro con 600 km de autonom\u00eda\",\"datePublished\":\"2026-01-06T16:10:21+00:00\",\"dateModified\":\"2026-01-06T16:10:21+00:00\",\"mainEntityOfPage\":{\"@id\":\"https:\/\/all-car-news.com\/es\/verge-ts-pro-con-600-km-de-autonomia\/\"},\"wordCount\":630,\"publisher\":{\"@id\":\"https:\/\/all-car-news.com\/es\/#organization\"},\"articleSection\":[\"noticias de autos\"],\"inLanguage\":\"es\"},{\"@type\":\"WebPage\",\"@id\":\"https:\/\/all-car-news.com\/es\/verge-ts-pro-con-600-km-de-autonomia\/\",\"url\":\"https:\/\/all-car-news.com\/es\/verge-ts-pro-con-600-km-de-autonomia\/\",\"name\":\"Verge TS Pro con 600 km de autonom\u00eda - All cars news\",\"isPartOf\":{\"@id\":\"https:\/\/all-car-news.com\/es\/#website\"},\"datePublished\":\"2026-01-06T16:10:21+00:00\",\"dateModified\":\"2026-01-06T16:10:21+00:00\",\"breadcrumb\":{\"@id\":\"https:\/\/all-car-news.com\/es\/verge-ts-pro-con-600-km-de-autonomia\/#breadcrumb\"},\"inLanguage\":\"es\",\"potentialAction\":[{\"@type\":\"ReadAction\",\"target\":[\"https:\/\/all-car-news.com\/es\/verge-ts-pro-con-600-km-de-autonomia\/\"]}]},{\"@type\":\"BreadcrumbList\",\"@id\":\"https:\/\/all-car-news.com\/es\/verge-ts-pro-con-600-km-de-autonomia\/#breadcrumb\",\"itemListElement\":[{\"@type\":\"ListItem\",\"position\":1,\"name\":\"Home\",\"item\":\"https:\/\/all-car-news.com\/es\/\"},{\"@type\":\"ListItem\",\"position\":2,\"name\":\"Verge TS Pro con 600 km de autonom\u00eda\"}]},{\"@type\":\"WebSite\",\"@id\":\"https:\/\/all-car-news.com\/es\/#website\",\"url\":\"https:\/\/all-car-news.com\/es\/\",\"name\":\"All cars news\",\"description\":\"\",\"publisher\":{\"@id\":\"https:\/\/all-car-news.com\/es\/#organization\"},\"potentialAction\":[{\"@type\":\"SearchAction\",\"target\":{\"@type\":\"EntryPoint\",\"urlTemplate\":\"https:\/\/all-car-news.com\/es\/?s={search_term_string}\"},\"query-input\":\"required name=search_term_string\"}],\"inLanguage\":\"es\"},{\"@type\":\"Organization\",\"@id\":\"https:\/\/all-car-news.com\/es\/#organization\",\"name\":\"All cars news\",\"url\":\"https:\/\/all-car-news.com\/es\/\",\"logo\":{\"@type\":\"ImageObject\",\"inLanguage\":\"es\",\"@id\":\"https:\/\/all-car-news.com\/es\/#\/schema\/logo\/image\/\",\"url\":\"https:\/\/all-car-news.com\/wp-content\/uploads\/2022\/02\/CMYK-AllCarNews_LANDSCAPE_300px-1.png\",\"contentUrl\":\"https:\/\/all-car-news.com\/wp-content\/uploads\/2022\/02\/CMYK-AllCarNews_LANDSCAPE_300px-1.png\",\"width\":300,\"height\":100,\"caption\":\"All cars news\"},\"image\":{\"@id\":\"https:\/\/all-car-news.com\/es\/#\/schema\/logo\/image\/\"}}]}<\/script>\n<!-- \/ Yoast SEO plugin. -->","yoast_head_json":{"title":"Verge TS Pro con 600 km de autonom\u00eda - All cars news","robots":{"index":"index","follow":"follow","max-snippet":"max-snippet:-1","max-image-preview":"max-image-preview:large","max-video-preview":"max-video-preview:-1"},"canonical":"https:\/\/all-car-news.com\/es\/verge-ts-pro-con-600-km-de-autonomia\/","og_locale":"es_ES","og_type":"article","og_title":"Verge TS Pro con 600 km de autonom\u00eda - All cars news","og_description":"La nueva Verge TS Pro incorpora numerosas actualizaciones que llevan las caracter\u00edsticas t\u00e9cnicas y la experiencia de uso de la bicicleta a un nivel completamente nuevo. Lo m\u00e1s destacado del nuevo modelo es la aplicaci\u00f3n de la nueva generaci\u00f3n del famoso motor sin buje de Verge: el Motor Donut 2.0. Esto proporciona un rendimiento sin precedentes con un 50% menos de [...]","og_url":"https:\/\/all-car-news.com\/es\/verge-ts-pro-con-600-km-de-autonomia\/","og_site_name":"All cars news","article_published_time":"2026-01-06T16:10:21+00:00","og_image":[{"url":"https:\/\/motorrai.nl\/wp-content\/uploads\/2026\/01\/2262886-1140x641.webp"}],"twitter_card":"summary_large_image","twitter_misc":{"Tiempo de lectura":"3 minutos"},"schema":{"@context":"https:\/\/schema.org","@graph":[{"@type":"Article","@id":"https:\/\/all-car-news.com\/es\/verge-ts-pro-con-600-km-de-autonomia\/#article","isPartOf":{"@id":"https:\/\/all-car-news.com\/es\/verge-ts-pro-con-600-km-de-autonomia\/"},"author":{"name":"","@id":""},"headline":"Verge TS Pro con 600 km de autonom\u00eda","datePublished":"2026-01-06T16:10:21+00:00","dateModified":"2026-01-06T16:10:21+00:00","mainEntityOfPage":{"@id":"https:\/\/all-car-news.com\/es\/verge-ts-pro-con-600-km-de-autonomia\/"},"wordCount":630,"publisher":{"@id":"https:\/\/all-car-news.com\/es\/#organization"},"articleSection":["noticias de autos"],"inLanguage":"es"},{"@type":"WebPage","@id":"https:\/\/all-car-news.com\/es\/verge-ts-pro-con-600-km-de-autonomia\/","url":"https:\/\/all-car-news.com\/es\/verge-ts-pro-con-600-km-de-autonomia\/","name":"Verge TS Pro con 600 km de autonom\u00eda - All cars news","isPartOf":{"@id":"https:\/\/all-car-news.com\/es\/#website"},"datePublished":"2026-01-06T16:10:21+00:00","dateModified":"2026-01-06T16:10:21+00:00","breadcrumb":{"@id":"https:\/\/all-car-news.com\/es\/verge-ts-pro-con-600-km-de-autonomia\/#breadcrumb"},"inLanguage":"es","potentialAction":[{"@type":"ReadAction","target":["https:\/\/all-car-news.com\/es\/verge-ts-pro-con-600-km-de-autonomia\/"]}]},{"@type":"BreadcrumbList","@id":"https:\/\/all-car-news.com\/es\/verge-ts-pro-con-600-km-de-autonomia\/#breadcrumb","itemListElement":[{"@type":"ListItem","position":1,"name":"Home","item":"https:\/\/all-car-news.com\/es\/"},{"@type":"ListItem","position":2,"name":"Verge TS Pro con 600 km de autonom\u00eda"}]},{"@type":"WebSite","@id":"https:\/\/all-car-news.com\/es\/#website","url":"https:\/\/all-car-news.com\/es\/","name":"All cars news","description":"","publisher":{"@id":"https:\/\/all-car-news.com\/es\/#organization"},"potentialAction":[{"@type":"SearchAction","target":{"@type":"EntryPoint","urlTemplate":"https:\/\/all-car-news.com\/es\/?s={search_term_string}"},"query-input":"required name=search_term_string"}],"inLanguage":"es"},{"@type":"Organization","@id":"https:\/\/all-car-news.com\/es\/#organization","name":"All cars news","url":"https:\/\/all-car-news.com\/es\/","logo":{"@type":"ImageObject","inLanguage":"es","@id":"https:\/\/all-car-news.com\/es\/#\/schema\/logo\/image\/","url":"https:\/\/all-car-news.com\/wp-content\/uploads\/2022\/02\/CMYK-AllCarNews_LANDSCAPE_300px-1.png","contentUrl":"https:\/\/all-car-news.com\/wp-content\/uploads\/2022\/02\/CMYK-AllCarNews_LANDSCAPE_300px-1.png","width":300,"height":100,"caption":"All cars news"},"image":{"@id":"https:\/\/all-car-news.com\/es\/#\/schema\/logo\/image\/"}}]}},"_links":{"self":[{"href":"https:\/\/all-car-news.com\/es\/wp-json\/wp\/v2\/posts\/160643","targetHints":{"allow":["GET"]}}],"collection":[{"href":"https:\/\/all-car-news.com\/es\/wp-json\/wp\/v2\/posts"}],"about":[{"href":"https:\/\/all-car-news.com\/es\/wp-json\/wp\/v2\/types\/post"}],"replies":[{"embeddable":true,"href":"https:\/\/all-car-news.com\/es\/wp-json\/wp\/v2\/comments?post=160643"}],"version-history":[{"count":0,"href":"https:\/\/all-car-news.com\/es\/wp-json\/wp\/v2\/posts\/160643\/revisions"}],"wp:featuredmedia":[{"embeddable":true,"href":"https:\/\/all-car-news.com\/es\/wp-json\/wp\/v2\/media\/160630"}],"wp:attachment":[{"href":"https:\/\/all-car-news.com\/es\/wp-json\/wp\/v2\/media?parent=160643"}],"wp:term":[{"taxonomy":"category","embeddable":true,"href":"https:\/\/all-car-news.com\/es\/wp-json\/wp\/v2\/categories?post=160643"},{"taxonomy":"post_tag","embeddable":true,"href":"https:\/\/all-car-news.com\/es\/wp-json\/wp\/v2\/tags?post=160643"}],"curies":[{"name":"wp","href":"https:\/\/api.w.org\/{rel}","templated":true}]}}