{"id":159642,"date":"2025-11-17T10:09:25","date_gmt":"2025-11-17T10:09:25","guid":{"rendered":"https:\/\/all-car-news.com\/reportaje-60-anos-de-suzuki-en-el-mundo-toyota-de-louwman\/"},"modified":"2025-11-17T10:09:25","modified_gmt":"2025-11-17T10:09:25","slug":"reportaje-60-anos-de-suzuki-en-el-mundo-toyota-de-louwman","status":"publish","type":"post","link":"https:\/\/all-car-news.com\/es\/reportaje-60-anos-de-suzuki-en-el-mundo-toyota-de-louwman\/","title":{"rendered":"Reportaje: 60 a\u00f1os de Suzuki en el Mundo Toyota de Louwman"},"content":{"rendered":"<h2 class=\"wp-block-heading\">Suzuki tiene mucho que celebrar<\/h2>\n<p>Suzuki Pa\u00edses Bajos -parte de NIMAG y propiedad del Grupo Louwman- tiene mucho que celebrar en 2026. Ese a\u00f1o, Suzuki cumplir\u00e1 nada menos que 60 a\u00f1os de operaciones en Holanda. Naturalmente, eso requiere muchas celebraciones. A Suzuki le gusta implicar en ello a la mayor parte posible del p\u00fablico. El acto de Raamsdonksveer es un buen ejemplo de ello. En colaboraci\u00f3n con la KJMV y el Mundo Toyota de Louwman, se expuso al p\u00fablico una amplia colecci\u00f3n centrada en los 60 a\u00f1os de Suzuki Pa\u00edses Bajos, el 40 aniversario de la Suzuki RE-5 y el 40 aniversario de la Suzuki GSX-R. La asistencia al acto fue gratuita.      <\/p>\n<h2 class=\"wp-block-heading\">Salones generosos<\/h2>\n<p>Durante el evento, que tuvo lugar en los fastuosos salones del Toyota World de Louwman, se prest\u00f3 especial atenci\u00f3n a los modelos m\u00e1s deportivos de Suzuki. Se expusieron nada menos que 75 motos Suzuki cl\u00e1sicas, desde las de carreras hasta las todoterreno. <\/p>\n<figure class=\"wp-block-image size-content\"><img loading=\"lazy\" decoding=\"async\" width=\"1140\" height=\"855\" src=\"https:\/\/autorai.nl\/wp-content\/uploads\/2025\/11\/bart-oostvogels-suzuki-60-jaar-raamsdonksveer-16-november-2025-foto45-1140x855.jpg\" alt=\"60 a\u00f1os de Suzuki en Holanda - Mundo Toyota de Louwman\" class=\"wp-image-213025\"><\/figure>\n<h2 class=\"wp-block-heading\">Comunidad Suzuki muy unida<\/h2>\n<p>\u00abEs maravilloso ver lo unida que est\u00e1 la comunidad Suzuki. Esto es evidente por la gran participaci\u00f3n en este evento. Todo el mundo habla entre s\u00ed y comparte su pasi\u00f3n. Por eso lo hacemos, porque Suzuki representa sobre todo el placer de conducir accesible\u00bb, dice Romy van Kruijf, que trabaja en el departamento de Relaciones P\u00fablicas de Suzuki Pa\u00edses Bajos.<\/p>\n<h2 class=\"wp-block-heading\">Sello grande<\/h2>\n<p>Sjoerd van Bilsen, conservador del Museo Louwman y del Mundo Toyota de Louwman, afirma: \u00abEstamos orgullosos de mostrar esta colecci\u00f3n en nuestras salas. Las dem\u00e1s \u00e1reas de nuestra colecci\u00f3n tambi\u00e9n est\u00e1n abiertas al p\u00fablico durante este evento. De este modo, los visitantes podr\u00e1n hacerse una idea de lo que ha hecho exactamente la organizaci\u00f3n Louwman durante todos estos a\u00f1os, porque el centro de atenci\u00f3n no era s\u00f3lo la importaci\u00f3n de autom\u00f3viles. Las motocicletas -las Suzuki en particular- tambi\u00e9n dejaron una gran huella en la organizaci\u00f3n importadora, al igual que los veh\u00edculos agr\u00edcolas\u00bb.<\/p>\n<figure class=\"wp-block-image size-content\"><img loading=\"lazy\" decoding=\"async\" width=\"1140\" height=\"855\" src=\"https:\/\/autorai.nl\/wp-content\/uploads\/2025\/11\/bart-oostvogels-suzuki-60-jaar-raamsdonksveer-16-november-2025-foto32-1140x855.jpg\" alt=\"60 a\u00f1os de Suzuki en Holanda - Mundo Toyota de Louwman\" class=\"wp-image-213017\"><\/figure>\n<h2 class=\"wp-block-heading\">M\u00e1s de 400 visitantes<\/h2>\n<p>El acto atrajo a m\u00e1s de 400 visitantes. Entre otras cosas, vieron la Suzuki RM64 de -c\u00f3mo no- 1964. La Suzuki RM64 fue una exitosa moto de carreras de 50 cc y dos tiempos de la d\u00e9cada de 1960, caracterizada por un motor de 49,6 cc que produc\u00eda unos 9 kW (12,5 CV) a 14.000 rpm, una caja de cambios de nueve velocidades y una elevada velocidad m\u00e1xima de m\u00e1s de 160 km\/h. Entre sus caracter\u00edsticas principales se encontraban un motor monocil\u00edndrico refrigerado por aire con admisi\u00f3n rotativa, un dise\u00f1o monocasco y un chasis construido espec\u00edficamente para las carreras de competici\u00f3n, como se vio en los modelos de pilotos como Hugh Anderson.   <\/p>\n<h2 class=\"wp-block-heading\">Suzuki Diamante Libre<\/h2>\n<p>Un poco m\u00e1s antigua es la Suzuki Diamond Free de 1953. La Diamond Free se desarroll\u00f3 en respuesta a la revisi\u00f3n de la Ley de Tr\u00e1fico por Carretera japonesa en julio de 1952, que aument\u00f3 la cilindrada permitida para las motos de dos tiempos a 60cc. El motor monocil\u00edndrico refrigerado por aire se dise\u00f1\u00f3 siguiendo el mismo concepto t\u00e9cnico que el anterior motor de 36cc. Las prestaciones de la Diamond Free fueron ampliamente reconocidas, como lo demuestra la victoria de Rinsaku Yamashita, empleado de Suzuki, en la categor\u00eda de motos de bicicleta en la primera carrera de subida de cuestas del Monte Fuji en 1953 y la finalizaci\u00f3n con \u00e9xito de la prueba Norte-Sur de 3.000 km desde Sapporo a Hokkaido en Jap\u00f3n. Estos resultados provocaron una enorme popularidad, con ventas que alcanzaron las 6.000 unidades al mes.    <\/p>\n<figure class=\"wp-block-image size-content\"><img loading=\"lazy\" decoding=\"async\" width=\"1140\" height=\"855\" src=\"https:\/\/autorai.nl\/wp-content\/uploads\/2025\/11\/bart-oostvogels-suzuki-60-jaar-raamsdonksveer-16-november-2025-foto49-1140x855.jpg\" alt=\"\" class=\"wp-image-213029\"><\/figure>\n<h2 class=\"wp-block-heading\">Suzuki GSX1100 Garza<\/h2>\n<p>Otra joya: la Suzuki GSX1100 Heron de 1981. Esta Suzuki era una versi\u00f3n de edici\u00f3n limitada de la GSX1100, con un carenado completo, faros dobles y un dise\u00f1o aerodin\u00e1mico para reducir la resistencia y mejorar la estabilidad a alta velocidad. Incorporaba un innovador bastidor de aluminio, que llam\u00f3 mucho la atenci\u00f3n en su momento, junto con su inteligente horquilla delantera, un monoamortiguador trasero y frenos de disco delante y uno detr\u00e1s.  <\/p>\n<p>Tambi\u00e9n estuvo presente la Baker Barracuda &#8211; Suzuki TL-1000 (2005-2015). Esta m\u00e1quina ten\u00eda un motor DOHC de dos cilindros en V a 90\u00ba y cuatro tiempos con una cilindrada de 996 cc y seis marchas. La potencia m\u00e1xima era de 71 kW (97 CV) a 10.000 rpm. Un motor excepcional que recibi\u00f3 bastantes premios, no s\u00f3lo por sus prestaciones, sino tambi\u00e9n por su dise\u00f1o.   <\/p>\n<h2 class=\"wp-block-heading\">Suzuki RG500 XR27  <\/h2>\n<p>\u00bfConoces tambi\u00e9n la Suzuki RG500 XR27 de 1978 (Heron)? La Suzuki XR27 de 1978 era una versi\u00f3n de la RG500, una moto de carreras de 500 cc de dos tiempos y refrigeraci\u00f3n l\u00edquida desarrollada por Suzuki para el campeonato mundial de motociclismo. Aunque la potencia espec\u00edfica var\u00eda de un a\u00f1o a otro, la XR27 probablemente produc\u00eda una potencia considerable, estimada entre 90 y 120 CV, para respaldar su rendimiento competitivo en las carreras de la \u00e9poca. La XR27 era conocida por su potente motor central y sus \u00e9xitos en competici\u00f3n, especialmente con el piloto Barry Sheene.   <\/p>\n<h2 class=\"wp-block-heading\">Suzuki RGB500<\/h2>\n<p>OK, una m\u00e1s entonces. La Suzuki RGB500 de 1982. Esta moto tiene un c\u00e1rter completamente nuevo dise\u00f1ado por Ton Spek y fue pilotada por Alessandro Valesi. La propulsa un motor de 498 cc de cuatro cilindros y dos tiempos (Square Four), acoplado a una caja de cambios de seis velocidades. A 11.600 rpm, el motor exprime la friolera de 87 kW (118 CV) de sus cilindros.    <\/p>\n","protected":false},"excerpt":{"rendered":"Suzuki tiene mucho que celebrar Suzuki Pa\u00edses Bajos -parte de NIMAG y propiedad del Grupo Louwman- tiene mucho que celebrar&hellip;","protected":false},"author":0,"featured_media":159618,"comment_status":"","ping_status":"open","sticky":false,"template":"","format":"standard","meta":{"footnotes":""},"categories":[126],"tags":[],"class_list":["post-159642","post","type-post","status-publish","format-standard","has-post-thumbnail","hentry","category-noticias-de-autos"],"acf":[],"yoast_head":"<!-- This site is optimized with the Yoast SEO plugin v21.2 - https:\/\/yoast.com\/wordpress\/plugins\/seo\/ -->\n<title>Reportaje: 60 a\u00f1os de Suzuki en el Mundo Toyota de Louwman - All cars news<\/title>\n<meta name=\"robots\" content=\"index, follow, max-snippet:-1, max-image-preview:large, max-video-preview:-1\" \/>\n<link rel=\"canonical\" href=\"https:\/\/all-car-news.com\/es\/reportaje-60-anos-de-suzuki-en-el-mundo-toyota-de-louwman\/\" \/>\n<meta property=\"og:locale\" content=\"es_ES\" \/>\n<meta property=\"og:type\" content=\"article\" \/>\n<meta property=\"og:title\" content=\"Reportaje: 60 a\u00f1os de Suzuki en el Mundo Toyota de Louwman - All cars news\" \/>\n<meta property=\"og:description\" content=\"Suzuki tiene mucho que celebrar Suzuki Pa\u00edses Bajos -parte de NIMAG y propiedad del Grupo Louwman- tiene mucho que celebrar en 2026. Ese a\u00f1o, Suzuki celebrar\u00e1 nada menos que 60 a\u00f1os de operaciones en Holanda. Naturalmente, eso requiere muchas celebraciones. A Suzuki le gusta implicar en ello a la mayor parte posible del p\u00fablico. El acto de [...]\" \/>\n<meta property=\"og:url\" content=\"https:\/\/all-car-news.com\/es\/reportaje-60-anos-de-suzuki-en-el-mundo-toyota-de-louwman\/\" \/>\n<meta property=\"og:site_name\" content=\"All cars news\" \/>\n<meta property=\"article:published_time\" content=\"2025-11-17T10:09:25+00:00\" \/>\n<meta property=\"og:image\" content=\"https:\/\/autorai.nl\/wp-content\/uploads\/2025\/11\/bart-oostvogels-suzuki-60-jaar-raamsdonksveer-16-november-2025-foto45-1140x855.jpg\" \/>\n<meta name=\"twitter:card\" content=\"summary_large_image\" \/>\n<meta name=\"twitter:label1\" content=\"Tiempo de lectura\" \/>\n\t<meta name=\"twitter:data1\" content=\"5 minutos\" \/>\n<script type=\"application\/ld+json\" class=\"yoast-schema-graph\">{\"@context\":\"https:\/\/schema.org\",\"@graph\":[{\"@type\":\"Article\",\"@id\":\"https:\/\/all-car-news.com\/es\/reportaje-60-anos-de-suzuki-en-el-mundo-toyota-de-louwman\/#article\",\"isPartOf\":{\"@id\":\"https:\/\/all-car-news.com\/es\/reportaje-60-anos-de-suzuki-en-el-mundo-toyota-de-louwman\/\"},\"author\":{\"name\":\"\",\"@id\":\"\"},\"headline\":\"Reportaje: 60 a\u00f1os de Suzuki en el Mundo Toyota de Louwman\",\"datePublished\":\"2025-11-17T10:09:25+00:00\",\"dateModified\":\"2025-11-17T10:09:25+00:00\",\"mainEntityOfPage\":{\"@id\":\"https:\/\/all-car-news.com\/es\/reportaje-60-anos-de-suzuki-en-el-mundo-toyota-de-louwman\/\"},\"wordCount\":930,\"publisher\":{\"@id\":\"https:\/\/all-car-news.com\/es\/#organization\"},\"articleSection\":[\"noticias de autos\"],\"inLanguage\":\"es\"},{\"@type\":\"WebPage\",\"@id\":\"https:\/\/all-car-news.com\/es\/reportaje-60-anos-de-suzuki-en-el-mundo-toyota-de-louwman\/\",\"url\":\"https:\/\/all-car-news.com\/es\/reportaje-60-anos-de-suzuki-en-el-mundo-toyota-de-louwman\/\",\"name\":\"Reportaje: 60 a\u00f1os de Suzuki en el Mundo Toyota de Louwman - All cars news\",\"isPartOf\":{\"@id\":\"https:\/\/all-car-news.com\/es\/#website\"},\"datePublished\":\"2025-11-17T10:09:25+00:00\",\"dateModified\":\"2025-11-17T10:09:25+00:00\",\"breadcrumb\":{\"@id\":\"https:\/\/all-car-news.com\/es\/reportaje-60-anos-de-suzuki-en-el-mundo-toyota-de-louwman\/#breadcrumb\"},\"inLanguage\":\"es\",\"potentialAction\":[{\"@type\":\"ReadAction\",\"target\":[\"https:\/\/all-car-news.com\/es\/reportaje-60-anos-de-suzuki-en-el-mundo-toyota-de-louwman\/\"]}]},{\"@type\":\"BreadcrumbList\",\"@id\":\"https:\/\/all-car-news.com\/es\/reportaje-60-anos-de-suzuki-en-el-mundo-toyota-de-louwman\/#breadcrumb\",\"itemListElement\":[{\"@type\":\"ListItem\",\"position\":1,\"name\":\"Home\",\"item\":\"https:\/\/all-car-news.com\/es\/\"},{\"@type\":\"ListItem\",\"position\":2,\"name\":\"Reportaje: 60 a\u00f1os de Suzuki en el Mundo Toyota de Louwman\"}]},{\"@type\":\"WebSite\",\"@id\":\"https:\/\/all-car-news.com\/es\/#website\",\"url\":\"https:\/\/all-car-news.com\/es\/\",\"name\":\"All cars news\",\"description\":\"\",\"publisher\":{\"@id\":\"https:\/\/all-car-news.com\/es\/#organization\"},\"potentialAction\":[{\"@type\":\"SearchAction\",\"target\":{\"@type\":\"EntryPoint\",\"urlTemplate\":\"https:\/\/all-car-news.com\/es\/?s={search_term_string}\"},\"query-input\":\"required name=search_term_string\"}],\"inLanguage\":\"es\"},{\"@type\":\"Organization\",\"@id\":\"https:\/\/all-car-news.com\/es\/#organization\",\"name\":\"All cars news\",\"url\":\"https:\/\/all-car-news.com\/es\/\",\"logo\":{\"@type\":\"ImageObject\",\"inLanguage\":\"es\",\"@id\":\"https:\/\/all-car-news.com\/es\/#\/schema\/logo\/image\/\",\"url\":\"https:\/\/all-car-news.com\/wp-content\/uploads\/2022\/02\/CMYK-AllCarNews_LANDSCAPE_300px-1.png\",\"contentUrl\":\"https:\/\/all-car-news.com\/wp-content\/uploads\/2022\/02\/CMYK-AllCarNews_LANDSCAPE_300px-1.png\",\"width\":300,\"height\":100,\"caption\":\"All cars news\"},\"image\":{\"@id\":\"https:\/\/all-car-news.com\/es\/#\/schema\/logo\/image\/\"}}]}<\/script>\n<!-- \/ Yoast SEO plugin. -->","yoast_head_json":{"title":"Reportaje: 60 a\u00f1os de Suzuki en el Mundo Toyota de Louwman - All cars news","robots":{"index":"index","follow":"follow","max-snippet":"max-snippet:-1","max-image-preview":"max-image-preview:large","max-video-preview":"max-video-preview:-1"},"canonical":"https:\/\/all-car-news.com\/es\/reportaje-60-anos-de-suzuki-en-el-mundo-toyota-de-louwman\/","og_locale":"es_ES","og_type":"article","og_title":"Reportaje: 60 a\u00f1os de Suzuki en el Mundo Toyota de Louwman - All cars news","og_description":"Suzuki tiene mucho que celebrar Suzuki Pa\u00edses Bajos -parte de NIMAG y propiedad del Grupo Louwman- tiene mucho que celebrar en 2026. Ese a\u00f1o, Suzuki celebrar\u00e1 nada menos que 60 a\u00f1os de operaciones en Holanda. Naturalmente, eso requiere muchas celebraciones. A Suzuki le gusta implicar en ello a la mayor parte posible del p\u00fablico. El acto de [...]","og_url":"https:\/\/all-car-news.com\/es\/reportaje-60-anos-de-suzuki-en-el-mundo-toyota-de-louwman\/","og_site_name":"All cars news","article_published_time":"2025-11-17T10:09:25+00:00","og_image":[{"url":"https:\/\/autorai.nl\/wp-content\/uploads\/2025\/11\/bart-oostvogels-suzuki-60-jaar-raamsdonksveer-16-november-2025-foto45-1140x855.jpg"}],"twitter_card":"summary_large_image","twitter_misc":{"Tiempo de lectura":"5 minutos"},"schema":{"@context":"https:\/\/schema.org","@graph":[{"@type":"Article","@id":"https:\/\/all-car-news.com\/es\/reportaje-60-anos-de-suzuki-en-el-mundo-toyota-de-louwman\/#article","isPartOf":{"@id":"https:\/\/all-car-news.com\/es\/reportaje-60-anos-de-suzuki-en-el-mundo-toyota-de-louwman\/"},"author":{"name":"","@id":""},"headline":"Reportaje: 60 a\u00f1os de Suzuki en el Mundo Toyota de Louwman","datePublished":"2025-11-17T10:09:25+00:00","dateModified":"2025-11-17T10:09:25+00:00","mainEntityOfPage":{"@id":"https:\/\/all-car-news.com\/es\/reportaje-60-anos-de-suzuki-en-el-mundo-toyota-de-louwman\/"},"wordCount":930,"publisher":{"@id":"https:\/\/all-car-news.com\/es\/#organization"},"articleSection":["noticias de autos"],"inLanguage":"es"},{"@type":"WebPage","@id":"https:\/\/all-car-news.com\/es\/reportaje-60-anos-de-suzuki-en-el-mundo-toyota-de-louwman\/","url":"https:\/\/all-car-news.com\/es\/reportaje-60-anos-de-suzuki-en-el-mundo-toyota-de-louwman\/","name":"Reportaje: 60 a\u00f1os de Suzuki en el Mundo Toyota de Louwman - All cars news","isPartOf":{"@id":"https:\/\/all-car-news.com\/es\/#website"},"datePublished":"2025-11-17T10:09:25+00:00","dateModified":"2025-11-17T10:09:25+00:00","breadcrumb":{"@id":"https:\/\/all-car-news.com\/es\/reportaje-60-anos-de-suzuki-en-el-mundo-toyota-de-louwman\/#breadcrumb"},"inLanguage":"es","potentialAction":[{"@type":"ReadAction","target":["https:\/\/all-car-news.com\/es\/reportaje-60-anos-de-suzuki-en-el-mundo-toyota-de-louwman\/"]}]},{"@type":"BreadcrumbList","@id":"https:\/\/all-car-news.com\/es\/reportaje-60-anos-de-suzuki-en-el-mundo-toyota-de-louwman\/#breadcrumb","itemListElement":[{"@type":"ListItem","position":1,"name":"Home","item":"https:\/\/all-car-news.com\/es\/"},{"@type":"ListItem","position":2,"name":"Reportaje: 60 a\u00f1os de Suzuki en el Mundo Toyota de Louwman"}]},{"@type":"WebSite","@id":"https:\/\/all-car-news.com\/es\/#website","url":"https:\/\/all-car-news.com\/es\/","name":"All cars news","description":"","publisher":{"@id":"https:\/\/all-car-news.com\/es\/#organization"},"potentialAction":[{"@type":"SearchAction","target":{"@type":"EntryPoint","urlTemplate":"https:\/\/all-car-news.com\/es\/?s={search_term_string}"},"query-input":"required name=search_term_string"}],"inLanguage":"es"},{"@type":"Organization","@id":"https:\/\/all-car-news.com\/es\/#organization","name":"All cars news","url":"https:\/\/all-car-news.com\/es\/","logo":{"@type":"ImageObject","inLanguage":"es","@id":"https:\/\/all-car-news.com\/es\/#\/schema\/logo\/image\/","url":"https:\/\/all-car-news.com\/wp-content\/uploads\/2022\/02\/CMYK-AllCarNews_LANDSCAPE_300px-1.png","contentUrl":"https:\/\/all-car-news.com\/wp-content\/uploads\/2022\/02\/CMYK-AllCarNews_LANDSCAPE_300px-1.png","width":300,"height":100,"caption":"All cars news"},"image":{"@id":"https:\/\/all-car-news.com\/es\/#\/schema\/logo\/image\/"}}]}},"_links":{"self":[{"href":"https:\/\/all-car-news.com\/es\/wp-json\/wp\/v2\/posts\/159642","targetHints":{"allow":["GET"]}}],"collection":[{"href":"https:\/\/all-car-news.com\/es\/wp-json\/wp\/v2\/posts"}],"about":[{"href":"https:\/\/all-car-news.com\/es\/wp-json\/wp\/v2\/types\/post"}],"replies":[{"embeddable":true,"href":"https:\/\/all-car-news.com\/es\/wp-json\/wp\/v2\/comments?post=159642"}],"version-history":[{"count":0,"href":"https:\/\/all-car-news.com\/es\/wp-json\/wp\/v2\/posts\/159642\/revisions"}],"wp:featuredmedia":[{"embeddable":true,"href":"https:\/\/all-car-news.com\/es\/wp-json\/wp\/v2\/media\/159618"}],"wp:attachment":[{"href":"https:\/\/all-car-news.com\/es\/wp-json\/wp\/v2\/media?parent=159642"}],"wp:term":[{"taxonomy":"category","embeddable":true,"href":"https:\/\/all-car-news.com\/es\/wp-json\/wp\/v2\/categories?post=159642"},{"taxonomy":"post_tag","embeddable":true,"href":"https:\/\/all-car-news.com\/es\/wp-json\/wp\/v2\/tags?post=159642"}],"curies":[{"name":"wp","href":"https:\/\/api.w.org\/{rel}","templated":true}]}}