{"id":159488,"date":"2025-11-07T16:10:50","date_gmt":"2025-11-07T16:10:50","guid":{"rendered":"https:\/\/all-car-news.com\/bmw-f-450-gs-la-tienes-por-8-600-euros\/"},"modified":"2025-11-07T16:10:50","modified_gmt":"2025-11-07T16:10:50","slug":"bmw-f-450-gs-la-tienes-por-8-600-euros","status":"publish","type":"post","link":"https:\/\/all-car-news.com\/es\/bmw-f-450-gs-la-tienes-por-8-600-euros\/","title":{"rendered":"BMW F 450 GS \u00a1la tienes por 8.600 euros!"},"content":{"rendered":"<p data-start=\"733\" data-end=\"1131\">La nueva BMW F 450 GS marca el siguiente paso en la legendaria familia GS de BMW Motorrad. Esta moto A2 de desarrollo completamente nuevo combina el ic\u00f3nico dise\u00f1o GS con tecnolog\u00eda moderna, potentes prestaciones y una versatilidad sorprendente. En Holanda, el lanzamiento al mercado est\u00e1 previsto para el segundo trimestre de 2026, con un precio de venta recomendado al consumidor a partir de 8.600 euros.  <\/p>\n<p data-start=\"733\" data-end=\"1131\"><img decoding=\"async\" loading=\"lazy\" width=\"1140\" height=\"760\" class=\"alignnone size-medium wp-image-29057\" src=\"https:\/\/motorrai.nl\/wp-content\/uploads\/2025\/11\/image002-1140x760.jpg\" alt=\"\"><\/p>\n<h2 data-start=\"1133\" data-end=\"1166\">Compacto, potente y econ\u00f3mico<\/h2>\n<p data-start=\"1167\" data-end=\"1625\">La BMW F 450 GS est\u00e1 dise\u00f1ada para los motoristas que buscan una moto de aventura accesible, ligera pero con todas las de la ley. El nuevo motor bicil\u00edndrico en l\u00ednea entrega 48 CV (35 kW) y 43 Nm de par, perfecto dentro de la categor\u00eda de carn\u00e9 A2. Con una cilindrada de 420 cc y un consumo de s\u00f3lo 3,8 litros a los 100 km, esta BMW no s\u00f3lo es potente, sino tambi\u00e9n econ\u00f3mica. Gracias al dep\u00f3sito de combustible de 14 litros, la autonom\u00eda supera los 350 kil\u00f3metros.   <\/p>\n<p data-start=\"1627\" data-end=\"1880\">El motor es completamente nuevo y cumple la normativa de emisiones EU5+. El cig\u00fce\u00f1al desplazado 135 grados garantiza un funcionamiento vivo y suave y un sonido con car\u00e1cter, exactamente lo que esperas de una aut\u00e9ntica BMW GS. <\/p>\n<p data-start=\"1627\" data-end=\"1880\">\n<h2 data-start=\"1882\" data-end=\"1940\">Embrague Easy Ride<\/h2>\n<p data-start=\"1941\" data-end=\"2203\">Una de las mayores innovaciones de la nueva F 450 GS es el embrague BMW Easy Ride (ERC). Este embrague inteligente funciona de forma centr\u00edfuga y permite conducir sin embrague manual. Ideal para conducci\u00f3n urbana, turismo o aventuras off-road.  <\/p>\n<p data-start=\"1941\" data-end=\"2203\"><img decoding=\"async\" loading=\"lazy\" width=\"1140\" height=\"760\" class=\"alignnone size-medium wp-image-29058\" src=\"https:\/\/motorrai.nl\/wp-content\/uploads\/2025\/11\/image003-1140x760.jpg\" alt=\"\"><\/p>\n<p data-start=\"2205\" data-end=\"2480\">El embrague Easy Ride viene de serie en la F 450 GS Trophy y es una primicia en este segmento. Combinado con el Asistente de Cambio Pro, tambi\u00e9n puedes cambiar de marcha sin necesidad de la palanca de embrague. No obstante, la palanca sigue presente para situaciones en las que se desea un control adicional.  <\/p>\n<h2 data-start=\"2482\" data-end=\"2543\">Control puro en cualquier terreno<\/h2>\n<p data-start=\"2544\" data-end=\"2917\">La BMW F 450 GS ofrece tres modos de conducci\u00f3n de serie &#8211; <em data-start=\"2595\" data-end=\"2601\">Lluvia<\/em>, <em data-start=\"2603\" data-end=\"2609\">Carretera<\/em> y <em data-start=\"2613\" data-end=\"2621\">Enduro<\/em> &#8211; y avanzados sistemas de seguridad como ABS Pro, Control Din\u00e1mico de Frenada (DBC), Control Din\u00e1mico de Tracci\u00f3n (DTC) y Regulaci\u00f3n del Deslizamiento del Motor (MSR). Para los aficionados a la conducci\u00f3n off-road, existe el <em data-start=\"2836\" data-end=\"2848\">modo<\/em> adicional <em data-start=\"2836\" data-end=\"2848\">Enduro<\/em> Pro, que permite desconectar el ABS en la rueda trasera. <\/p>\n<p data-start=\"2544\" data-end=\"2917\"><img decoding=\"async\" loading=\"lazy\" width=\"1140\" height=\"760\" class=\"alignnone size-medium wp-image-28251\" src=\"https:\/\/motorrai.nl\/wp-content\/uploads\/2024\/11\/image001-1-1140x760.jpg\" alt=\"\"><\/p>\n<p data-start=\"2919\" data-end=\"3162\">El chasis tubular de nuevo desarrollo ofrece la m\u00e1xima rigidez y estabilidad, mientras que la corta distancia entre ejes garantiza un manejo juguet\u00f3n. La suspensi\u00f3n KYB con amortiguaci\u00f3n regulable combina confort y precisi\u00f3n, tanto en asfalto como fuera de carretera. <\/p>\n<h2 data-start=\"3164\" data-end=\"3208\">ADN GS reconocible<\/h2>\n<p data-start=\"3209\" data-end=\"3531\">El dise\u00f1o de la F 450 GS complementa a la perfecci\u00f3n los modelos GS de mayor tama\u00f1o. El faro LED con luces diurnas X, la caracter\u00edstica l\u00ednea de vuelo y las proporciones compactas la hacen reconocible al instante. La ergonom\u00eda es la t\u00edpica GS: manillar ancho, cintura estrecha y c\u00f3moda posici\u00f3n de asiento, tanto sentado como de pie.  <\/p>\n<p data-start=\"3209\" data-end=\"3531\"><img decoding=\"async\" loading=\"lazy\" width=\"1140\" height=\"760\" class=\"alignnone size-medium wp-image-28254\" src=\"https:\/\/motorrai.nl\/wp-content\/uploads\/2024\/11\/image004-1-1140x760.jpg\" alt=\"\"><\/p>\n<p data-start=\"3533\" data-end=\"3807\">La pantalla TFT de 6,5 pulgadas de serie ofrece conectividad para tel\u00e9fono, m\u00fasica y navegaci\u00f3n. La conectividad USB-C, la iluminaci\u00f3n LED en todo el contorno y una amplia gama de accesorios -desde alforjas hasta soportes protectores- completan esta moto de aventura BMW. <\/p>\n<div class=\"galery shuffle galery-29054\">\n<figure>\n\t\t\t<a href=\"https:\/\/motorrai.nl\/wp-content\/uploads\/2025\/11\/image002.jpg\" data-fancybox=\"galery-29054\" title=\"\"><br \/>\n\t\t\t\t<img decoding=\"async\" src=\"https:\/\/motorrai.nl\/wp-content\/uploads\/2025\/11\/image002-640x480.jpg\" alt=\"\"><i class=\"fa fa-search-plus\" aria-hidden=\"true\"><\/i><br \/>\n\t\t\t<\/a><br \/>\n\t\t<\/figure>\n<figure>\n\t\t\t<a href=\"https:\/\/motorrai.nl\/wp-content\/uploads\/2025\/11\/image004.jpg\" data-fancybox=\"galery-29054\" title=\"\"><br \/>\n\t\t\t\t<img decoding=\"async\" src=\"https:\/\/motorrai.nl\/wp-content\/uploads\/2025\/11\/image004-360x270.jpg\" alt=\"\"><i class=\"fa fa-search-plus\" aria-hidden=\"true\"><\/i><br \/>\n\t\t\t<\/a><br \/>\n\t\t<\/figure>\n<figure>\n\t\t\t<a href=\"https:\/\/motorrai.nl\/wp-content\/uploads\/2025\/11\/image005.jpg\" data-fancybox=\"galery-29054\" title=\"\"><br \/>\n\t\t\t\t<img decoding=\"async\" src=\"https:\/\/motorrai.nl\/wp-content\/uploads\/2025\/11\/image005-360x270.jpg\" alt=\"\"><i class=\"fa fa-search-plus\" aria-hidden=\"true\"><\/i><br \/>\n\t\t\t<\/a><br \/>\n\t\t<\/figure>\n<div class=\"clear\"><\/div>\n<\/div>\n<h2 data-start=\"3809\" data-end=\"3853\">Tres versiones<\/h2>\n<p data-start=\"3854\" data-end=\"3912\">La nueva <strong data-start=\"3864\" data-end=\"3880\">BMW F 450<\/strong> GS se presenta en tres variantes:<\/p>\n<ul data-start=\"3914\" data-end=\"4328\">\n<li data-start=\"3914\" data-end=\"4048\">\n<p data-start=\"3916\" data-end=\"4048\"><strong data-start=\"3916\" data-end=\"3938\">F 450 GS Exclusive<\/strong> &#8211; <em data-start=\"3941\" data-end=\"3955\">Negro C\u00f3smico<\/em>, con Riding Modes Pro, Shift Assistant Pro y parabrisas transparente. <strong data-start=\"4021\" data-end=\"4045\">Precio a partir de 8.600 \u20ac<\/strong>.<\/p>\n<\/li>\n<li data-start=\"4049\" data-end=\"4157\">\n<p data-start=\"4051\" data-end=\"4157\"><strong data-start=\"4051\" data-end=\"4069\">F 450 GS Sport<\/strong> &#8211; <em data-start=\"4072\" data-end=\"4084\">Rojo Racing<\/em>, con suspensi\u00f3n deportiva y horquilla delantera KYB ajustable. <strong data-start=\"4130\" data-end=\"4154\">Precio a partir de 8.750 euros<\/strong>.<\/p>\n<\/li>\n<li data-start=\"4158\" data-end=\"4328\">\n<p data-start=\"4160\" data-end=\"4328\"><strong data-start=\"4160\" data-end=\"4179\">F 450 GS Trophy<\/strong> &#8211; <em data-start=\"4182\" data-end=\"4204\">Azul Racing Metalizado<\/em>, con protecci\u00f3n de aluminio para el motor, parabrisas de rally y el innovador <strong data-start=\"4273\" data-end=\"4299\">embrague Easy Ride (ERC<\/strong>). <strong data-start=\"4301\" data-end=\"4325\">Precio desde 8.950 \u20ac<\/strong>.<\/p>\n<\/li>\n<\/ul>\n","protected":false},"excerpt":{"rendered":"La nueva BMW F 450 GS marca el siguiente paso en la legendaria familia GS de BMW Motorrad. Esta moto&hellip;","protected":false},"author":0,"featured_media":159480,"comment_status":"","ping_status":"open","sticky":false,"template":"","format":"standard","meta":{"footnotes":""},"categories":[126],"tags":[],"class_list":["post-159488","post","type-post","status-publish","format-standard","has-post-thumbnail","hentry","category-noticias-de-autos"],"acf":[],"yoast_head":"<!-- This site is optimized with the Yoast SEO plugin v21.2 - https:\/\/yoast.com\/wordpress\/plugins\/seo\/ -->\n<title>BMW F 450 GS \u00a1la tienes por 8.600 euros! - All cars news<\/title>\n<meta name=\"robots\" content=\"index, follow, max-snippet:-1, max-image-preview:large, max-video-preview:-1\" \/>\n<link rel=\"canonical\" href=\"https:\/\/all-car-news.com\/es\/bmw-f-450-gs-la-tienes-por-8-600-euros\/\" \/>\n<meta property=\"og:locale\" content=\"es_ES\" \/>\n<meta property=\"og:type\" content=\"article\" \/>\n<meta property=\"og:title\" content=\"BMW F 450 GS \u00a1la tienes por 8.600 euros! - All cars news\" \/>\n<meta property=\"og:description\" content=\"La nueva BMW F 450 GS marca el siguiente paso en la legendaria familia GS de BMW Motorrad. Esta moto A2 de desarrollo completamente nuevo combina el ic\u00f3nico dise\u00f1o GS con tecnolog\u00eda moderna, potentes prestaciones y una versatilidad sorprendente. En Holanda, el lanzamiento al mercado est\u00e1 previsto para el segundo trimestre de 2026, con un precio recomendado al consumidor a partir de 8.600 euros. Compacta, potente [...]\" \/>\n<meta property=\"og:url\" content=\"https:\/\/all-car-news.com\/es\/bmw-f-450-gs-la-tienes-por-8-600-euros\/\" \/>\n<meta property=\"og:site_name\" content=\"All cars news\" \/>\n<meta property=\"article:published_time\" content=\"2025-11-07T16:10:50+00:00\" \/>\n<meta property=\"og:image\" content=\"https:\/\/motorrai.nl\/wp-content\/uploads\/2025\/11\/image002-1140x760.jpg\" \/>\n<meta name=\"twitter:card\" content=\"summary_large_image\" \/>\n<meta name=\"twitter:label1\" content=\"Tiempo de lectura\" \/>\n\t<meta name=\"twitter:data1\" content=\"3 minutos\" \/>\n<script type=\"application\/ld+json\" class=\"yoast-schema-graph\">{\"@context\":\"https:\/\/schema.org\",\"@graph\":[{\"@type\":\"Article\",\"@id\":\"https:\/\/all-car-news.com\/es\/bmw-f-450-gs-la-tienes-por-8-600-euros\/#article\",\"isPartOf\":{\"@id\":\"https:\/\/all-car-news.com\/es\/bmw-f-450-gs-la-tienes-por-8-600-euros\/\"},\"author\":{\"name\":\"\",\"@id\":\"\"},\"headline\":\"BMW F 450 GS \u00a1la tienes por 8.600 euros!\",\"datePublished\":\"2025-11-07T16:10:50+00:00\",\"dateModified\":\"2025-11-07T16:10:50+00:00\",\"mainEntityOfPage\":{\"@id\":\"https:\/\/all-car-news.com\/es\/bmw-f-450-gs-la-tienes-por-8-600-euros\/\"},\"wordCount\":621,\"publisher\":{\"@id\":\"https:\/\/all-car-news.com\/es\/#organization\"},\"articleSection\":[\"noticias de autos\"],\"inLanguage\":\"es\"},{\"@type\":\"WebPage\",\"@id\":\"https:\/\/all-car-news.com\/es\/bmw-f-450-gs-la-tienes-por-8-600-euros\/\",\"url\":\"https:\/\/all-car-news.com\/es\/bmw-f-450-gs-la-tienes-por-8-600-euros\/\",\"name\":\"BMW F 450 GS \u00a1la tienes por 8.600 euros! - All cars news\",\"isPartOf\":{\"@id\":\"https:\/\/all-car-news.com\/es\/#website\"},\"datePublished\":\"2025-11-07T16:10:50+00:00\",\"dateModified\":\"2025-11-07T16:10:50+00:00\",\"breadcrumb\":{\"@id\":\"https:\/\/all-car-news.com\/es\/bmw-f-450-gs-la-tienes-por-8-600-euros\/#breadcrumb\"},\"inLanguage\":\"es\",\"potentialAction\":[{\"@type\":\"ReadAction\",\"target\":[\"https:\/\/all-car-news.com\/es\/bmw-f-450-gs-la-tienes-por-8-600-euros\/\"]}]},{\"@type\":\"BreadcrumbList\",\"@id\":\"https:\/\/all-car-news.com\/es\/bmw-f-450-gs-la-tienes-por-8-600-euros\/#breadcrumb\",\"itemListElement\":[{\"@type\":\"ListItem\",\"position\":1,\"name\":\"Home\",\"item\":\"https:\/\/all-car-news.com\/es\/\"},{\"@type\":\"ListItem\",\"position\":2,\"name\":\"BMW F 450 GS \u00a1la tienes por 8.600 euros!\"}]},{\"@type\":\"WebSite\",\"@id\":\"https:\/\/all-car-news.com\/es\/#website\",\"url\":\"https:\/\/all-car-news.com\/es\/\",\"name\":\"All cars news\",\"description\":\"\",\"publisher\":{\"@id\":\"https:\/\/all-car-news.com\/es\/#organization\"},\"potentialAction\":[{\"@type\":\"SearchAction\",\"target\":{\"@type\":\"EntryPoint\",\"urlTemplate\":\"https:\/\/all-car-news.com\/es\/?s={search_term_string}\"},\"query-input\":\"required name=search_term_string\"}],\"inLanguage\":\"es\"},{\"@type\":\"Organization\",\"@id\":\"https:\/\/all-car-news.com\/es\/#organization\",\"name\":\"All cars news\",\"url\":\"https:\/\/all-car-news.com\/es\/\",\"logo\":{\"@type\":\"ImageObject\",\"inLanguage\":\"es\",\"@id\":\"https:\/\/all-car-news.com\/es\/#\/schema\/logo\/image\/\",\"url\":\"https:\/\/all-car-news.com\/wp-content\/uploads\/2022\/02\/CMYK-AllCarNews_LANDSCAPE_300px-1.png\",\"contentUrl\":\"https:\/\/all-car-news.com\/wp-content\/uploads\/2022\/02\/CMYK-AllCarNews_LANDSCAPE_300px-1.png\",\"width\":300,\"height\":100,\"caption\":\"All cars news\"},\"image\":{\"@id\":\"https:\/\/all-car-news.com\/es\/#\/schema\/logo\/image\/\"}}]}<\/script>\n<!-- \/ Yoast SEO plugin. -->","yoast_head_json":{"title":"BMW F 450 GS \u00a1la tienes por 8.600 euros! - All cars news","robots":{"index":"index","follow":"follow","max-snippet":"max-snippet:-1","max-image-preview":"max-image-preview:large","max-video-preview":"max-video-preview:-1"},"canonical":"https:\/\/all-car-news.com\/es\/bmw-f-450-gs-la-tienes-por-8-600-euros\/","og_locale":"es_ES","og_type":"article","og_title":"BMW F 450 GS \u00a1la tienes por 8.600 euros! - All cars news","og_description":"La nueva BMW F 450 GS marca el siguiente paso en la legendaria familia GS de BMW Motorrad. Esta moto A2 de desarrollo completamente nuevo combina el ic\u00f3nico dise\u00f1o GS con tecnolog\u00eda moderna, potentes prestaciones y una versatilidad sorprendente. En Holanda, el lanzamiento al mercado est\u00e1 previsto para el segundo trimestre de 2026, con un precio recomendado al consumidor a partir de 8.600 euros. Compacta, potente [...]","og_url":"https:\/\/all-car-news.com\/es\/bmw-f-450-gs-la-tienes-por-8-600-euros\/","og_site_name":"All cars news","article_published_time":"2025-11-07T16:10:50+00:00","og_image":[{"url":"https:\/\/motorrai.nl\/wp-content\/uploads\/2025\/11\/image002-1140x760.jpg"}],"twitter_card":"summary_large_image","twitter_misc":{"Tiempo de lectura":"3 minutos"},"schema":{"@context":"https:\/\/schema.org","@graph":[{"@type":"Article","@id":"https:\/\/all-car-news.com\/es\/bmw-f-450-gs-la-tienes-por-8-600-euros\/#article","isPartOf":{"@id":"https:\/\/all-car-news.com\/es\/bmw-f-450-gs-la-tienes-por-8-600-euros\/"},"author":{"name":"","@id":""},"headline":"BMW F 450 GS \u00a1la tienes por 8.600 euros!","datePublished":"2025-11-07T16:10:50+00:00","dateModified":"2025-11-07T16:10:50+00:00","mainEntityOfPage":{"@id":"https:\/\/all-car-news.com\/es\/bmw-f-450-gs-la-tienes-por-8-600-euros\/"},"wordCount":621,"publisher":{"@id":"https:\/\/all-car-news.com\/es\/#organization"},"articleSection":["noticias de autos"],"inLanguage":"es"},{"@type":"WebPage","@id":"https:\/\/all-car-news.com\/es\/bmw-f-450-gs-la-tienes-por-8-600-euros\/","url":"https:\/\/all-car-news.com\/es\/bmw-f-450-gs-la-tienes-por-8-600-euros\/","name":"BMW F 450 GS \u00a1la tienes por 8.600 euros! - All cars news","isPartOf":{"@id":"https:\/\/all-car-news.com\/es\/#website"},"datePublished":"2025-11-07T16:10:50+00:00","dateModified":"2025-11-07T16:10:50+00:00","breadcrumb":{"@id":"https:\/\/all-car-news.com\/es\/bmw-f-450-gs-la-tienes-por-8-600-euros\/#breadcrumb"},"inLanguage":"es","potentialAction":[{"@type":"ReadAction","target":["https:\/\/all-car-news.com\/es\/bmw-f-450-gs-la-tienes-por-8-600-euros\/"]}]},{"@type":"BreadcrumbList","@id":"https:\/\/all-car-news.com\/es\/bmw-f-450-gs-la-tienes-por-8-600-euros\/#breadcrumb","itemListElement":[{"@type":"ListItem","position":1,"name":"Home","item":"https:\/\/all-car-news.com\/es\/"},{"@type":"ListItem","position":2,"name":"BMW F 450 GS \u00a1la tienes por 8.600 euros!"}]},{"@type":"WebSite","@id":"https:\/\/all-car-news.com\/es\/#website","url":"https:\/\/all-car-news.com\/es\/","name":"All cars news","description":"","publisher":{"@id":"https:\/\/all-car-news.com\/es\/#organization"},"potentialAction":[{"@type":"SearchAction","target":{"@type":"EntryPoint","urlTemplate":"https:\/\/all-car-news.com\/es\/?s={search_term_string}"},"query-input":"required name=search_term_string"}],"inLanguage":"es"},{"@type":"Organization","@id":"https:\/\/all-car-news.com\/es\/#organization","name":"All cars news","url":"https:\/\/all-car-news.com\/es\/","logo":{"@type":"ImageObject","inLanguage":"es","@id":"https:\/\/all-car-news.com\/es\/#\/schema\/logo\/image\/","url":"https:\/\/all-car-news.com\/wp-content\/uploads\/2022\/02\/CMYK-AllCarNews_LANDSCAPE_300px-1.png","contentUrl":"https:\/\/all-car-news.com\/wp-content\/uploads\/2022\/02\/CMYK-AllCarNews_LANDSCAPE_300px-1.png","width":300,"height":100,"caption":"All cars news"},"image":{"@id":"https:\/\/all-car-news.com\/es\/#\/schema\/logo\/image\/"}}]}},"_links":{"self":[{"href":"https:\/\/all-car-news.com\/es\/wp-json\/wp\/v2\/posts\/159488","targetHints":{"allow":["GET"]}}],"collection":[{"href":"https:\/\/all-car-news.com\/es\/wp-json\/wp\/v2\/posts"}],"about":[{"href":"https:\/\/all-car-news.com\/es\/wp-json\/wp\/v2\/types\/post"}],"replies":[{"embeddable":true,"href":"https:\/\/all-car-news.com\/es\/wp-json\/wp\/v2\/comments?post=159488"}],"version-history":[{"count":0,"href":"https:\/\/all-car-news.com\/es\/wp-json\/wp\/v2\/posts\/159488\/revisions"}],"wp:featuredmedia":[{"embeddable":true,"href":"https:\/\/all-car-news.com\/es\/wp-json\/wp\/v2\/media\/159480"}],"wp:attachment":[{"href":"https:\/\/all-car-news.com\/es\/wp-json\/wp\/v2\/media?parent=159488"}],"wp:term":[{"taxonomy":"category","embeddable":true,"href":"https:\/\/all-car-news.com\/es\/wp-json\/wp\/v2\/categories?post=159488"},{"taxonomy":"post_tag","embeddable":true,"href":"https:\/\/all-car-news.com\/es\/wp-json\/wp\/v2\/tags?post=159488"}],"curies":[{"name":"wp","href":"https:\/\/api.w.org\/{rel}","templated":true}]}}