{"id":159423,"date":"2025-11-06T10:43:27","date_gmt":"2025-11-06T10:43:27","guid":{"rendered":"https:\/\/all-car-news.com\/esto-es-lo-que-hara-volvo-para-ser-mas-rentable\/"},"modified":"2025-11-06T10:43:27","modified_gmt":"2025-11-06T10:43:27","slug":"esto-es-lo-que-hara-volvo-para-ser-mas-rentable","status":"publish","type":"post","link":"https:\/\/all-car-news.com\/es\/esto-es-lo-que-hara-volvo-para-ser-mas-rentable\/","title":{"rendered":"Esto es lo que har\u00e1 Volvo para ser m\u00e1s rentable"},"content":{"rendered":"<h2 class=\"wp-block-heading\">La electrificaci\u00f3n es el futuro<\/h2>\n<p>Seg\u00fan el director ejecutivo de Volvo, H\u00e5kan Samuelsson, la electrificaci\u00f3n no solo ofrece nuevas oportunidades, sino que tambi\u00e9n est\u00e1 en el centro del futuro crecimiento de Volvo. \u00abEn un sector altamente competitivo, nuestra relaci\u00f3n \u00fanica con Geely es una ventaja importante\u00bb, dice Samuelsson. \u00abNos ayuda a crear una estructura de costes m\u00e1s favorable y a desarrollar modelos regionales que se adapten mejor a los mercados locales\u00bb.  <\/p>\n<h2 class=\"wp-block-heading\">Nuevo SUV el\u00e9ctrico en camino<\/h2>\n<p>Un elemento clave de esa estrategia es el pr\u00f3ximo Volvo EX60, un SUV de tama\u00f1o medio que se presentar\u00e1 en enero de 2026. Construido sobre la nueva plataforma SPA3, el modelo representa la oferta el\u00e9ctrica de Volvo en un segmento de importancia mundial. Con el EX60, la marca pretende aumentar su cuota de mercado en el segmento el\u00e9ctrico de tama\u00f1o medio y mejorar la rentabilidad.  <\/p>\n<h2 class=\"wp-block-heading\">Reducci\u00f3n de costes y cooperaci\u00f3n con Geely<\/h2>\n<p>El director financiero Fredrik Hansson subraya que la reducci\u00f3n de los costes variables y el hardware compartido con Geely son la base de un crecimiento rentable. La intensificaci\u00f3n del aprovisionamiento conjunto y la tecnolog\u00eda compartida deber\u00edan reducir el precio de coste de los futuros modelos. Tambi\u00e9n se reducir\u00e1n los costes indirectos, entre otras cosas mediante un uso m\u00e1s amplio de la plataforma de software de Volvo, que tambi\u00e9n se utilizar\u00e1 para los modelos h\u00edbridos en el futuro.  <\/p>\n<h2 class=\"wp-block-heading\">Estricta disciplina financiera<\/h2>\n<p>Volvo tambi\u00e9n sigue una pol\u00edtica de costes estricta, junto con un plan de acci\u00f3n por valor de 18.000 millones de coronas suecas, o 1.638 millones de euros. Las grandes inversiones en nuevas tecnolog\u00edas e infraestructuras est\u00e1n a punto de concluir, lo que podr\u00eda reducir los niveles de inversi\u00f3n con el tiempo. <\/p>\n<h2 class=\"wp-block-heading\">Enfoque regional y ventas orientadas al cliente<\/h2>\n<p>La direcci\u00f3n estrat\u00e9gica se apoya adem\u00e1s en un mayor enfoque regional. Volvo quiere adaptar mejor su oferta a las necesidades de los distintos mercados. Al mismo tiempo, se est\u00e1 renovando el modelo de ventas, haciendo m\u00e1s hincapi\u00e9 en las relaciones directas con los clientes y en un marketing m\u00e1s eficaz. Esto deber\u00eda conducir a un mayor conocimiento de la marca con menores costes.   <\/p>\n","protected":false},"excerpt":{"rendered":"La electrificaci\u00f3n es el futuro Seg\u00fan el director ejecutivo de Volvo, H\u00e5kan Samuelsson, la electrificaci\u00f3n no solo ofrece nuevas oportunidades,&hellip;","protected":false},"author":0,"featured_media":159396,"comment_status":"","ping_status":"open","sticky":false,"template":"","format":"standard","meta":{"footnotes":""},"categories":[126],"tags":[],"class_list":["post-159423","post","type-post","status-publish","format-standard","has-post-thumbnail","hentry","category-noticias-de-autos"],"acf":[],"yoast_head":"<!-- This site is optimized with the Yoast SEO plugin v21.2 - https:\/\/yoast.com\/wordpress\/plugins\/seo\/ -->\n<title>Esto es lo que har\u00e1 Volvo para ser m\u00e1s rentable - All cars news<\/title>\n<meta name=\"robots\" content=\"index, follow, max-snippet:-1, max-image-preview:large, max-video-preview:-1\" \/>\n<link rel=\"canonical\" href=\"https:\/\/all-car-news.com\/es\/esto-es-lo-que-hara-volvo-para-ser-mas-rentable\/\" \/>\n<meta property=\"og:locale\" content=\"es_ES\" \/>\n<meta property=\"og:type\" content=\"article\" \/>\n<meta property=\"og:title\" content=\"Esto es lo que har\u00e1 Volvo para ser m\u00e1s rentable - All cars news\" \/>\n<meta property=\"og:description\" content=\"La electrificaci\u00f3n es el futuro Seg\u00fan el director ejecutivo de Volvo, H\u00e5kan Samuelsson, la electrificaci\u00f3n no solo ofrece nuevas oportunidades, sino que tambi\u00e9n est\u00e1 en el centro del crecimiento futuro de Volvo. &quot;En un sector altamente competitivo, nuestra relaci\u00f3n \u00fanica con Geely es una ventaja importante&quot;, dice Samuelsson. &quot;Nos ayuda a crear una estructura de costes y modelos regionales m\u00e1s favorables [...].\" \/>\n<meta property=\"og:url\" content=\"https:\/\/all-car-news.com\/es\/esto-es-lo-que-hara-volvo-para-ser-mas-rentable\/\" \/>\n<meta property=\"og:site_name\" content=\"All cars news\" \/>\n<meta property=\"article:published_time\" content=\"2025-11-06T10:43:27+00:00\" \/>\n<meta name=\"twitter:card\" content=\"summary_large_image\" \/>\n<meta name=\"twitter:label1\" content=\"Tiempo de lectura\" \/>\n\t<meta name=\"twitter:data1\" content=\"2 minutos\" \/>\n<script type=\"application\/ld+json\" class=\"yoast-schema-graph\">{\"@context\":\"https:\/\/schema.org\",\"@graph\":[{\"@type\":\"Article\",\"@id\":\"https:\/\/all-car-news.com\/es\/esto-es-lo-que-hara-volvo-para-ser-mas-rentable\/#article\",\"isPartOf\":{\"@id\":\"https:\/\/all-car-news.com\/es\/esto-es-lo-que-hara-volvo-para-ser-mas-rentable\/\"},\"author\":{\"name\":\"\",\"@id\":\"\"},\"headline\":\"Esto es lo que har\u00e1 Volvo para ser m\u00e1s rentable\",\"datePublished\":\"2025-11-06T10:43:27+00:00\",\"dateModified\":\"2025-11-06T10:43:27+00:00\",\"mainEntityOfPage\":{\"@id\":\"https:\/\/all-car-news.com\/es\/esto-es-lo-que-hara-volvo-para-ser-mas-rentable\/\"},\"wordCount\":394,\"publisher\":{\"@id\":\"https:\/\/all-car-news.com\/es\/#organization\"},\"articleSection\":[\"noticias de autos\"],\"inLanguage\":\"es\"},{\"@type\":\"WebPage\",\"@id\":\"https:\/\/all-car-news.com\/es\/esto-es-lo-que-hara-volvo-para-ser-mas-rentable\/\",\"url\":\"https:\/\/all-car-news.com\/es\/esto-es-lo-que-hara-volvo-para-ser-mas-rentable\/\",\"name\":\"Esto es lo que har\u00e1 Volvo para ser m\u00e1s rentable - All cars news\",\"isPartOf\":{\"@id\":\"https:\/\/all-car-news.com\/es\/#website\"},\"datePublished\":\"2025-11-06T10:43:27+00:00\",\"dateModified\":\"2025-11-06T10:43:27+00:00\",\"breadcrumb\":{\"@id\":\"https:\/\/all-car-news.com\/es\/esto-es-lo-que-hara-volvo-para-ser-mas-rentable\/#breadcrumb\"},\"inLanguage\":\"es\",\"potentialAction\":[{\"@type\":\"ReadAction\",\"target\":[\"https:\/\/all-car-news.com\/es\/esto-es-lo-que-hara-volvo-para-ser-mas-rentable\/\"]}]},{\"@type\":\"BreadcrumbList\",\"@id\":\"https:\/\/all-car-news.com\/es\/esto-es-lo-que-hara-volvo-para-ser-mas-rentable\/#breadcrumb\",\"itemListElement\":[{\"@type\":\"ListItem\",\"position\":1,\"name\":\"Home\",\"item\":\"https:\/\/all-car-news.com\/es\/\"},{\"@type\":\"ListItem\",\"position\":2,\"name\":\"Esto es lo que har\u00e1 Volvo para ser m\u00e1s rentable\"}]},{\"@type\":\"WebSite\",\"@id\":\"https:\/\/all-car-news.com\/es\/#website\",\"url\":\"https:\/\/all-car-news.com\/es\/\",\"name\":\"All cars news\",\"description\":\"\",\"publisher\":{\"@id\":\"https:\/\/all-car-news.com\/es\/#organization\"},\"potentialAction\":[{\"@type\":\"SearchAction\",\"target\":{\"@type\":\"EntryPoint\",\"urlTemplate\":\"https:\/\/all-car-news.com\/es\/?s={search_term_string}\"},\"query-input\":\"required name=search_term_string\"}],\"inLanguage\":\"es\"},{\"@type\":\"Organization\",\"@id\":\"https:\/\/all-car-news.com\/es\/#organization\",\"name\":\"All cars news\",\"url\":\"https:\/\/all-car-news.com\/es\/\",\"logo\":{\"@type\":\"ImageObject\",\"inLanguage\":\"es\",\"@id\":\"https:\/\/all-car-news.com\/es\/#\/schema\/logo\/image\/\",\"url\":\"https:\/\/all-car-news.com\/wp-content\/uploads\/2022\/02\/CMYK-AllCarNews_LANDSCAPE_300px-1.png\",\"contentUrl\":\"https:\/\/all-car-news.com\/wp-content\/uploads\/2022\/02\/CMYK-AllCarNews_LANDSCAPE_300px-1.png\",\"width\":300,\"height\":100,\"caption\":\"All cars news\"},\"image\":{\"@id\":\"https:\/\/all-car-news.com\/es\/#\/schema\/logo\/image\/\"}}]}<\/script>\n<!-- \/ Yoast SEO plugin. -->","yoast_head_json":{"title":"Esto es lo que har\u00e1 Volvo para ser m\u00e1s rentable - All cars news","robots":{"index":"index","follow":"follow","max-snippet":"max-snippet:-1","max-image-preview":"max-image-preview:large","max-video-preview":"max-video-preview:-1"},"canonical":"https:\/\/all-car-news.com\/es\/esto-es-lo-que-hara-volvo-para-ser-mas-rentable\/","og_locale":"es_ES","og_type":"article","og_title":"Esto es lo que har\u00e1 Volvo para ser m\u00e1s rentable - All cars news","og_description":"La electrificaci\u00f3n es el futuro Seg\u00fan el director ejecutivo de Volvo, H\u00e5kan Samuelsson, la electrificaci\u00f3n no solo ofrece nuevas oportunidades, sino que tambi\u00e9n est\u00e1 en el centro del crecimiento futuro de Volvo. \"En un sector altamente competitivo, nuestra relaci\u00f3n \u00fanica con Geely es una ventaja importante\", dice Samuelsson. \"Nos ayuda a crear una estructura de costes y modelos regionales m\u00e1s favorables [...].","og_url":"https:\/\/all-car-news.com\/es\/esto-es-lo-que-hara-volvo-para-ser-mas-rentable\/","og_site_name":"All cars news","article_published_time":"2025-11-06T10:43:27+00:00","twitter_card":"summary_large_image","twitter_misc":{"Tiempo de lectura":"2 minutos"},"schema":{"@context":"https:\/\/schema.org","@graph":[{"@type":"Article","@id":"https:\/\/all-car-news.com\/es\/esto-es-lo-que-hara-volvo-para-ser-mas-rentable\/#article","isPartOf":{"@id":"https:\/\/all-car-news.com\/es\/esto-es-lo-que-hara-volvo-para-ser-mas-rentable\/"},"author":{"name":"","@id":""},"headline":"Esto es lo que har\u00e1 Volvo para ser m\u00e1s rentable","datePublished":"2025-11-06T10:43:27+00:00","dateModified":"2025-11-06T10:43:27+00:00","mainEntityOfPage":{"@id":"https:\/\/all-car-news.com\/es\/esto-es-lo-que-hara-volvo-para-ser-mas-rentable\/"},"wordCount":394,"publisher":{"@id":"https:\/\/all-car-news.com\/es\/#organization"},"articleSection":["noticias de autos"],"inLanguage":"es"},{"@type":"WebPage","@id":"https:\/\/all-car-news.com\/es\/esto-es-lo-que-hara-volvo-para-ser-mas-rentable\/","url":"https:\/\/all-car-news.com\/es\/esto-es-lo-que-hara-volvo-para-ser-mas-rentable\/","name":"Esto es lo que har\u00e1 Volvo para ser m\u00e1s rentable - All cars news","isPartOf":{"@id":"https:\/\/all-car-news.com\/es\/#website"},"datePublished":"2025-11-06T10:43:27+00:00","dateModified":"2025-11-06T10:43:27+00:00","breadcrumb":{"@id":"https:\/\/all-car-news.com\/es\/esto-es-lo-que-hara-volvo-para-ser-mas-rentable\/#breadcrumb"},"inLanguage":"es","potentialAction":[{"@type":"ReadAction","target":["https:\/\/all-car-news.com\/es\/esto-es-lo-que-hara-volvo-para-ser-mas-rentable\/"]}]},{"@type":"BreadcrumbList","@id":"https:\/\/all-car-news.com\/es\/esto-es-lo-que-hara-volvo-para-ser-mas-rentable\/#breadcrumb","itemListElement":[{"@type":"ListItem","position":1,"name":"Home","item":"https:\/\/all-car-news.com\/es\/"},{"@type":"ListItem","position":2,"name":"Esto es lo que har\u00e1 Volvo para ser m\u00e1s rentable"}]},{"@type":"WebSite","@id":"https:\/\/all-car-news.com\/es\/#website","url":"https:\/\/all-car-news.com\/es\/","name":"All cars news","description":"","publisher":{"@id":"https:\/\/all-car-news.com\/es\/#organization"},"potentialAction":[{"@type":"SearchAction","target":{"@type":"EntryPoint","urlTemplate":"https:\/\/all-car-news.com\/es\/?s={search_term_string}"},"query-input":"required name=search_term_string"}],"inLanguage":"es"},{"@type":"Organization","@id":"https:\/\/all-car-news.com\/es\/#organization","name":"All cars news","url":"https:\/\/all-car-news.com\/es\/","logo":{"@type":"ImageObject","inLanguage":"es","@id":"https:\/\/all-car-news.com\/es\/#\/schema\/logo\/image\/","url":"https:\/\/all-car-news.com\/wp-content\/uploads\/2022\/02\/CMYK-AllCarNews_LANDSCAPE_300px-1.png","contentUrl":"https:\/\/all-car-news.com\/wp-content\/uploads\/2022\/02\/CMYK-AllCarNews_LANDSCAPE_300px-1.png","width":300,"height":100,"caption":"All cars news"},"image":{"@id":"https:\/\/all-car-news.com\/es\/#\/schema\/logo\/image\/"}}]}},"_links":{"self":[{"href":"https:\/\/all-car-news.com\/es\/wp-json\/wp\/v2\/posts\/159423","targetHints":{"allow":["GET"]}}],"collection":[{"href":"https:\/\/all-car-news.com\/es\/wp-json\/wp\/v2\/posts"}],"about":[{"href":"https:\/\/all-car-news.com\/es\/wp-json\/wp\/v2\/types\/post"}],"replies":[{"embeddable":true,"href":"https:\/\/all-car-news.com\/es\/wp-json\/wp\/v2\/comments?post=159423"}],"version-history":[{"count":0,"href":"https:\/\/all-car-news.com\/es\/wp-json\/wp\/v2\/posts\/159423\/revisions"}],"wp:featuredmedia":[{"embeddable":true,"href":"https:\/\/all-car-news.com\/es\/wp-json\/wp\/v2\/media\/159396"}],"wp:attachment":[{"href":"https:\/\/all-car-news.com\/es\/wp-json\/wp\/v2\/media?parent=159423"}],"wp:term":[{"taxonomy":"category","embeddable":true,"href":"https:\/\/all-car-news.com\/es\/wp-json\/wp\/v2\/categories?post=159423"},{"taxonomy":"post_tag","embeddable":true,"href":"https:\/\/all-car-news.com\/es\/wp-json\/wp\/v2\/tags?post=159423"}],"curies":[{"name":"wp","href":"https:\/\/api.w.org\/{rel}","templated":true}]}}