{"id":159388,"date":"2025-11-05T12:08:04","date_gmt":"2025-11-05T12:08:04","guid":{"rendered":"https:\/\/all-car-news.com\/el-ultimo-focus-st-entregado-en-holanda-podria-ser-tuyo\/"},"modified":"2025-11-05T12:08:04","modified_gmt":"2025-11-05T12:08:04","slug":"el-ultimo-focus-st-entregado-en-holanda-podria-ser-tuyo","status":"publish","type":"post","link":"https:\/\/all-car-news.com\/es\/el-ultimo-focus-st-entregado-en-holanda-podria-ser-tuyo\/","title":{"rendered":"El \u00faltimo Focus ST entregado en Holanda podr\u00eda ser tuyo"},"content":{"rendered":"<h2 class=\"wp-block-heading\">Direcci\u00f3n del coche<\/h2>\n<p>El Focus ST no es un Focus cualquiera con unos parachoques deportivos y un poco m\u00e1s de potencia. Pregunta a cualquiera que lo haya conducido alguna vez y obtendr\u00e1s la misma respuesta: es un aut\u00e9ntico coche de conductor, afilado, \u00e1gil y construido para entusiastas. Por cierto, lo mismo puede decirse del Fiesta ST, quiz\u00e1 incluso m\u00e1s, pero esa fiesta tambi\u00e9n se ha acabado.  <\/p>\n<figure class=\"wp-block-image size-content\"><img loading=\"lazy\" decoding=\"async\" width=\"1140\" height=\"760\" src=\"https:\/\/autorai.nl\/wp-content\/uploads\/2025\/11\/FocusST-ext-1-van-1-1140x760.jpg\" alt=\"\" class=\"wp-image-212351\"><\/figure>\n<h2 class=\"wp-block-heading\">Ford Pa\u00edses Bajos<\/h2>\n<p>Sin embargo, hay un rayo de esperanza. De hecho, Ford Holanda ha mantenido un Focus ST en reserva. El \u00faltimo entregado oficialmente en Holanda se subasta ahora a trav\u00e9s de <em>The Collectables<\/em>. La recaudaci\u00f3n se destinar\u00e1 \u00edntegramente a War Child. Podr\u00eda ser una buena suma, ya que el nuevo precio de este ST con pack Track es de casi 75.000 euros. Por caridad, est\u00e1 bien superarlo, \u00bfno?     <\/p>\n<figure class=\"wp-block-image size-content\"><img loading=\"lazy\" decoding=\"async\" width=\"1140\" height=\"760\" src=\"https:\/\/autorai.nl\/wp-content\/uploads\/2025\/11\/FocusST-ext-12-van-39-1140x760.jpg\" alt=\"\" class=\"wp-image-212352\"><\/figure>\n<h2 class=\"wp-block-heading\"><strong>Paquete de pistas<\/strong><\/h2>\n<p>Ford Holanda ha vestido de gala al Focus ST en cuesti\u00f3n. Por ejemplo, el coche tiene el <em>Pack Track<\/em>: una configuraci\u00f3n que te permite ir a lo loco tambi\u00e9n en la pista. KW Automotive ha suministrado una suspensi\u00f3n totalmente ajustable, pinzas Brembo delanteras de 18 pulgadas, y todo el conjunto se asienta sobre llantas forjadas de 19 pulgadas con neum\u00e1ticos Pirelli P Zero Corsa. Gracias al diferencial electr\u00f3nico de deslizamiento limitado y a la <em>funci\u00f3n de cambio plano<\/em>(el acelerador permanece abierto al subir de marcha), cada conducci\u00f3n es una delicia.   <\/p>\n<figure class=\"wp-block-image size-content\"><img loading=\"lazy\" decoding=\"async\" width=\"1140\" height=\"760\" src=\"https:\/\/autorai.nl\/wp-content\/uploads\/2025\/11\/FocusST-ext-23-van-39-1140x760.jpg\" alt=\"\" class=\"wp-image-212353\"><\/figure>\n<h2 class=\"wp-block-heading\"><strong>\u00bfCu\u00e1nto cuesta?<\/strong><\/h2>\n<p>El coche no es nuevo, sino que acaba de entrar: s\u00f3lo tiene 2.254 kil\u00f3metros en el cuentakil\u00f3metros. Seg\u00fan el texto del anuncio, est\u00e1 en estado nuevo y tiene garant\u00eda de f\u00e1brica hasta julio de 2027. La subasta durar\u00e1 hasta el 13 de noviembre a las 20:00, as\u00ed que si quieres poseer otro pedazo de la historia de Ford: ahora es el momento. Puedes pujar <a href=\"https:\/\/thecollectables.nl\/ford-focus-st-5d\" target=\"_blank\" rel=\"noreferrer noopener\">AQU\u00cd<\/a>.     <\/p>\n<p>Ver tambi\u00e9n: <a href=\"https:\/\/autorai.nl\/waarom-jij-dagelijks-een-ford-ranger-op-de-snelweg-gaat-zien\/\" target=\"_blank\" rel=\"noreferrer noopener\">Por qu\u00e9 pronto ver\u00e1s un pick-up Ford Ranger en la carretera casi todos los d\u00edas<\/a><\/p>\n<figure class=\"wp-block-embed is-type-wp-embed is-provider-autorai-nl wp-block-embed-autorai-nl\">\n<div class=\"wp-block-embed__wrapper\">\n<blockquote class=\"wp-embedded-content\" data-secret=\"tubQ0Qh9CD\"><p><a href=\"https:\/\/autorai.nl\/waarom-jij-dagelijks-een-ford-ranger-op-de-snelweg-gaat-zien\/\">Por qu\u00e9 pronto ver\u00e1s un Ford Ranger pick-up en la carretera casi todos los d\u00edas<\/a><\/p><\/blockquote>\n<\/div>\n<\/figure>\n","protected":false},"excerpt":{"rendered":"Coche de direcci\u00f3n El Focus ST no es un Focus cualquiera con unos parachoques deportivos y un poco m\u00e1s de&hellip;","protected":false},"author":0,"featured_media":159367,"comment_status":"","ping_status":"open","sticky":false,"template":"","format":"standard","meta":{"footnotes":""},"categories":[126],"tags":[],"class_list":["post-159388","post","type-post","status-publish","format-standard","has-post-thumbnail","hentry","category-noticias-de-autos"],"acf":[],"yoast_head":"<!-- This site is optimized with the Yoast SEO plugin v21.2 - https:\/\/yoast.com\/wordpress\/plugins\/seo\/ -->\n<title>El \u00faltimo Focus ST entregado en Holanda podr\u00eda ser tuyo - All cars news<\/title>\n<meta name=\"robots\" content=\"index, follow, max-snippet:-1, max-image-preview:large, max-video-preview:-1\" \/>\n<link rel=\"canonical\" href=\"https:\/\/all-car-news.com\/es\/el-ultimo-focus-st-entregado-en-holanda-podria-ser-tuyo\/\" \/>\n<meta property=\"og:locale\" content=\"es_ES\" \/>\n<meta property=\"og:type\" content=\"article\" \/>\n<meta property=\"og:title\" content=\"El \u00faltimo Focus ST entregado en Holanda podr\u00eda ser tuyo - All cars news\" \/>\n<meta property=\"og:description\" content=\"Coche de direcci\u00f3n El Focus ST no es un Focus cualquiera con unos parachoques deportivos y un poco m\u00e1s de potencia. Pregunta a cualquiera que lo haya conducido y obtendr\u00e1s la misma respuesta: se trata de un aut\u00e9ntico coche de conducci\u00f3n: afilado, \u00e1gil y construido para entusiastas. Por cierto, esto se aplica igualmente al Fiesta ST, quiz\u00e1 incluso m\u00e1s, [...].\" \/>\n<meta property=\"og:url\" content=\"https:\/\/all-car-news.com\/es\/el-ultimo-focus-st-entregado-en-holanda-podria-ser-tuyo\/\" \/>\n<meta property=\"og:site_name\" content=\"All cars news\" \/>\n<meta property=\"article:published_time\" content=\"2025-11-05T12:08:04+00:00\" \/>\n<meta property=\"og:image\" content=\"https:\/\/autorai.nl\/wp-content\/uploads\/2025\/11\/FocusST-ext-1-van-1-1140x760.jpg\" \/>\n<meta name=\"twitter:card\" content=\"summary_large_image\" \/>\n<meta name=\"twitter:label1\" content=\"Tiempo de lectura\" \/>\n\t<meta name=\"twitter:data1\" content=\"2 minutos\" \/>\n<script type=\"application\/ld+json\" class=\"yoast-schema-graph\">{\"@context\":\"https:\/\/schema.org\",\"@graph\":[{\"@type\":\"Article\",\"@id\":\"https:\/\/all-car-news.com\/es\/el-ultimo-focus-st-entregado-en-holanda-podria-ser-tuyo\/#article\",\"isPartOf\":{\"@id\":\"https:\/\/all-car-news.com\/es\/el-ultimo-focus-st-entregado-en-holanda-podria-ser-tuyo\/\"},\"author\":{\"name\":\"\",\"@id\":\"\"},\"headline\":\"El \u00faltimo Focus ST entregado en Holanda podr\u00eda ser tuyo\",\"datePublished\":\"2025-11-05T12:08:04+00:00\",\"dateModified\":\"2025-11-05T12:08:04+00:00\",\"mainEntityOfPage\":{\"@id\":\"https:\/\/all-car-news.com\/es\/el-ultimo-focus-st-entregado-en-holanda-podria-ser-tuyo\/\"},\"wordCount\":363,\"publisher\":{\"@id\":\"https:\/\/all-car-news.com\/es\/#organization\"},\"articleSection\":[\"noticias de autos\"],\"inLanguage\":\"es\"},{\"@type\":\"WebPage\",\"@id\":\"https:\/\/all-car-news.com\/es\/el-ultimo-focus-st-entregado-en-holanda-podria-ser-tuyo\/\",\"url\":\"https:\/\/all-car-news.com\/es\/el-ultimo-focus-st-entregado-en-holanda-podria-ser-tuyo\/\",\"name\":\"El \u00faltimo Focus ST entregado en Holanda podr\u00eda ser tuyo - All cars news\",\"isPartOf\":{\"@id\":\"https:\/\/all-car-news.com\/es\/#website\"},\"datePublished\":\"2025-11-05T12:08:04+00:00\",\"dateModified\":\"2025-11-05T12:08:04+00:00\",\"breadcrumb\":{\"@id\":\"https:\/\/all-car-news.com\/es\/el-ultimo-focus-st-entregado-en-holanda-podria-ser-tuyo\/#breadcrumb\"},\"inLanguage\":\"es\",\"potentialAction\":[{\"@type\":\"ReadAction\",\"target\":[\"https:\/\/all-car-news.com\/es\/el-ultimo-focus-st-entregado-en-holanda-podria-ser-tuyo\/\"]}]},{\"@type\":\"BreadcrumbList\",\"@id\":\"https:\/\/all-car-news.com\/es\/el-ultimo-focus-st-entregado-en-holanda-podria-ser-tuyo\/#breadcrumb\",\"itemListElement\":[{\"@type\":\"ListItem\",\"position\":1,\"name\":\"Home\",\"item\":\"https:\/\/all-car-news.com\/es\/\"},{\"@type\":\"ListItem\",\"position\":2,\"name\":\"El \u00faltimo Focus ST entregado en Holanda podr\u00eda ser tuyo\"}]},{\"@type\":\"WebSite\",\"@id\":\"https:\/\/all-car-news.com\/es\/#website\",\"url\":\"https:\/\/all-car-news.com\/es\/\",\"name\":\"All cars news\",\"description\":\"\",\"publisher\":{\"@id\":\"https:\/\/all-car-news.com\/es\/#organization\"},\"potentialAction\":[{\"@type\":\"SearchAction\",\"target\":{\"@type\":\"EntryPoint\",\"urlTemplate\":\"https:\/\/all-car-news.com\/es\/?s={search_term_string}\"},\"query-input\":\"required name=search_term_string\"}],\"inLanguage\":\"es\"},{\"@type\":\"Organization\",\"@id\":\"https:\/\/all-car-news.com\/es\/#organization\",\"name\":\"All cars news\",\"url\":\"https:\/\/all-car-news.com\/es\/\",\"logo\":{\"@type\":\"ImageObject\",\"inLanguage\":\"es\",\"@id\":\"https:\/\/all-car-news.com\/es\/#\/schema\/logo\/image\/\",\"url\":\"https:\/\/all-car-news.com\/wp-content\/uploads\/2022\/02\/CMYK-AllCarNews_LANDSCAPE_300px-1.png\",\"contentUrl\":\"https:\/\/all-car-news.com\/wp-content\/uploads\/2022\/02\/CMYK-AllCarNews_LANDSCAPE_300px-1.png\",\"width\":300,\"height\":100,\"caption\":\"All cars news\"},\"image\":{\"@id\":\"https:\/\/all-car-news.com\/es\/#\/schema\/logo\/image\/\"}}]}<\/script>\n<!-- \/ Yoast SEO plugin. -->","yoast_head_json":{"title":"El \u00faltimo Focus ST entregado en Holanda podr\u00eda ser tuyo - All cars news","robots":{"index":"index","follow":"follow","max-snippet":"max-snippet:-1","max-image-preview":"max-image-preview:large","max-video-preview":"max-video-preview:-1"},"canonical":"https:\/\/all-car-news.com\/es\/el-ultimo-focus-st-entregado-en-holanda-podria-ser-tuyo\/","og_locale":"es_ES","og_type":"article","og_title":"El \u00faltimo Focus ST entregado en Holanda podr\u00eda ser tuyo - All cars news","og_description":"Coche de direcci\u00f3n El Focus ST no es un Focus cualquiera con unos parachoques deportivos y un poco m\u00e1s de potencia. Pregunta a cualquiera que lo haya conducido y obtendr\u00e1s la misma respuesta: se trata de un aut\u00e9ntico coche de conducci\u00f3n: afilado, \u00e1gil y construido para entusiastas. Por cierto, esto se aplica igualmente al Fiesta ST, quiz\u00e1 incluso m\u00e1s, [...].","og_url":"https:\/\/all-car-news.com\/es\/el-ultimo-focus-st-entregado-en-holanda-podria-ser-tuyo\/","og_site_name":"All cars news","article_published_time":"2025-11-05T12:08:04+00:00","og_image":[{"url":"https:\/\/autorai.nl\/wp-content\/uploads\/2025\/11\/FocusST-ext-1-van-1-1140x760.jpg"}],"twitter_card":"summary_large_image","twitter_misc":{"Tiempo de lectura":"2 minutos"},"schema":{"@context":"https:\/\/schema.org","@graph":[{"@type":"Article","@id":"https:\/\/all-car-news.com\/es\/el-ultimo-focus-st-entregado-en-holanda-podria-ser-tuyo\/#article","isPartOf":{"@id":"https:\/\/all-car-news.com\/es\/el-ultimo-focus-st-entregado-en-holanda-podria-ser-tuyo\/"},"author":{"name":"","@id":""},"headline":"El \u00faltimo Focus ST entregado en Holanda podr\u00eda ser tuyo","datePublished":"2025-11-05T12:08:04+00:00","dateModified":"2025-11-05T12:08:04+00:00","mainEntityOfPage":{"@id":"https:\/\/all-car-news.com\/es\/el-ultimo-focus-st-entregado-en-holanda-podria-ser-tuyo\/"},"wordCount":363,"publisher":{"@id":"https:\/\/all-car-news.com\/es\/#organization"},"articleSection":["noticias de autos"],"inLanguage":"es"},{"@type":"WebPage","@id":"https:\/\/all-car-news.com\/es\/el-ultimo-focus-st-entregado-en-holanda-podria-ser-tuyo\/","url":"https:\/\/all-car-news.com\/es\/el-ultimo-focus-st-entregado-en-holanda-podria-ser-tuyo\/","name":"El \u00faltimo Focus ST entregado en Holanda podr\u00eda ser tuyo - All cars news","isPartOf":{"@id":"https:\/\/all-car-news.com\/es\/#website"},"datePublished":"2025-11-05T12:08:04+00:00","dateModified":"2025-11-05T12:08:04+00:00","breadcrumb":{"@id":"https:\/\/all-car-news.com\/es\/el-ultimo-focus-st-entregado-en-holanda-podria-ser-tuyo\/#breadcrumb"},"inLanguage":"es","potentialAction":[{"@type":"ReadAction","target":["https:\/\/all-car-news.com\/es\/el-ultimo-focus-st-entregado-en-holanda-podria-ser-tuyo\/"]}]},{"@type":"BreadcrumbList","@id":"https:\/\/all-car-news.com\/es\/el-ultimo-focus-st-entregado-en-holanda-podria-ser-tuyo\/#breadcrumb","itemListElement":[{"@type":"ListItem","position":1,"name":"Home","item":"https:\/\/all-car-news.com\/es\/"},{"@type":"ListItem","position":2,"name":"El \u00faltimo Focus ST entregado en Holanda podr\u00eda ser tuyo"}]},{"@type":"WebSite","@id":"https:\/\/all-car-news.com\/es\/#website","url":"https:\/\/all-car-news.com\/es\/","name":"All cars news","description":"","publisher":{"@id":"https:\/\/all-car-news.com\/es\/#organization"},"potentialAction":[{"@type":"SearchAction","target":{"@type":"EntryPoint","urlTemplate":"https:\/\/all-car-news.com\/es\/?s={search_term_string}"},"query-input":"required name=search_term_string"}],"inLanguage":"es"},{"@type":"Organization","@id":"https:\/\/all-car-news.com\/es\/#organization","name":"All cars news","url":"https:\/\/all-car-news.com\/es\/","logo":{"@type":"ImageObject","inLanguage":"es","@id":"https:\/\/all-car-news.com\/es\/#\/schema\/logo\/image\/","url":"https:\/\/all-car-news.com\/wp-content\/uploads\/2022\/02\/CMYK-AllCarNews_LANDSCAPE_300px-1.png","contentUrl":"https:\/\/all-car-news.com\/wp-content\/uploads\/2022\/02\/CMYK-AllCarNews_LANDSCAPE_300px-1.png","width":300,"height":100,"caption":"All cars news"},"image":{"@id":"https:\/\/all-car-news.com\/es\/#\/schema\/logo\/image\/"}}]}},"_links":{"self":[{"href":"https:\/\/all-car-news.com\/es\/wp-json\/wp\/v2\/posts\/159388","targetHints":{"allow":["GET"]}}],"collection":[{"href":"https:\/\/all-car-news.com\/es\/wp-json\/wp\/v2\/posts"}],"about":[{"href":"https:\/\/all-car-news.com\/es\/wp-json\/wp\/v2\/types\/post"}],"replies":[{"embeddable":true,"href":"https:\/\/all-car-news.com\/es\/wp-json\/wp\/v2\/comments?post=159388"}],"version-history":[{"count":0,"href":"https:\/\/all-car-news.com\/es\/wp-json\/wp\/v2\/posts\/159388\/revisions"}],"wp:featuredmedia":[{"embeddable":true,"href":"https:\/\/all-car-news.com\/es\/wp-json\/wp\/v2\/media\/159367"}],"wp:attachment":[{"href":"https:\/\/all-car-news.com\/es\/wp-json\/wp\/v2\/media?parent=159388"}],"wp:term":[{"taxonomy":"category","embeddable":true,"href":"https:\/\/all-car-news.com\/es\/wp-json\/wp\/v2\/categories?post=159388"},{"taxonomy":"post_tag","embeddable":true,"href":"https:\/\/all-car-news.com\/es\/wp-json\/wp\/v2\/tags?post=159388"}],"curies":[{"name":"wp","href":"https:\/\/api.w.org\/{rel}","templated":true}]}}